{"id":12203,"date":"2016-05-10T22:09:39","date_gmt":"2016-05-10T22:09:39","guid":{"rendered":"http:\/\/www.grieta.org.mx\/?p=12203"},"modified":"2016-05-14T22:12:58","modified_gmt":"2016-05-14T22:12:58","slug":"marchan-madres-de-hijos-desaparecidos-en-veracruz","status":"publish","type":"post","link":"https:\/\/www.grieta.org.mx\/index.php\/2016\/05\/10\/marchan-madres-de-hijos-desaparecidos-en-veracruz\/","title":{"rendered":"Marchan madres de hijos desaparecidos en Veracruz"},"content":{"rendered":"<blockquote><p>\nEl grupo de mujeres conmemor\u00f3 as\u00ed el D\u00eda de la Madre; portaban lonas con fotograf\u00edas y nombres de sus hijos cuyo paradero se desconoce para exigir su b\u00fasqueda <\/p><\/blockquote>\n<p>Decenas de madres de desaparecidos&nbsp;marcharon por las principales calles del puerto de Veracruz para exigir el regreso de sus seres queridos.<\/p>\n<p>Para &#8220;celebrar&#8221; el D\u00eda de la Madre, el centenar de mujeres record\u00f3 el nombre de los hijos en diversos municipios de la entidad, como Veracruz, Boca del R\u00edo, C\u00f3rdoba, Orizaba, Cosamaloapan, entre otros.<\/p>\n<p>El grupo march\u00f3 del Tranv\u00eda del Recuerdo a la Macroplaza del Malec\u00f3n, trayecto en el cual las mujeres portaron lonas con los nombres, fotograf\u00edas, caracter\u00edsticas f\u00edsicas de sus hijos desaparecidos.<\/p>\n<p>La integrante del Colectivo Solecito, Luc\u00eda de los \u00c1ngeles D\u00edaz Genoad, demand\u00f3 la aparici\u00f3n de sus hijos al presidente Enrique Pe\u00f1a Nieto y al secretario de Gobernaci\u00f3n, Miguel \u00c1ngel Osorio Chong.<\/p>\n<p>A nombre de las participantes en la marcha, exigi\u00f3 respuestas en las investigaciones que se tienen iniciadas para localizar a sus seres queridos.<\/p>\n<p>Manifest\u00f3 que las desapariciones contin\u00faan registr\u00e1ndose en el estado de Veracruz.<\/p>\n<p>\u201c\u00bfD\u00f3nde est\u00e1n nuestros hijos? Ustedes son los responsables de la seguridad de M\u00e9xico. Queremos respuestas y las queremos ya, basta de simulaci\u00f3n, basta de negaci\u00f3n, Veracruz sigue hundido en las desapariciones, siguen las desapariciones en Veracruz, cantidades de ni\u00f1as, ni\u00f1os, j\u00f3venes, sin que las autoridades demuestren un inter\u00e9s\u201d, expres\u00f3.<\/p>\n<p>Se\u00f1al\u00f3 que las desapariciones en la entidad contin\u00faan report\u00e1ndose de una manera sistem\u00e1tica, sin que exista una autoridad estatal que responda.<\/p>\n<p>Dijo que quieren a sus hijos con ellas as\u00ed como los funcionarios gozan de la presencia de los suyos.<\/p>\n<p>\u201cTienen que responder por todos estos muchachos que no sabemos en d\u00f3nde est\u00e1n, queremos a nuestros hijos con nosotros, queremos que nos respeten, D\u00eda de las Madres sin nuestros hijos no es D\u00eda de las Madres; Veracruz grita \u2018ya basta\u2019, nosotros estamos aqu\u00ed porque hay unas autoridades que no responden, nosotros no tendr\u00edamos que estar aqu\u00ed hoy si tuvi\u00e9ramos gente seria encargada de la seguridad en M\u00e9xico\u201d, insisti\u00f3.<\/p>\n<p>http:\/\/www.eluniversal.com.mx\/articulo\/estados\/2016\/05\/10\/marchan-madres-de-hijos-desaparecidos-en-veracruz<\/p>\n","protected":false},"excerpt":{"rendered":"<p>El grupo de mujeres conmemor\u00f3 as\u00ed el D\u00eda de la Madre; portaban lonas con fotograf\u00edas y nombres de sus hijos cuyo paradero se desconoce para exigir su b\u00fasqueda Decenas de &hellip; <a href=\"https:\/\/www.grieta.org.mx\/index.php\/2016\/05\/10\/marchan-madres-de-hijos-desaparecidos-en-veracruz\/\" class=\"more-link\">Leer m\u00e1s<\/a><\/p>\n","protected":false},"author":2,"featured_media":21928,"comment_status":"closed","ping_status":"closed","sticky":false,"template":"","format":"standard","meta":{"ngg_post_thumbnail":0,"_jetpack_newsletter_access":"","_jetpack_dont_email_post_to_subs":false,"_jetpack_newsletter_tier_id":0,"_jetpack_memberships_contains_paywalled_content":false,"_jetpack_memberships_contains_paid_content":false,"footnotes":""},"categories":[80,257],"tags":[121],"class_list":["post-12203","post","type-post","status-publish","format-standard","has-post-thumbnail","hentry","category-cintillo","category-veracruz","tag-desaparecidos","entry"],"jetpack_featured_media_url":"https:\/\/www.grieta.org.mx\/wp-content\/uploads\/2018\/03\/14524434_1106112876131411_958039263622046936_o.jpg","jetpack_sharing_enabled":true,"jetpack_shortlink":"https:\/\/wp.me\/p7ZJR4-3aP","jetpack_likes_enabled":false,"jetpack-related-posts":[{"id":33433,"url":"https:\/\/www.grieta.org.mx\/index.php\/2019\/05\/10\/me-falta-un-abrazo-madres-en-tepic-recuerdan-a-hijos-desaparecidos-nayarit\/","url_meta":{"origin":12203,"position":0},"title":"\u201cMe falta un abrazo\u201d: madres en Tepic recuerdan a hijos desaparecidos (Nayarit)","author":"grieta","date":"10 mayo, 2019","format":false,"excerpt":"Axel Uribe \/ NTV Tepic.-\u00a0Con motivo del d\u00eda de las madres, un grupo de mujeres pertenecientes al Colectivo Familias Unidas por Nayarit, se reunieron en el Parque a la Madre, para recordar a sus hijos desaparecidos. En las escaleras del monumento, las mam\u00e1s colocaron fotograf\u00edas de sus familiares y cartulinas\u2026","rel":"","context":"En &quot;CINTILLO&quot;","block_context":{"text":"CINTILLO","link":"https:\/\/www.grieta.org.mx\/index.php\/category\/cintillo\/"},"img":{"alt_text":"","src":"https:\/\/i0.wp.com\/www.grieta.org.mx\/wp-content\/uploads\/2019\/05\/5e94d54b-70e2-45ba-bda7-c9066495e85c.jpeg?resize=350%2C200&ssl=1","width":350,"height":200,"srcset":"https:\/\/i0.wp.com\/www.grieta.org.mx\/wp-content\/uploads\/2019\/05\/5e94d54b-70e2-45ba-bda7-c9066495e85c.jpeg?resize=350%2C200&ssl=1 1x, https:\/\/i0.wp.com\/www.grieta.org.mx\/wp-content\/uploads\/2019\/05\/5e94d54b-70e2-45ba-bda7-c9066495e85c.jpeg?resize=525%2C300&ssl=1 1.5x"},"classes":[]},{"id":38815,"url":"https:\/\/www.grieta.org.mx\/index.php\/2019\/08\/31\/rastreadoras-recuerdan-con-memorial-a-sus-hijos-desaparecidos-sinaloa\/","url_meta":{"origin":12203,"position":1},"title":"Rastreadoras recuerdan con memorial a sus hijos desaparecidos (Sinaloa)","author":"grieta","date":"31 agosto, 2019","format":false,"excerpt":"Foto: El Debate Las madres hacen visibles a sus desaparecidos con sendero de piedras con fotograf\u00edas y mensajes Mirella L\u00f3pez \/ El Debate Los Mochis, Sinaloa.- Las madres no conciben en su vida la p\u00e9rdida de un hijo, otras \u00a0ni siquiera imaginan esa pena, pero para muchas la b\u00fasqueda de\u2026","rel":"","context":"En &quot;CINTILLO&quot;","block_context":{"text":"CINTILLO","link":"https:\/\/www.grieta.org.mx\/index.php\/category\/cintillo\/"},"img":{"alt_text":"","src":"https:\/\/i0.wp.com\/www.grieta.org.mx\/wp-content\/uploads\/2019\/09\/imagen_desaparecidos_x13x.jpg_1525476951.jpg?resize=350%2C200&ssl=1","width":350,"height":200,"srcset":"https:\/\/i0.wp.com\/www.grieta.org.mx\/wp-content\/uploads\/2019\/09\/imagen_desaparecidos_x13x.jpg_1525476951.jpg?resize=350%2C200&ssl=1 1x, https:\/\/i0.wp.com\/www.grieta.org.mx\/wp-content\/uploads\/2019\/09\/imagen_desaparecidos_x13x.jpg_1525476951.jpg?resize=525%2C300&ssl=1 1.5x, https:\/\/i0.wp.com\/www.grieta.org.mx\/wp-content\/uploads\/2019\/09\/imagen_desaparecidos_x13x.jpg_1525476951.jpg?resize=700%2C400&ssl=1 2x"},"classes":[]},{"id":22978,"url":"https:\/\/www.grieta.org.mx\/index.php\/2017\/05\/11\/madres-de-desaparecidos-marchan-en-siete-estados\/","url_meta":{"origin":12203,"position":2},"title":"Madres de desaparecidos marchan en siete estados","author":"grieta","date":"11 mayo, 2017","format":false,"excerpt":"Redacci\u00f3n\/El Debate M\u00e9xico.- Eva Reyes tiene 57 a\u00f1os y vive en Villa Nazareno, una localidad de Durango de menos de 7 mil habitantes. Desde all\u00e1 viaj\u00f3 casi una hora en cami\u00f3n hasta Torre\u00f3n s\u00f3lo para sumarse a la marcha de madres de desaparecidos. Su hijo Manuel Mois\u00e9s Aguilera Reyes, de\u2026","rel":"","context":"En &quot;CINTILLO&quot;","block_context":{"text":"CINTILLO","link":"https:\/\/www.grieta.org.mx\/index.php\/category\/cintillo\/"},"img":{"alt_text":"","src":"https:\/\/i0.wp.com\/www.grieta.org.mx\/wp-content\/uploads\/2018\/05\/d2.png?resize=350%2C200&ssl=1","width":350,"height":200,"srcset":"https:\/\/i0.wp.com\/www.grieta.org.mx\/wp-content\/uploads\/2018\/05\/d2.png?resize=350%2C200&ssl=1 1x, https:\/\/i0.wp.com\/www.grieta.org.mx\/wp-content\/uploads\/2018\/05\/d2.png?resize=525%2C300&ssl=1 1.5x"},"classes":[]},{"id":71681,"url":"https:\/\/www.grieta.org.mx\/index.php\/2025\/05\/11\/dia-de-las-madres-madres-buscadoras-exigen-justicia-y-respuesta-de-autoridades-colima\/","url_meta":{"origin":12203,"position":3},"title":"D\u00cdA DE LAS MADRES: Madres buscadoras exigen justicia y respuesta de autoridades (Colima)","author":"grieta","date":"11 mayo, 2025","format":false,"excerpt":"Imagen: Montserrat C\u00e1rdenas Redacci\u00f3n \/ Diario de Colima Ayer, madres buscadoras regresaron a la Rotonda de La Piedra Lisa, llamada \u201cPlaza de los Desaparecidos\u201d, para exigir justicia y colocar las fotograf\u00edas de sus familiares que est\u00e1n desaparecidos, como parte de la conmemoraci\u00f3n del D\u00eda de la Madre, para de ah\u00ed\u2026","rel":"","context":"En &quot;CINTILLO&quot;","block_context":{"text":"CINTILLO","link":"https:\/\/www.grieta.org.mx\/index.php\/category\/cintillo\/"},"img":{"alt_text":"","src":"https:\/\/i0.wp.com\/www.grieta.org.mx\/wp-content\/uploads\/2025\/05\/Madres4.jpg?resize=350%2C200&ssl=1","width":350,"height":200,"srcset":"https:\/\/i0.wp.com\/www.grieta.org.mx\/wp-content\/uploads\/2025\/05\/Madres4.jpg?resize=350%2C200&ssl=1 1x, https:\/\/i0.wp.com\/www.grieta.org.mx\/wp-content\/uploads\/2025\/05\/Madres4.jpg?resize=525%2C300&ssl=1 1.5x, https:\/\/i0.wp.com\/www.grieta.org.mx\/wp-content\/uploads\/2025\/05\/Madres4.jpg?resize=700%2C400&ssl=1 2x"},"classes":[]},{"id":33319,"url":"https:\/\/www.grieta.org.mx\/index.php\/2019\/05\/10\/marchan-madres-en-nuevo-leon-por-sus-hijos-desaparecidos\/","url_meta":{"origin":12203,"position":4},"title":"Marchan madres en Nuevo Le\u00f3n por sus hijos desaparecidos","author":"grieta","date":"10 mayo, 2019","format":false,"excerpt":"Aracely Chantaka \/ Vanguardia La movilizaci\u00f3n se registr\u00f3, este viernes, en el marco del D\u00eda de las Madres y congreg\u00f3 a decenas de integrantes de esa agrupaci\u00f3n que es respaldada por Ciudadanos en Apoyo a los Derechos Humanos (Cadhac) Monterrey, Nuevo Le\u00f3n.- La ausencia de un hijo desaparecido no se\u2026","rel":"","context":"En &quot;CINTILLO&quot;","block_context":{"text":"CINTILLO","link":"https:\/\/www.grieta.org.mx\/index.php\/category\/cintillo\/"},"img":{"alt_text":"","src":"https:\/\/i0.wp.com\/www.grieta.org.mx\/wp-content\/uploads\/2019\/05\/Marchan-madres-en-Nuevo-Le%C3%B3n-por-sus-hijos-desaparecidos-nl-may.jpg?resize=350%2C200&ssl=1","width":350,"height":200,"srcset":"https:\/\/i0.wp.com\/www.grieta.org.mx\/wp-content\/uploads\/2019\/05\/Marchan-madres-en-Nuevo-Le%C3%B3n-por-sus-hijos-desaparecidos-nl-may.jpg?resize=350%2C200&ssl=1 1x, https:\/\/i0.wp.com\/www.grieta.org.mx\/wp-content\/uploads\/2019\/05\/Marchan-madres-en-Nuevo-Le%C3%B3n-por-sus-hijos-desaparecidos-nl-may.jpg?resize=525%2C300&ssl=1 1.5x, https:\/\/i0.wp.com\/www.grieta.org.mx\/wp-content\/uploads\/2019\/05\/Marchan-madres-en-Nuevo-Le%C3%B3n-por-sus-hijos-desaparecidos-nl-may.jpg?resize=700%2C400&ssl=1 2x"},"classes":[]},{"id":10560,"url":"https:\/\/www.grieta.org.mx\/index.php\/2016\/09\/12\/desaparecidos-en-veracruz\/","url_meta":{"origin":12203,"position":5},"title":"Desaparecidos en Veracruz","author":"grieta","date":"12 septiembre, 2016","format":false,"excerpt":"El Colectivo Solecito Veracruzano contin\u00faa labores de b\u00fasqueda de desaparecidos 12\/09\/16. Mujeres que buscan fosas acusan que Fiscal\u00eda de Veracruz entorpece su b\u00fasqueda Animal Pol\u00edtico 29\/08\/16. Un narcocementerio llamado Veracruz Proceso 15\/08\/16. Encuentran 37 fosas clandestinas en ocho d\u00edas en Veracruz El Financiero 15\/08\/16. Encuentran fosas clandestinas en Veracruz, suman\u2026","rel":"","context":"En &quot;Desaparecidos&quot;","block_context":{"text":"Desaparecidos","link":"https:\/\/www.grieta.org.mx\/index.php\/category\/temas-nacionales\/desaparecidos\/"},"img":{"alt_text":"","src":"https:\/\/i0.wp.com\/www.grieta.org.mx\/wp-content\/uploads\/2018\/03\/14524434_1106112876131411_958039263622046936_o.jpg?resize=350%2C200&ssl=1","width":350,"height":200,"srcset":"https:\/\/i0.wp.com\/www.grieta.org.mx\/wp-content\/uploads\/2018\/03\/14524434_1106112876131411_958039263622046936_o.jpg?resize=350%2C200&ssl=1 1x, https:\/\/i0.wp.com\/www.grieta.org.mx\/wp-content\/uploads\/2018\/03\/14524434_1106112876131411_958039263622046936_o.jpg?resize=525%2C300&ssl=1 1.5x, https:\/\/i0.wp.com\/www.grieta.org.mx\/wp-content\/uploads\/2018\/03\/14524434_1106112876131411_958039263622046936_o.jpg?resize=700%2C400&ssl=1 2x"},"classes":[]}],"_links":{"self":[{"href":"https:\/\/www.grieta.org.mx\/index.php\/wp-json\/wp\/v2\/posts\/12203","targetHints":{"allow":["GET"]}}],"collection":[{"href":"https:\/\/www.grieta.org.mx\/index.php\/wp-json\/wp\/v2\/posts"}],"about":[{"href":"https:\/\/www.grieta.org.mx\/index.php\/wp-json\/wp\/v2\/types\/post"}],"author":[{"embeddable":true,"href":"https:\/\/www.grieta.org.mx\/index.php\/wp-json\/wp\/v2\/users\/2"}],"replies":[{"embeddable":true,"href":"https:\/\/www.grieta.org.mx\/index.php\/wp-json\/wp\/v2\/comments?post=12203"}],"version-history":[{"count":1,"href":"https:\/\/www.grieta.org.mx\/index.php\/wp-json\/wp\/v2\/posts\/12203\/revisions"}],"predecessor-version":[{"id":12204,"href":"https:\/\/www.grieta.org.mx\/index.php\/wp-json\/wp\/v2\/posts\/12203\/revisions\/12204"}],"wp:featuredmedia":[{"embeddable":true,"href":"https:\/\/www.grieta.org.mx\/index.php\/wp-json\/wp\/v2\/media\/21928"}],"wp:attachment":[{"href":"https:\/\/www.grieta.org.mx\/index.php\/wp-json\/wp\/v2\/media?parent=12203"}],"wp:term":[{"taxonomy":"category","embeddable":true,"href":"https:\/\/www.grieta.org.mx\/index.php\/wp-json\/wp\/v2\/categories?post=12203"},{"taxonomy":"post_tag","embeddable":true,"href":"https:\/\/www.grieta.org.mx\/index.php\/wp-json\/wp\/v2\/tags?post=12203"}],"curies":[{"name":"wp","href":"https:\/\/api.w.org\/{rel}","templated":true}]}}