{"id":1220,"date":"2015-11-20T19:00:52","date_gmt":"2015-11-20T19:00:52","guid":{"rendered":"http:\/\/50.22.11.12\/~grietaor\/?p=1220"},"modified":"2016-03-03T19:02:49","modified_gmt":"2016-03-03T19:02:49","slug":"integrantes-de-la-cnte-marchan-en-protesta-por-evaluacion-a-docentes","status":"publish","type":"post","link":"https:\/\/www.grieta.org.mx\/index.php\/2015\/11\/20\/integrantes-de-la-cnte-marchan-en-protesta-por-evaluacion-a-docentes\/","title":{"rendered":"Integrantes de la CNTE marchan en protesta por evaluaci\u00f3n a docentes"},"content":{"rendered":"<p>Marisol Flores<\/p>\n<p>Cerca de 100 integrantes de la Coordinadora Nacional de Trabajadores de la Educaci\u00f3n en Hidalgo (CNTE) marcharon por las calles de Pachuca en contra de la evaluaci\u00f3n que se aplicar\u00e1 este fin de semana a maestros de educaci\u00f3n b\u00e1sica.<\/p>\n<p>Los docentes repart\u00edan hojas en donde detallan que qui\u00e9nes se han resistido actualmente son objeto de amenazas y acoso por parte de personal de la Secretaria de Educaci\u00f3n P\u00fablica en el estado y la secci\u00f3n 15 del Sindicato Nacional de Trabajadores de la Educaci\u00f3n (SNTE).<\/p>\n<p>As\u00ed mismo, hicieron un llamado a los maestros que han sido notificados a sumarse a la resistencia y exhortaron a no acudir a la evaluaci\u00f3n a la que califican de punitiva y que transgrede su derecho laborales.<\/p>\n<p>Actualizaci\u00f3n:<\/p>\n<p>El l\u00edder de la CNTE en el estado, Armando Azpeitia, expres\u00f3 que existe una persecuci\u00f3n por parte del SNTE, \u201cno es posible que la dirigencia sindical diga qui\u00e9n se va o se queda\u201d.<\/p>\n<p>Critic\u00f3 que precisamente la reforma educativa pretende erradicar estas pr\u00e1cticas, pero en Hidalgo siguen privilegiando a los allegados de Francisco Sinuh\u00e9 Ramirez Oviedo.<\/p>\n<p>Hizo un llamado al secretario de Educaci\u00f3n P\u00fablica en el estado (SEPH), Miguel \u00c1ngel Cuatepotzo Costeira, a que dialogue con los integrantes de la CNTE para que le expongan sus inquietudes y el objeto de su lucha a la que calific\u00f3 de pac\u00edfica.<\/p>\n<p><a href=\"http:\/\/hidalgo.quadratin.com.mx\/educativas\/Integrantes-de-la-CNTE-marchan-en-protesta-por-evaluacion-a-docentes\/\" target=\"_blank\">hidalgo.quadratin.com.mx\/educativas\/Integrantes-de-la-CNTE-marchan-en-protesta-por-evaluacion-a-docentes\/<\/a><\/p>\n","protected":false},"excerpt":{"rendered":"<p>Marisol Flores Cerca de 100 integrantes de la Coordinadora Nacional de Trabajadores de la Educaci\u00f3n en Hidalgo (CNTE) marcharon por las calles de Pachuca en contra de la evaluaci\u00f3n que &hellip; <a href=\"https:\/\/www.grieta.org.mx\/index.php\/2015\/11\/20\/integrantes-de-la-cnte-marchan-en-protesta-por-evaluacion-a-docentes\/\" class=\"more-link\">Leer m\u00e1s<\/a><\/p>\n","protected":false},"author":2,"featured_media":21928,"comment_status":"closed","ping_status":"open","sticky":false,"template":"","format":"standard","meta":{"ngg_post_thumbnail":0,"_jetpack_newsletter_access":"","_jetpack_dont_email_post_to_subs":false,"_jetpack_newsletter_tier_id":0,"_jetpack_memberships_contains_paywalled_content":false,"_jetpack_memberships_contains_paid_content":false,"footnotes":""},"categories":[80,129],"tags":[135],"class_list":["post-1220","post","type-post","status-publish","format-standard","has-post-thumbnail","hentry","category-cintillo","category-hidalgo","tag-reforma-educativa","entry"],"jetpack_featured_media_url":"https:\/\/www.grieta.org.mx\/wp-content\/uploads\/2018\/03\/14524434_1106112876131411_958039263622046936_o.jpg","jetpack_sharing_enabled":true,"jetpack_shortlink":"https:\/\/wp.me\/p7ZJR4-jG","jetpack_likes_enabled":false,"jetpack-related-posts":[{"id":1223,"url":"https:\/\/www.grieta.org.mx\/index.php\/2015\/11\/15\/cnte-protesto-durante-evaluacion-docente\/","url_meta":{"origin":1220,"position":0},"title":"CNTE protest\u00f3 durante evaluaci\u00f3n docente","author":"grieta","date":"15 noviembre, 2015","format":false,"excerpt":"Adela Garc\u00eda Maestros disidentes de la Coordinadora Nacional de Trabajadores de la Educaci\u00f3n (CNTE) en Hidalgo e integrantes del Movimiento de Bases, como ya lo hab\u00edan anunciado, se manifestaron desde el s\u00e1bado, en las sedes donde docentes de educaci\u00f3n b\u00e1sica presentaron el examen de desempe\u00f1o; originando enfrentamientos con el cuerpo\u2026","rel":"","context":"En &quot;CINTILLO&quot;","block_context":{"text":"CINTILLO","link":"https:\/\/www.grieta.org.mx\/index.php\/category\/cintillo\/"},"img":{"alt_text":"","src":"https:\/\/i0.wp.com\/www.grieta.org.mx\/wp-content\/uploads\/2018\/03\/14524434_1106112876131411_958039263622046936_o.jpg?resize=350%2C200&ssl=1","width":350,"height":200,"srcset":"https:\/\/i0.wp.com\/www.grieta.org.mx\/wp-content\/uploads\/2018\/03\/14524434_1106112876131411_958039263622046936_o.jpg?resize=350%2C200&ssl=1 1x, https:\/\/i0.wp.com\/www.grieta.org.mx\/wp-content\/uploads\/2018\/03\/14524434_1106112876131411_958039263622046936_o.jpg?resize=525%2C300&ssl=1 1.5x, https:\/\/i0.wp.com\/www.grieta.org.mx\/wp-content\/uploads\/2018\/03\/14524434_1106112876131411_958039263622046936_o.jpg?resize=700%2C400&ssl=1 2x"},"classes":[]},{"id":16391,"url":"https:\/\/www.grieta.org.mx\/index.php\/2016\/07\/07\/se-une-snte-a-quinta-marcha-de-cnte-por-pachuca\/","url_meta":{"origin":1220,"position":1},"title":"Se une SNTE a quinta marcha de CNTE por Pachuca","author":"grieta","date":"7 julio, 2016","format":false,"excerpt":"PACHUCA, Hgo., 7 de julio de 2016.- Integrantes del la Coordinadora Nacional de Trabajadores de la Educaci\u00f3n (CNTE) Hidalgo, Movimiento de Bases y Sindicato Mexicano de Electricistas marchan por quinta ocasi\u00f3n en las calles de Pachuca contra la Reforma Educativa. Esta es la primera marcha en que los grupos de\u2026","rel":"","context":"En &quot;CINTILLO&quot;","block_context":{"text":"CINTILLO","link":"https:\/\/www.grieta.org.mx\/index.php\/category\/cintillo\/"},"img":{"alt_text":"","src":"https:\/\/i0.wp.com\/www.grieta.org.mx\/wp-content\/uploads\/2018\/03\/14524434_1106112876131411_958039263622046936_o.jpg?resize=350%2C200&ssl=1","width":350,"height":200,"srcset":"https:\/\/i0.wp.com\/www.grieta.org.mx\/wp-content\/uploads\/2018\/03\/14524434_1106112876131411_958039263622046936_o.jpg?resize=350%2C200&ssl=1 1x, https:\/\/i0.wp.com\/www.grieta.org.mx\/wp-content\/uploads\/2018\/03\/14524434_1106112876131411_958039263622046936_o.jpg?resize=525%2C300&ssl=1 1.5x, https:\/\/i0.wp.com\/www.grieta.org.mx\/wp-content\/uploads\/2018\/03\/14524434_1106112876131411_958039263622046936_o.jpg?resize=700%2C400&ssl=1 2x"},"classes":[]},{"id":6912,"url":"https:\/\/www.grieta.org.mx\/index.php\/2015\/11\/29\/protestan-maestros-contra-evaluacion\/","url_meta":{"origin":1220,"position":2},"title":"Protestan maestros contra evaluaci\u00f3n","author":"grieta","date":"29 noviembre, 2015","format":false,"excerpt":"Redacci\u00f3n Noroeste, Sinaloa. CULIAC\u00c1N._ Integrantes de la Coordinadora Nacional de los Trabajadores de la Educaci\u00f3n se manifestaron ayer por evaluaci\u00f3n a maestros. Mientras hubo docentes que se manifestaron afuera del Cobaes 26, donde se realizaba el examen, polic\u00edas se colocaron en la puerta del plantel. Humberto Dom\u00ednguez Betancourt, integrante de\u2026","rel":"","context":"En &quot;CINTILLO&quot;","block_context":{"text":"CINTILLO","link":"https:\/\/www.grieta.org.mx\/index.php\/category\/cintillo\/"},"img":{"alt_text":"","src":"https:\/\/i0.wp.com\/www.grieta.org.mx\/wp-content\/uploads\/2018\/03\/14524434_1106112876131411_958039263622046936_o.jpg?resize=350%2C200&ssl=1","width":350,"height":200,"srcset":"https:\/\/i0.wp.com\/www.grieta.org.mx\/wp-content\/uploads\/2018\/03\/14524434_1106112876131411_958039263622046936_o.jpg?resize=350%2C200&ssl=1 1x, https:\/\/i0.wp.com\/www.grieta.org.mx\/wp-content\/uploads\/2018\/03\/14524434_1106112876131411_958039263622046936_o.jpg?resize=525%2C300&ssl=1 1.5x, https:\/\/i0.wp.com\/www.grieta.org.mx\/wp-content\/uploads\/2018\/03\/14524434_1106112876131411_958039263622046936_o.jpg?resize=700%2C400&ssl=1 2x"},"classes":[]},{"id":12914,"url":"https:\/\/www.grieta.org.mx\/index.php\/2016\/05\/22\/cnte-mantendra-cerradas-las-escuelas-en-michoacan\/","url_meta":{"origin":1220,"position":3},"title":"CNTE mantendr\u00e1 cerradas las escuelas en Michoac\u00e1n","author":"grieta","date":"22 mayo, 2016","format":false,"excerpt":"La CNTE anunci\u00f3 que este lunes tomar\u00e1 todas las dependencias federales y efectuar\u00e1n en Morelia una megamarcha estatal con una asistencia estimada en m\u00e1s de 5 mil trabajadores. MORELIA.- A ocho d\u00edas de que inici\u00f3 el paro magisterial en Michoac\u00e1n, la Coordinadora Nacional de Trabajadores de la Educaci\u00f3n (CNTE) dijo\u2026","rel":"","context":"En &quot;CINTILLO&quot;","block_context":{"text":"CINTILLO","link":"https:\/\/www.grieta.org.mx\/index.php\/category\/cintillo\/"},"img":{"alt_text":"","src":"https:\/\/i0.wp.com\/www.grieta.org.mx\/wp-content\/uploads\/2018\/03\/14524434_1106112876131411_958039263622046936_o.jpg?resize=350%2C200&ssl=1","width":350,"height":200,"srcset":"https:\/\/i0.wp.com\/www.grieta.org.mx\/wp-content\/uploads\/2018\/03\/14524434_1106112876131411_958039263622046936_o.jpg?resize=350%2C200&ssl=1 1x, https:\/\/i0.wp.com\/www.grieta.org.mx\/wp-content\/uploads\/2018\/03\/14524434_1106112876131411_958039263622046936_o.jpg?resize=525%2C300&ssl=1 1.5x, https:\/\/i0.wp.com\/www.grieta.org.mx\/wp-content\/uploads\/2018\/03\/14524434_1106112876131411_958039263622046936_o.jpg?resize=700%2C400&ssl=1 2x"},"classes":[]},{"id":576,"url":"https:\/\/www.grieta.org.mx\/index.php\/2015\/07\/21\/maestros-instalan-campamento-en-campeche\/","url_meta":{"origin":1220,"position":4},"title":"Maestros instalan campamento en Campeche","author":"grieta","date":"21 julio, 2015","format":false,"excerpt":"Maestros pertenecientes a la CNTE instalaron un campamento en la plaza principal de esta ciudad en protesta a la aprobaci\u00f3n de la Reforma Educativa y la evaluaci\u00f3n de ingreso. SAN FRANCISCO DE CAMPECHE.- A\u00fan cuando Campeche estuvo por encima de la media nacional, que es de 83.1 por ciento, en\u2026","rel":"","context":"En &quot;campeche&quot;","block_context":{"text":"campeche","link":"https:\/\/www.grieta.org.mx\/index.php\/category\/campeche\/"},"img":{"alt_text":"","src":"https:\/\/i0.wp.com\/www.grieta.org.mx\/wp-content\/uploads\/2018\/03\/14524434_1106112876131411_958039263622046936_o.jpg?resize=350%2C200&ssl=1","width":350,"height":200,"srcset":"https:\/\/i0.wp.com\/www.grieta.org.mx\/wp-content\/uploads\/2018\/03\/14524434_1106112876131411_958039263622046936_o.jpg?resize=350%2C200&ssl=1 1x, https:\/\/i0.wp.com\/www.grieta.org.mx\/wp-content\/uploads\/2018\/03\/14524434_1106112876131411_958039263622046936_o.jpg?resize=525%2C300&ssl=1 1.5x, https:\/\/i0.wp.com\/www.grieta.org.mx\/wp-content\/uploads\/2018\/03\/14524434_1106112876131411_958039263622046936_o.jpg?resize=700%2C400&ssl=1 2x"},"classes":[]},{"id":1233,"url":"https:\/\/www.grieta.org.mx\/index.php\/2016\/07\/19\/maestros-de-hidalgo-se-movilizan-en-contra-de-la-reforma-educativa\/","url_meta":{"origin":1220,"position":5},"title":"Movilizaciones contra la Reforma educativa y evaluaci\u00f3n magisterial en Hidalgo","author":"grieta","date":"19 julio, 2016","format":false,"excerpt":"Maestros de Hidalgo se movilizan contra la reforma educativa 19\/07\/16. Maestros realizan marcha tambi\u00e9n en HidalgoEl Universal 11\/06\/16. CNTE Hidalgo y Edomex realizan mitin en Ojo de AguaNoticias \u00c9nfasis 07\/07\/16. Se une SNTE a quinta marcha de CNTE por PachucaQuadrat\u00edn Hidalgo 02\/07\/16. Se niegan 145 maestros a recibir cursos sobre\u2026","rel":"","context":"En &quot;CINTILLO&quot;","block_context":{"text":"CINTILLO","link":"https:\/\/www.grieta.org.mx\/index.php\/category\/cintillo\/"},"img":{"alt_text":"","src":"https:\/\/i0.wp.com\/www.grieta.org.mx\/wp-content\/uploads\/2018\/03\/14524434_1106112876131411_958039263622046936_o.jpg?resize=350%2C200&ssl=1","width":350,"height":200,"srcset":"https:\/\/i0.wp.com\/www.grieta.org.mx\/wp-content\/uploads\/2018\/03\/14524434_1106112876131411_958039263622046936_o.jpg?resize=350%2C200&ssl=1 1x, https:\/\/i0.wp.com\/www.grieta.org.mx\/wp-content\/uploads\/2018\/03\/14524434_1106112876131411_958039263622046936_o.jpg?resize=525%2C300&ssl=1 1.5x, https:\/\/i0.wp.com\/www.grieta.org.mx\/wp-content\/uploads\/2018\/03\/14524434_1106112876131411_958039263622046936_o.jpg?resize=700%2C400&ssl=1 2x"},"classes":[]}],"_links":{"self":[{"href":"https:\/\/www.grieta.org.mx\/index.php\/wp-json\/wp\/v2\/posts\/1220","targetHints":{"allow":["GET"]}}],"collection":[{"href":"https:\/\/www.grieta.org.mx\/index.php\/wp-json\/wp\/v2\/posts"}],"about":[{"href":"https:\/\/www.grieta.org.mx\/index.php\/wp-json\/wp\/v2\/types\/post"}],"author":[{"embeddable":true,"href":"https:\/\/www.grieta.org.mx\/index.php\/wp-json\/wp\/v2\/users\/2"}],"replies":[{"embeddable":true,"href":"https:\/\/www.grieta.org.mx\/index.php\/wp-json\/wp\/v2\/comments?post=1220"}],"version-history":[{"count":1,"href":"https:\/\/www.grieta.org.mx\/index.php\/wp-json\/wp\/v2\/posts\/1220\/revisions"}],"predecessor-version":[{"id":1225,"href":"https:\/\/www.grieta.org.mx\/index.php\/wp-json\/wp\/v2\/posts\/1220\/revisions\/1225"}],"wp:featuredmedia":[{"embeddable":true,"href":"https:\/\/www.grieta.org.mx\/index.php\/wp-json\/wp\/v2\/media\/21928"}],"wp:attachment":[{"href":"https:\/\/www.grieta.org.mx\/index.php\/wp-json\/wp\/v2\/media?parent=1220"}],"wp:term":[{"taxonomy":"category","embeddable":true,"href":"https:\/\/www.grieta.org.mx\/index.php\/wp-json\/wp\/v2\/categories?post=1220"},{"taxonomy":"post_tag","embeddable":true,"href":"https:\/\/www.grieta.org.mx\/index.php\/wp-json\/wp\/v2\/tags?post=1220"}],"curies":[{"name":"wp","href":"https:\/\/api.w.org\/{rel}","templated":true}]}}