{"id":12178,"date":"2016-05-07T18:15:54","date_gmt":"2016-05-07T18:15:54","guid":{"rendered":"http:\/\/www.grieta.org.mx\/?p=12178"},"modified":"2018-09-26T23:51:08","modified_gmt":"2018-09-27T04:51:08","slug":"reanudan-construccion-de-la-autopista-siglo-xxi-en-cuantla-morelos","status":"publish","type":"post","link":"https:\/\/www.grieta.org.mx\/index.php\/2016\/05\/07\/reanudan-construccion-de-la-autopista-siglo-xxi-en-cuantla-morelos\/","title":{"rendered":"Reanudan construcci\u00f3n de la autopista Siglo XXI, en Cuantla Morelos"},"content":{"rendered":"<p>El Sol de Cuautla<br \/>\nRedacci\u00f3n<br \/>\nEn una mesa de di\u00e1logo, la Secretar\u00eda de Movilidad y Transporte (SMyT) logr\u00f3 acordar con la Confederaci\u00f3n de Trabajadores de M\u00e9xico (CTM) y el Nuevo Grupo Sindical (NGS) la reanudaci\u00f3n de los trabajos de construcci\u00f3n de la autopista Siglo XXI, luego de que \u00e9stos fueron suspendidos por circunstancias diversas.<\/p>\n<p>El di\u00e1logo, encabezado por Jorge Messeguer Guill\u00e9n, titular de la SMyT, y Jos\u00e9 Luis Alarc\u00f3n Ezeta, director general de la SCT Morelos, se llev\u00f3 a cabo con los representantes de los sindicatos y de la empresa constructora.<\/p>\n<p>Jorge Messeguer explic\u00f3 que una vez resuelto el tema de la indemnizaci\u00f3n a ejidatarios, se habl\u00f3 con los representantes de los sindicatos a los que pertenecen los trabajadores de la construcci\u00f3n, ya que \u00e9stos hab\u00edan solicitado mejorar aspectos del contrato y condiciones de trabajo, logr\u00e1ndose la reanudaci\u00f3n de las labores de construcci\u00f3n.<\/p>\n<p>&#8220;Con di\u00e1logo y acuerdos avanzamos hacia una movilidad eficiente en Morelos. Seguir\u00e1 la construcci\u00f3n de la autopista Siglo XXI&#8221;, expres\u00f3 Jorge Messeguer.<\/p>\n<p>http:\/\/www.oem.com.mx\/elsoldecuautla\/notas\/n4157040.htm<\/p>\n","protected":false},"excerpt":{"rendered":"<p>El Sol de Cuautla Redacci\u00f3n En una mesa de di\u00e1logo, la Secretar\u00eda de Movilidad y Transporte (SMyT) logr\u00f3 acordar con la Confederaci\u00f3n de Trabajadores de M\u00e9xico (CTM) y el Nuevo &hellip; <a href=\"https:\/\/www.grieta.org.mx\/index.php\/2016\/05\/07\/reanudan-construccion-de-la-autopista-siglo-xxi-en-cuantla-morelos\/\" class=\"more-link\">Leer m\u00e1s<\/a><\/p>\n","protected":false},"author":2,"featured_media":21928,"comment_status":"closed","ping_status":"closed","sticky":false,"template":"","format":"standard","meta":{"ngg_post_thumbnail":0,"_jetpack_newsletter_access":"","_jetpack_dont_email_post_to_subs":false,"_jetpack_newsletter_tier_id":0,"_jetpack_memberships_contains_paywalled_content":false,"_jetpack_memberships_contains_paid_content":false,"footnotes":""},"categories":[80,482,22,2,1170],"tags":[629],"class_list":{"0":"post-12178","1":"post","2":"type-post","3":"status-publish","4":"format-standard","5":"has-post-thumbnail","6":"hentry","7":"category-cintillo","8":"category-morelos","10":"category-noticias-nacionales","11":"category-protestas-por-la-construccion-de-la-autopista-siglo-xxi-en-morelos","12":"tag-autopista-siglo-xxi","13":"entry"},"jetpack_featured_media_url":"https:\/\/www.grieta.org.mx\/wp-content\/uploads\/2018\/03\/14524434_1106112876131411_958039263622046936_o.jpg","jetpack_sharing_enabled":true,"jetpack_shortlink":"https:\/\/wp.me\/p7ZJR4-3aq","jetpack_likes_enabled":false,"jetpack-related-posts":[{"id":11359,"url":"https:\/\/www.grieta.org.mx\/index.php\/2016\/07\/19\/protestas-por-la-construccion-de-la-autopista-siglo-xxi-en-morelos\/","url_meta":{"origin":12178,"position":0},"title":"Protestas por la construcci\u00f3n de la Autopista siglo XXI en Morelos","author":"grieta","date":"19 julio, 2016","format":false,"excerpt":"19\/07\/16. Nuevo bloqueo en la autopista \"Siglo XXI\" El Sol de Cuautla 06\/07\/16. Vecinos persiguieron a arque\u00f3logo del INAH porque se neg\u00f3 a explicar qu\u00e9 pasar\u00e1 con vestigios localizados en el trazo de la autopista Siglo XXIPunto por punto 17\/05\/16. Bloquean obras de la Siglo XXI en San Rafael -\u2026","rel":"","context":"En &quot;Morelos&quot;","block_context":{"text":"Morelos","link":"https:\/\/www.grieta.org.mx\/index.php\/category\/noticias-nacionales\/morelos\/"},"img":{"alt_text":"","src":"https:\/\/i0.wp.com\/www.grieta.org.mx\/wp-content\/uploads\/2018\/03\/14524434_1106112876131411_958039263622046936_o.jpg?resize=350%2C200&ssl=1","width":350,"height":200,"srcset":"https:\/\/i0.wp.com\/www.grieta.org.mx\/wp-content\/uploads\/2018\/03\/14524434_1106112876131411_958039263622046936_o.jpg?resize=350%2C200&ssl=1 1x, https:\/\/i0.wp.com\/www.grieta.org.mx\/wp-content\/uploads\/2018\/03\/14524434_1106112876131411_958039263622046936_o.jpg?resize=525%2C300&ssl=1 1.5x, https:\/\/i0.wp.com\/www.grieta.org.mx\/wp-content\/uploads\/2018\/03\/14524434_1106112876131411_958039263622046936_o.jpg?resize=700%2C400&ssl=1 2x"},"classes":[]},{"id":22786,"url":"https:\/\/www.grieta.org.mx\/index.php\/2018\/04\/17\/suspenden-construccion-de-la-autopista-siglo-xxi-en-morelos\/","url_meta":{"origin":12178,"position":1},"title":"Suspenden construcci\u00f3n de la autopista siglo XXI en Morelos","author":"Admin","date":"17 abril, 2018","format":false,"excerpt":"POR JAIME LUIS BRITO AYALA, MORELOS (apro).- El juez s\u00e9ptimo de distrito en el estado de Morelos, Manuel Camargo Serrano, otorg\u00f3 una suspensi\u00f3n provisional a campesinos ejidatarios afectados por el trazo de la autopista Siglo XXI, debido a que no existe la expropiaci\u00f3n formal de las parcelas de por lo\u2026","rel":"","context":"En &quot;12. Tepoztl\u00e1n&quot;","block_context":{"text":"12. Tepoztl\u00e1n","link":"https:\/\/www.grieta.org.mx\/index.php\/category\/espejos-de-la-resistencia\/12-tepoztlan\/"},"img":{"alt_text":"","src":"https:\/\/i0.wp.com\/www.grieta.org.mx\/wp-content\/uploads\/2018\/04\/images-c.jpg?resize=350%2C200&ssl=1","width":350,"height":200,"srcset":"https:\/\/i0.wp.com\/www.grieta.org.mx\/wp-content\/uploads\/2018\/04\/images-c.jpg?resize=350%2C200&ssl=1 1x, https:\/\/i0.wp.com\/www.grieta.org.mx\/wp-content\/uploads\/2018\/04\/images-c.jpg?resize=525%2C300&ssl=1 1.5x, https:\/\/i0.wp.com\/www.grieta.org.mx\/wp-content\/uploads\/2018\/04\/images-c.jpg?resize=700%2C400&ssl=1 2x"},"classes":[]},{"id":43743,"url":"https:\/\/www.grieta.org.mx\/index.php\/2020\/01\/15\/bloquean-de-nuevo-autopista-siglo-xxi-morelos\/","url_meta":{"origin":12178,"position":2},"title":"Bloquean de nuevo autopista Siglo XXI (Morelos)","author":"grieta","date":"15 enero, 2020","format":false,"excerpt":"Redacci\u00f3n \/ 24 Morelos Nuevamente un grupo de ejidatarios de Jojutla, se colocaron sobre los dos carriles de la autopista Siglo XXI \u201cArco Sur\u201d, para demandar de nueva cuenta a la Secretar\u00eda de Comunicaciones y Transportes (SCT), el pago de indemnizaciones a 45 trabajadores del campo, por el uso de\u2026","rel":"","context":"En &quot;CINTILLO&quot;","block_context":{"text":"CINTILLO","link":"https:\/\/www.grieta.org.mx\/index.php\/category\/cintillo\/"},"img":{"alt_text":"","src":"https:\/\/i0.wp.com\/www.grieta.org.mx\/wp-content\/uploads\/2020\/01\/Autopista-Siglo-XXI-780x405.jpg?resize=350%2C200&ssl=1","width":350,"height":200,"srcset":"https:\/\/i0.wp.com\/www.grieta.org.mx\/wp-content\/uploads\/2020\/01\/Autopista-Siglo-XXI-780x405.jpg?resize=350%2C200&ssl=1 1x, https:\/\/i0.wp.com\/www.grieta.org.mx\/wp-content\/uploads\/2020\/01\/Autopista-Siglo-XXI-780x405.jpg?resize=525%2C300&ssl=1 1.5x, https:\/\/i0.wp.com\/www.grieta.org.mx\/wp-content\/uploads\/2020\/01\/Autopista-Siglo-XXI-780x405.jpg?resize=700%2C400&ssl=1 2x"},"classes":[]},{"id":17222,"url":"https:\/\/www.grieta.org.mx\/index.php\/2016\/07\/19\/nuevo-bloqueo-en-la-autopista-siglo-xxi-morelos\/","url_meta":{"origin":12178,"position":3},"title":"Nuevo bloqueo en la autopista &#8220;Siglo XXI&#8221; (MORELOS)","author":"grieta","date":"19 julio, 2016","format":false,"excerpt":"Rosaura Hern\u00e1ndez, Morelos. Nuevamente se realizaron bloqueos a los trabajos de construcci\u00f3n de la autopista Siglo XXI en cuatro municipios de Morelos, luego de que por m\u00e1s de dos meses las autoridades estatales no cumplieran con los acuerdos con campesinos y ganaderos de m\u00e1s de 12 ejidos. En el mes\u2026","rel":"","context":"En &quot;CINTILLO&quot;","block_context":{"text":"CINTILLO","link":"https:\/\/www.grieta.org.mx\/index.php\/category\/cintillo\/"},"img":{"alt_text":"","src":"https:\/\/i0.wp.com\/www.grieta.org.mx\/wp-content\/uploads\/2018\/03\/14524434_1106112876131411_958039263622046936_o.jpg?resize=350%2C200&ssl=1","width":350,"height":200,"srcset":"https:\/\/i0.wp.com\/www.grieta.org.mx\/wp-content\/uploads\/2018\/03\/14524434_1106112876131411_958039263622046936_o.jpg?resize=350%2C200&ssl=1 1x, https:\/\/i0.wp.com\/www.grieta.org.mx\/wp-content\/uploads\/2018\/03\/14524434_1106112876131411_958039263622046936_o.jpg?resize=525%2C300&ssl=1 1.5x, https:\/\/i0.wp.com\/www.grieta.org.mx\/wp-content\/uploads\/2018\/03\/14524434_1106112876131411_958039263622046936_o.jpg?resize=700%2C400&ssl=1 2x"},"classes":[]},{"id":11383,"url":"https:\/\/www.grieta.org.mx\/index.php\/2016\/04\/27\/paran-obras-de-la-autopista-siglo-xxi\/","url_meta":{"origin":12178,"position":4},"title":"Paran obras de la autopista Siglo XXI","author":"grieta","date":"27 abril, 2016","format":false,"excerpt":"Angelina Albarr\u00e1n Bloquearon los trabajos de la Autopista Siglo XXI a la altura de la comunidad de San Rafael Zaragoza, en protesta porque desde hace dos a\u00f1os nadie se quiere hacer responsable de los da\u00f1os a los canales, caminos de zaca y puentes de acceso, afectando a m\u00e1s de mil\u2026","rel":"","context":"En &quot;morelos&quot;","block_context":{"text":"morelos","link":"https:\/\/www.grieta.org.mx\/index.php\/category\/morelos\/"},"img":{"alt_text":"","src":"https:\/\/i0.wp.com\/www.grieta.org.mx\/wp-content\/uploads\/2018\/03\/14524434_1106112876131411_958039263622046936_o.jpg?resize=350%2C200&ssl=1","width":350,"height":200,"srcset":"https:\/\/i0.wp.com\/www.grieta.org.mx\/wp-content\/uploads\/2018\/03\/14524434_1106112876131411_958039263622046936_o.jpg?resize=350%2C200&ssl=1 1x, https:\/\/i0.wp.com\/www.grieta.org.mx\/wp-content\/uploads\/2018\/03\/14524434_1106112876131411_958039263622046936_o.jpg?resize=525%2C300&ssl=1 1.5x, https:\/\/i0.wp.com\/www.grieta.org.mx\/wp-content\/uploads\/2018\/03\/14524434_1106112876131411_958039263622046936_o.jpg?resize=700%2C400&ssl=1 2x"},"classes":[]},{"id":11373,"url":"https:\/\/www.grieta.org.mx\/index.php\/2016\/04\/27\/detienen-campesinos-la-construccion-de-la-autopista-siglo-xxi\/","url_meta":{"origin":12178,"position":5},"title":"Detienen campesinos la construcci\u00f3n de la autopista Siglo XXI","author":"grieta","date":"27 abril, 2016","format":false,"excerpt":"Mario Vega Exigen frenar la destrucci\u00f3n de sus canales de riego. Campesinos de municipios de la regi\u00f3n oriente de Morelos, agrupados en la Asociaci\u00f3n de Usuarios del R\u00edo Cuautla (Asurco), bloquearon de nueva cuenta la construcci\u00f3n de la autopista Siglo XXI, desde los campos del poblado de Atotonilco hasta el\u2026","rel":"","context":"En &quot;CINTILLO&quot;","block_context":{"text":"CINTILLO","link":"https:\/\/www.grieta.org.mx\/index.php\/category\/cintillo\/"},"img":{"alt_text":"","src":"https:\/\/i0.wp.com\/www.grieta.org.mx\/wp-content\/uploads\/2018\/03\/14524434_1106112876131411_958039263622046936_o.jpg?resize=350%2C200&ssl=1","width":350,"height":200,"srcset":"https:\/\/i0.wp.com\/www.grieta.org.mx\/wp-content\/uploads\/2018\/03\/14524434_1106112876131411_958039263622046936_o.jpg?resize=350%2C200&ssl=1 1x, https:\/\/i0.wp.com\/www.grieta.org.mx\/wp-content\/uploads\/2018\/03\/14524434_1106112876131411_958039263622046936_o.jpg?resize=525%2C300&ssl=1 1.5x, https:\/\/i0.wp.com\/www.grieta.org.mx\/wp-content\/uploads\/2018\/03\/14524434_1106112876131411_958039263622046936_o.jpg?resize=700%2C400&ssl=1 2x"},"classes":[]}],"_links":{"self":[{"href":"https:\/\/www.grieta.org.mx\/index.php\/wp-json\/wp\/v2\/posts\/12178","targetHints":{"allow":["GET"]}}],"collection":[{"href":"https:\/\/www.grieta.org.mx\/index.php\/wp-json\/wp\/v2\/posts"}],"about":[{"href":"https:\/\/www.grieta.org.mx\/index.php\/wp-json\/wp\/v2\/types\/post"}],"author":[{"embeddable":true,"href":"https:\/\/www.grieta.org.mx\/index.php\/wp-json\/wp\/v2\/users\/2"}],"replies":[{"embeddable":true,"href":"https:\/\/www.grieta.org.mx\/index.php\/wp-json\/wp\/v2\/comments?post=12178"}],"version-history":[{"count":1,"href":"https:\/\/www.grieta.org.mx\/index.php\/wp-json\/wp\/v2\/posts\/12178\/revisions"}],"predecessor-version":[{"id":12179,"href":"https:\/\/www.grieta.org.mx\/index.php\/wp-json\/wp\/v2\/posts\/12178\/revisions\/12179"}],"wp:featuredmedia":[{"embeddable":true,"href":"https:\/\/www.grieta.org.mx\/index.php\/wp-json\/wp\/v2\/media\/21928"}],"wp:attachment":[{"href":"https:\/\/www.grieta.org.mx\/index.php\/wp-json\/wp\/v2\/media?parent=12178"}],"wp:term":[{"taxonomy":"category","embeddable":true,"href":"https:\/\/www.grieta.org.mx\/index.php\/wp-json\/wp\/v2\/categories?post=12178"},{"taxonomy":"post_tag","embeddable":true,"href":"https:\/\/www.grieta.org.mx\/index.php\/wp-json\/wp\/v2\/tags?post=12178"}],"curies":[{"name":"wp","href":"https:\/\/api.w.org\/{rel}","templated":true}]}}