{"id":12158,"date":"2016-05-08T03:18:47","date_gmt":"2016-05-08T03:18:47","guid":{"rendered":"http:\/\/www.grieta.org.mx\/?p=12158"},"modified":"2016-05-12T03:27:14","modified_gmt":"2016-05-12T03:27:14","slug":"detiene-policia-a-periodista-en-la-ciudad-de-mexico","status":"publish","type":"post","link":"https:\/\/www.grieta.org.mx\/index.php\/2016\/05\/08\/detiene-policia-a-periodista-en-la-ciudad-de-mexico\/","title":{"rendered":"Detiene polic\u00eda a periodista en la Ciudad de M\u00e9xico"},"content":{"rendered":"<p>Redacci\u00f3n<\/p>\n<p>La organizaci\u00f3n internacional Art\u00edculo 19 lanz\u00f3 una alerta por la detenci\u00f3n de la periodista D\u00e9bora Poo, colaboradora de los medios digital M\u00e1sde131 y Laboratorio Multimedia. \u201cFue privada de manera arbitraria de su libertad el jueves 5 hasta el viernes 6 de nayo\u201d cuando documentaba la protesta #PosMeSaslto, con la que ciudadanos exigen que disminuya el costo del pasaje en el Sistema de Transporte Colectivo Metro. Nunca se le le informaron los motivos de la aprehensi\u00f3n.<\/p>\n<p>La organizaci\u00f3n exigi\u00f3 al gobierno de la Ciudad de M\u00e9xico no criminalizar a quienes documentan y a las personas que realizan protestas sociales. Refiri\u00f3 que derivado de su detenci\u00f3n, Debora fue v\u00edctima de abuso de autoridad, violaciones al debido proceso y a la libertad de expresi\u00f3n.<\/p>\n<p>Relata que a eso de las 21:00 del jueves, j\u00f3venes brincaban los torniquetes de la estaci\u00f3n Coyoac\u00e1n, en la acci\u00f3n denominada #PosMeSalto. Entonces \u201cD\u00e9bora empez\u00f3 a documentar el hecho mientras protestaba, cuando elementos de la Polic\u00eda Bancaria Industrial la detuvieron junto con otro joven.<\/p>\n<p>\u201cEl polic\u00eda con placa 21079 Santib\u00e1\u00f1ez, traslad\u00f3 por m\u00e1s de tres horas a D\u00e9bora, a distintos juzgados c\u00edvicos, el CUH-4 y CUH-2, para ponerla a disposici\u00f3n finalmente en el juzgado CUH-3. Durante los traslados, jam\u00e1s le explicaron el motivo de su detenci\u00f3n. Adem\u00e1s, todos \u00e9stos fueron hechos a trav\u00e9s del metro y no en patrulla y sin ponerla a disposici\u00f3n de la autoridad judicial\u201d.<\/p>\n<p>Art\u00edculo 19 entrevist\u00f3 a una mujer llamada Rosa Isela, integrante del plant\u00f3n Ayotzinapa, quien le dijo que \u201cal llegar D\u00e9bora Poo al juzgado, fue revisada por una m\u00e9dico legista, quien le pidi\u00f3 a la periodista que se quitase la ropa. La foto reportera se neg\u00f3, y le pidi\u00f3 que se limitase a tomarle la presi\u00f3n pues se sent\u00eda mareada. La m\u00e9dico, sin tomarle la presi\u00f3n, le exigi\u00f3 que firmase un formato donde sustentaba que hab\u00eda sido atendida. D\u00e9bora Poo tom\u00f3 el formato y escribi\u00f3 que le hab\u00edan pedido se quitase la ropa y le negaron tomarle la presi\u00f3n, por lo que la m\u00e9dico le arrebat\u00f3 el documento.<\/p>\n<p>\u201cPosteriormente -a\u00f1ade la organizaci\u00f3n-, en el juzgado se negaron a recibir el video tomado por la fotoreportera, donde documentaba que la manifestaci\u00f3n se realizaba como un acto de protesta p\u00fablica y en ejercicio de su libertad de expresi\u00f3n\u201d.<\/p>\n<p>Art\u00edculo 19 se mantuvo en contacto con Debora desde las 22:00 horas, poco despu\u00e9s de su detenci\u00f3n, por lo que inmediatamente pidi\u00f3 a las autoridades capitalinas su liberaci\u00f3n. No obstante fue trasladada hasta las 3:30 horas del viernes, por tres elementos de la polic\u00eda bancaria al Centro de Sanciones Administrativas (Torito) ubicado en Tacuba.<\/p>\n<p>\u201cAl ser comprobado que la detenci\u00f3n de D\u00e9bora se dio de forma arbitraria e ilegal, el gobierno de la Ciudad de M\u00e9xico se vio obligado a liberar, alrededor de las 16:00 hrs., a la periodista D\u00e9bora Poo, sin embargo, su liberaci\u00f3n no exime de la investigaci\u00f3n de los polic\u00edas, m\u00e9dicos, y miembros del poder judicial, que participaron en estos hechos que constituyeron la privaci\u00f3n ilegal de una persona\u201d, dice Art\u00edculo 19 en su alerta.<\/p>\n<p>De acuerdo a datos de Art\u00edculo 19, desde el 1 de diciembre de 2012, 23 personas han sido detenidas en la Ciudad de M\u00e9xico mientras documentaban diversos hechos. \u201cLa mayor\u00eda de las detenciones ocurrieron en contexto de protesta y mientras grababan la actuaci\u00f3n policiaca\u201d.<\/p>\n<p>Art\u00edculo 19 exigi\u00f3 al gobierno de la Ciudad de M\u00e9xico eviten la criminalizaci\u00f3n de las personas que documentan y realizan protestas. Tambi\u00e9n que las autoridades judiciales investiguen el actuar que se dio en el Juzgado C\u00edvico donde procesaron a la periodista. Por \u00faltimo exige a la Comisi\u00f3n de Derechos Humanos del Distrito Federal que se pronuncie por medio de una recomendaci\u00f3n contra las autoridades que resulten responsables por la violaci\u00f3n a la libertad de expresi\u00f3n y la falta al debido proceso.<\/p>\n<p><a href=\"http:\/\/www.somosmass99.com.mx\/detiene-policia-a-periodista-en-la-ciudad-de-mexico\/\" target=\"_blank\">http:\/\/www.somosmass99.com.mx\/detiene-policia-a-periodista-en-la-ciudad-de-mexico\/<\/a><\/p>\n","protected":false},"excerpt":{"rendered":"<p>Redacci\u00f3n La organizaci\u00f3n internacional Art\u00edculo 19 lanz\u00f3 una alerta por la detenci\u00f3n de la periodista D\u00e9bora Poo, colaboradora de los medios digital M\u00e1sde131 y Laboratorio Multimedia. \u201cFue privada de manera &hellip; <a href=\"https:\/\/www.grieta.org.mx\/index.php\/2016\/05\/08\/detiene-policia-a-periodista-en-la-ciudad-de-mexico\/\" class=\"more-link\">Leer m\u00e1s<\/a><\/p>\n","protected":false},"author":2,"featured_media":21928,"comment_status":"closed","ping_status":"closed","sticky":false,"template":"","format":"standard","meta":{"ngg_post_thumbnail":0,"_jetpack_newsletter_access":"","_jetpack_dont_email_post_to_subs":false,"_jetpack_newsletter_tier_id":0,"_jetpack_memberships_contains_paywalled_content":false,"_jetpack_memberships_contains_paid_content":false,"footnotes":""},"categories":[598,80,88],"tags":[130,120],"class_list":["post-12158","post","type-post","status-publish","format-standard","has-post-thumbnail","hentry","category-cdmx","category-cintillo","category-violencia-contra-periodistas","tag-represion","tag-violencia-contra-periodistas","entry"],"jetpack_featured_media_url":"https:\/\/www.grieta.org.mx\/wp-content\/uploads\/2018\/03\/14524434_1106112876131411_958039263622046936_o.jpg","jetpack_sharing_enabled":true,"jetpack_shortlink":"https:\/\/wp.me\/p7ZJR4-3a6","jetpack_likes_enabled":false,"jetpack-related-posts":[{"id":48521,"url":"https:\/\/www.grieta.org.mx\/index.php\/2020\/03\/30\/asesinan-a-la-periodista-maria-elena-ferral-en-papantla-veracruz\/","url_meta":{"origin":12158,"position":0},"title":"Asesinan a la periodista Mar\u00eda Elena Ferral en Papantla, Veracruz","author":"Admin","date":"30 marzo, 2020","format":false,"excerpt":"Redacci\u00f3n \/ Animal Pol\u00edtico La periodista Mar\u00eda Elena Ferral muri\u00f3 por los disparos que recibi\u00f3 en calles del centro de la ciudad de Papantla, Veracruz, este lunes 30 de marzo. De acuerdo con reportes de medios locales, hombres armados se acercaron este lunes a la reportera y le dispararon. Qued\u00f3\u2026","rel":"","context":"En &quot;CINTILLO&quot;","block_context":{"text":"CINTILLO","link":"https:\/\/www.grieta.org.mx\/index.php\/category\/cintillo\/"},"img":{"alt_text":"","src":"https:\/\/i0.wp.com\/www.grieta.org.mx\/wp-content\/uploads\/2020\/05\/Taxista_asesinado-3-e1551893393560.jpg?resize=350%2C200&ssl=1","width":350,"height":200,"srcset":"https:\/\/i0.wp.com\/www.grieta.org.mx\/wp-content\/uploads\/2020\/05\/Taxista_asesinado-3-e1551893393560.jpg?resize=350%2C200&ssl=1 1x, https:\/\/i0.wp.com\/www.grieta.org.mx\/wp-content\/uploads\/2020\/05\/Taxista_asesinado-3-e1551893393560.jpg?resize=525%2C300&ssl=1 1.5x, https:\/\/i0.wp.com\/www.grieta.org.mx\/wp-content\/uploads\/2020\/05\/Taxista_asesinado-3-e1551893393560.jpg?resize=700%2C400&ssl=1 2x"},"classes":[]},{"id":59307,"url":"https:\/\/www.grieta.org.mx\/index.php\/2021\/05\/07\/demanda-justicia-reporteros-sin-fronteras-por-asesinato-de-periodista-en-sonora\/","url_meta":{"origin":12158,"position":1},"title":"Demanda justicia Reporteros Sin Fronteras por asesinato de periodista en Sonora","author":"grieta","date":"7 mayo, 2021","format":false,"excerpt":"La organizaci\u00f3n internacional lament\u00f3 y repudi\u00f3 el asesinato del periodista Benjam\u00edn Morales Hern\u00e1ndez Foto: Twitter | @RSF_esp Rafael Ram\u00edrez | El Sol de M\u00e9xico La organizaci\u00f3n internacional Reporteros sin Fronteras (RSF) lament\u00f3 y repudi\u00f3 el asesinato del periodista\u00a0Benjam\u00edn Morales Hern\u00e1ndez, ocurrido en el Estado de Sonora y tambi\u00e9n demand\u00f3 que\u2026","rel":"","context":"En &quot;CINTILLO&quot;","block_context":{"text":"CINTILLO","link":"https:\/\/www.grieta.org.mx\/index.php\/category\/cintillo\/"},"img":{"alt_text":"","src":"https:\/\/i0.wp.com\/www.grieta.org.mx\/wp-content\/uploads\/2021\/05\/reportero-benjamin-morales-hernandez.png?resize=350%2C200&ssl=1","width":350,"height":200,"srcset":"https:\/\/i0.wp.com\/www.grieta.org.mx\/wp-content\/uploads\/2021\/05\/reportero-benjamin-morales-hernandez.png?resize=350%2C200&ssl=1 1x, https:\/\/i0.wp.com\/www.grieta.org.mx\/wp-content\/uploads\/2021\/05\/reportero-benjamin-morales-hernandez.png?resize=525%2C300&ssl=1 1.5x, https:\/\/i0.wp.com\/www.grieta.org.mx\/wp-content\/uploads\/2021\/05\/reportero-benjamin-morales-hernandez.png?resize=700%2C400&ssl=1 2x"},"classes":[]},{"id":65669,"url":"https:\/\/www.grieta.org.mx\/index.php\/2022\/11\/08\/condenan-agresion-y-detencion-del-periodista-gabriel-chan-yucatan\/","url_meta":{"origin":12158,"position":2},"title":"Condenan agresi\u00f3n y detenci\u00f3n del periodista Gabriel Chan (Yucat\u00e1n)","author":"grieta","date":"8 noviembre, 2022","format":false,"excerpt":"Haz Ruido La agrupaci\u00f3n Somos Periodistas lament\u00f3 que el Estado, a trav\u00e9s de sus cuerpos policiacos, siga violentando los derechos de los reporteros en Yucat\u00e1n. M\u00e9rida, Yucat\u00e1n, 8 de noviembre de 2022.- La agrupaci\u00f3n Somos Periodistas conden\u00f3 la agresi\u00f3n y detenci\u00f3n arbitraria de la que fue v\u00edctima el periodista Gabriel\u2026","rel":"","context":"En &quot;Abuso Autoridades en Yucat\u00e1n&quot;","block_context":{"text":"Abuso Autoridades en Yucat\u00e1n","link":"https:\/\/www.grieta.org.mx\/index.php\/category\/noticias-nacionales\/yucatan\/abuso-autoridades-en-yucatan\/"},"img":{"alt_text":"","src":"https:\/\/i0.wp.com\/www.grieta.org.mx\/wp-content\/uploads\/2022\/11\/Periodistas-e1668109701605.jpg?resize=350%2C200&ssl=1","width":350,"height":200,"srcset":"https:\/\/i0.wp.com\/www.grieta.org.mx\/wp-content\/uploads\/2022\/11\/Periodistas-e1668109701605.jpg?resize=350%2C200&ssl=1 1x, https:\/\/i0.wp.com\/www.grieta.org.mx\/wp-content\/uploads\/2022\/11\/Periodistas-e1668109701605.jpg?resize=525%2C300&ssl=1 1.5x, https:\/\/i0.wp.com\/www.grieta.org.mx\/wp-content\/uploads\/2022\/11\/Periodistas-e1668109701605.jpg?resize=700%2C400&ssl=1 2x"},"classes":[]},{"id":52669,"url":"https:\/\/www.grieta.org.mx\/index.php\/2020\/08\/13\/periodista-patricia-aguilar-romano-es-detenida-en-el-estado-de-nayarit\/","url_meta":{"origin":12158,"position":3},"title":"Periodista Patricia Aguilar Romano es detenida en el estado de Nayarit","author":"grieta","date":"13 agosto, 2020","format":false,"excerpt":"Foto: La Voz de Michoac\u00e1n Elementos de la Fiscal\u00eda General del Estado de Nayarit detuvieron a la periodista en su domicilio; ha denunciado delitos de funcionarios estatales Redacci\u00f3n \/ La Voz de Michoac\u00e1n Tepic, Nayarit. Elementos de la Fiscal\u00eda General del Estado de Nayarit detuvieron a la periodista Patricia Aguilar\u2026","rel":"","context":"En &quot;CINTILLO&quot;","block_context":{"text":"CINTILLO","link":"https:\/\/www.grieta.org.mx\/index.php\/category\/cintillo\/"},"img":{"alt_text":"","src":"https:\/\/i0.wp.com\/www.grieta.org.mx\/wp-content\/uploads\/2020\/08\/1523869_10202679295135176_3816892187258942491_o.jpg?resize=350%2C200&ssl=1","width":350,"height":200,"srcset":"https:\/\/i0.wp.com\/www.grieta.org.mx\/wp-content\/uploads\/2020\/08\/1523869_10202679295135176_3816892187258942491_o.jpg?resize=350%2C200&ssl=1 1x, https:\/\/i0.wp.com\/www.grieta.org.mx\/wp-content\/uploads\/2020\/08\/1523869_10202679295135176_3816892187258942491_o.jpg?resize=525%2C300&ssl=1 1.5x, https:\/\/i0.wp.com\/www.grieta.org.mx\/wp-content\/uploads\/2020\/08\/1523869_10202679295135176_3816892187258942491_o.jpg?resize=700%2C400&ssl=1 2x"},"classes":[]},{"id":28537,"url":"https:\/\/www.grieta.org.mx\/index.php\/2019\/01\/21\/asesinan-al-periodista-rafael-murua-manriquez-en-bcs\/","url_meta":{"origin":12158,"position":4},"title":"Asesinan al periodista Rafael Mur\u00faa Manr\u00edquez en BCS","author":"grieta","date":"21 enero, 2019","format":false,"excerpt":"El periodista Rafael Mur\u00faa Manr\u00edquez, director de una radio comunitaria en el noroccidental estado mexicano de Baja California Sur, fue encontrado muerto ayer domingo Fue director de Radiokashana y hab\u00eda sido reportado desaparecido; hab\u00eda denunciado agresiones del presidente municipal de Muleg\u00e9, Felipe Prado BAJA CALIFORNIA El periodista Rafael Mur\u00faa Manr\u00edquez,\u2026","rel":"","context":"En &quot;Baja California Sur&quot;","block_context":{"text":"Baja California Sur","link":"https:\/\/www.grieta.org.mx\/index.php\/category\/noticias-nacionales\/baja-california-sur\/"},"img":{"alt_text":"","src":"https:\/\/i0.wp.com\/www.grieta.org.mx\/wp-content\/uploads\/2019\/01\/2084917.jpg?resize=350%2C200&ssl=1","width":350,"height":200,"srcset":"https:\/\/i0.wp.com\/www.grieta.org.mx\/wp-content\/uploads\/2019\/01\/2084917.jpg?resize=350%2C200&ssl=1 1x, https:\/\/i0.wp.com\/www.grieta.org.mx\/wp-content\/uploads\/2019\/01\/2084917.jpg?resize=525%2C300&ssl=1 1.5x"},"classes":[]},{"id":9586,"url":"https:\/\/www.grieta.org.mx\/index.php\/2016\/06\/26\/violencia-contra-periodistas-en-la-ciudad-de-mexico-2\/","url_meta":{"origin":12158,"position":5},"title":"Violencia contra periodistas en la Ciudad de M\u00e9xico","author":"grieta","date":"26 junio, 2016","format":false,"excerpt":"24\/06\/16. Allanan y roban domicilio de fotoperiodista de Proceso en la Ciudad de M\u00e9xicoArt\u00edculo 19 08\/05\/16. Detiene polic\u00eda a periodista en la Ciudad de M\u00e9xicoSomos Mass 99 20\/03\/16. Incremento de violencia contra la prensa en 2015: Art. 19Somos el medio 11\/02\/16. Periodistas se manifiestan contra gobierno de VeracruzSomos el medio\u2026","rel":"","context":"En &quot;Ciudad de M\u00e9xico&quot;","block_context":{"text":"Ciudad de M\u00e9xico","link":"https:\/\/www.grieta.org.mx\/index.php\/category\/noticias-nacionales\/ciudad-de-mexico\/"},"img":{"alt_text":"","src":"https:\/\/i0.wp.com\/www.grieta.org.mx\/wp-content\/uploads\/2018\/03\/14524434_1106112876131411_958039263622046936_o.jpg?resize=350%2C200&ssl=1","width":350,"height":200,"srcset":"https:\/\/i0.wp.com\/www.grieta.org.mx\/wp-content\/uploads\/2018\/03\/14524434_1106112876131411_958039263622046936_o.jpg?resize=350%2C200&ssl=1 1x, https:\/\/i0.wp.com\/www.grieta.org.mx\/wp-content\/uploads\/2018\/03\/14524434_1106112876131411_958039263622046936_o.jpg?resize=525%2C300&ssl=1 1.5x, https:\/\/i0.wp.com\/www.grieta.org.mx\/wp-content\/uploads\/2018\/03\/14524434_1106112876131411_958039263622046936_o.jpg?resize=700%2C400&ssl=1 2x"},"classes":[]}],"_links":{"self":[{"href":"https:\/\/www.grieta.org.mx\/index.php\/wp-json\/wp\/v2\/posts\/12158","targetHints":{"allow":["GET"]}}],"collection":[{"href":"https:\/\/www.grieta.org.mx\/index.php\/wp-json\/wp\/v2\/posts"}],"about":[{"href":"https:\/\/www.grieta.org.mx\/index.php\/wp-json\/wp\/v2\/types\/post"}],"author":[{"embeddable":true,"href":"https:\/\/www.grieta.org.mx\/index.php\/wp-json\/wp\/v2\/users\/2"}],"replies":[{"embeddable":true,"href":"https:\/\/www.grieta.org.mx\/index.php\/wp-json\/wp\/v2\/comments?post=12158"}],"version-history":[{"count":1,"href":"https:\/\/www.grieta.org.mx\/index.php\/wp-json\/wp\/v2\/posts\/12158\/revisions"}],"predecessor-version":[{"id":12159,"href":"https:\/\/www.grieta.org.mx\/index.php\/wp-json\/wp\/v2\/posts\/12158\/revisions\/12159"}],"wp:featuredmedia":[{"embeddable":true,"href":"https:\/\/www.grieta.org.mx\/index.php\/wp-json\/wp\/v2\/media\/21928"}],"wp:attachment":[{"href":"https:\/\/www.grieta.org.mx\/index.php\/wp-json\/wp\/v2\/media?parent=12158"}],"wp:term":[{"taxonomy":"category","embeddable":true,"href":"https:\/\/www.grieta.org.mx\/index.php\/wp-json\/wp\/v2\/categories?post=12158"},{"taxonomy":"post_tag","embeddable":true,"href":"https:\/\/www.grieta.org.mx\/index.php\/wp-json\/wp\/v2\/tags?post=12158"}],"curies":[{"name":"wp","href":"https:\/\/api.w.org\/{rel}","templated":true}]}}