{"id":12127,"date":"2016-05-11T01:48:31","date_gmt":"2016-05-11T01:48:31","guid":{"rendered":"http:\/\/www.grieta.org.mx\/?p=12127"},"modified":"2016-05-12T01:54:59","modified_gmt":"2016-05-12T01:54:59","slug":"cientos-de-madres-marchan-por-una-ley-general-de-desaparicion","status":"publish","type":"post","link":"https:\/\/www.grieta.org.mx\/index.php\/2016\/05\/11\/cientos-de-madres-marchan-por-una-ley-general-de-desaparicion\/","title":{"rendered":"Cientos de madres marchan por una Ley General de Desaparici\u00f3n"},"content":{"rendered":"<p>Daniela \u00c1lvarez<br \/>\nC\u00e9sar Popoca<br \/>\nArturo Lara<\/p>\n<p>Es el quinto a\u00f1o consecutivo que se realiza esta marcha<\/p>\n<p>Fotograf\u00edas de Arturo Lara\/Somoselmedio.org<\/p>\n<p>Con la consigna \u201cPor una Ley General de Desaparici\u00f3n: SinLasFamiliasNo\u201d se llev\u00f3 a cabo en la Ciudad de M\u00e9xico la \u201cV Marcha de la Dignidad Nacional: madres buscando a sus hijos e hijas, y buscando verdad y justicia\u201d en la que participaron madres, padres y familiares de personas desaparecidas en todo el pa\u00eds. La movilizaci\u00f3n fue el Monumento a la Madre hacia el \u00c1ngel de la Independencia a partir de las 10am.<\/p>\n<p>Es el quinto a\u00f1o consecutivo que se realiza esta marcha y se llev\u00f3 a cabo con una exigencia precisa: que las familias de personas desaparecidas sean consultadas para la elaboraci\u00f3n de la Ley General de Desaparici\u00f3n. Entre las mantas pod\u00eda leerse \u201cComisi\u00f3n de Derechos Humanos, \u00bfd\u00f3nde est\u00e1n los derechos humanos de las v\u00edctimas de secuestro?\u201d. As\u00ed, familiares de personas desaparecidas afirmaron que en este d\u00eda de las madres ellas no tienen nada que celebrar porque la desaparici\u00f3n forzada en M\u00e9xico ha afectado a 27, 000 personas que est\u00e1n en calidad de v\u00edctimas y por lo menos hay un mill\u00f3n de familiares y personas cercanas afectadas por esta situaci\u00f3n.<\/p>\n<figure id=\"attachment_12129\" aria-describedby=\"caption-attachment-12129\" style=\"width: 1444px\" class=\"wp-caption aligncenter\"><img loading=\"lazy\" decoding=\"async\" data-attachment-id=\"12129\" data-permalink=\"https:\/\/www.grieta.org.mx\/index.php\/2016\/05\/11\/cientos-de-madres-marchan-por-una-ley-general-de-desaparicion\/arturo-lara-todos-los-derechos-reservados-4\/\" data-orig-file=\"https:\/\/www.grieta.org.mx\/wp-content\/uploads\/2016\/05\/10_9.jpg\" data-orig-size=\"1444,964\" data-comments-opened=\"0\" data-image-meta=\"{&quot;aperture&quot;:&quot;10&quot;,&quot;credit&quot;:&quot;Arturo Lara&quot;,&quot;camera&quot;:&quot;NIKON D600&quot;,&quot;caption&quot;:&quot;Arturo Lara \\u00a9 Todos los derechos reservados&quot;,&quot;created_timestamp&quot;:&quot;1462875527&quot;,&quot;copyright&quot;:&quot;Arturo Lara \\u00a9 Todos los derechos reservados&quot;,&quot;focal_length&quot;:&quot;25&quot;,&quot;iso&quot;:&quot;100&quot;,&quot;shutter_speed&quot;:&quot;0.004&quot;,&quot;title&quot;:&quot;Arturo Lara \\u00a9 Todos los derechos reservados&quot;,&quot;orientation&quot;:&quot;1&quot;}\" data-image-title=\"Arturo Lara \u00a9 Todos los derechos reservados\" data-image-description=\"\" data-image-caption=\"&lt;p&gt;Arturo Lara \u00a9 Todos los derechos reservados&lt;\/p&gt;\n\" data-medium-file=\"https:\/\/www.grieta.org.mx\/wp-content\/uploads\/2016\/05\/10_9-300x200.jpg\" data-large-file=\"https:\/\/www.grieta.org.mx\/wp-content\/uploads\/2016\/05\/10_9-1024x684.jpg\" src=\"http:\/\/www.grieta.org.mx\/wp-content\/uploads\/2016\/05\/10_9.jpg\" alt=\"Arturo Lara \u00a9 Todos los derechos reservados\" width=\"1444\" height=\"964\" class=\"size-full wp-image-12129\" srcset=\"https:\/\/www.grieta.org.mx\/wp-content\/uploads\/2016\/05\/10_9.jpg 1444w, https:\/\/www.grieta.org.mx\/wp-content\/uploads\/2016\/05\/10_9-300x200.jpg 300w, https:\/\/www.grieta.org.mx\/wp-content\/uploads\/2016\/05\/10_9-768x513.jpg 768w, https:\/\/www.grieta.org.mx\/wp-content\/uploads\/2016\/05\/10_9-1024x684.jpg 1024w\" sizes=\"auto, (max-width: 1444px) 100vw, 1444px\" \/><figcaption id=\"caption-attachment-12129\" class=\"wp-caption-text\">Arturo Lara \u00a9 Todos los derechos reservados<\/figcaption><\/figure>\n<figure id=\"attachment_12130\" aria-describedby=\"caption-attachment-12130\" style=\"width: 1444px\" class=\"wp-caption aligncenter\"><img loading=\"lazy\" decoding=\"async\" data-attachment-id=\"12130\" data-permalink=\"https:\/\/www.grieta.org.mx\/index.php\/2016\/05\/11\/cientos-de-madres-marchan-por-una-ley-general-de-desaparicion\/arturo-lara-todos-los-derechos-reservados-5\/\" data-orig-file=\"https:\/\/www.grieta.org.mx\/wp-content\/uploads\/2016\/05\/09_1.jpg\" data-orig-size=\"1444,964\" data-comments-opened=\"0\" data-image-meta=\"{&quot;aperture&quot;:&quot;5.6&quot;,&quot;credit&quot;:&quot;Arturo Lara&quot;,&quot;camera&quot;:&quot;NIKON D600&quot;,&quot;caption&quot;:&quot;Arturo Lara \\u00a9 Todos los derechos reservados&quot;,&quot;created_timestamp&quot;:&quot;1462874604&quot;,&quot;copyright&quot;:&quot;Arturo Lara \\u00a9 Todos los derechos reservados&quot;,&quot;focal_length&quot;:&quot;180&quot;,&quot;iso&quot;:&quot;200&quot;,&quot;shutter_speed&quot;:&quot;0.004&quot;,&quot;title&quot;:&quot;Arturo Lara \\u00a9 Todos los derechos reservados&quot;,&quot;orientation&quot;:&quot;1&quot;}\" data-image-title=\"Arturo Lara \u00a9 Todos los derechos reservados\" data-image-description=\"\" data-image-caption=\"&lt;p&gt;Arturo Lara \u00a9 Todos los derechos reservados&lt;\/p&gt;\n\" data-medium-file=\"https:\/\/www.grieta.org.mx\/wp-content\/uploads\/2016\/05\/09_1-300x200.jpg\" data-large-file=\"https:\/\/www.grieta.org.mx\/wp-content\/uploads\/2016\/05\/09_1-1024x684.jpg\" src=\"http:\/\/www.grieta.org.mx\/wp-content\/uploads\/2016\/05\/09_1.jpg\" alt=\"Arturo Lara \u00a9 Todos los derechos reservados\" width=\"1444\" height=\"964\" class=\"size-full wp-image-12130\" srcset=\"https:\/\/www.grieta.org.mx\/wp-content\/uploads\/2016\/05\/09_1.jpg 1444w, https:\/\/www.grieta.org.mx\/wp-content\/uploads\/2016\/05\/09_1-300x200.jpg 300w, https:\/\/www.grieta.org.mx\/wp-content\/uploads\/2016\/05\/09_1-768x513.jpg 768w, https:\/\/www.grieta.org.mx\/wp-content\/uploads\/2016\/05\/09_1-1024x684.jpg 1024w\" sizes=\"auto, (max-width: 1444px) 100vw, 1444px\" \/><figcaption id=\"caption-attachment-12130\" class=\"wp-caption-text\">Arturo Lara \u00a9 Todos los derechos reservados<\/figcaption><\/figure>\n<figure id=\"attachment_12131\" aria-describedby=\"caption-attachment-12131\" style=\"width: 1444px\" class=\"wp-caption aligncenter\"><img decoding=\"async\" data-attachment-id=\"12131\" data-permalink=\"https:\/\/www.grieta.org.mx\/index.php\/2016\/05\/11\/cientos-de-madres-marchan-por-una-ley-general-de-desaparicion\/arturo-lara-todos-los-derechos-reservados-6\/\" data-orig-file=\"https:\/\/www.grieta.org.mx\/wp-content\/uploads\/2016\/05\/07_2.jpg\" data-orig-size=\"1444,964\" data-comments-opened=\"0\" data-image-meta=\"{&quot;aperture&quot;:&quot;7.1&quot;,&quot;credit&quot;:&quot;Arturo Lara&quot;,&quot;camera&quot;:&quot;NIKON D600&quot;,&quot;caption&quot;:&quot;Arturo Lara \\u00a9 Todos los derechos reservados&quot;,&quot;created_timestamp&quot;:&quot;1462874033&quot;,&quot;copyright&quot;:&quot;Arturo Lara \\u00a9 Todos los derechos reservados&quot;,&quot;focal_length&quot;:&quot;19&quot;,&quot;iso&quot;:&quot;100&quot;,&quot;shutter_speed&quot;:&quot;0.005&quot;,&quot;title&quot;:&quot;Arturo Lara \\u00a9 Todos los derechos reservados&quot;,&quot;orientation&quot;:&quot;1&quot;}\" data-image-title=\"Arturo Lara \u00a9 Todos los derechos reservados\" data-image-description=\"\" data-image-caption=\"&lt;p&gt;Arturo Lara \u00a9 Todos los derechos reservados&lt;\/p&gt;\n\" data-medium-file=\"https:\/\/www.grieta.org.mx\/wp-content\/uploads\/2016\/05\/07_2-300x200.jpg\" data-large-file=\"https:\/\/www.grieta.org.mx\/wp-content\/uploads\/2016\/05\/07_2-1024x684.jpg\" src=\"http:\/\/www.grieta.org.mx\/wp-content\/uploads\/2016\/05\/07_2.jpg\" alt=\"Arturo Lara \u00a9 Todos los derechos reservados\" width=\"100%\" class=\"size-full wp-image-12131\" srcset=\"https:\/\/www.grieta.org.mx\/wp-content\/uploads\/2016\/05\/07_2.jpg 1444w, https:\/\/www.grieta.org.mx\/wp-content\/uploads\/2016\/05\/07_2-300x200.jpg 300w, https:\/\/www.grieta.org.mx\/wp-content\/uploads\/2016\/05\/07_2-768x513.jpg 768w, https:\/\/www.grieta.org.mx\/wp-content\/uploads\/2016\/05\/07_2-1024x684.jpg 1024w\" sizes=\"(max-width: 1444px) 100vw, 1444px\" \/><figcaption id=\"caption-attachment-12131\" class=\"wp-caption-text\">Arturo Lara \u00a9 Todos los derechos reservados<\/figcaption><\/figure>\n<figure id=\"attachment_12132\" aria-describedby=\"caption-attachment-12132\" style=\"width: 1444px\" class=\"wp-caption aligncenter\"><img decoding=\"async\" data-attachment-id=\"12132\" data-permalink=\"https:\/\/www.grieta.org.mx\/index.php\/2016\/05\/11\/cientos-de-madres-marchan-por-una-ley-general-de-desaparicion\/arturo-lara-todos-los-derechos-reservados-7\/\" data-orig-file=\"https:\/\/www.grieta.org.mx\/wp-content\/uploads\/2016\/05\/03_1.jpg\" data-orig-size=\"1444,964\" data-comments-opened=\"0\" data-image-meta=\"{&quot;aperture&quot;:&quot;10&quot;,&quot;credit&quot;:&quot;Arturo Lara&quot;,&quot;camera&quot;:&quot;NIKON D600&quot;,&quot;caption&quot;:&quot;Arturo Lara \\u00a9 Todos los derechos reservados&quot;,&quot;created_timestamp&quot;:&quot;1462872724&quot;,&quot;copyright&quot;:&quot;Arturo Lara \\u00a9 Todos los derechos reservados&quot;,&quot;focal_length&quot;:&quot;17&quot;,&quot;iso&quot;:&quot;100&quot;,&quot;shutter_speed&quot;:&quot;0.002&quot;,&quot;title&quot;:&quot;Arturo Lara \\u00a9 Todos los derechos reservados&quot;,&quot;orientation&quot;:&quot;1&quot;}\" data-image-title=\"Arturo Lara \u00a9 Todos los derechos reservados\" data-image-description=\"\" data-image-caption=\"&lt;p&gt;Arturo Lara \u00a9 Todos los derechos reservados&lt;\/p&gt;\n\" data-medium-file=\"https:\/\/www.grieta.org.mx\/wp-content\/uploads\/2016\/05\/03_1-300x200.jpg\" data-large-file=\"https:\/\/www.grieta.org.mx\/wp-content\/uploads\/2016\/05\/03_1-1024x684.jpg\" src=\"http:\/\/www.grieta.org.mx\/wp-content\/uploads\/2016\/05\/03_1.jpg\" alt=\"Arturo Lara \u00a9 Todos los derechos reservados\" width=\"100%\" class=\"size-full wp-image-12132\" srcset=\"https:\/\/www.grieta.org.mx\/wp-content\/uploads\/2016\/05\/03_1.jpg 1444w, https:\/\/www.grieta.org.mx\/wp-content\/uploads\/2016\/05\/03_1-300x200.jpg 300w, https:\/\/www.grieta.org.mx\/wp-content\/uploads\/2016\/05\/03_1-768x513.jpg 768w, https:\/\/www.grieta.org.mx\/wp-content\/uploads\/2016\/05\/03_1-1024x684.jpg 1024w\" sizes=\"(max-width: 1444px) 100vw, 1444px\" \/><figcaption id=\"caption-attachment-12132\" class=\"wp-caption-text\">Arturo Lara \u00a9 Todos los derechos reservados<\/figcaption><\/figure>\n<figure id=\"attachment_12133\" aria-describedby=\"caption-attachment-12133\" style=\"width: 1444px\" class=\"wp-caption aligncenter\"><img decoding=\"async\" data-attachment-id=\"12133\" data-permalink=\"https:\/\/www.grieta.org.mx\/index.php\/2016\/05\/11\/cientos-de-madres-marchan-por-una-ley-general-de-desaparicion\/arturo-lara-todos-los-derechos-reservados-8\/\" data-orig-file=\"https:\/\/www.grieta.org.mx\/wp-content\/uploads\/2016\/05\/02_1.jpg\" data-orig-size=\"1444,964\" data-comments-opened=\"0\" data-image-meta=\"{&quot;aperture&quot;:&quot;10&quot;,&quot;credit&quot;:&quot;Arturo Lara&quot;,&quot;camera&quot;:&quot;NIKON D600&quot;,&quot;caption&quot;:&quot;Arturo Lara \\u00a9 Todos los derechos reservados&quot;,&quot;created_timestamp&quot;:&quot;1462871518&quot;,&quot;copyright&quot;:&quot;Arturo Lara \\u00a9 Todos los derechos reservados&quot;,&quot;focal_length&quot;:&quot;50&quot;,&quot;iso&quot;:&quot;100&quot;,&quot;shutter_speed&quot;:&quot;0.004&quot;,&quot;title&quot;:&quot;Arturo Lara \\u00a9 Todos los derechos reservados&quot;,&quot;orientation&quot;:&quot;1&quot;}\" data-image-title=\"Arturo Lara \u00a9 Todos los derechos reservados\" data-image-description=\"\" data-image-caption=\"&lt;p&gt;Arturo Lara \u00a9 Todos los derechos reservados&lt;\/p&gt;\n\" data-medium-file=\"https:\/\/www.grieta.org.mx\/wp-content\/uploads\/2016\/05\/02_1-300x200.jpg\" data-large-file=\"https:\/\/www.grieta.org.mx\/wp-content\/uploads\/2016\/05\/02_1-1024x684.jpg\" src=\"http:\/\/www.grieta.org.mx\/wp-content\/uploads\/2016\/05\/02_1.jpg\" alt=\"Arturo Lara \u00a9 Todos los derechos reservados\" width=\"100%\" height=\"964\" class=\"size-full wp-image-12133\" srcset=\"https:\/\/www.grieta.org.mx\/wp-content\/uploads\/2016\/05\/02_1.jpg 1444w, https:\/\/www.grieta.org.mx\/wp-content\/uploads\/2016\/05\/02_1-300x200.jpg 300w, https:\/\/www.grieta.org.mx\/wp-content\/uploads\/2016\/05\/02_1-768x513.jpg 768w, https:\/\/www.grieta.org.mx\/wp-content\/uploads\/2016\/05\/02_1-1024x684.jpg 1024w\" sizes=\"(max-width: 1444px) 100vw, 1444px\" \/><figcaption id=\"caption-attachment-12133\" class=\"wp-caption-text\">Arturo Lara \u00a9 Todos los derechos reservados<\/figcaption><\/figure>\n<figure id=\"attachment_12134\" aria-describedby=\"caption-attachment-12134\" style=\"width: 1444px\" class=\"wp-caption aligncenter\"><img decoding=\"async\" data-attachment-id=\"12134\" data-permalink=\"https:\/\/www.grieta.org.mx\/index.php\/2016\/05\/11\/cientos-de-madres-marchan-por-una-ley-general-de-desaparicion\/arturo-lara-todos-los-derechos-reservados-9\/\" data-orig-file=\"https:\/\/www.grieta.org.mx\/wp-content\/uploads\/2016\/05\/01_3.jpg\" data-orig-size=\"1444,964\" data-comments-opened=\"0\" data-image-meta=\"{&quot;aperture&quot;:&quot;4&quot;,&quot;credit&quot;:&quot;Arturo Lara&quot;,&quot;camera&quot;:&quot;NIKON D600&quot;,&quot;caption&quot;:&quot;Arturo Lara \\u00a9 Todos los derechos reservados&quot;,&quot;created_timestamp&quot;:&quot;1462870482&quot;,&quot;copyright&quot;:&quot;Arturo Lara \\u00a9 Todos los derechos reservados&quot;,&quot;focal_length&quot;:&quot;17&quot;,&quot;iso&quot;:&quot;100&quot;,&quot;shutter_speed&quot;:&quot;0.0015625&quot;,&quot;title&quot;:&quot;Arturo Lara \\u00a9 Todos los derechos reservados&quot;,&quot;orientation&quot;:&quot;1&quot;}\" data-image-title=\"Arturo Lara \u00a9 Todos los derechos reservados\" data-image-description=\"\" data-image-caption=\"&lt;p&gt;Arturo Lara \u00a9 Todos los derechos reservados&lt;\/p&gt;\n\" data-medium-file=\"https:\/\/www.grieta.org.mx\/wp-content\/uploads\/2016\/05\/01_3-300x200.jpg\" data-large-file=\"https:\/\/www.grieta.org.mx\/wp-content\/uploads\/2016\/05\/01_3-1024x684.jpg\" src=\"http:\/\/www.grieta.org.mx\/wp-content\/uploads\/2016\/05\/01_3.jpg\" alt=\"Arturo Lara \u00a9 Todos los derechos reservados\" width=\"100%\" class=\"size-full wp-image-12134\" srcset=\"https:\/\/www.grieta.org.mx\/wp-content\/uploads\/2016\/05\/01_3.jpg 1444w, https:\/\/www.grieta.org.mx\/wp-content\/uploads\/2016\/05\/01_3-300x200.jpg 300w, https:\/\/www.grieta.org.mx\/wp-content\/uploads\/2016\/05\/01_3-768x513.jpg 768w, https:\/\/www.grieta.org.mx\/wp-content\/uploads\/2016\/05\/01_3-1024x684.jpg 1024w\" sizes=\"(max-width: 1444px) 100vw, 1444px\" \/><figcaption id=\"caption-attachment-12134\" class=\"wp-caption-text\">Arturo Lara \u00a9 Todos los derechos reservados<\/figcaption><\/figure>\n<figure id=\"attachment_12135\" aria-describedby=\"caption-attachment-12135\" style=\"width: 1444px\" class=\"wp-caption aligncenter\"><img decoding=\"async\" data-attachment-id=\"12135\" data-permalink=\"https:\/\/www.grieta.org.mx\/index.php\/2016\/05\/11\/cientos-de-madres-marchan-por-una-ley-general-de-desaparicion\/arturo-lara-todos-los-derechos-reservados-10\/\" data-orig-file=\"https:\/\/www.grieta.org.mx\/wp-content\/uploads\/2016\/05\/04_1.jpg\" data-orig-size=\"1444,964\" data-comments-opened=\"0\" data-image-meta=\"{&quot;aperture&quot;:&quot;7.1&quot;,&quot;credit&quot;:&quot;Arturo Lara&quot;,&quot;camera&quot;:&quot;NIKON D600&quot;,&quot;caption&quot;:&quot;Arturo Lara \\u00a9 Todos los derechos reservados&quot;,&quot;created_timestamp&quot;:&quot;1462873462&quot;,&quot;copyright&quot;:&quot;Arturo Lara \\u00a9 Todos los derechos reservados&quot;,&quot;focal_length&quot;:&quot;19&quot;,&quot;iso&quot;:&quot;100&quot;,&quot;shutter_speed&quot;:&quot;0.005&quot;,&quot;title&quot;:&quot;Arturo Lara \\u00a9 Todos los derechos reservados&quot;,&quot;orientation&quot;:&quot;1&quot;}\" data-image-title=\"Arturo Lara \u00a9 Todos los derechos reservados\" data-image-description=\"\" data-image-caption=\"&lt;p&gt;Arturo Lara \u00a9 Todos los derechos reservados&lt;\/p&gt;\n\" data-medium-file=\"https:\/\/www.grieta.org.mx\/wp-content\/uploads\/2016\/05\/04_1-300x200.jpg\" data-large-file=\"https:\/\/www.grieta.org.mx\/wp-content\/uploads\/2016\/05\/04_1-1024x684.jpg\" src=\"http:\/\/www.grieta.org.mx\/wp-content\/uploads\/2016\/05\/04_1.jpg\" alt=\"Arturo Lara \u00a9 Todos los derechos reservados\" width=\"100%\" class=\"size-full wp-image-12135\" srcset=\"https:\/\/www.grieta.org.mx\/wp-content\/uploads\/2016\/05\/04_1.jpg 1444w, https:\/\/www.grieta.org.mx\/wp-content\/uploads\/2016\/05\/04_1-300x200.jpg 300w, https:\/\/www.grieta.org.mx\/wp-content\/uploads\/2016\/05\/04_1-768x513.jpg 768w, https:\/\/www.grieta.org.mx\/wp-content\/uploads\/2016\/05\/04_1-1024x684.jpg 1024w\" sizes=\"(max-width: 1444px) 100vw, 1444px\" \/><figcaption id=\"caption-attachment-12135\" class=\"wp-caption-text\">Arturo Lara \u00a9 Todos los derechos reservados<\/figcaption><\/figure>\n<p><a href=\"http:\/\/www.somoselmedio.org\/content\/cientos-de-madres-marchan-por-una-ley-general-de-desaparici%C3%B3n\" target=\"_blank\">http:\/\/www.somoselmedio.org\/content\/cientos-de-madres-marchan-por-una-ley-general-de-desaparici%C3%B3n<\/a><\/p>\n","protected":false},"excerpt":{"rendered":"<p>Daniela \u00c1lvarez C\u00e9sar Popoca Arturo Lara Es el quinto a\u00f1o consecutivo que se realiza esta marcha Fotograf\u00edas de Arturo Lara\/Somoselmedio.org Con la consigna \u201cPor una Ley General de Desaparici\u00f3n: SinLasFamiliasNo\u201d &hellip; <a href=\"https:\/\/www.grieta.org.mx\/index.php\/2016\/05\/11\/cientos-de-madres-marchan-por-una-ley-general-de-desaparicion\/\" class=\"more-link\">Leer m\u00e1s<\/a><\/p>\n","protected":false},"author":2,"featured_media":21928,"comment_status":"closed","ping_status":"closed","sticky":false,"template":"","format":"standard","meta":{"ngg_post_thumbnail":0,"_jetpack_newsletter_access":"","_jetpack_dont_email_post_to_subs":false,"_jetpack_newsletter_tier_id":0,"_jetpack_memberships_contains_paywalled_content":false,"_jetpack_memberships_contains_paid_content":false,"footnotes":""},"categories":[598,80],"tags":[121,652],"class_list":["post-12127","post","type-post","status-publish","format-standard","has-post-thumbnail","hentry","category-cdmx","category-cintillo","tag-desaparecidos","tag-madres","entry"],"jetpack_featured_media_url":"https:\/\/www.grieta.org.mx\/wp-content\/uploads\/2018\/03\/14524434_1106112876131411_958039263622046936_o.jpg","jetpack_sharing_enabled":true,"jetpack_shortlink":"https:\/\/wp.me\/p7ZJR4-39B","jetpack_likes_enabled":false,"jetpack-related-posts":[{"id":23192,"url":"https:\/\/www.grieta.org.mx\/index.php\/2018\/05\/10\/vivos-se-los-llevaron-vivos-los-queremos-exigen-madres-de-desaparecidos-en-marcha-por-reforma\/","url_meta":{"origin":12127,"position":0},"title":"\u201c\u00a1Vivos se los llevaron, vivos los queremos!\u201d, exigen madres de desaparecidos en marcha por Reforma","author":"grieta","date":"10 mayo, 2018","format":false,"excerpt":"Gloria Leticia D\u00edaz\/Proceso CIUDAD DE M\u00c9XICO (apro).- Las escalinatas del \u00c1ngel de la Independencia se colmaron de pancartas con los rostros de personas desaparecidas, como ocurre cada 10 de mayo en la Ciudad de M\u00e9xico desde hace siete a\u00f1os, cuando las madres de los ausentes decidieron romper el silencio e\u2026","rel":"","context":"En &quot;Ciudad de M\u00e9xico&quot;","block_context":{"text":"Ciudad de M\u00e9xico","link":"https:\/\/www.grieta.org.mx\/index.php\/category\/noticias-nacionales\/ciudad-de-mexico\/"},"img":{"alt_text":"","src":"https:\/\/i0.wp.com\/www.grieta.org.mx\/wp-content\/uploads\/2018\/05\/marcha-madres-desaparecidos.jpg?resize=350%2C200&ssl=1","width":350,"height":200,"srcset":"https:\/\/i0.wp.com\/www.grieta.org.mx\/wp-content\/uploads\/2018\/05\/marcha-madres-desaparecidos.jpg?resize=350%2C200&ssl=1 1x, https:\/\/i0.wp.com\/www.grieta.org.mx\/wp-content\/uploads\/2018\/05\/marcha-madres-desaparecidos.jpg?resize=525%2C300&ssl=1 1.5x, https:\/\/i0.wp.com\/www.grieta.org.mx\/wp-content\/uploads\/2018\/05\/marcha-madres-desaparecidos.jpg?resize=700%2C400&ssl=1 2x, https:\/\/i0.wp.com\/www.grieta.org.mx\/wp-content\/uploads\/2018\/05\/marcha-madres-desaparecidos.jpg?resize=1050%2C600&ssl=1 3x"},"classes":[]},{"id":49000,"url":"https:\/\/www.grieta.org.mx\/index.php\/2020\/05\/11\/con-marcha-virtual-y-en-cdmx-madres-protestaron-por-sus-desaparecidos-este-10-de-mayo\/","url_meta":{"origin":12127,"position":1},"title":"Con marcha virtual y en CDMX, madres protestaron por sus desaparecidos este 10 de mayo","author":"grieta","date":"11 mayo, 2020","format":false,"excerpt":"Imagen tomada de: lostubos.com Los Tubos Este 10 de mayo, un grupo de madres march\u00f3 del Monumento a la Madre al \u00c1ngel de la Independencia en la Ciudad de M\u00e9xico para exigir la b\u00fasqueda de sus hijas e hijos desaparecidos, a pesar de las recomendaciones para quedarse en casa en\u2026","rel":"","context":"En &quot;CINTILLO&quot;","block_context":{"text":"CINTILLO","link":"https:\/\/www.grieta.org.mx\/index.php\/category\/cintillo\/"},"img":{"alt_text":"","src":"https:\/\/i0.wp.com\/www.grieta.org.mx\/wp-content\/uploads\/2020\/05\/Con-marcha-virtual-y-en-CDMX-madres-protestaron-por-sus-desaparecidos-este-10-de-mayo-cdmx-may.jpg?resize=350%2C200&ssl=1","width":350,"height":200,"srcset":"https:\/\/i0.wp.com\/www.grieta.org.mx\/wp-content\/uploads\/2020\/05\/Con-marcha-virtual-y-en-CDMX-madres-protestaron-por-sus-desaparecidos-este-10-de-mayo-cdmx-may.jpg?resize=350%2C200&ssl=1 1x, https:\/\/i0.wp.com\/www.grieta.org.mx\/wp-content\/uploads\/2020\/05\/Con-marcha-virtual-y-en-CDMX-madres-protestaron-por-sus-desaparecidos-este-10-de-mayo-cdmx-may.jpg?resize=525%2C300&ssl=1 1.5x, https:\/\/i0.wp.com\/www.grieta.org.mx\/wp-content\/uploads\/2020\/05\/Con-marcha-virtual-y-en-CDMX-madres-protestaron-por-sus-desaparecidos-este-10-de-mayo-cdmx-may.jpg?resize=700%2C400&ssl=1 2x"},"classes":[]},{"id":23126,"url":"https:\/\/www.grieta.org.mx\/index.php\/2018\/05\/10\/marcha-grupo-vida-por-sus-desaparecidos-en-el-dia-de-las-madres-torreon-coahuila\/","url_meta":{"origin":12127,"position":2},"title":"Marcha grupo Vida por sus desaparecidos en el D\u00eda de las Madres (Torre\u00f3n, Coahuila)","author":"grieta","date":"10 mayo, 2018","format":false,"excerpt":"El contingente camin\u00f3 en sentido contrario por la avenida Ju\u00e1rez. (EL SIGLO DE TORRE\u00d3N) Como desde hace cinco a\u00f1os, el grupo V\u00edctimas por sus Derechos en Acci\u00f3n (Vida), realiza su marcha de familiares de personas desaparecidas en el D\u00eda de las Madres. Guadalupe Miranda\/El Siglo Coahuila El contingente conformado por\u2026","rel":"","context":"En &quot;CINTILLO&quot;","block_context":{"text":"CINTILLO","link":"https:\/\/www.grieta.org.mx\/index.php\/category\/cintillo\/"},"img":{"alt_text":"","src":"https:\/\/i0.wp.com\/www.grieta.org.mx\/wp-content\/uploads\/2018\/05\/Marchan-madre-Torre%C3%B3n.jpeg?resize=350%2C200&ssl=1","width":350,"height":200,"srcset":"https:\/\/i0.wp.com\/www.grieta.org.mx\/wp-content\/uploads\/2018\/05\/Marchan-madre-Torre%C3%B3n.jpeg?resize=350%2C200&ssl=1 1x, https:\/\/i0.wp.com\/www.grieta.org.mx\/wp-content\/uploads\/2018\/05\/Marchan-madre-Torre%C3%B3n.jpeg?resize=525%2C300&ssl=1 1.5x, https:\/\/i0.wp.com\/www.grieta.org.mx\/wp-content\/uploads\/2018\/05\/Marchan-madre-Torre%C3%B3n.jpeg?resize=700%2C400&ssl=1 2x, https:\/\/i0.wp.com\/www.grieta.org.mx\/wp-content\/uploads\/2018\/05\/Marchan-madre-Torre%C3%B3n.jpeg?resize=1050%2C600&ssl=1 3x"},"classes":[]},{"id":22783,"url":"https:\/\/www.grieta.org.mx\/index.php\/2018\/04\/26\/madres-preparan-marcha-del-dolor-en-morelos\/","url_meta":{"origin":12127,"position":3},"title":"Madres preparan \u201cmarcha del dolor\u201d, en Morelos","author":"Admin","date":"26 abril, 2018","format":false,"excerpt":"Madres de v\u00edctimas de homicidio y desaparici\u00f3n en Morelos protestar\u00e1n el 10 de mayo Madres de familia de v\u00edctimas de desaparici\u00f3n y homicidios del Estado de Morelos, realizar\u00e1n el pr\u00f3ximo 10 de mayo una marcha en conmemoraci\u00f3n por el D\u00eda de la Madre. De acuerdo con Ana Luisa Gardu\u00f1o, representante\u2026","rel":"","context":"En &quot;CINTILLO&quot;","block_context":{"text":"CINTILLO","link":"https:\/\/www.grieta.org.mx\/index.php\/category\/cintillo\/"},"img":{"alt_text":"","src":"https:\/\/i0.wp.com\/www.grieta.org.mx\/wp-content\/uploads\/2018\/04\/marcha.jpg?resize=350%2C200&ssl=1","width":350,"height":200,"srcset":"https:\/\/i0.wp.com\/www.grieta.org.mx\/wp-content\/uploads\/2018\/04\/marcha.jpg?resize=350%2C200&ssl=1 1x, https:\/\/i0.wp.com\/www.grieta.org.mx\/wp-content\/uploads\/2018\/04\/marcha.jpg?resize=525%2C300&ssl=1 1.5x"},"classes":[]},{"id":11370,"url":"https:\/\/www.grieta.org.mx\/index.php\/2016\/04\/26\/ayotzinapa-19-meses-sin-justicia\/","url_meta":{"origin":12127,"position":4},"title":"Ayotzinapa 19 meses sin justicia","author":"grieta","date":"26 abril, 2016","format":false,"excerpt":"Mario Marlo Arturo Lara Los padres y madres de los estudiantes denunciaron la estrategia que ha implementado el gobierno para dividirlos Ciudad de M\u00e9xico 26 de abril 2016.- M\u00e1s de tres mil personas se dieron cita en el \u00c1ngel de la Independencia para acompa\u00f1ar a los padres y madres de\u2026","rel":"","context":"En &quot;cdmx&quot;","block_context":{"text":"cdmx","link":"https:\/\/www.grieta.org.mx\/index.php\/category\/cdmx\/"},"img":{"alt_text":"","src":"https:\/\/i0.wp.com\/www.grieta.org.mx\/wp-content\/uploads\/2018\/03\/14524434_1106112876131411_958039263622046936_o.jpg?resize=350%2C200&ssl=1","width":350,"height":200,"srcset":"https:\/\/i0.wp.com\/www.grieta.org.mx\/wp-content\/uploads\/2018\/03\/14524434_1106112876131411_958039263622046936_o.jpg?resize=350%2C200&ssl=1 1x, https:\/\/i0.wp.com\/www.grieta.org.mx\/wp-content\/uploads\/2018\/03\/14524434_1106112876131411_958039263622046936_o.jpg?resize=525%2C300&ssl=1 1.5x, https:\/\/i0.wp.com\/www.grieta.org.mx\/wp-content\/uploads\/2018\/03\/14524434_1106112876131411_958039263622046936_o.jpg?resize=700%2C400&ssl=1 2x"},"classes":[]},{"id":33370,"url":"https:\/\/www.grieta.org.mx\/index.php\/2019\/05\/11\/retumba-en-tamaulipas-y-en-todo-mexico-el-clamor-de-las-madres-que-buscan-a-sus-hijos\/","url_meta":{"origin":12127,"position":5},"title":"Retumba en Tamaulipas y en todo M\u00e9xico el clamor de las madres que buscan a sus hijos","author":"grieta","date":"11 mayo, 2019","format":false,"excerpt":"Gaceta Ciudad de M\u00e9xico.- Miles de madres de v\u00edctimas de desaparici\u00f3n forzada se reunieron este viernes las calles de esta ciudad y de varios estados del pa\u00eds para exigir que las autoridades act\u00faen para encontrar a sus seres queridos y sancionen a los responsables de estos delitos, pues de lo\u2026","rel":"","context":"En &quot;CINTILLO&quot;","block_context":{"text":"CINTILLO","link":"https:\/\/www.grieta.org.mx\/index.php\/category\/cintillo\/"},"img":{"alt_text":"","src":"https:\/\/i0.wp.com\/www.grieta.org.mx\/wp-content\/uploads\/2019\/05\/Retumba-en-Tamaulipas-y-en-todo-M%C3%A9xico-el-clamor-de-las-madres-que-buscan-a-sus-hijos-tama-may.jpg?resize=350%2C200","width":350,"height":200},"classes":[]}],"_links":{"self":[{"href":"https:\/\/www.grieta.org.mx\/index.php\/wp-json\/wp\/v2\/posts\/12127","targetHints":{"allow":["GET"]}}],"collection":[{"href":"https:\/\/www.grieta.org.mx\/index.php\/wp-json\/wp\/v2\/posts"}],"about":[{"href":"https:\/\/www.grieta.org.mx\/index.php\/wp-json\/wp\/v2\/types\/post"}],"author":[{"embeddable":true,"href":"https:\/\/www.grieta.org.mx\/index.php\/wp-json\/wp\/v2\/users\/2"}],"replies":[{"embeddable":true,"href":"https:\/\/www.grieta.org.mx\/index.php\/wp-json\/wp\/v2\/comments?post=12127"}],"version-history":[{"count":1,"href":"https:\/\/www.grieta.org.mx\/index.php\/wp-json\/wp\/v2\/posts\/12127\/revisions"}],"predecessor-version":[{"id":12136,"href":"https:\/\/www.grieta.org.mx\/index.php\/wp-json\/wp\/v2\/posts\/12127\/revisions\/12136"}],"wp:featuredmedia":[{"embeddable":true,"href":"https:\/\/www.grieta.org.mx\/index.php\/wp-json\/wp\/v2\/media\/21928"}],"wp:attachment":[{"href":"https:\/\/www.grieta.org.mx\/index.php\/wp-json\/wp\/v2\/media?parent=12127"}],"wp:term":[{"taxonomy":"category","embeddable":true,"href":"https:\/\/www.grieta.org.mx\/index.php\/wp-json\/wp\/v2\/categories?post=12127"},{"taxonomy":"post_tag","embeddable":true,"href":"https:\/\/www.grieta.org.mx\/index.php\/wp-json\/wp\/v2\/tags?post=12127"}],"curies":[{"name":"wp","href":"https:\/\/api.w.org\/{rel}","templated":true}]}}