{"id":12124,"date":"2016-05-10T01:42:24","date_gmt":"2016-05-10T01:42:24","guid":{"rendered":"http:\/\/www.grieta.org.mx\/?p=12124"},"modified":"2016-05-12T01:47:20","modified_gmt":"2016-05-12T01:47:20","slug":"madres-de-desaparecidos-en-un-grito-desesperado-piden-ayuda-internacional","status":"publish","type":"post","link":"https:\/\/www.grieta.org.mx\/index.php\/2016\/05\/10\/madres-de-desaparecidos-en-un-grito-desesperado-piden-ayuda-internacional\/","title":{"rendered":"Madres de desaparecidos, en un grito desesperado; piden ayuda internacional"},"content":{"rendered":"<p>Por Gloria Leticia D\u00edaz<\/p>\n<p>CIUDAD DE M\u00c9XICO (apro).- Cientos de madres de M\u00e9xico y Centroam\u00e9rica ocuparon las escalinatas del \u00c1ngel de la Independencia para exigir una respuesta institucional a las miles de desapariciones en el pa\u00eds.<\/p>\n<p>Las mujeres salieron del Monumento a la Madre y caminaron alrededor de una hora hacia la columna de la Independencia, como lo han hecho desde hace cinco a\u00f1os, para saber d\u00f3nde est\u00e1n sus seres queridos.<\/p>\n<p>Desde Baja California, Sinaloa, Chihuahua, Coahuila, Nuevo Le\u00f3n, Veracruz, Quer\u00e9taro, Guerrero, Oaxaca, Tamaulipas y la Ciudad de M\u00e9xico, as\u00ed como de Honduras, Guatemala y El Salvador, este 10 de mayo las mujeres se movilizaron una vez m\u00e1s para denunciar el abandono gubernamental.<\/p>\n<p>Entre ellas sobresal\u00eda la figura de Mar\u00eda Herrera, quien busca a cuatro hijos desaparecidos y es la misma que increp\u00f3 al expresidente Felipe Calder\u00f3n por la falta de atenci\u00f3n al problema. La mujer tiene los ojos secos de llorar y se nota cansada, pero sigue marchando.<\/p>\n<p>Es la quinta vez que Mar\u00eda lo hace, desde que las organizaciones de derechos humanos y colectivos de desaparecidos decidieron salir a las calles para exponer su dolor. Antes, march\u00f3 en Michoac\u00e1n, de donde es originaria, y recorri\u00f3 el pa\u00eds como parte de la caravana del Movimiento por la Paz con Justicia y Dignidad.<\/p>\n<p>\u201cPareciera que esto no va a tener fin, estos a\u00f1os lo \u00fanico que he podido recoger es dolor, sufrimiento, impotencia y perversidad de parte del gobierno y de las autoridades que nos hacen creer que van a buscar a nuestros hijos. Sabemos que no lo est\u00e1n haciendo\u201d, se\u00f1al\u00f3 Mar\u00eda Herrera, fundadora de Familiares en B\u00fasqueda, cuyos hijos desaparecidos son Jes\u00fas, Ra\u00fal, Gustavo y Armando Trujillo Herrera.<\/p>\n<p>\u201cEsto no para porque nuestros gobiernos no est\u00e1n haciendo su trabajo. Dicen: \u2018se nos est\u00e1n acercando muchas v\u00edctimas y no tenemos capacidad para atenderlos\u2019, como si nosotros los estuvi\u00e9ramos fabricando y no quieren aceptar que es por su falta de eficacia y por su colusi\u00f3n con el crimen que no quieren hacer nada. La marcha de hoy es un grito desesperado a la sociedad, no s\u00f3lo para que nos ayuden a nosotros, sino para que se unan para que esto ya no suceda m\u00e1s. Lo que sufrimos le puede pasar a cualquiera\u201d, subray\u00f3.<\/p>\n<p>El llamado a la unidad de familiares de desaparecidos y a la solidaridad ciudadana prevaleci\u00f3 en el acto de este martes, en el que \u2013a trav\u00e9s del Movimiento Nacional por Nuestros Desaparecidos en M\u00e9xico\u2013 las madres pidieron a entes internacionales, como la Organizaci\u00f3n de las Naciones Unidas (ONU) y la Organizaci\u00f3n de Estados Americanos (OEA), que reconozcan que \u201coficialmente M\u00e9xico vive una crisis humanitaria, una debacle institucional y carente de legitimidad\u201d.<\/p>\n<p>De acuerdo con las cifras oficiales, cada d\u00eda desaparecen al menos 11 personas, y a febrero de este a\u00f1o la cifra alcanzaba los 26 mil 121 desaparecidos. Si esa tendencia contin\u00faa, \u201cla cifra seguir\u00e1 creciendo y podr\u00edan ser hasta 50 mil personas cuando termine esta administraci\u00f3n\u201d.<br \/>\nEn la lectura de un comunicado las madres solicitaron a esas instancias internacionales \u201cvalorar la manera de intervenir en nuestro pa\u00eds ante el Estado fallido y el sufrimiento de su poblaci\u00f3n, que vive una suerte de conflicto interno en el cual estamos atrapados los habitantes nacionales y migrantes en su paso a Estados Unidos\u201d<\/p>\n<p>El llamado de auxilio se hizo extensivo a la Uni\u00f3n Europea para que colabore \u201cen transformar de ra\u00edz el sistema pol\u00edtico mexicano, caldo de cultivo de la impunidad generalizada y germen de la corrupci\u00f3n m\u00e1s refinada, que lo mismo vende nuestras riquezas nacionales que se rinde o se coordina con la delincuencia organizada\u201d.<\/p>\n<p>Las familias de desaparecidos tambi\u00e9n pidieron a los gobiernos de Centro y Sudam\u00e9rica que exijan medidas urgentes a la ONU y la OEA para ayudar a los migrantes que en su camino a Estados Unidos \u201cson v\u00edctimas del tri\u00e1ngulo de las Bermudas, que es en lo que se ha convertido nuestro territorio\u201d.<\/p>\n<p>A nivel nacional, los familiares exigieron a la Comisi\u00f3n Nacional de los Derechos Humanos (CNDH) que act\u00fae en consecuencia con la tragedia humanitaria, y al Congreso de la Uni\u00f3n le pidieron realizar reformas legislativas para garantizar la autonom\u00eda de la procuraci\u00f3n de justicia y la creaci\u00f3n de un instituto forense, adem\u00e1s de mejorar el funcionamiento de la Comisi\u00f3n Ejecutiva de Atenci\u00f3n a V\u00edctimas (CEAV) y llamar a cuentas al presidente Enrique Pe\u00f1a Nieto por no proponer un presupuesto \u201cacorde con la dimensi\u00f3n del problema de tanto desaparecido\u201d.<\/p>\n<p>En representaci\u00f3n de los familiares de los 43 normalistas de Ayotzinapa desaparecidos, los padres de C\u00e9sar Manuel Gonz\u00e1lez recibieron el mensaje de las madres presentes que los llamaron a \u201cno caminar solos\u201d y a unirse en una lucha nacional.<\/p>\n<p>Mario Gonz\u00e1lez, quien inform\u00f3 que el resto de los padres de los normalistas desaparecidos participaba en otras movilizaciones en Guerrero, asegur\u00f3 que tambi\u00e9n se movilizan por \u201clos otros desaparecidos, por los despojados y las injusticias\u201d<\/p>\n<p>Tras recordar que los han invitado a aceptar dinero como parte de la reparaci\u00f3n del da\u00f1o por la desaparici\u00f3n de sus hijos, recomend\u00f3 a las madres presentes exigir como \u00fanica reparaci\u00f3n de da\u00f1o \u201cla presentaci\u00f3n de nuestros hijos. No queremos dinero, no nos vamos a comer a nuestros hijos en pedazos\u201d, dijo.<\/p>\n<p>En su intervenci\u00f3n, el obispo de Saltillo Ra\u00fal Vera destac\u00f3 que el caso de los 43 estudiantes de Ayotzinapa desaparecidos se convirti\u00f3 en una \u201cluz que ilumin\u00f3 para el mundo las tinieblas de la desaparici\u00f3n, de los miles que est\u00e1n en esa condici\u00f3n\u201d y que no eran tomados en cuenta.<br \/>\nEl religioso, que junto con las madres de los desaparecidos march\u00f3 bajo el sol, las anim\u00f3 para que no decaigan en su lucha. \u201cUstedes marcan el camino, aqu\u00ed vengo a aprender la garra y la fuerza para enfrenta la violencia que vivimos. Su fuerza nos impide ser cobardes, ser miedosos o claudicar\u201d.<\/p>\n<p>Luis Alberto L\u00f3pez, de la Red por la Verdad y Justicia, que integra a familiares de personas de El Salvador, Guatemala y Honduras, sostuvo que es la primera ocasi\u00f3n en que colectivos de madres centroamericanas se movilizan para exponer p\u00fablicamente su dolor en la tradicional marcha del 10 de mayo.<\/p>\n<p>Denunci\u00f3 el maltrato de las autoridades mexicanas hacia los familiares de los migrantes desaparecidos, y se\u00f1al\u00f3 que para las instancias de investigaci\u00f3n los casos de centroamericanos \u201cson de oficios y los engavetan\u201d.<\/p>\n<p>Por su parte, Blanca Mart\u00ednez, de Fuerzas Unidas por Nuestros Desaparecidos en M\u00e9xico (FUNDEM), lament\u00f3 que una vez m\u00e1s se haya postergado la discusi\u00f3n y aprobaci\u00f3n de una ley general sobre desaparici\u00f3n, y que \u201cla prioridad de la clase pol\u00edtica mexicana no est\u00e9 en consonancia con el drama nacional\u201d.<\/p>\n<p>\u201cM\u00e9xico est\u00e1 lleno de fosas, de sangre de nuestro pueblo, miles de desaparecidas y desaparecidos, desplazamiento y dem\u00e1s, y ellos (los legisladores) est\u00e1n haciendo su ley anticorrupci\u00f3n para protegerse a ellos, cuando nosotros lo que estamos pidiendo es un marco legislativo que sea un asidero necesario para avanzar en la b\u00fasqueda de nuestros seres queridos, que posibilite dar con la verdad y la justicia, pero prefirieron protegerse y ver c\u00f3mo venden el pa\u00eds, y se va al siguiente periodo\u201d, a\u00f1adi\u00f3.<\/p>\n<p>Al finalizar la movilizaci\u00f3n, las madres que llegaron de distintas partes del pa\u00eds descasaron unas horas en la glorieta del \u00c1ngel de la Independencia, donde compartieron algunos alimentos antes de retornar a sus ciudades de origen, a la lucha continua en la b\u00fasqueda de sus hijas e hijos desaparecidos.<\/p>\n<p><a href=\"http:\/\/apia-virtual.com\/2016\/05\/11\/madres-de-desaparecidos-en-un-grito-desesperado-piden-ayuda-internacional\/\" target=\"_blank\">http:\/\/apia-virtual.com\/2016\/05\/11\/madres-de-desaparecidos-en-un-grito-desesperado-piden-ayuda-internacional\/<\/a><\/p>\n","protected":false},"excerpt":{"rendered":"<p>Por Gloria Leticia D\u00edaz CIUDAD DE M\u00c9XICO (apro).- Cientos de madres de M\u00e9xico y Centroam\u00e9rica ocuparon las escalinatas del \u00c1ngel de la Independencia para exigir una respuesta institucional a las &hellip; <a href=\"https:\/\/www.grieta.org.mx\/index.php\/2016\/05\/10\/madres-de-desaparecidos-en-un-grito-desesperado-piden-ayuda-internacional\/\" class=\"more-link\">Leer m\u00e1s<\/a><\/p>\n","protected":false},"author":2,"featured_media":21928,"comment_status":"closed","ping_status":"closed","sticky":false,"template":"","format":"standard","meta":{"ngg_post_thumbnail":0,"_jetpack_newsletter_access":"","_jetpack_dont_email_post_to_subs":false,"_jetpack_newsletter_tier_id":0,"_jetpack_memberships_contains_paywalled_content":false,"_jetpack_memberships_contains_paid_content":false,"footnotes":""},"categories":[598,80],"tags":[121,652],"class_list":["post-12124","post","type-post","status-publish","format-standard","has-post-thumbnail","hentry","category-cdmx","category-cintillo","tag-desaparecidos","tag-madres","entry"],"jetpack_featured_media_url":"https:\/\/www.grieta.org.mx\/wp-content\/uploads\/2018\/03\/14524434_1106112876131411_958039263622046936_o.jpg","jetpack_sharing_enabled":true,"jetpack_shortlink":"https:\/\/wp.me\/p7ZJR4-39y","jetpack_likes_enabled":false,"jetpack-related-posts":[{"id":49000,"url":"https:\/\/www.grieta.org.mx\/index.php\/2020\/05\/11\/con-marcha-virtual-y-en-cdmx-madres-protestaron-por-sus-desaparecidos-este-10-de-mayo\/","url_meta":{"origin":12124,"position":0},"title":"Con marcha virtual y en CDMX, madres protestaron por sus desaparecidos este 10 de mayo","author":"grieta","date":"11 mayo, 2020","format":false,"excerpt":"Imagen tomada de: lostubos.com Los Tubos Este 10 de mayo, un grupo de madres march\u00f3 del Monumento a la Madre al \u00c1ngel de la Independencia en la Ciudad de M\u00e9xico para exigir la b\u00fasqueda de sus hijas e hijos desaparecidos, a pesar de las recomendaciones para quedarse en casa en\u2026","rel":"","context":"En &quot;CINTILLO&quot;","block_context":{"text":"CINTILLO","link":"https:\/\/www.grieta.org.mx\/index.php\/category\/cintillo\/"},"img":{"alt_text":"","src":"https:\/\/i0.wp.com\/www.grieta.org.mx\/wp-content\/uploads\/2020\/05\/Con-marcha-virtual-y-en-CDMX-madres-protestaron-por-sus-desaparecidos-este-10-de-mayo-cdmx-may.jpg?resize=350%2C200&ssl=1","width":350,"height":200,"srcset":"https:\/\/i0.wp.com\/www.grieta.org.mx\/wp-content\/uploads\/2020\/05\/Con-marcha-virtual-y-en-CDMX-madres-protestaron-por-sus-desaparecidos-este-10-de-mayo-cdmx-may.jpg?resize=350%2C200&ssl=1 1x, https:\/\/i0.wp.com\/www.grieta.org.mx\/wp-content\/uploads\/2020\/05\/Con-marcha-virtual-y-en-CDMX-madres-protestaron-por-sus-desaparecidos-este-10-de-mayo-cdmx-may.jpg?resize=525%2C300&ssl=1 1.5x, https:\/\/i0.wp.com\/www.grieta.org.mx\/wp-content\/uploads\/2020\/05\/Con-marcha-virtual-y-en-CDMX-madres-protestaron-por-sus-desaparecidos-este-10-de-mayo-cdmx-may.jpg?resize=700%2C400&ssl=1 2x"},"classes":[]},{"id":23192,"url":"https:\/\/www.grieta.org.mx\/index.php\/2018\/05\/10\/vivos-se-los-llevaron-vivos-los-queremos-exigen-madres-de-desaparecidos-en-marcha-por-reforma\/","url_meta":{"origin":12124,"position":1},"title":"\u201c\u00a1Vivos se los llevaron, vivos los queremos!\u201d, exigen madres de desaparecidos en marcha por Reforma","author":"grieta","date":"10 mayo, 2018","format":false,"excerpt":"Gloria Leticia D\u00edaz\/Proceso CIUDAD DE M\u00c9XICO (apro).- Las escalinatas del \u00c1ngel de la Independencia se colmaron de pancartas con los rostros de personas desaparecidas, como ocurre cada 10 de mayo en la Ciudad de M\u00e9xico desde hace siete a\u00f1os, cuando las madres de los ausentes decidieron romper el silencio e\u2026","rel":"","context":"En &quot;Ciudad de M\u00e9xico&quot;","block_context":{"text":"Ciudad de M\u00e9xico","link":"https:\/\/www.grieta.org.mx\/index.php\/category\/noticias-nacionales\/ciudad-de-mexico\/"},"img":{"alt_text":"","src":"https:\/\/i0.wp.com\/www.grieta.org.mx\/wp-content\/uploads\/2018\/05\/marcha-madres-desaparecidos.jpg?resize=350%2C200&ssl=1","width":350,"height":200,"srcset":"https:\/\/i0.wp.com\/www.grieta.org.mx\/wp-content\/uploads\/2018\/05\/marcha-madres-desaparecidos.jpg?resize=350%2C200&ssl=1 1x, https:\/\/i0.wp.com\/www.grieta.org.mx\/wp-content\/uploads\/2018\/05\/marcha-madres-desaparecidos.jpg?resize=525%2C300&ssl=1 1.5x, https:\/\/i0.wp.com\/www.grieta.org.mx\/wp-content\/uploads\/2018\/05\/marcha-madres-desaparecidos.jpg?resize=700%2C400&ssl=1 2x, https:\/\/i0.wp.com\/www.grieta.org.mx\/wp-content\/uploads\/2018\/05\/marcha-madres-desaparecidos.jpg?resize=1050%2C600&ssl=1 3x"},"classes":[]},{"id":12080,"url":"https:\/\/www.grieta.org.mx\/index.php\/2016\/05\/09\/chihuahua-caravana-de-madres-de-desaparecidos-parte-a-cdmx\/","url_meta":{"origin":12124,"position":2},"title":"Chihuahua: caravana de madres de desaparecidos parte a CDMX","author":"grieta","date":"9 mayo, 2016","format":false,"excerpt":"La Jornada Rub\u00e9n Villalpando Madres de mujeres y hombres desaparecidos en el estado de Chihuahua partieron este d\u00eda en caravana a la ciudad de M\u00e9xico para manifestarse en contra de la indiferencia oficial en torno a estos casos y para expresar su decisi\u00f3n de proseguir en la luchar. Las madres\u2026","rel":"","context":"En &quot;chihuahua&quot;","block_context":{"text":"chihuahua","link":"https:\/\/www.grieta.org.mx\/index.php\/category\/chihuahua\/"},"img":{"alt_text":"","src":"https:\/\/i0.wp.com\/www.grieta.org.mx\/wp-content\/uploads\/2018\/03\/14524434_1106112876131411_958039263622046936_o.jpg?resize=350%2C200&ssl=1","width":350,"height":200,"srcset":"https:\/\/i0.wp.com\/www.grieta.org.mx\/wp-content\/uploads\/2018\/03\/14524434_1106112876131411_958039263622046936_o.jpg?resize=350%2C200&ssl=1 1x, https:\/\/i0.wp.com\/www.grieta.org.mx\/wp-content\/uploads\/2018\/03\/14524434_1106112876131411_958039263622046936_o.jpg?resize=525%2C300&ssl=1 1.5x, https:\/\/i0.wp.com\/www.grieta.org.mx\/wp-content\/uploads\/2018\/03\/14524434_1106112876131411_958039263622046936_o.jpg?resize=700%2C400&ssl=1 2x"},"classes":[]},{"id":17359,"url":"https:\/\/www.grieta.org.mx\/index.php\/2016\/07\/21\/madres-de-desaparecidos-en-colima-se-unen-a-protesta-en-la-cdmx-y-anuncian-huelga-de-hambre\/","url_meta":{"origin":12124,"position":3},"title":"Madres de desaparecidos en Colima se unen a protesta en la CDMX y anuncian huelga de hambre","author":"grieta","date":"21 julio, 2016","format":false,"excerpt":"Heidi de Le\u00f3n Guti\u00e9rrez Colima, M\u00e9xico (21 de julio de 2016) Aunque no se han revelado los nombres, ni cu\u00e1ntas son, en el grupo de mujeres que ayer se manifest\u00f3 sobre el Paseo de la Reforma en la ciudad de M\u00e9xico y que fue agredido por los polic\u00edas de ese\u2026","rel":"","context":"En &quot;CINTILLO&quot;","block_context":{"text":"CINTILLO","link":"https:\/\/www.grieta.org.mx\/index.php\/category\/cintillo\/"},"img":{"alt_text":"","src":"https:\/\/i0.wp.com\/www.grieta.org.mx\/wp-content\/uploads\/2018\/03\/14524434_1106112876131411_958039263622046936_o.jpg?resize=350%2C200&ssl=1","width":350,"height":200,"srcset":"https:\/\/i0.wp.com\/www.grieta.org.mx\/wp-content\/uploads\/2018\/03\/14524434_1106112876131411_958039263622046936_o.jpg?resize=350%2C200&ssl=1 1x, https:\/\/i0.wp.com\/www.grieta.org.mx\/wp-content\/uploads\/2018\/03\/14524434_1106112876131411_958039263622046936_o.jpg?resize=525%2C300&ssl=1 1.5x, https:\/\/i0.wp.com\/www.grieta.org.mx\/wp-content\/uploads\/2018\/03\/14524434_1106112876131411_958039263622046936_o.jpg?resize=700%2C400&ssl=1 2x"},"classes":[]},{"id":58074,"url":"https:\/\/www.grieta.org.mx\/index.php\/2021\/03\/30\/la-larga-noche-de-las-madres-que-buscan-justicia-para-sus-hijas\/","url_meta":{"origin":12124,"position":4},"title":"La larga noche de las madres que buscan justicia para sus hijas","author":"grieta","date":"30 marzo, 2021","format":false,"excerpt":"Texto y fotos: Isabel Brise\u00f1o Pie de P\u00e1gina Unas 60 madres de distintas regiones de M\u00e9xico velaron frente a Palacio Nacional en su b\u00fasqueda de justicia para sus hijas, v\u00edctimas de violencia contra las mujeres en todo el pa\u00eds CIUDAD DE M\u00c9XICO.- \u201cToda la noche y Palacio Nacional no alcanzan\u2026","rel":"","context":"En &quot;CINTILLO&quot;","block_context":{"text":"CINTILLO","link":"https:\/\/www.grieta.org.mx\/index.php\/category\/cintillo\/"},"img":{"alt_text":"","src":"https:\/\/i0.wp.com\/www.grieta.org.mx\/wp-content\/uploads\/2021\/04\/La-larga-noche-de-las-madres-que-buscan-justicia-para-sus-hijas-cdmx-abril.jpg?resize=350%2C200&ssl=1","width":350,"height":200,"srcset":"https:\/\/i0.wp.com\/www.grieta.org.mx\/wp-content\/uploads\/2021\/04\/La-larga-noche-de-las-madres-que-buscan-justicia-para-sus-hijas-cdmx-abril.jpg?resize=350%2C200&ssl=1 1x, https:\/\/i0.wp.com\/www.grieta.org.mx\/wp-content\/uploads\/2021\/04\/La-larga-noche-de-las-madres-que-buscan-justicia-para-sus-hijas-cdmx-abril.jpg?resize=525%2C300&ssl=1 1.5x, https:\/\/i0.wp.com\/www.grieta.org.mx\/wp-content\/uploads\/2021\/04\/La-larga-noche-de-las-madres-que-buscan-justicia-para-sus-hijas-cdmx-abril.jpg?resize=700%2C400&ssl=1 2x, https:\/\/i0.wp.com\/www.grieta.org.mx\/wp-content\/uploads\/2021\/04\/La-larga-noche-de-las-madres-que-buscan-justicia-para-sus-hijas-cdmx-abril.jpg?resize=1050%2C600&ssl=1 3x"},"classes":[]},{"id":67802,"url":"https:\/\/www.grieta.org.mx\/index.php\/2023\/09\/16\/madres-buscadores-de-cancun-irrumpen-desfile-civico-militar-reclaman-justicia-a-autoridades-quintana-roo\/","url_meta":{"origin":12124,"position":5},"title":"Madres Buscadores de Canc\u00fan irrumpen Desfile C\u00edvico-Militar; reclaman justicia a autoridades (Quintana Roo)","author":"grieta","date":"16 septiembre, 2023","format":false,"excerpt":"Mart\u00edn Chi \/ Foto David P\u00e9rez \/ Por Esto! Las Madres Buscadoras de Canc\u00fan irrumpieron entre los participantes del Desfile C\u00edvico-Militar por el 213 aniversario del inicio de la Independencia de M\u00e9xico y se manifestaron frente al pres\u00eddium, clamando justicia por los desaparecidos. Las madres gritaron consignas buscando justicia y\u2026","rel":"","context":"En &quot;CINTILLO&quot;","block_context":{"text":"CINTILLO","link":"https:\/\/www.grieta.org.mx\/index.php\/category\/cintillo\/"},"img":{"alt_text":"","src":"https:\/\/i0.wp.com\/www.grieta.org.mx\/wp-content\/uploads\/2023\/09\/MadresBuscadoras-e1695694298833.jpg?resize=350%2C200&ssl=1","width":350,"height":200,"srcset":"https:\/\/i0.wp.com\/www.grieta.org.mx\/wp-content\/uploads\/2023\/09\/MadresBuscadoras-e1695694298833.jpg?resize=350%2C200&ssl=1 1x, https:\/\/i0.wp.com\/www.grieta.org.mx\/wp-content\/uploads\/2023\/09\/MadresBuscadoras-e1695694298833.jpg?resize=525%2C300&ssl=1 1.5x, https:\/\/i0.wp.com\/www.grieta.org.mx\/wp-content\/uploads\/2023\/09\/MadresBuscadoras-e1695694298833.jpg?resize=700%2C400&ssl=1 2x"},"classes":[]}],"_links":{"self":[{"href":"https:\/\/www.grieta.org.mx\/index.php\/wp-json\/wp\/v2\/posts\/12124","targetHints":{"allow":["GET"]}}],"collection":[{"href":"https:\/\/www.grieta.org.mx\/index.php\/wp-json\/wp\/v2\/posts"}],"about":[{"href":"https:\/\/www.grieta.org.mx\/index.php\/wp-json\/wp\/v2\/types\/post"}],"author":[{"embeddable":true,"href":"https:\/\/www.grieta.org.mx\/index.php\/wp-json\/wp\/v2\/users\/2"}],"replies":[{"embeddable":true,"href":"https:\/\/www.grieta.org.mx\/index.php\/wp-json\/wp\/v2\/comments?post=12124"}],"version-history":[{"count":1,"href":"https:\/\/www.grieta.org.mx\/index.php\/wp-json\/wp\/v2\/posts\/12124\/revisions"}],"predecessor-version":[{"id":12125,"href":"https:\/\/www.grieta.org.mx\/index.php\/wp-json\/wp\/v2\/posts\/12124\/revisions\/12125"}],"wp:featuredmedia":[{"embeddable":true,"href":"https:\/\/www.grieta.org.mx\/index.php\/wp-json\/wp\/v2\/media\/21928"}],"wp:attachment":[{"href":"https:\/\/www.grieta.org.mx\/index.php\/wp-json\/wp\/v2\/media?parent=12124"}],"wp:term":[{"taxonomy":"category","embeddable":true,"href":"https:\/\/www.grieta.org.mx\/index.php\/wp-json\/wp\/v2\/categories?post=12124"},{"taxonomy":"post_tag","embeddable":true,"href":"https:\/\/www.grieta.org.mx\/index.php\/wp-json\/wp\/v2\/tags?post=12124"}],"curies":[{"name":"wp","href":"https:\/\/api.w.org\/{rel}","templated":true}]}}