{"id":12069,"date":"2016-04-12T17:30:01","date_gmt":"2016-04-12T17:30:01","guid":{"rendered":"http:\/\/www.grieta.org.mx\/?p=12069"},"modified":"2016-05-10T17:31:26","modified_gmt":"2016-05-10T17:31:26","slug":"descarrila-tren-en-zacatecas-solo-danos-materiales","status":"publish","type":"post","link":"https:\/\/www.grieta.org.mx\/index.php\/2016\/04\/12\/descarrila-tren-en-zacatecas-solo-danos-materiales\/","title":{"rendered":"Descarrila tren en Zacatecas; s\u00f3lo da\u00f1os materiales"},"content":{"rendered":"<p> Por Alfredo Valadez Rodr\u00edguez, corresponsal<br \/>\nmar, 12 abr 2016<\/p>\n<p>Zacatecas, Zac. Zacatecas, Zac. La madrugada de este martes un tren carguero de la empresa Ferromex \u2013filial de Grupo M\u00e9xico, propiedad de Germ\u00e1n Larrea Velazco-, se descarril\u00f3 por en\u00e9sima vez en plena zona urbana de la ciudad de Zacatecas, ahora a la altura del cruce de las v\u00edas f\u00e9rreas con las calles Nueva Celaya y San Marcos, provocando serios da\u00f1os a cinco viviendas, dos comercios y siete autom\u00f3viles.<\/p>\n<p>Antonio Caldera Alanis, comandante en jefe del cuerpo de bomberos y protecci\u00f3n civil de Zacatecas, inform\u00f3 que el tren carguero viajaba vac\u00edo, procedente de la Estaci\u00f3n Ca\u00f1itas de Felipe Pescador, al norte del estado de Zacatecas, con rumbo a la ciudad de Aguascalientes.<\/p>\n<p>Los peritajes previos y la versi\u00f3n de los habitantes del lugar donde se descarril\u00f3 una vez m\u00e1s el tren, indican que \u00e9ste era conducido a exceso de velocidad al cruzar por la mancha urbana de la capital de Zacatecas, donde hay muchas pendientes y curvas sinuosas, lo que ocasion\u00f3 que 19 furgones del carguero se descarrilaran: 13 totalmente y seis en forma parcial.<\/p>\n<p>Alrededor de la 01:55 horas de este martes un gigantesco estruendo despert\u00f3 a los habitantes de las colonias Las Palmas, Fernando P\u00e1manes Escobedo, Felipe \u00c1ngeles y Las Haciendas, que es el mismo tramo donde el pasado mes de octubre se descarril\u00f3 otro tren de Ferromex que iba cargado con miles de toneladas de fierro-esponja, granulado, con un saldo en esa fecha de ocho personas lesionadas y un hombre muerto.<\/p>\n<p>Cientos de familias despertaron alarmadas al escuchar el estruendo enorme provocado por los furgones que se descarrilaron, estrell\u00e1ndose contra las viviendas, negocios y autom\u00f3viles estacionados sobre la calle Del \u00c1guila, en la colonia Fernando P\u00e1manes Escobedo. Los furgones tambi\u00e9n tumbaron una veintena de postes de la Comisi\u00f3n Federal de Electricidad y de Telmex. Afortunadamente esta ocasi\u00f3n no hubo personas lesionadas ni muertos. Solo da\u00f1os materiales.<\/p>\n<p>Tras el percance al menos cinco colonias aleda\u00f1as se quedaron sin suministro de energ\u00eda el\u00e9ctrica y sin tel\u00e9fono. Param\u00e9dicos de Protecci\u00f3n Civil y de la Cruz Roja tuvieron que atender a algunos vecinos que sufrieron ataques de crisis nerviosas, incluidos una pareja de ancianos que quedaron literalmente atrapados dentro de sus viviendas, porque un furg\u00f3n bloqueo la salida de su casa. Los rescatistas los atendieron luego de brincarse por la azotea de esa vivienda a un patio interior.<\/p>\n<p>En m\u00faltiples ocasiones se han descarrilado trenes de Ferromex en la zona urbana de la ciudad de Zacatecas y el municipio conurbado de Guadalupe. El proyecto para \u201csacar\u201d las v\u00edas del lugar se ha informado, cuesta m\u00e1s de 1 mil 800 millones de pesos. En el congreso del estado, algunos diputados han informado que la Secretar\u00eda de Comunicaciones y Transportes (SCT) ha dado a conocer que s\u00ed es factible \u2013y necesario-, mover las v\u00edas del tren a una zona despoblada.<\/p>\n<p>Pero se requieren recursos, primero, para que sea elaborado el \u201cproyecto ejecutivo\u201d, y despu\u00e9s de ello, los 1 mil 800 millones de financiamiento \u201cp\u00fablico y privado\u201d, para tender nuevas v\u00edas f\u00e9rreas que circunden la ciudad de Zacatecas, a unos 40 kil\u00f3metros de distancia.<\/p>\n<p><a href=\"http:\/\/www.jornada.unam.mx\/ultimas\/2016\/04\/12\/descarrila-tren-en-zacatecas-solo-danos-materiales\" target=\"_blank\">http:\/\/www.jornada.unam.mx\/ultimas\/2016\/04\/12\/descarrila-tren-en-zacatecas-solo-danos-materiales<\/a><\/p>\n","protected":false},"excerpt":{"rendered":"<p>Por Alfredo Valadez Rodr\u00edguez, corresponsal mar, 12 abr 2016 Zacatecas, Zac. Zacatecas, Zac. La madrugada de este martes un tren carguero de la empresa Ferromex \u2013filial de Grupo M\u00e9xico, propiedad &hellip; <a href=\"https:\/\/www.grieta.org.mx\/index.php\/2016\/04\/12\/descarrila-tren-en-zacatecas-solo-danos-materiales\/\" class=\"more-link\">Leer m\u00e1s<\/a><\/p>\n","protected":false},"author":2,"featured_media":21928,"comment_status":"closed","ping_status":"closed","sticky":false,"template":"","format":"standard","meta":{"ngg_post_thumbnail":0,"_jetpack_newsletter_access":"","_jetpack_dont_email_post_to_subs":false,"_jetpack_newsletter_tier_id":0,"_jetpack_memberships_contains_paywalled_content":false,"_jetpack_memberships_contains_paid_content":false,"footnotes":""},"categories":[80],"tags":[382],"class_list":["post-12069","post","type-post","status-publish","format-standard","has-post-thumbnail","hentry","category-cintillo","tag-ferromex","entry"],"jetpack_featured_media_url":"https:\/\/www.grieta.org.mx\/wp-content\/uploads\/2018\/03\/14524434_1106112876131411_958039263622046936_o.jpg","jetpack_sharing_enabled":true,"jetpack_shortlink":"https:\/\/wp.me\/p7ZJR4-38F","jetpack_likes_enabled":false,"jetpack-related-posts":[{"id":27400,"url":"https:\/\/www.grieta.org.mx\/index.php\/2018\/08\/20\/bloquean-el-tren-habitantes-de-canitas-zacatecas\/","url_meta":{"origin":12069,"position":0},"title":"Bloquean el tren habitantes de Ca\u00f1itas (Zacatecas)","author":"grieta","date":"20 agosto, 2018","format":false,"excerpt":"Rogelio Navarrete L\u00f3pez\/Meganoticias Ca\u00f1itas, Zac. Habitantes del municipio de Ca\u00f1itas de Felipe Pescador, toman las v\u00edas del tren y paran actividades de Ferromex, la principal empresa de ferrocarriles del pa\u00eds. Cerca de 500 lugare\u00f1os impidieron este lunes que el tren carguero con cerca de 100 vagones continuara su marcha rumbo\u2026","rel":"","context":"En &quot;CINTILLO&quot;","block_context":{"text":"CINTILLO","link":"https:\/\/www.grieta.org.mx\/index.php\/category\/cintillo\/"},"img":{"alt_text":"","src":"https:\/\/i0.wp.com\/www.grieta.org.mx\/wp-content\/uploads\/2018\/10\/bloquean-el-tren-habitantes-de-canitas-22492.jpg?resize=350%2C200&ssl=1","width":350,"height":200,"srcset":"https:\/\/i0.wp.com\/www.grieta.org.mx\/wp-content\/uploads\/2018\/10\/bloquean-el-tren-habitantes-de-canitas-22492.jpg?resize=350%2C200&ssl=1 1x, https:\/\/i0.wp.com\/www.grieta.org.mx\/wp-content\/uploads\/2018\/10\/bloquean-el-tren-habitantes-de-canitas-22492.jpg?resize=525%2C300&ssl=1 1.5x, https:\/\/i0.wp.com\/www.grieta.org.mx\/wp-content\/uploads\/2018\/10\/bloquean-el-tren-habitantes-de-canitas-22492.jpg?resize=700%2C400&ssl=1 2x"},"classes":[]},{"id":12064,"url":"https:\/\/www.grieta.org.mx\/index.php\/2016\/04\/14\/reabre-ferromex-linea-ferroviaria-de-zacatecas-tras-volcadura-de-tren\/","url_meta":{"origin":12069,"position":1},"title":"Reabre Ferromex l\u00ednea ferroviaria de Zacatecas tras volcadura de tren","author":"grieta","date":"14 abril, 2016","format":false,"excerpt":"En un comunicado, precis\u00f3 que las v\u00edas fueron rehabilitadas en un tiempo menor al previsto, tras verificar las \u00f3ptimas condiciones de seguridad en el km A-706.3 en las proximidades de la capital de Zacatecas, entre las comunidades de Arana y El Grillo. Notimex 14 Abr 2016 Ferrocarril Mexicano (Ferromex) inform\u00f3\u2026","rel":"","context":"En &quot;CINTILLO&quot;","block_context":{"text":"CINTILLO","link":"https:\/\/www.grieta.org.mx\/index.php\/category\/cintillo\/"},"img":{"alt_text":"","src":"https:\/\/i0.wp.com\/www.grieta.org.mx\/wp-content\/uploads\/2018\/03\/14524434_1106112876131411_958039263622046936_o.jpg?resize=350%2C200&ssl=1","width":350,"height":200,"srcset":"https:\/\/i0.wp.com\/www.grieta.org.mx\/wp-content\/uploads\/2018\/03\/14524434_1106112876131411_958039263622046936_o.jpg?resize=350%2C200&ssl=1 1x, https:\/\/i0.wp.com\/www.grieta.org.mx\/wp-content\/uploads\/2018\/03\/14524434_1106112876131411_958039263622046936_o.jpg?resize=525%2C300&ssl=1 1.5x, https:\/\/i0.wp.com\/www.grieta.org.mx\/wp-content\/uploads\/2018\/03\/14524434_1106112876131411_958039263622046936_o.jpg?resize=700%2C400&ssl=1 2x"},"classes":[]},{"id":27403,"url":"https:\/\/www.grieta.org.mx\/index.php\/2018\/08\/22\/bloquean-vias-en-protesta-por-despidos-en-ferromex-zacatecas\/","url_meta":{"origin":12069,"position":2},"title":"Bloquean v\u00edas en protesta por despidos en Ferromex (Zacatecas)","author":"grieta","date":"22 agosto, 2018","format":false,"excerpt":"Redacci\u00f3n\/Peri\u00f3dico El D\u00eda Zacatecas, Zac.- Unos trescientos habitantes de la cabecera municipal de Ca\u00f1itas de Felipe Pescador bloquearon por tiempo indefinido las v\u00edas del tren que cruzan por esa poblaci\u00f3n. El acto es en protesta al despido de un centenar de trabajadores por el cierre de la Estaci\u00f3n de Servicio\u2026","rel":"","context":"En &quot;CINTILLO&quot;","block_context":{"text":"CINTILLO","link":"https:\/\/www.grieta.org.mx\/index.php\/category\/cintillo\/"},"img":{"alt_text":"","src":"https:\/\/i0.wp.com\/www.grieta.org.mx\/wp-content\/uploads\/2018\/10\/bloquean.jpg?resize=350%2C200&ssl=1","width":350,"height":200,"srcset":"https:\/\/i0.wp.com\/www.grieta.org.mx\/wp-content\/uploads\/2018\/10\/bloquean.jpg?resize=350%2C200&ssl=1 1x, https:\/\/i0.wp.com\/www.grieta.org.mx\/wp-content\/uploads\/2018\/10\/bloquean.jpg?resize=525%2C300&ssl=1 1.5x"},"classes":[]},{"id":12059,"url":"https:\/\/www.grieta.org.mx\/index.php\/2016\/05\/07\/ferromex-deja-sin-agua-a-35-mil-habitantes-de-zacatecas\/","url_meta":{"origin":12069,"position":3},"title":"Ferromex deja sin agua a 35 mil habitantes de Zacatecas","author":"grieta","date":"7 mayo, 2016","format":false,"excerpt":"Organizaci\u00f3n Editorial Mexicana\/ El Sol de Zacatecas Zacatecas, Zac.- Alrededor de 35 mil habitantes de Guadalupe se ven afectados por la falta de suministro de agua potable por el da\u00f1o de una l\u00ednea de conducci\u00f3n, misma que fue causada por los trabajos realizados por Ferromex. La afectaci\u00f3n se dio en\u2026","rel":"","context":"En &quot;CINTILLO&quot;","block_context":{"text":"CINTILLO","link":"https:\/\/www.grieta.org.mx\/index.php\/category\/cintillo\/"},"img":{"alt_text":"","src":"https:\/\/i0.wp.com\/www.grieta.org.mx\/wp-content\/uploads\/2018\/03\/14524434_1106112876131411_958039263622046936_o.jpg?resize=350%2C200&ssl=1","width":350,"height":200,"srcset":"https:\/\/i0.wp.com\/www.grieta.org.mx\/wp-content\/uploads\/2018\/03\/14524434_1106112876131411_958039263622046936_o.jpg?resize=350%2C200&ssl=1 1x, https:\/\/i0.wp.com\/www.grieta.org.mx\/wp-content\/uploads\/2018\/03\/14524434_1106112876131411_958039263622046936_o.jpg?resize=525%2C300&ssl=1 1.5x, https:\/\/i0.wp.com\/www.grieta.org.mx\/wp-content\/uploads\/2018\/03\/14524434_1106112876131411_958039263622046936_o.jpg?resize=700%2C400&ssl=1 2x"},"classes":[]},{"id":12071,"url":"https:\/\/www.grieta.org.mx\/index.php\/2016\/04\/13\/tren-descarrilado-iba-a-exceso-de-velocidad-es-responsabilidad-de-ferromex-secretario\/","url_meta":{"origin":12069,"position":4},"title":"Tren descarrilado iba a exceso de velocidad, es responsabilidad de Ferromex: Secretario","author":"grieta","date":"13 abril, 2016","format":false,"excerpt":"Redacci\u00f3n OEM en L\u00ednea Mi\u00e9rcoles 13 de abril de 2016 Juan Castro | El Sol de Zacatecas Zacatecas, Zac.- Aparentemente, a\u00fan sin tener los resultados de los peritajes, el tren que se descarril\u00f3 iba con exceso de velocidad, indic\u00f3 el secretario general de Gobierno, Jaime Santoyo Castro, con lo que\u2026","rel":"","context":"En &quot;CINTILLO&quot;","block_context":{"text":"CINTILLO","link":"https:\/\/www.grieta.org.mx\/index.php\/category\/cintillo\/"},"img":{"alt_text":"","src":"https:\/\/i0.wp.com\/www.grieta.org.mx\/wp-content\/uploads\/2018\/03\/14524434_1106112876131411_958039263622046936_o.jpg?resize=350%2C200&ssl=1","width":350,"height":200,"srcset":"https:\/\/i0.wp.com\/www.grieta.org.mx\/wp-content\/uploads\/2018\/03\/14524434_1106112876131411_958039263622046936_o.jpg?resize=350%2C200&ssl=1 1x, https:\/\/i0.wp.com\/www.grieta.org.mx\/wp-content\/uploads\/2018\/03\/14524434_1106112876131411_958039263622046936_o.jpg?resize=525%2C300&ssl=1 1.5x, https:\/\/i0.wp.com\/www.grieta.org.mx\/wp-content\/uploads\/2018\/03\/14524434_1106112876131411_958039263622046936_o.jpg?resize=700%2C400&ssl=1 2x"},"classes":[]},{"id":12066,"url":"https:\/\/www.grieta.org.mx\/index.php\/2016\/04\/21\/pagan-danos-a-familias-afectadas-por-descarrilamientos-en-zacatecas-demandan-reubicar-linea-ferrea\/","url_meta":{"origin":12069,"position":5},"title":"Pagan da\u00f1os a familias afectadas por descarrilamientos en Zacatecas, demandan reubicar l\u00ednea ferrea","author":"grieta","date":"21 abril, 2016","format":false,"excerpt":"NTX\/MC\/HAR\/MMH 21 de abril de 2016 En reuni\u00f3n con los afectados de la calle Nueva Celaya, Jorge Peralta S\u00e1nchez, gerente de Gesti\u00f3n P\u00fablica de Ferromex, entreg\u00f3 los respectivos cheques. Se inform\u00f3 que para prevenir futuros accidentes se instalar\u00e1n sem\u00e1foros y sensores de velocidad, para que los trenes no excedan los\u2026","rel":"","context":"En &quot;CINTILLO&quot;","block_context":{"text":"CINTILLO","link":"https:\/\/www.grieta.org.mx\/index.php\/category\/cintillo\/"},"img":{"alt_text":"","src":"https:\/\/i0.wp.com\/www.grieta.org.mx\/wp-content\/uploads\/2018\/03\/14524434_1106112876131411_958039263622046936_o.jpg?resize=350%2C200&ssl=1","width":350,"height":200,"srcset":"https:\/\/i0.wp.com\/www.grieta.org.mx\/wp-content\/uploads\/2018\/03\/14524434_1106112876131411_958039263622046936_o.jpg?resize=350%2C200&ssl=1 1x, https:\/\/i0.wp.com\/www.grieta.org.mx\/wp-content\/uploads\/2018\/03\/14524434_1106112876131411_958039263622046936_o.jpg?resize=525%2C300&ssl=1 1.5x, https:\/\/i0.wp.com\/www.grieta.org.mx\/wp-content\/uploads\/2018\/03\/14524434_1106112876131411_958039263622046936_o.jpg?resize=700%2C400&ssl=1 2x"},"classes":[]}],"_links":{"self":[{"href":"https:\/\/www.grieta.org.mx\/index.php\/wp-json\/wp\/v2\/posts\/12069","targetHints":{"allow":["GET"]}}],"collection":[{"href":"https:\/\/www.grieta.org.mx\/index.php\/wp-json\/wp\/v2\/posts"}],"about":[{"href":"https:\/\/www.grieta.org.mx\/index.php\/wp-json\/wp\/v2\/types\/post"}],"author":[{"embeddable":true,"href":"https:\/\/www.grieta.org.mx\/index.php\/wp-json\/wp\/v2\/users\/2"}],"replies":[{"embeddable":true,"href":"https:\/\/www.grieta.org.mx\/index.php\/wp-json\/wp\/v2\/comments?post=12069"}],"version-history":[{"count":1,"href":"https:\/\/www.grieta.org.mx\/index.php\/wp-json\/wp\/v2\/posts\/12069\/revisions"}],"predecessor-version":[{"id":12070,"href":"https:\/\/www.grieta.org.mx\/index.php\/wp-json\/wp\/v2\/posts\/12069\/revisions\/12070"}],"wp:featuredmedia":[{"embeddable":true,"href":"https:\/\/www.grieta.org.mx\/index.php\/wp-json\/wp\/v2\/media\/21928"}],"wp:attachment":[{"href":"https:\/\/www.grieta.org.mx\/index.php\/wp-json\/wp\/v2\/media?parent=12069"}],"wp:term":[{"taxonomy":"category","embeddable":true,"href":"https:\/\/www.grieta.org.mx\/index.php\/wp-json\/wp\/v2\/categories?post=12069"},{"taxonomy":"post_tag","embeddable":true,"href":"https:\/\/www.grieta.org.mx\/index.php\/wp-json\/wp\/v2\/tags?post=12069"}],"curies":[{"name":"wp","href":"https:\/\/api.w.org\/{rel}","templated":true}]}}