{"id":11981,"date":"2016-05-04T21:25:48","date_gmt":"2016-05-04T21:25:48","guid":{"rendered":"http:\/\/www.grieta.org.mx\/?p=11981"},"modified":"2016-05-08T21:28:20","modified_gmt":"2016-05-08T21:28:20","slug":"hace-10-anos-el-gobierno-no-consulto-a-atenco-hoy-tampoco","status":"publish","type":"post","link":"https:\/\/www.grieta.org.mx\/index.php\/2016\/05\/04\/hace-10-anos-el-gobierno-no-consulto-a-atenco-hoy-tampoco\/","title":{"rendered":"Hace 10 a\u00f1os, el Gobierno no consult\u00f3 a Atenco; hoy, tampoco"},"content":{"rendered":"<p>Sandra Rodr\u00edguez Nieto<\/p>\n<p>Ciudad de M\u00e9xico, 4 de mayo (SinEmbargo).\u2013 En el bordo de un canal aleda\u00f1o a la autopista Pe\u00f1\u00f3n Texcoco, los campesinos integrantes del Frente de Pueblos en Defensa de la Tierra (FPDT) colocaron piedras pintadas con cal para formar un mensaje: \u201cno al aeropuerto\u201d. A unos metros, desde mediados de abril mantienen un plant\u00f3n para impedir el avance de los trabajos del mega proyecto por el que miles de ellos fueron expropiados hace 15 a\u00f1os y que, con el actual Gobierno federal, ha sido reactivado.<\/p>\n<p>\u201cDesde que vino la expropiaci\u00f3n no han quitado el dedo del rengl\u00f3n\u201d, dice Jorge Espinoza, de 69 a\u00f1os y ejidatario de San Miguel Tocuila. \u201cQu\u00e9 mentira: Nos hacen creer que no vamos a ser afectados en nuestras tierras\u201d, agrega.<\/p>\n<p>La tierra sobre la que mantienen el plant\u00f3n, reci\u00e9n barbechada para la siembra de ma\u00edz, ha sido por generaciones el sustento de los ejidatarios de Tocuila, en el municipio mexiquense de Texcoco. Hace unas semanas, sin embargo, sobre esa misma tierra, trabajadores de una empresa contratada para las obras de la futura carretera Pe\u00f1\u00f3n\u2013Ecatepec colocaron montones de arena e iniciaron la expansi\u00f3n del trazo.<\/p>\n<p>\u201cEllos son los que vinieron a saquear nuestra tierra. \u00bfCu\u00e1ndo les dijimos \u2018sabe qu\u00e9, no est\u00e1n en venta nuestras tierras\u2019? Es m\u00e1s, ni siquiera nos consultaron. Ellos pusieron su mugre precio de siete pesos con 20 centavos, \u00a1pues si no soy limosnero!\u201d, dice Espinoza.<\/p>\n<p>Con esa resistencia, los integrantes de las comunidades de los municipios de Texcoco y San Salvador Atenco llegan hoy a la conmemoraci\u00f3n del d\u00e9cimo aniversario de las incursiones policiacas que, entre el 3 y 4 de mayo de 2006, dejaron m\u00e1s de 200 detenidos, dos j\u00f3venes asesinados, m\u00e1s de 30 mujeres abusadas sexualmente y decenas de casas allanadas.<\/p>\n<p>D\u00e9cada que se cumple cuando no s\u00f3lo este hecho de violaci\u00f3n masiva de derechos humanos se encuentra impune, sino cuando el despojo de tierras que dio origen al movimiento de campesinos reprimidos es ya visible en el terreno aleda\u00f1o al previsto para el Nuevo Aeropuerto Internacional de la Ciudad de M\u00e9xico (NAICM).<\/p>\n<p>\u201cEs la misma raz\u00f3n y nuestra postura es: vamos a seguir defendiendo nuestra tierra, y ni modo. [El Presidente Enrique Pe\u00f1a Nieto] dice que habla de derechos humanos, cuando \u00e9l es el que est\u00e1 provoc\u00e1ndonos a hacer esto que estamos haciendo y que para \u00e9l es una ofensa, y todav\u00eda por defender, \u00a1ahora s\u00ed!, nosotros resultamos culpables. Vea: ah\u00ed est\u00e1 el material adentro de nuestro l\u00edmite\u201d, denuncia Espinoza.<\/p>\n<p>Junto a \u00e9l, el pasado 29 de abril, en el plant\u00f3n sobre las tierras ejidales estaba tambi\u00e9n Ignacio del Valle, l\u00edder del Frente formado hace ya casi quince a\u00f1os para defender a miles de campesinos de los decretos de expropiaci\u00f3n publicados el 22 de octubre de 2001 por el entonces Presidente Vicente Fox Quesada.<\/p>\n<p>Con estos decretos, que expropiaban m\u00e1s de 5 mil 300 hect\u00e1reas de cultivo de uso com\u00fan, la mayor\u00eda en Atenco, el Gobierno federal iniciar\u00eda desde entonces la construcci\u00f3n del NAICM en esta zona contigua a lo que fuera el antiguo lago de Texcoco.<\/p>\n<p>La ubicaci\u00f3n del proyecto, de acuerdo con diversos documentos, hab\u00eda sido decidida por la Secretar\u00eda de Comunicaciones y Transportes desde el sexenio de Ernesto Zedillo y se consideraba una a\u00f1eja ambici\u00f3n impulsada por el grupo pol\u00edtico del Estado de M\u00e9xico, encabezado por el entonces Gobernador priista Arturo Montiel Rojas.<\/p>\n<p>Pero la oposici\u00f3n de miles de ejidatarios y ciudadanos de las regiones expropiadas, que por meses marcharon armados con machetes, adem\u00e1s de resistir golpizas policiacas, logr\u00f3 en un a\u00f1o detener el megaproyecto y, el 14 de agosto de 2002, el mismo Fox public\u00f3 un decreto revocando las expropiaciones y argumentando que una de las causas era, precisamente, que \u201cvarios ejidos iniciaron un movimiento en el que manifestaron por diversas v\u00edas su oposici\u00f3n\u201d.<\/p>\n<p>Cinco a\u00f1os despu\u00e9s, sin embargo, y con Enrique Pe\u00f1a Nieto como nuevo Gobernador del Estado de M\u00e9xico, diversos actos de resistencia a la reubicaci\u00f3n de un grupo de vendedores de flores y simpatizantes del FPDT culminaron con uno de los actos de represi\u00f3n policiaca m\u00e1s brutales de la historia reciente de M\u00e9xico.<\/p>\n<p>La madrugada del 4 de mayo de 2006, y despu\u00e9s de dos d\u00edas de tensi\u00f3n en la comunidad por el enfrentamiento derivado de la reubicaci\u00f3n de los vendedores, m\u00e1s de mil polic\u00edas estatales y federales rompieron un bloqueo de manifestantes sobre la carretera que conduce de Texcoco a Atenco e incursionaron en la cabecera municipal de \u00e9ste \u00faltimo, allanando viviendas, golpeando y arrestando masivamente a cientos de habitantes.<\/p>\n<p>\u201cEs algo que no tenemos que olvidar\u201d, dice Ignacio del Valle, detenido por esos hechos durante m\u00e1s de cuatro a\u00f1os e identificado por Pe\u00f1a Nieto como l\u00edder de la resistencia de los d\u00edas previos, en la que participaron cientos de activistas de otras regiones.<\/p>\n<p>\u201cPerder la memoria yo creo que ser\u00eda lo m\u00e1s indigno que tuviera nuestra gente. Nuestros pueblos quiz\u00e1 han sido manipulados, como tratados de acallar, pero creo que la respuesta es \u00e9sta, justo, la respuesta es \u00e9sta: que nos mantenemos en resistencia, en oposici\u00f3n total\u201d, agrega el dirigente, hoy de 60 a\u00f1os.<\/p>\n<p>Como hace una d\u00e9cada, los ejidatarios de Atenco afirman que luchar\u00e1n por la defensa de sus tierras y ante el amago de despojo del Gobierno federal para construir el NAICM. Fotos: Francisco Ca\u00f1edo, SinEmbargo<\/p>\n<p>\u201cNOS HAN INVADIDO\u201d<\/p>\n<p>Despu\u00e9s de 12 a\u00f1os en los que la obra estuvo cancelada, en septiembre de 2014, el ahora Presidente Enrique Pe\u00f1a Nieto retom\u00f3 el a\u00f1ejo proyecto de la construcci\u00f3n del NAICM y anunci\u00f3 el inicio de la construcci\u00f3n en terrenos \u201cpropiedad del Gobierno federal\u201d.<\/p>\n<p>El dise\u00f1o arquitect\u00f3nico del proyecto fue asignado, entre otros, a Fernando Romero Havaux, yerno de Carlos Slim Hel\u00fa, y se construir\u00e1, seg\u00fan datos oficiales, sobre una superficie de 4 mil 430 hect\u00e1reas ubicadas sobre otro pol\u00edgono \u201cfederal\u201d de 12 mil 500 hect\u00e1reas ubicadas, la mayor\u00eda, al oriente del Circuito Exterior Mexiquense.<\/p>\n<p>La incertidumbre con respecto a las implicaciones del mega-proyecto, sin embargo, ha renovado la introducci\u00f3n de Juicios de Amparo por parte de los habitantes de la zona, que en los \u00faltimos meses han interpuesto unos ocho recursos buscando aplazar lo que temen puede ser el despojo de sus tierras y, consideran tambi\u00e9n, la alteraci\u00f3n total de su modo de vida.<\/p>\n<p>\u201cQuieren enga\u00f1ar diciendo que estamos nosotros violentando los derechos de sus trabajos de ellos, cuando que sabemos que nuestra comunidad, nunca ni vamos a aceptar el cambio de uso de suelo al dominio pleno\u201d, dice Espinoza.<\/p>\n<p>Mientras es entrevistado, el ejidatario sostiene el documento con el juicio de amparo n\u00famero 349\/2016, recibido apenas el pasado 25 de abril en el Juzgado Noveno de Distrito del Estado de M\u00e9xico e interpuesto contra la Secretar\u00eda de Comunicaciones y Transportes.<\/p>\n<p>El reclamo: la concesi\u00f3n o visto bueno a la construcci\u00f3n de la autopista Pe\u00f1\u00f3n-Ecatepec, anunciada en 2015 por la SCT pero que \u201cest\u00e1 sobre nuestras tierras ejidales de uso com\u00fan sin consentimiento de la Asamblea General de nuestro ejido\u201d.<\/p>\n<p>Si el Gobierno federal del entonces Presidente panista Vicente Fox trat\u00f3 de expropiarlos de un d\u00eda para otro, explican los entrevistados, el Gobierno actual pri\u00edsta ha recurrido a la cooptaci\u00f3n de los n\u00facleos ejidales. Uno de ellos fue el del propio San Salvador Atenco, dice Del Valle, que el 1 de junio de 2014 aprob\u00f3 el cambio de uso de suelo de com\u00fan a dominio pleno, abriendo as\u00ed la puerta a la venta de las casi dos mil hect\u00e1reas susceptibles de ser ocupadas por el proyecto del nuevo aeropuerto.<\/p>\n<p>\u201cDesgraciadamente, ma\u00f1osamente, lo que ha sucedido en todas las comunidades: con d\u00e1divas quieren comprar al presidente ejidal, y muy l\u00f3gico, \u00bfqu\u00e9 hace? Vende a su comunidad y se larga; lo cl\u00e1sico de todos los que representan a nuestra Naci\u00f3n\u201d, se queja Espinoza.<\/p>\n<p>La determinaci\u00f3n de qu\u00e9 ocurre con las tierras, sin embargo, explican, no corresponde s\u00f3lo a los integrantes de los n\u00facleos ejidales, sino a todos los habitantes de esas comunidades ocupadas por sus ancestros hace milenios.<\/p>\n<p>\u201cLa afectaci\u00f3n o el beneficio, en caso de que no se expropiara, somos todos los pueblos que habitamos, porque los pueblos est\u00e1n insertados en tierras ejidales y comunales; no hay comunidad que no tenga este r\u00e9gimen ejidal\u201d, dice Del Valle.<\/p>\n<p>\u201cLa colectividad ha sido la forma en la que hemos vivido como pueblos, y ya hoy a la entrada nuevamente de Enrique Pe\u00f1a Nieto reactiva algo que, en una primera etapa (\u2026) ha costado la muerte, el encarcelamiento, el asesinato, violaciones; creo que eso no lo podemos olvidar, nadie lo puede olvidar, y si eso no es argumento suficiente como para decir que tenemos el derecho leg\u00edtimo para defender lo que le pertenece a nuestros nietos, no sabemos d\u00f3nde estamos viviendo\u201d, agrega.<\/p>\n<p>La construcci\u00f3n sobre el ejido de San Miguel Tocuila y, en general, la instalaci\u00f3n de un megaproyecto en la cuenca de lo que fue el lago de Texcoco, plantean, es s\u00f3lo un ejemplo de la pol\u00edtica de \u201cdepredaci\u00f3n y muerte\u201d impuesta por los gobiernos federales en contra de las comunidades.<\/p>\n<p>\u201cNo s\u00f3lo son nuestros hermanos en el Estado de M\u00e9xico, Xochicuautla [donde tambi\u00e9n hubo una incursi\u00f3n policiaca para permitir un proyecto carretero], Coyotepec, Tec\u00e1mac; tantas comunidades que estamos defendiendo el agua; aqu\u00ed hay una comunidad que est\u00e1 defendiendo su cerro, los compa\u00f1eros de Chipiltepec, de Tezoncalli, material que quieren utilizar para rellenar estos espacios que nos dan vida\u201d, dice Del Valle.<\/p>\n<p>\u201cNos han invadido, ellos han venido a romper esa tranquilidad y esa armon\u00eda que viv\u00edan nuestros pueblos hasta antes de 2001; ellos vinieron a meter esa ambici\u00f3n, esa idea de progreso que sabemos que no lo es: progreso para unos cuantos, eso s\u00ed; \u00bfqui\u00e9nes no sabemos que la Patria se est\u00e1 entregando?\u201d, agrega.<\/p>\n<p><a href=\"http:\/\/www.sinembargo.mx\/04-05-2016\/1655903\" target=\"_blank\">http:\/\/www.sinembargo.mx\/04-05-2016\/1655903<\/a><\/p>\n","protected":false},"excerpt":{"rendered":"<p>Sandra Rodr\u00edguez Nieto Ciudad de M\u00e9xico, 4 de mayo (SinEmbargo).\u2013 En el bordo de un canal aleda\u00f1o a la autopista Pe\u00f1\u00f3n Texcoco, los campesinos integrantes del Frente de Pueblos en &hellip; <a href=\"https:\/\/www.grieta.org.mx\/index.php\/2016\/05\/04\/hace-10-anos-el-gobierno-no-consulto-a-atenco-hoy-tampoco\/\" class=\"more-link\">Leer m\u00e1s<\/a><\/p>\n","protected":false},"author":2,"featured_media":21928,"comment_status":"closed","ping_status":"closed","sticky":false,"template":"","format":"standard","meta":{"ngg_post_thumbnail":0,"_jetpack_newsletter_access":"","_jetpack_dont_email_post_to_subs":false,"_jetpack_newsletter_tier_id":0,"_jetpack_memberships_contains_paywalled_content":false,"_jetpack_memberships_contains_paid_content":false,"footnotes":""},"categories":[80],"tags":[143,97,92],"class_list":["post-11981","post","type-post","status-publish","format-standard","has-post-thumbnail","hentry","category-cintillo","tag-aeropuerto-de-la-ciudad-de-mexico","tag-comunicaciones-y-transportes","tag-estado-de-mexico","entry"],"jetpack_featured_media_url":"https:\/\/www.grieta.org.mx\/wp-content\/uploads\/2018\/03\/14524434_1106112876131411_958039263622046936_o.jpg","jetpack_sharing_enabled":true,"jetpack_shortlink":"https:\/\/wp.me\/p7ZJR4-37f","jetpack_likes_enabled":false,"jetpack-related-posts":[{"id":10594,"url":"https:\/\/www.grieta.org.mx\/index.php\/2016\/04\/15\/adeuda-gobierno-a-ejidatarios-por-aeropuerto-fallido\/","url_meta":{"origin":11981,"position":0},"title":"Adeuda gobierno a ejidatarios por aeropuerto fallido","author":"grieta","date":"15 abril, 2016","format":false,"excerpt":"Victor Valera Zapotl\u00e1n Mientras despega el nuevo aeropuerto de la Ciudad de M\u00e9xico, 91 ejidatarios de Zapotl\u00e1n, que vendieron 800 hect\u00e1reas para aterrizar ese proyecto en Hidalgo, esperan desde hace 12 a\u00f1os que el gobierno del estado cumpla lo prometido en convenios por 10 millones de pesos. Esas 800 hect\u00e1reas,\u2026","rel":"","context":"En &quot;CINTILLO&quot;","block_context":{"text":"CINTILLO","link":"https:\/\/www.grieta.org.mx\/index.php\/category\/cintillo\/"},"img":{"alt_text":"","src":"https:\/\/i0.wp.com\/www.grieta.org.mx\/wp-content\/uploads\/2018\/03\/14524434_1106112876131411_958039263622046936_o.jpg?resize=350%2C200&ssl=1","width":350,"height":200,"srcset":"https:\/\/i0.wp.com\/www.grieta.org.mx\/wp-content\/uploads\/2018\/03\/14524434_1106112876131411_958039263622046936_o.jpg?resize=350%2C200&ssl=1 1x, https:\/\/i0.wp.com\/www.grieta.org.mx\/wp-content\/uploads\/2018\/03\/14524434_1106112876131411_958039263622046936_o.jpg?resize=525%2C300&ssl=1 1.5x, https:\/\/i0.wp.com\/www.grieta.org.mx\/wp-content\/uploads\/2018\/03\/14524434_1106112876131411_958039263622046936_o.jpg?resize=700%2C400&ssl=1 2x"},"classes":[]},{"id":1025,"url":"https:\/\/www.grieta.org.mx\/index.php\/2015\/07\/02\/podria-repetirse-la-historia-del-ambicioso-proyecto-del-aeropuerto-en-el-df\/","url_meta":{"origin":11981,"position":1},"title":"\u00bfPodr\u00eda repetirse la historia del ambicioso proyecto del aeropuerto en el DF?","author":"grieta","date":"2 julio, 2015","format":false,"excerpt":"Andalusia Knoll Hace casi 15 a\u00f1os, el gobierno de M\u00e9xico planeaba construir un nuevo aeropuerto internacional en la Ciudad de M\u00e9xico pero desde el principio fue un fracaso y provoc\u00f3 un movimiento de protesta que result\u00f3 en un encuentro violento entre las autoridades y la comunidad que estaba en contra\u2026","rel":"","context":"En &quot;CINTILLO&quot;","block_context":{"text":"CINTILLO","link":"https:\/\/www.grieta.org.mx\/index.php\/category\/cintillo\/"},"img":{"alt_text":"","src":"https:\/\/i0.wp.com\/www.grieta.org.mx\/wp-content\/uploads\/2018\/03\/14524434_1106112876131411_958039263622046936_o.jpg?resize=350%2C200&ssl=1","width":350,"height":200,"srcset":"https:\/\/i0.wp.com\/www.grieta.org.mx\/wp-content\/uploads\/2018\/03\/14524434_1106112876131411_958039263622046936_o.jpg?resize=350%2C200&ssl=1 1x, https:\/\/i0.wp.com\/www.grieta.org.mx\/wp-content\/uploads\/2018\/03\/14524434_1106112876131411_958039263622046936_o.jpg?resize=525%2C300&ssl=1 1.5x, https:\/\/i0.wp.com\/www.grieta.org.mx\/wp-content\/uploads\/2018\/03\/14524434_1106112876131411_958039263622046936_o.jpg?resize=700%2C400&ssl=1 2x"},"classes":[]},{"id":14612,"url":"https:\/\/www.grieta.org.mx\/index.php\/2016\/06\/21\/el-gobierno-federal-quiere-apoderarse-de-50-hectareas-para-el-nuevo-aeropuerto\/","url_meta":{"origin":11981,"position":2},"title":"El gobierno federal quiere apoderarse de 50 hect\u00e1reas para el nuevo aeropuerto","author":"grieta","date":"21 junio, 2016","format":false,"excerpt":"San Salvador Atenco, Estado de M\u00e9xico a 21 de junio del 2016.- El gobierno de Enrique Pe\u00f1a Nieto reconoci\u00f3 que le hace falta la adquisici\u00f3n de m\u00e1s de 50 hect\u00e1reas, para poder terminar la obra de la construcci\u00f3n del Nuevo Aeropuerto de la Ciudad de M\u00e9xico. Por lo que intenta\u2026","rel":"","context":"En &quot;CINTILLO&quot;","block_context":{"text":"CINTILLO","link":"https:\/\/www.grieta.org.mx\/index.php\/category\/cintillo\/"},"img":{"alt_text":"","src":"https:\/\/i0.wp.com\/www.grieta.org.mx\/wp-content\/uploads\/2018\/03\/14524434_1106112876131411_958039263622046936_o.jpg?resize=350%2C200&ssl=1","width":350,"height":200,"srcset":"https:\/\/i0.wp.com\/www.grieta.org.mx\/wp-content\/uploads\/2018\/03\/14524434_1106112876131411_958039263622046936_o.jpg?resize=350%2C200&ssl=1 1x, https:\/\/i0.wp.com\/www.grieta.org.mx\/wp-content\/uploads\/2018\/03\/14524434_1106112876131411_958039263622046936_o.jpg?resize=525%2C300&ssl=1 1.5x, https:\/\/i0.wp.com\/www.grieta.org.mx\/wp-content\/uploads\/2018\/03\/14524434_1106112876131411_958039263622046936_o.jpg?resize=700%2C400&ssl=1 2x"},"classes":[]},{"id":10597,"url":"https:\/\/www.grieta.org.mx\/index.php\/2016\/04\/15\/protestan-ejidatarios-por-adeudo-del-gobierno-por-aeropuerto-fallido\/","url_meta":{"origin":11981,"position":3},"title":"Protestan ejidatarios por adeudo del gobierno por aeropuerto fallido","author":"grieta","date":"15 abril, 2016","format":false,"excerpt":"15\/04\/16. Adeuda gobierno a ejidatarios por aeropuerto fallidoEl Independiente de Hidalgo","rel":"","context":"En &quot;Hidalgo&quot;","block_context":{"text":"Hidalgo","link":"https:\/\/www.grieta.org.mx\/index.php\/category\/noticias-nacionales\/hidalgo\/"},"img":{"alt_text":"","src":"https:\/\/i0.wp.com\/www.grieta.org.mx\/wp-content\/uploads\/2018\/03\/14524434_1106112876131411_958039263622046936_o.jpg?resize=350%2C200&ssl=1","width":350,"height":200,"srcset":"https:\/\/i0.wp.com\/www.grieta.org.mx\/wp-content\/uploads\/2018\/03\/14524434_1106112876131411_958039263622046936_o.jpg?resize=350%2C200&ssl=1 1x, https:\/\/i0.wp.com\/www.grieta.org.mx\/wp-content\/uploads\/2018\/03\/14524434_1106112876131411_958039263622046936_o.jpg?resize=525%2C300&ssl=1 1.5x, https:\/\/i0.wp.com\/www.grieta.org.mx\/wp-content\/uploads\/2018\/03\/14524434_1106112876131411_958039263622046936_o.jpg?resize=700%2C400&ssl=1 2x"},"classes":[]},{"id":25777,"url":"https:\/\/www.grieta.org.mx\/index.php\/2018\/08\/23\/ecocidio-destruyen-cerro-y-matan-animales-para-usar-materiales-en-el-nuevo-aeropuerto-estado-de-mexico\/","url_meta":{"origin":11981,"position":4},"title":"ECOCIDIO: Destruyen cerro y matan animales para usar materiales en el nuevo aeropuerto (Estado de M\u00e9xico)","author":"grieta","date":"23 agosto, 2018","format":false,"excerpt":"Manuel V\u00e1zquez\/A Fondo Estado de M\u00e9xico TLALMANALCO, M\u00e9x.- 23 DE AGOSTO DE 2018.- Vecinos y organizaciones alzaron la voz para defender la sobreexplotaci\u00f3n de la que est\u00e1 siendo objeto el cerro del Tenayo, en este municipio, por parte de ejidatarios, los cuales est\u00e1n terminando con vegetaci\u00f3n y animales de la\u2026","rel":"","context":"En &quot;CINTILLO&quot;","block_context":{"text":"CINTILLO","link":"https:\/\/www.grieta.org.mx\/index.php\/category\/cintillo\/"},"img":{"alt_text":"","src":"https:\/\/i0.wp.com\/www.grieta.org.mx\/wp-content\/uploads\/2018\/08\/WhatsApp-Image-2018-08-20-at-2.44.23-PM-1.jpeg?resize=350%2C200&ssl=1","width":350,"height":200,"srcset":"https:\/\/i0.wp.com\/www.grieta.org.mx\/wp-content\/uploads\/2018\/08\/WhatsApp-Image-2018-08-20-at-2.44.23-PM-1.jpeg?resize=350%2C200&ssl=1 1x, https:\/\/i0.wp.com\/www.grieta.org.mx\/wp-content\/uploads\/2018\/08\/WhatsApp-Image-2018-08-20-at-2.44.23-PM-1.jpeg?resize=525%2C300&ssl=1 1.5x, https:\/\/i0.wp.com\/www.grieta.org.mx\/wp-content\/uploads\/2018\/08\/WhatsApp-Image-2018-08-20-at-2.44.23-PM-1.jpeg?resize=700%2C400&ssl=1 2x"},"classes":[]},{"id":996,"url":"https:\/\/www.grieta.org.mx\/index.php\/2015\/09\/22\/habitantes-de-texcoco-protestan-contra-nuevo-aeropuerto-de-la-cdmx\/","url_meta":{"origin":11981,"position":5},"title":"Habitantes de Texcoco protestan contra nuevo aeropuerto de la CDMX","author":"grieta","date":"22 septiembre, 2015","format":false,"excerpt":"Integrantes de la Coordinadora de Pueblos y Organizaciones del Oriente del Estado de M\u00e9xico en Defensa de la Tierra, el Agua o su Cultura se opusieron, con gritos y pancartas, a la construcci\u00f3n del Nuevo Aeropuerto Internacional de la Ciudad de M\u00e9xico. Los manifestantes que se reunieron afuera del Museo\u2026","rel":"","context":"En &quot;CINTILLO&quot;","block_context":{"text":"CINTILLO","link":"https:\/\/www.grieta.org.mx\/index.php\/category\/cintillo\/"},"img":{"alt_text":"","src":"https:\/\/i0.wp.com\/www.grieta.org.mx\/wp-content\/uploads\/2018\/03\/14524434_1106112876131411_958039263622046936_o.jpg?resize=350%2C200&ssl=1","width":350,"height":200,"srcset":"https:\/\/i0.wp.com\/www.grieta.org.mx\/wp-content\/uploads\/2018\/03\/14524434_1106112876131411_958039263622046936_o.jpg?resize=350%2C200&ssl=1 1x, https:\/\/i0.wp.com\/www.grieta.org.mx\/wp-content\/uploads\/2018\/03\/14524434_1106112876131411_958039263622046936_o.jpg?resize=525%2C300&ssl=1 1.5x, https:\/\/i0.wp.com\/www.grieta.org.mx\/wp-content\/uploads\/2018\/03\/14524434_1106112876131411_958039263622046936_o.jpg?resize=700%2C400&ssl=1 2x"},"classes":[]}],"_links":{"self":[{"href":"https:\/\/www.grieta.org.mx\/index.php\/wp-json\/wp\/v2\/posts\/11981","targetHints":{"allow":["GET"]}}],"collection":[{"href":"https:\/\/www.grieta.org.mx\/index.php\/wp-json\/wp\/v2\/posts"}],"about":[{"href":"https:\/\/www.grieta.org.mx\/index.php\/wp-json\/wp\/v2\/types\/post"}],"author":[{"embeddable":true,"href":"https:\/\/www.grieta.org.mx\/index.php\/wp-json\/wp\/v2\/users\/2"}],"replies":[{"embeddable":true,"href":"https:\/\/www.grieta.org.mx\/index.php\/wp-json\/wp\/v2\/comments?post=11981"}],"version-history":[{"count":1,"href":"https:\/\/www.grieta.org.mx\/index.php\/wp-json\/wp\/v2\/posts\/11981\/revisions"}],"predecessor-version":[{"id":11985,"href":"https:\/\/www.grieta.org.mx\/index.php\/wp-json\/wp\/v2\/posts\/11981\/revisions\/11985"}],"wp:featuredmedia":[{"embeddable":true,"href":"https:\/\/www.grieta.org.mx\/index.php\/wp-json\/wp\/v2\/media\/21928"}],"wp:attachment":[{"href":"https:\/\/www.grieta.org.mx\/index.php\/wp-json\/wp\/v2\/media?parent=11981"}],"wp:term":[{"taxonomy":"category","embeddable":true,"href":"https:\/\/www.grieta.org.mx\/index.php\/wp-json\/wp\/v2\/categories?post=11981"},{"taxonomy":"post_tag","embeddable":true,"href":"https:\/\/www.grieta.org.mx\/index.php\/wp-json\/wp\/v2\/tags?post=11981"}],"curies":[{"name":"wp","href":"https:\/\/api.w.org\/{rel}","templated":true}]}}