{"id":11947,"date":"2016-04-16T22:57:07","date_gmt":"2016-04-16T22:57:07","guid":{"rendered":"http:\/\/www.grieta.org.mx\/?p=11947"},"modified":"2016-05-07T22:58:06","modified_gmt":"2016-05-07T22:58:06","slug":"cheran-conmemoro-su-3o-aniversario-del-levantamiento-en-contra-del-crimen-organizado","status":"publish","type":"post","link":"https:\/\/www.grieta.org.mx\/index.php\/2016\/04\/16\/cheran-conmemoro-su-3o-aniversario-del-levantamiento-en-contra-del-crimen-organizado\/","title":{"rendered":"Cher\u00e1n conmemor\u00f3 su 3\u00ba Aniversario del levantamiento en contra del crimen organizado"},"content":{"rendered":"<p>Morelia, Michoac\u00e1n.- La comunidad de Cher\u00e1n conmemor\u00f3 ayer martes su tercer aniversario de levantarse en armas en contra del crimen organizado. El festejo estuvo acompa\u00f1ado de un desfile encabezado por la ronda comunitaria, m\u00fasica tradicional y platillos t\u00edpicos de la regi\u00f3n.<\/p>\n<p>Fue el 15 de abril de 2011 cuando el pueblo pur\u00e9pecha declar\u00f3 su autonom\u00eda y se levant\u00f3 en armas en contra del crimen organizado, quienes varios a\u00f1os atr\u00e1s hab\u00edan venido devastando los bosques de la regi\u00f3n, acabando con 18 mil hect\u00e1reas.<\/p>\n<p>Mujeres, ni\u00f1os y ancianos se unieron a la lucha e impidieron las elecciones, hasta hoy su lema sigue siendo \u201cusos y costumbres s\u00ed, partidos no\u201d, mientras lo entonan en voz alta en el festejo.<\/p>\n<p>Cabe destacar que la autonom\u00eda de Cher\u00e1n ocurri\u00f3 casi dos a\u00f1os antes del nacimiento de las autodefensas en Michoac\u00e1n.<\/p>\n<p>En su discurso, un integrante de la guardia comunitaria se\u00f1al\u00f3 \u201chace tres a\u00f1os que inici\u00f3 esa gesta y la comunidad llena sus calles para celebrarlo. Jos\u00e9 Manuel Mireles, l\u00edder de las autodefensas, hab\u00eda anunciado que vendr\u00eda, pero aqu\u00ed parecen no esperarlo\u201d, expresa.<\/p>\n<p>Hace enfas\u00eds al anuncio del registro del supuesto desarme de las autodefensas y a\u00f1ade: \u201cSi estuvi\u00e9ramos en su lugar, nosotros no aceptar\u00edamos, aqu\u00ed no se levantar\u00eda un grupo, se levantar\u00eda un pueblo entero\u201d.<\/p>\n<p><a href=\"http:\/\/michoacantrespuntocero.com\/cheran-conmemoro-el-3o-aniversario-del-levantamiento-en-contra-del-crimen-organizado\/\" target=\"_blank\">http:\/\/michoacantrespuntocero.com\/cheran-conmemoro-el-3o-aniversario-del-levantamiento-en-contra-del-crimen-organizado\/<\/a><\/p>\n","protected":false},"excerpt":{"rendered":"<p>Morelia, Michoac\u00e1n.- La comunidad de Cher\u00e1n conmemor\u00f3 ayer martes su tercer aniversario de levantarse en armas en contra del crimen organizado. El festejo estuvo acompa\u00f1ado de un desfile encabezado por &hellip; <a href=\"https:\/\/www.grieta.org.mx\/index.php\/2016\/04\/16\/cheran-conmemoro-su-3o-aniversario-del-levantamiento-en-contra-del-crimen-organizado\/\" class=\"more-link\">Leer m\u00e1s<\/a><\/p>\n","protected":false},"author":2,"featured_media":21928,"comment_status":"closed","ping_status":"closed","sticky":false,"template":"","format":"standard","meta":{"ngg_post_thumbnail":0,"_jetpack_newsletter_access":"","_jetpack_dont_email_post_to_subs":false,"_jetpack_newsletter_tier_id":0,"_jetpack_memberships_contains_paywalled_content":false,"_jetpack_memberships_contains_paid_content":false,"footnotes":""},"categories":[80,82],"tags":[474,476],"class_list":["post-11947","post","type-post","status-publish","format-standard","has-post-thumbnail","hentry","category-cintillo","category-michoacan","tag-autonomia","tag-cheran","entry"],"jetpack_featured_media_url":"https:\/\/www.grieta.org.mx\/wp-content\/uploads\/2018\/03\/14524434_1106112876131411_958039263622046936_o.jpg","jetpack_sharing_enabled":true,"jetpack_shortlink":"https:\/\/wp.me\/p7ZJR4-36H","jetpack_likes_enabled":false,"jetpack-related-posts":[{"id":7825,"url":"https:\/\/www.grieta.org.mx\/index.php\/2016\/05\/24\/lucha-y-resistencia-del-pueblo-de-purhepecha-de-cheran\/","url_meta":{"origin":11947,"position":0},"title":"Lucha y resistencia del pueblo p&#8217;urh\u00e9pecha de Cher\u00e1n","author":"Admin","date":"24 mayo, 2016","format":false,"excerpt":"Tercer aniversario de la autonom\u00eda del pueblo de Cher\u00e1n 24\/05\/16. Cher\u00e1n: lo importante no es llegar sino mantenerse Subversiones 19\/04\/16. Cher\u00e1n, tres a\u00f1os sin partidos, sin gobierno y sin violencia Quadrat\u00edn 16\/04\/16. Cher\u00e1n conmemor\u00f3 su 3\u00ba Aniversario del levantamiento en contra del crimen organizado Michoac\u00e1n 3.0 Las comunidades de Cher\u00e1n\u2026","rel":"","context":"En &quot;15. Cher\u00e1n&quot;","block_context":{"text":"15. Cher\u00e1n","link":"https:\/\/www.grieta.org.mx\/index.php\/category\/espejos-de-la-resistencia\/15-cheran\/"},"img":{"alt_text":"","src":"https:\/\/i0.wp.com\/www.grieta.org.mx\/wp-content\/uploads\/2018\/03\/14524434_1106112876131411_958039263622046936_o.jpg?resize=350%2C200&ssl=1","width":350,"height":200,"srcset":"https:\/\/i0.wp.com\/www.grieta.org.mx\/wp-content\/uploads\/2018\/03\/14524434_1106112876131411_958039263622046936_o.jpg?resize=350%2C200&ssl=1 1x, https:\/\/i0.wp.com\/www.grieta.org.mx\/wp-content\/uploads\/2018\/03\/14524434_1106112876131411_958039263622046936_o.jpg?resize=525%2C300&ssl=1 1.5x, https:\/\/i0.wp.com\/www.grieta.org.mx\/wp-content\/uploads\/2018\/03\/14524434_1106112876131411_958039263622046936_o.jpg?resize=700%2C400&ssl=1 2x"},"classes":[]},{"id":25580,"url":"https:\/\/www.grieta.org.mx\/index.php\/2018\/08\/15\/cheran-michoacan-nombra-su-tercer-consejo-mayor-de-su-gobierno-comunal\/","url_meta":{"origin":11947,"position":1},"title":"Cher\u00e1n Michoac\u00e1n nombra su tercer Consejo Mayor de su gobierno comunal","author":"grieta","date":"15 agosto, 2018","format":false,"excerpt":"TV Cher\u00e1n\/ El enemigo com\u00fan El domingo 27 de mayo de 2018, el municipio ind\u00edgena pur\u00e9pecha de Cher\u00e1n Michoac\u00e1n nombr\u00f3 su tercer Consejo de Ancianos (Consejo Mayor, Consejo de Keris) para el gobierno comunal de su comunidad. El domingo 27 de mayo de 2018, el municipio ind\u00edgena pur\u00e9pecha de Cher\u00e1n\u2026","rel":"","context":"En &quot;CINTILLO&quot;","block_context":{"text":"CINTILLO","link":"https:\/\/www.grieta.org.mx\/index.php\/category\/cintillo\/"},"img":{"alt_text":"","src":"https:\/\/i0.wp.com\/www.grieta.org.mx\/wp-content\/uploads\/2018\/08\/pueblo-Cheran.jpg?resize=350%2C200&ssl=1","width":350,"height":200,"srcset":"https:\/\/i0.wp.com\/www.grieta.org.mx\/wp-content\/uploads\/2018\/08\/pueblo-Cheran.jpg?resize=350%2C200&ssl=1 1x, https:\/\/i0.wp.com\/www.grieta.org.mx\/wp-content\/uploads\/2018\/08\/pueblo-Cheran.jpg?resize=525%2C300&ssl=1 1.5x, https:\/\/i0.wp.com\/www.grieta.org.mx\/wp-content\/uploads\/2018\/08\/pueblo-Cheran.jpg?resize=700%2C400&ssl=1 2x"},"classes":[]},{"id":71908,"url":"https:\/\/www.grieta.org.mx\/index.php\/2025\/07\/02\/cheran-resiste-ataque-armado-rompe-14-anos-de-paz-en-la-comunidad-purepecha-michoacan\/","url_meta":{"origin":11947,"position":2},"title":"Cher\u00e1n resiste: ataque armado rompe 14 a\u00f1os de paz en la comunidad pur\u00e9pecha (Michoac\u00e1n)","author":"grieta","date":"2 julio, 2025","format":false,"excerpt":"Texto y fotos: Heriberto Paredes \/ Fabrica de periodismo Rondas comunitarias de Cher\u00e1n, Michoac\u00e1n, repelen ataque armado del CJNG: hay un muerto y un herido; responsabilizan al Estado por omisi\u00f3n. La comunidad de\u00a0Cher\u00e1n K\u2019eri, localizada en el coraz\u00f3n de la Meseta P\u2019urh\u00e9pecha, Michoac\u00e1n, sufri\u00f3 un ataque la ma\u00f1ana de este\u2026","rel":"","context":"En &quot;15. Cher\u00e1n&quot;","block_context":{"text":"15. Cher\u00e1n","link":"https:\/\/www.grieta.org.mx\/index.php\/category\/espejos-de-la-resistencia\/15-cheran\/"},"img":{"alt_text":"","src":"https:\/\/i0.wp.com\/www.grieta.org.mx\/wp-content\/uploads\/2025\/07\/Captura-de-pantalla-2025-07-03-231611.png?resize=350%2C200&ssl=1","width":350,"height":200,"srcset":"https:\/\/i0.wp.com\/www.grieta.org.mx\/wp-content\/uploads\/2025\/07\/Captura-de-pantalla-2025-07-03-231611.png?resize=350%2C200&ssl=1 1x, https:\/\/i0.wp.com\/www.grieta.org.mx\/wp-content\/uploads\/2025\/07\/Captura-de-pantalla-2025-07-03-231611.png?resize=525%2C300&ssl=1 1.5x, https:\/\/i0.wp.com\/www.grieta.org.mx\/wp-content\/uploads\/2025\/07\/Captura-de-pantalla-2025-07-03-231611.png?resize=700%2C400&ssl=1 2x, https:\/\/i0.wp.com\/www.grieta.org.mx\/wp-content\/uploads\/2025\/07\/Captura-de-pantalla-2025-07-03-231611.png?resize=1050%2C600&ssl=1 3x"},"classes":[]},{"id":8810,"url":"https:\/\/www.grieta.org.mx\/index.php\/2015\/06\/02\/cheran-reitera-no-se-instalaran-casillas-electorales-por-relacion-entre-narco-y-partidos-politicos\/","url_meta":{"origin":11947,"position":3},"title":"Cher\u00e1n reitera: \u2018no se instalar\u00e1n casillas electorales por relaci\u00f3n entre narco y partidos pol\u00edticos\u2019","author":"Admin","date":"2 junio, 2015","format":false,"excerpt":"Los partidos pol\u00edticos dividen e intimidan, dominan y amenazan: \u201cY no estamos en condiciones para recibir ese tipo de agravios\u201d, cuenta Salvador Campanur a M\u00e1sde131, miembro de la comisi\u00f3n de enlace del pueblo P\u2019urh\u00e9pecha de Cher\u00e1n. Esta es la posici\u00f3n que por escrito mand\u00f3 el pueblo de Cher\u00e1n al Instituto\u2026","rel":"","context":"En &quot;CINTILLO&quot;","block_context":{"text":"CINTILLO","link":"https:\/\/www.grieta.org.mx\/index.php\/category\/cintillo\/"},"img":{"alt_text":"","src":"https:\/\/i0.wp.com\/www.grieta.org.mx\/wp-content\/uploads\/2018\/03\/14524434_1106112876131411_958039263622046936_o.jpg?resize=350%2C200&ssl=1","width":350,"height":200,"srcset":"https:\/\/i0.wp.com\/www.grieta.org.mx\/wp-content\/uploads\/2018\/03\/14524434_1106112876131411_958039263622046936_o.jpg?resize=350%2C200&ssl=1 1x, https:\/\/i0.wp.com\/www.grieta.org.mx\/wp-content\/uploads\/2018\/03\/14524434_1106112876131411_958039263622046936_o.jpg?resize=525%2C300&ssl=1 1.5x, https:\/\/i0.wp.com\/www.grieta.org.mx\/wp-content\/uploads\/2018\/03\/14524434_1106112876131411_958039263622046936_o.jpg?resize=700%2C400&ssl=1 2x"},"classes":[]},{"id":7831,"url":"https:\/\/www.grieta.org.mx\/index.php\/2016\/03\/21\/por-ningun-motivo-cheran-se-adherira-al-mando-unico-concejo\/","url_meta":{"origin":11947,"position":4},"title":"Por ning\u00fan motivo Cher\u00e1n se adherir\u00e1 al Mando \u00danico: Concejo","author":"Admin","date":"21 marzo, 2016","format":false,"excerpt":"MORELIA, Mich., 21 de marzo de 2016.- En rueda de prensa la tarde de este lunes el Concejo Mayor del Gobierno Comunal de Cher\u00e1n le pidi\u00f3 al Ejecutivo Estatal que respete su decisi\u00f3n de no firmar el Convenio de Mando \u00danico. Mar\u00eda Elena Hurtado anunci\u00f3 que en asambleas comunales llegaron\u2026","rel":"","context":"En &quot;CINTILLO&quot;","block_context":{"text":"CINTILLO","link":"https:\/\/www.grieta.org.mx\/index.php\/category\/cintillo\/"},"img":{"alt_text":"","src":"https:\/\/i0.wp.com\/www.grieta.org.mx\/wp-content\/uploads\/2018\/03\/14524434_1106112876131411_958039263622046936_o.jpg?resize=350%2C200&ssl=1","width":350,"height":200,"srcset":"https:\/\/i0.wp.com\/www.grieta.org.mx\/wp-content\/uploads\/2018\/03\/14524434_1106112876131411_958039263622046936_o.jpg?resize=350%2C200&ssl=1 1x, https:\/\/i0.wp.com\/www.grieta.org.mx\/wp-content\/uploads\/2018\/03\/14524434_1106112876131411_958039263622046936_o.jpg?resize=525%2C300&ssl=1 1.5x, https:\/\/i0.wp.com\/www.grieta.org.mx\/wp-content\/uploads\/2018\/03\/14524434_1106112876131411_958039263622046936_o.jpg?resize=700%2C400&ssl=1 2x"},"classes":[]},{"id":7864,"url":"https:\/\/www.grieta.org.mx\/index.php\/2015\/04\/19\/solo-cuatro-alcaldes-de-michoacan-se-oponen-a-mando-unico\/","url_meta":{"origin":11947,"position":5},"title":"S\u00f3lo cuatro alcaldes de Michoac\u00e1n se oponen a mando \u00fanico","author":"Admin","date":"19 abril, 2015","format":false,"excerpt":"Un total de 109 de los 113 alcaldes de Michoac\u00e1n dieron su visto bueno al nuevo esquema policial. S\u00f3lo cuatro municipios declinaron su incorporaci\u00f3n, Cher\u00e1n, Marco Castellanos, Zamora y Angangueo. Autoridades municipales aceptaron este martes 29 de abril la implementaci\u00f3n del Mando Unificado en Michoac\u00e1n. En una reuni\u00f3n privada con\u2026","rel":"","context":"En &quot;CINTILLO&quot;","block_context":{"text":"CINTILLO","link":"https:\/\/www.grieta.org.mx\/index.php\/category\/cintillo\/"},"img":{"alt_text":"","src":"https:\/\/i0.wp.com\/www.grieta.org.mx\/wp-content\/uploads\/2018\/03\/14524434_1106112876131411_958039263622046936_o.jpg?resize=350%2C200&ssl=1","width":350,"height":200,"srcset":"https:\/\/i0.wp.com\/www.grieta.org.mx\/wp-content\/uploads\/2018\/03\/14524434_1106112876131411_958039263622046936_o.jpg?resize=350%2C200&ssl=1 1x, https:\/\/i0.wp.com\/www.grieta.org.mx\/wp-content\/uploads\/2018\/03\/14524434_1106112876131411_958039263622046936_o.jpg?resize=525%2C300&ssl=1 1.5x, https:\/\/i0.wp.com\/www.grieta.org.mx\/wp-content\/uploads\/2018\/03\/14524434_1106112876131411_958039263622046936_o.jpg?resize=700%2C400&ssl=1 2x"},"classes":[]}],"_links":{"self":[{"href":"https:\/\/www.grieta.org.mx\/index.php\/wp-json\/wp\/v2\/posts\/11947","targetHints":{"allow":["GET"]}}],"collection":[{"href":"https:\/\/www.grieta.org.mx\/index.php\/wp-json\/wp\/v2\/posts"}],"about":[{"href":"https:\/\/www.grieta.org.mx\/index.php\/wp-json\/wp\/v2\/types\/post"}],"author":[{"embeddable":true,"href":"https:\/\/www.grieta.org.mx\/index.php\/wp-json\/wp\/v2\/users\/2"}],"replies":[{"embeddable":true,"href":"https:\/\/www.grieta.org.mx\/index.php\/wp-json\/wp\/v2\/comments?post=11947"}],"version-history":[{"count":1,"href":"https:\/\/www.grieta.org.mx\/index.php\/wp-json\/wp\/v2\/posts\/11947\/revisions"}],"predecessor-version":[{"id":11948,"href":"https:\/\/www.grieta.org.mx\/index.php\/wp-json\/wp\/v2\/posts\/11947\/revisions\/11948"}],"wp:featuredmedia":[{"embeddable":true,"href":"https:\/\/www.grieta.org.mx\/index.php\/wp-json\/wp\/v2\/media\/21928"}],"wp:attachment":[{"href":"https:\/\/www.grieta.org.mx\/index.php\/wp-json\/wp\/v2\/media?parent=11947"}],"wp:term":[{"taxonomy":"category","embeddable":true,"href":"https:\/\/www.grieta.org.mx\/index.php\/wp-json\/wp\/v2\/categories?post=11947"},{"taxonomy":"post_tag","embeddable":true,"href":"https:\/\/www.grieta.org.mx\/index.php\/wp-json\/wp\/v2\/tags?post=11947"}],"curies":[{"name":"wp","href":"https:\/\/api.w.org\/{rel}","templated":true}]}}