{"id":11940,"date":"2016-05-07T22:47:14","date_gmt":"2016-05-07T22:47:14","guid":{"rendered":"http:\/\/www.grieta.org.mx\/?p=11940"},"modified":"2018-02-22T21:44:56","modified_gmt":"2018-02-23T03:44:56","slug":"morelia-municipio-con-mas-feminicidios-en-michoacan-este-ano","status":"publish","type":"post","link":"https:\/\/www.grieta.org.mx\/index.php\/2016\/05\/07\/morelia-municipio-con-mas-feminicidios-en-michoacan-este-ano\/","title":{"rendered":"Morelia, municipio con m\u00e1s feminicidios en Michoac\u00e1n este a\u00f1o"},"content":{"rendered":"<p>F\u00e1tima Alfaro<\/p>\n<p>MORELIA, Mich., 7 de mayo de 2016.- Morelia encabeza, con seis casos registrados, a los municipios michoacanos en cuanto a feminicidios cometidos en 2016, asever\u00f3 Ana Luisa Barajas P\u00e9rez, integrante de la Red de Mujeres en Contra de la Violencia Feminicida en Michoac\u00e1n. <\/p>\n<p>Luego de recordar que en este a\u00f1o se ha conocido la comisi\u00f3n de 23 feminicidios en la entidad, Barajas P\u00e9rez destac\u00f3 que Uruapan, Villamar y Ziracuaretiro, con dos casos cada municipio, siguen a la capital del estado en incidencia de la muerte violenta de mujeres, en tanto que en Acuitzio, Ecuandureo, Buenavista, Zamora, L\u00e1zaro C\u00e1rdenas, Jiquilpan, Sahuayo, P\u00e1tzcuaro, Los Reyes y Maravat\u00edo se ha reportado un caso por localidad. <\/p>\n<p>Asimismo, se\u00f1al\u00f3 como preocupante la situaci\u00f3n en Tar\u00edmbaro, donde se han registrado dos feminicidios con ni\u00f1as como v\u00edctimas, con el agravante de que las menores fueron mutiladas, expuestas y desechadas. <\/p>\n<p>Este panorama, acot\u00f3 Ana Luisa Barajas, permite demostrar que en Michoac\u00e1n no existe una regi\u00f3n cr\u00edtica aislada del resto de la entidad, sino que la problem\u00e1tica del feminicidios se encuentra muy dispersa y alentada por otras condiciones, como la militarizaci\u00f3n de la entidad y la disputa del territorio. Alerta de g\u00e9nero y presupuesto, los pendientes La integrante de la Red de Mujeres en Contra de la Violencia Feminicida en Michoac\u00e1n reiter\u00f3 la necesidad de que el estado implemente con car\u00e1cter de urgente la alerta de g\u00e9nero, como un mecanismo para prevenir el feminicidio. <\/p>\n<p>Sin embargo, esta declaraci\u00f3n, que se ha alargado de forma innecesaria, consider\u00f3 Barajas P\u00e9rez, debe acompa\u00f1arse por recursos p\u00fablicos que se destinen no a oficinas, servicios o burocracia, sino a la operaci\u00f3n de los programas derivados de la alerta de g\u00e9nero y la atenci\u00f3n de las reales y potenciales v\u00edctimas. De no destinarse el presupuesto suficiente, se enfrenta el riesgo de que las instituciones y programas para combatir la violencia feminicida sean &#8220;elefantes blancos&#8221; y en Michoac\u00e1n se replique la situaci\u00f3n de Estado de M\u00e9xico, donde la declaraci\u00f3n de la alerta de g\u00e9nero no ha impedido el alza en los casos reportados o estimados.<\/p>\n<blockquote class=\"wp-embedded-content\" data-secret=\"yNqmoDoBlz\"><p><a href=\"https:\/\/www.quadratin.com.mx\/principal\/morelia-municipio-mas-feminicidios-michoacan-este-ano\/\">Preocupan feminicidios de menores en Tar\u00edmbaro<\/a><\/p><\/blockquote>\n<p><iframe loading=\"lazy\" class=\"wp-embedded-content\" sandbox=\"allow-scripts\" security=\"restricted\" style=\"position: absolute; clip: rect(1px, 1px, 1px, 1px);\" title=\"&#8220;Preocupan feminicidios de menores en Tar\u00edmbaro&#8221; &#8212; Quadrat\u00edn Michoac\u00e1n\" src=\"https:\/\/www.quadratin.com.mx\/principal\/morelia-municipio-mas-feminicidios-michoacan-este-ano\/embed\/#?secret=yNqmoDoBlz\" data-secret=\"yNqmoDoBlz\" width=\"600\" height=\"338\" frameborder=\"0\" marginwidth=\"0\" marginheight=\"0\" scrolling=\"no\"><\/iframe><\/p>\n","protected":false},"excerpt":{"rendered":"<p>F\u00e1tima Alfaro MORELIA, Mich., 7 de mayo de 2016.- Morelia encabeza, con seis casos registrados, a los municipios michoacanos en cuanto a feminicidios cometidos en 2016, asever\u00f3 Ana Luisa Barajas &hellip; <a href=\"https:\/\/www.grieta.org.mx\/index.php\/2016\/05\/07\/morelia-municipio-con-mas-feminicidios-en-michoacan-este-ano\/\" class=\"more-link\">Leer m\u00e1s<\/a><\/p>\n","protected":false},"author":2,"featured_media":21928,"comment_status":"closed","ping_status":"closed","sticky":false,"template":"","format":"standard","meta":{"ngg_post_thumbnail":0,"_jetpack_newsletter_access":"","_jetpack_dont_email_post_to_subs":false,"_jetpack_newsletter_tier_id":0,"_jetpack_memberships_contains_paywalled_content":false,"_jetpack_memberships_contains_paid_content":false,"footnotes":""},"categories":[80,84,906,82,21],"tags":[81],"class_list":{"0":"post-11940","1":"post","2":"type-post","3":"status-publish","4":"format-standard","5":"has-post-thumbnail","6":"hentry","7":"category-cintillo","8":"category-feminicidios","9":"category-feminicidios-en-michoacan","10":"category-michoacan","12":"tag-feminicidios","13":"entry"},"jetpack_featured_media_url":"https:\/\/www.grieta.org.mx\/wp-content\/uploads\/2018\/03\/14524434_1106112876131411_958039263622046936_o.jpg","jetpack_sharing_enabled":true,"jetpack_shortlink":"https:\/\/wp.me\/p7ZJR4-36A","jetpack_likes_enabled":false,"jetpack-related-posts":[{"id":746,"url":"https:\/\/www.grieta.org.mx\/index.php\/2016\/05\/07\/feminicidios-en-michoacan\/","url_meta":{"origin":11940,"position":0},"title":"Feminicidios en Michoac\u00e1n","author":"grieta","date":"7 mayo, 2016","format":false,"excerpt":"07\/05\/16. Morelia, municipio con m\u00e1s feminicidios en Michoac\u00e1n este a\u00f1o Quadrat\u00edn 15\/03\/16. Denuncian alza de feminicidios en Michoac\u00e1n Quadrat\u00edn 01\/02\/16. Hubo 4 feminicidios en el primer mes del a\u00f1o en Michoac\u00e1n Quadrat\u00edn 26\/01\/16. Exigen alerta de g\u00e9nero en Michoac\u00e1n tras feminicidio en Uruapan Quadrat\u00edn 17\/01\/16. De las 623 muertes de\u2026","rel":"","context":"En &quot;Feminicidios&quot;","block_context":{"text":"Feminicidios","link":"https:\/\/www.grieta.org.mx\/index.php\/category\/temas-nacionales\/feminicidios\/"},"img":{"alt_text":"","src":"https:\/\/i0.wp.com\/www.grieta.org.mx\/wp-content\/uploads\/2018\/03\/14524434_1106112876131411_958039263622046936_o.jpg?resize=350%2C200&ssl=1","width":350,"height":200,"srcset":"https:\/\/i0.wp.com\/www.grieta.org.mx\/wp-content\/uploads\/2018\/03\/14524434_1106112876131411_958039263622046936_o.jpg?resize=350%2C200&ssl=1 1x, https:\/\/i0.wp.com\/www.grieta.org.mx\/wp-content\/uploads\/2018\/03\/14524434_1106112876131411_958039263622046936_o.jpg?resize=525%2C300&ssl=1 1.5x, https:\/\/i0.wp.com\/www.grieta.org.mx\/wp-content\/uploads\/2018\/03\/14524434_1106112876131411_958039263622046936_o.jpg?resize=700%2C400&ssl=1 2x"},"classes":[]},{"id":21724,"url":"https:\/\/www.grieta.org.mx\/index.php\/2018\/02\/09\/michoacan-numero-11-a-nivel-nacional-en-feminicidios\/","url_meta":{"origin":11940,"position":1},"title":"Michoac\u00e1n numero 11 a nivel nacional en feminicidios","author":"Admin","date":"9 febrero, 2018","format":false,"excerpt":"Por: Leonardo Anguiano Debido al creciente numero de casos de feminicidio en el Estado, se ubic\u00f3 a Michoac\u00e1n como el numero 11 a nivel nacional con un total de 142 asesinatos de mujeres. De los 142 asesinatos de mujeres que se tienen registrados son s\u00f3lo 27 los que est\u00e1n tipificados\u2026","rel":"","context":"En &quot;CINTILLO&quot;","block_context":{"text":"CINTILLO","link":"https:\/\/www.grieta.org.mx\/index.php\/category\/cintillo\/"},"img":{"alt_text":"","src":"https:\/\/i0.wp.com\/www.grieta.org.mx\/wp-content\/uploads\/2018\/02\/WhatsApp-Image-2018-02-09-at-16.37.23.jpeg?resize=350%2C200&ssl=1","width":350,"height":200,"srcset":"https:\/\/i0.wp.com\/www.grieta.org.mx\/wp-content\/uploads\/2018\/02\/WhatsApp-Image-2018-02-09-at-16.37.23.jpeg?resize=350%2C200&ssl=1 1x, https:\/\/i0.wp.com\/www.grieta.org.mx\/wp-content\/uploads\/2018\/02\/WhatsApp-Image-2018-02-09-at-16.37.23.jpeg?resize=525%2C300&ssl=1 1.5x, https:\/\/i0.wp.com\/www.grieta.org.mx\/wp-content\/uploads\/2018\/02\/WhatsApp-Image-2018-02-09-at-16.37.23.jpeg?resize=700%2C400&ssl=1 2x"},"classes":[]},{"id":7389,"url":"https:\/\/www.grieta.org.mx\/index.php\/2016\/03\/15\/denuncian-alza-de-feminicidios-en-michoacan\/","url_meta":{"origin":11940,"position":2},"title":"Denuncian alza de feminicidios en Michoac\u00e1n","author":"Admin","date":"15 marzo, 2016","format":false,"excerpt":"MORELIA, Mich., 15 de marzo de 2016.- La ma\u00f1ana de este mi\u00e9rcoles la Red de Mujeres Contra la Violencia Feminicida (Revifem) denunci\u00f3 el incremento de feminicidios en Michoac\u00e1n en al menos cuatro regiones de la entidad. Seg\u00fan cifras anunciadas por la Revifem en la entidad 19 de cada 100 mujeres\u2026","rel":"","context":"En &quot;CINTILLO&quot;","block_context":{"text":"CINTILLO","link":"https:\/\/www.grieta.org.mx\/index.php\/category\/cintillo\/"},"img":{"alt_text":"","src":"https:\/\/i0.wp.com\/www.grieta.org.mx\/wp-content\/uploads\/2018\/03\/14524434_1106112876131411_958039263622046936_o.jpg?resize=350%2C200&ssl=1","width":350,"height":200,"srcset":"https:\/\/i0.wp.com\/www.grieta.org.mx\/wp-content\/uploads\/2018\/03\/14524434_1106112876131411_958039263622046936_o.jpg?resize=350%2C200&ssl=1 1x, https:\/\/i0.wp.com\/www.grieta.org.mx\/wp-content\/uploads\/2018\/03\/14524434_1106112876131411_958039263622046936_o.jpg?resize=525%2C300&ssl=1 1.5x, https:\/\/i0.wp.com\/www.grieta.org.mx\/wp-content\/uploads\/2018\/03\/14524434_1106112876131411_958039263622046936_o.jpg?resize=700%2C400&ssl=1 2x"},"classes":[]},{"id":34790,"url":"https:\/\/www.grieta.org.mx\/index.php\/2019\/06\/14\/crece-violencia-contra-las-mujeres-morelia-alcanza-cifra-de-feminicidios-de-2018-michoacan\/","url_meta":{"origin":11940,"position":3},"title":"Crece violencia contra las mujeres: Morelia alcanza cifra de feminicidios de 2018 (Michoac\u00e1n)","author":"grieta","date":"14 junio, 2019","format":false,"excerpt":"H\u00e9ctor Jim\u00e9nez \/ La Voz de Michoac\u00e1n, 14 de junio de 2019 Morelia, Michoac\u00e1n. Pese a las acciones anunciadas para disminuir la violencia contras las mujeres en la capital michoacana, datos oficiales apuntan a que los delitos contra la poblaci\u00f3n femenina aumentaron durante el primer cuatrimestre del a\u00f1o en Morelia,\u2026","rel":"","context":"En &quot;CINTILLO&quot;","block_context":{"text":"CINTILLO","link":"https:\/\/www.grieta.org.mx\/index.php\/category\/cintillo\/"},"img":{"alt_text":"","src":"https:\/\/i0.wp.com\/www.grieta.org.mx\/wp-content\/uploads\/2019\/06\/violence.jpg?resize=350%2C200&ssl=1","width":350,"height":200,"srcset":"https:\/\/i0.wp.com\/www.grieta.org.mx\/wp-content\/uploads\/2019\/06\/violence.jpg?resize=350%2C200&ssl=1 1x, https:\/\/i0.wp.com\/www.grieta.org.mx\/wp-content\/uploads\/2019\/06\/violence.jpg?resize=525%2C300&ssl=1 1.5x, https:\/\/i0.wp.com\/www.grieta.org.mx\/wp-content\/uploads\/2019\/06\/violence.jpg?resize=700%2C400&ssl=1 2x"},"classes":[]},{"id":21730,"url":"https:\/\/www.grieta.org.mx\/index.php\/2018\/02\/19\/van-17-mujeres-asesinadas-durante-este-ano-en-michoacan\/","url_meta":{"origin":11940,"position":4},"title":"Van 17 mujeres asesinadas durante este a\u00f1o en Michoac\u00e1n","author":"Admin","date":"19 febrero, 2018","format":false,"excerpt":"Por: Ibeth Cruz Morelia, Michoac\u00e1n (MiMorelia.com).- En lo que va de este a\u00f1o han sido asesinadas en Michoac\u00e1n 17 mujeres, seg\u00fan los registros de la Procuradur\u00eda General de Justicia del Estado (PGJE), de los cuales solo cuatro son considerados como homicidios. El d\u00eda de ayer, la misma PGJE inform\u00f3 sobre\u2026","rel":"","context":"En &quot;CINTILLO&quot;","block_context":{"text":"CINTILLO","link":"https:\/\/www.grieta.org.mx\/index.php\/category\/cintillo\/"},"img":{"alt_text":"","src":"https:\/\/i0.wp.com\/www.grieta.org.mx\/wp-content\/uploads\/2018\/02\/semefo-3.jpg?resize=350%2C200&ssl=1","width":350,"height":200,"srcset":"https:\/\/i0.wp.com\/www.grieta.org.mx\/wp-content\/uploads\/2018\/02\/semefo-3.jpg?resize=350%2C200&ssl=1 1x, https:\/\/i0.wp.com\/www.grieta.org.mx\/wp-content\/uploads\/2018\/02\/semefo-3.jpg?resize=525%2C300&ssl=1 1.5x"},"classes":[]},{"id":40937,"url":"https:\/\/www.grieta.org.mx\/index.php\/2019\/11\/03\/marchan-en-morelia-en-contra-de-los-feminicidios\/","url_meta":{"origin":11940,"position":5},"title":"Marchan en Morelia en contra de los feminicidios","author":"grieta","date":"3 noviembre, 2019","format":false,"excerpt":"Por: Josimar Lara\/@josimar2188 \/ MiMorelia.com, 03 de noviembre de 2019 Morelia, Michoac\u00e1n (MiMorelia.com).- Un grupo de mujeres de la ciudad de Morelia se unieron este 3 de noviembre a la convocatoria nacional de \u201cD\u00eda de Muertas\u201d, con una marcha realizada en el Centro Hist\u00f3rico de la capital michoacana; para recordar\u2026","rel":"","context":"En &quot;CINTILLO&quot;","block_context":{"text":"CINTILLO","link":"https:\/\/www.grieta.org.mx\/index.php\/category\/cintillo\/"},"img":{"alt_text":"","src":"https:\/\/i0.wp.com\/www.grieta.org.mx\/wp-content\/uploads\/2019\/11\/feminicidios.jpg?resize=350%2C200&ssl=1","width":350,"height":200,"srcset":"https:\/\/i0.wp.com\/www.grieta.org.mx\/wp-content\/uploads\/2019\/11\/feminicidios.jpg?resize=350%2C200&ssl=1 1x, https:\/\/i0.wp.com\/www.grieta.org.mx\/wp-content\/uploads\/2019\/11\/feminicidios.jpg?resize=525%2C300&ssl=1 1.5x"},"classes":[]}],"_links":{"self":[{"href":"https:\/\/www.grieta.org.mx\/index.php\/wp-json\/wp\/v2\/posts\/11940","targetHints":{"allow":["GET"]}}],"collection":[{"href":"https:\/\/www.grieta.org.mx\/index.php\/wp-json\/wp\/v2\/posts"}],"about":[{"href":"https:\/\/www.grieta.org.mx\/index.php\/wp-json\/wp\/v2\/types\/post"}],"author":[{"embeddable":true,"href":"https:\/\/www.grieta.org.mx\/index.php\/wp-json\/wp\/v2\/users\/2"}],"replies":[{"embeddable":true,"href":"https:\/\/www.grieta.org.mx\/index.php\/wp-json\/wp\/v2\/comments?post=11940"}],"version-history":[{"count":1,"href":"https:\/\/www.grieta.org.mx\/index.php\/wp-json\/wp\/v2\/posts\/11940\/revisions"}],"predecessor-version":[{"id":11942,"href":"https:\/\/www.grieta.org.mx\/index.php\/wp-json\/wp\/v2\/posts\/11940\/revisions\/11942"}],"wp:featuredmedia":[{"embeddable":true,"href":"https:\/\/www.grieta.org.mx\/index.php\/wp-json\/wp\/v2\/media\/21928"}],"wp:attachment":[{"href":"https:\/\/www.grieta.org.mx\/index.php\/wp-json\/wp\/v2\/media?parent=11940"}],"wp:term":[{"taxonomy":"category","embeddable":true,"href":"https:\/\/www.grieta.org.mx\/index.php\/wp-json\/wp\/v2\/categories?post=11940"},{"taxonomy":"post_tag","embeddable":true,"href":"https:\/\/www.grieta.org.mx\/index.php\/wp-json\/wp\/v2\/tags?post=11940"}],"curies":[{"name":"wp","href":"https:\/\/api.w.org\/{rel}","templated":true}]}}