{"id":11937,"date":"2016-04-12T22:40:52","date_gmt":"2016-04-12T22:40:52","guid":{"rendered":"http:\/\/www.grieta.org.mx\/?p=11937"},"modified":"2016-05-07T22:41:59","modified_gmt":"2016-05-07T22:41:59","slug":"comunicado-del-congreso-nacional-indigena-ante-agresiones-en-san-francisco-xochicuautla-y-ostula","status":"publish","type":"post","link":"https:\/\/www.grieta.org.mx\/index.php\/2016\/04\/12\/comunicado-del-congreso-nacional-indigena-ante-agresiones-en-san-francisco-xochicuautla-y-ostula\/","title":{"rendered":"Comunicado del Congreso Nacional Ind\u00edgena ante agresiones en San Francisco Xochicuautla y Ostula"},"content":{"rendered":"<p>A LOS  PUEBLOS DEL MUNDO<\/p>\n<p>A LOS MEDIOS DE COMUNICACI\u00d3N ALTERNATIVOS<\/p>\n<p>Ante la cobarde traici\u00f3n a la comunidad ind\u00edgena \u00d1atho de San Francisco Xochicuautla, municipio de Lerma en el Estado de M\u00e9xico para imponer el proyecto carretero Toluca Naucalpan  y el atentado sufrido por polic\u00edas comunitarios de Ostula, municipio de Aquila, Michoac\u00e1n, como Congreso Nacional Ind\u00edgena nos declaramos en alerta m\u00e1xima y llamamos a los pueblos, organizaciones y personas solidarias a estar atentos y acudir al llamado realizado por la comunidad de Xochicuautla.<\/p>\n<p>Denunciamos que:<\/p>\n<p>El lunes 11 de abril alrededor de las 9 de la ma\u00f1ana comenzaron a llegar m\u00e1s de 1000 polic\u00edas estatales de la Comisi\u00f3n Estatal de Seguridad Ciudadana (CES) y las Fuerzas de Acci\u00f3n y Reacci\u00f3n (FAR), entrando por 3 lados de la comunidad, la colonia Buenavista, por la calle Cuauht\u00e9moc para llegar al paraje \u00abLampeni\u00bb y en el paraje \u00abLapondishi\u00bb donde se encontraba el Campamento de la Paz y la Digna Resistencia y que fue destruido por los polic\u00edas.<\/p>\n<p>En el paraje \u00abLampeni\u00bb el compa\u00f1ero Armando Garc\u00eda Salazar, t\u00edo de David Ru\u00edz Garc\u00eda, delegado del Congreso Nacional Ind\u00edgena y asistente a la compartici\u00f3n entre el CNI y el EZLN de agosto de 2014 llevado a cabo en La Realidad zapatista, ten\u00eda su casa y el patrimonio de sus hijos. Dentro de la casa se reunieron alrededor de 25 personas para defender la propiedad, en su mayor\u00eda mujeres y con lujo de violencia las desalojaron, empujando y tirando a la compa\u00f1era Isabel Hern\u00e1ndez de 64 a\u00f1os quien forma parte del Concejo Supremo Ind\u00edgena y que en ese momento ten\u00eda en brazos a una ni\u00f1a.<\/p>\n<p>Acompa\u00f1ados de polic\u00edas le fue entregado al compa\u00f1ero Armando un papel en donde le informaban que su casa estaba en propiedad federal y la ten\u00edan que destruir, tambi\u00e9n le mostraron el decreto expropiatorio sobre el cual se gan\u00f3 un amparo.<\/p>\n<p>Sin mediar m\u00e1s palabras y a empujones sacaron de la casa a quienes estaban dentro, sacando tambi\u00e9n las pertenencias que se encontraban en el primer piso, quedando dentro documentos, ropa y herramientas de trabajo.<\/p>\n<p>Nuevamente el mal gobierno demuestra que las leyes que dice representar o el supuesto estado de derecho no son mas que herramientas de despojo que cumple siempre y cuando \u00e9stas est\u00e9n en contra de los pueblos. El despojo y represi\u00f3n viola la suspensi\u00f3n otorgada en los amparos 1123\/2015 y 771\/2015 que fueron otorgados el 18 de febrero de 2016 y que el juzgado notific\u00f3 a la mayor\u00eda de autoridades el 23 de febrero, incluida SAASCAEM, que es la instituci\u00f3n a la que se le otorg\u00f3 el territorio de Xochicuautla en el decreto expropiatorio.<\/p>\n<p>En tanto que en la noche del pasado domingo 10 fueron atacados compa\u00f1eros miembros de la polic\u00eda comunitaria de Santa Mar\u00eda Ostula, en las inmediaciones de la localidad de San Juan de Alima, Michoac\u00e1n, cuando desde un autom\u00f3vil en movimiento fue asesinado el comunero Francisco Grajeda y herido el comunero Abraham Gir\u00f3n, quien adem\u00e1s es comisionado de la comunidad para el Congreso Nacional Ind\u00edgena y participante en la compartici\u00f3n realizada en La Realidad Zapatista.<\/p>\n<p>Denunciamos el intento del mal gobierno  por minimizar este crimen con el que pretenden propiciar el regreso de la violencia a la regi\u00f3n de la sierra costa de Michoac\u00e1n y poner nuevamente en manos de narcopol\u00edticos, sus paramilitares, sicarios y empresas el territorio, recursos naturales, la dignidad y paz en la regi\u00f3n.<\/p>\n<p>Llamamos a los pueblos de M\u00e9xico y el mundo a solidarizarse de manera urgente con las acciones en defensa de los derechos de San Francisco Xochicuautla, asistiendo f\u00edsicamente a la comunidad, moviliz\u00e1ndose donde cada quien se encuentre para denunciar y exigir el cese de las agresiones en contra de la comunidad, su territorio y comuneros.<\/p>\n<p>Responsabilizamos a Eruviel \u00c1vila Villegas y su jefe Enrique Pe\u00f1a Nieto de la integridad de nuestros compa\u00f1eros y quienes se solidarizan con la digna lucha.<\/p>\n<p>POR LA REIVINDICACI\u00d3N INTEGRAL DE NUESTROS PUEBLOS<\/p>\n<p>NUNCA M\u00c1S UN M\u00c9XICO SIN NOSOTROS<\/p>\n<p>A 12 DE ABRIL DE 2016<\/p>\n<p>CONGRESO NACIONAL IND\u00cdGENA<br \/>\nEJ\u00c9RCITO ZAPATISTA DE LIBERACI\u00d3N NACIONAL<\/p>\n","protected":false},"excerpt":{"rendered":"<p>A LOS PUEBLOS DEL MUNDO A LOS MEDIOS DE COMUNICACI\u00d3N ALTERNATIVOS Ante la cobarde traici\u00f3n a la comunidad ind\u00edgena \u00d1atho de San Francisco Xochicuautla, municipio de Lerma en el Estado &hellip; <a href=\"https:\/\/www.grieta.org.mx\/index.php\/2016\/04\/12\/comunicado-del-congreso-nacional-indigena-ante-agresiones-en-san-francisco-xochicuautla-y-ostula\/\" class=\"more-link\">Leer m\u00e1s<\/a><\/p>\n","protected":false},"author":2,"featured_media":21928,"comment_status":"closed","ping_status":"closed","sticky":false,"template":"","format":"standard","meta":{"ngg_post_thumbnail":0,"_jetpack_newsletter_access":"","_jetpack_dont_email_post_to_subs":false,"_jetpack_newsletter_tier_id":0,"_jetpack_memberships_contains_paywalled_content":false,"_jetpack_memberships_contains_paid_content":false,"footnotes":""},"categories":[80,82],"tags":[95,455,130],"class_list":["post-11937","post","type-post","status-publish","format-standard","has-post-thumbnail","hentry","category-cintillo","category-michoacan","tag-cni","tag-ostula","tag-represion","entry"],"jetpack_featured_media_url":"https:\/\/www.grieta.org.mx\/wp-content\/uploads\/2018\/03\/14524434_1106112876131411_958039263622046936_o.jpg","jetpack_sharing_enabled":true,"jetpack_shortlink":"https:\/\/wp.me\/p7ZJR4-36x","jetpack_likes_enabled":false,"jetpack-related-posts":[{"id":10313,"url":"https:\/\/www.grieta.org.mx\/index.php\/2016\/04\/13\/declaracion-de-alerta-maxima-del-cni-ante-la-cobarde-traicion-a-la-comunidad-indigena-natho-de-san-francisco-xochicuautla\/","url_meta":{"origin":11937,"position":0},"title":"Declaraci\u00f3n de alerta m\u00e1xima del CNI, ante la cobarde traici\u00f3n a la comunidad ind\u00edgena \u00d1atho de San Francisco Xochicuautla","author":"grieta","date":"13 abril, 2016","format":false,"excerpt":"A LOS PUEBLOS DEL MUNDO A LOS MEDIOS DE COMUNICACI\u00d3N ALTERNATIVOS Ante la cobarde traici\u00f3n a la comunidad ind\u00edgena \u00d1atho de San Francisco Xochicuautla, municipio de Lerma en el Estado de M\u00e9xico para imponer el proyecto carretero Toluca Naucalpan y el atentado sufrido por polic\u00edas comunitarios de Ostula, municipio de\u2026","rel":"","context":"En &quot;CINTILLO&quot;","block_context":{"text":"CINTILLO","link":"https:\/\/www.grieta.org.mx\/index.php\/category\/cintillo\/"},"img":{"alt_text":"","src":"https:\/\/i0.wp.com\/www.grieta.org.mx\/wp-content\/uploads\/2018\/03\/14524434_1106112876131411_958039263622046936_o.jpg?resize=350%2C200&ssl=1","width":350,"height":200,"srcset":"https:\/\/i0.wp.com\/www.grieta.org.mx\/wp-content\/uploads\/2018\/03\/14524434_1106112876131411_958039263622046936_o.jpg?resize=350%2C200&ssl=1 1x, https:\/\/i0.wp.com\/www.grieta.org.mx\/wp-content\/uploads\/2018\/03\/14524434_1106112876131411_958039263622046936_o.jpg?resize=525%2C300&ssl=1 1.5x, https:\/\/i0.wp.com\/www.grieta.org.mx\/wp-content\/uploads\/2018\/03\/14524434_1106112876131411_958039263622046936_o.jpg?resize=700%2C400&ssl=1 2x"},"classes":[]},{"id":61821,"url":"https:\/\/www.grieta.org.mx\/index.php\/2021\/09\/20\/comunidad-nahua-de-santa-maria-ostula-integrante-del-congreso-nacional-indigena-se-solidariza-con-las-comunidades-zapatistas\/","url_meta":{"origin":11937,"position":1},"title":"Comunidad nahua de Santa Mar\u00eda Ostula, integrante del Congreso Nacional Ind\u00edgena, se solidariza con las comunidades Zapatistas","author":"grieta","date":"20 septiembre, 2021","format":false,"excerpt":"COMUNIDAD NAHUA DE SANTA MAR\u00cdA OSTULA, MICHOAC\u00c1N\/RADIO ZAPATISTA #AltoALaGuerraContraLasComunidadesZapatistas #RutilioEscand\u00f3n #RutilioRepresor #AltoALaGuerraEnChiapas #OstulaVive A todos los medios de comunicaci\u00f3n, Al Ej\u00e9rcito Zapatista de Liberaci\u00f3n Nacional, Al Congreso Nacional Ind\u00edgena, Al Concejo Ind\u00edgena de Gobierno, A las organizaciones sociales, A la poblaci\u00f3n en general, Por medio de este comunicado, la comunidad\u2026","rel":"","context":"En &quot;CINTILLO&quot;","block_context":{"text":"CINTILLO","link":"https:\/\/www.grieta.org.mx\/index.php\/category\/cintillo\/"},"img":{"alt_text":"","src":"https:\/\/i0.wp.com\/www.grieta.org.mx\/wp-content\/uploads\/2021\/09\/Zap-Nahuas.jpg?resize=350%2C200&ssl=1","width":350,"height":200,"srcset":"https:\/\/i0.wp.com\/www.grieta.org.mx\/wp-content\/uploads\/2021\/09\/Zap-Nahuas.jpg?resize=350%2C200&ssl=1 1x, https:\/\/i0.wp.com\/www.grieta.org.mx\/wp-content\/uploads\/2021\/09\/Zap-Nahuas.jpg?resize=525%2C300&ssl=1 1.5x"},"classes":[]},{"id":7497,"url":"https:\/\/www.grieta.org.mx\/index.php\/2016\/07\/29\/lucha-y-resistencia-del-pueblo-de-santa-maria-ostula\/","url_meta":{"origin":11937,"position":2},"title":"Lucha y resistencia del pueblo de Santa Mar\u00eda Ostula","author":"Admin","date":"29 julio, 2016","format":false,"excerpt":"Detienen a Jhony Israel Flores Tolentino, polic\u00eda comunitario de Santa Mar\u00eda Ostula 29\/07\/16. Detienen a \u201cEl Tizoc\u201d en Morelia; intentaba obtener una carta de no antecedentes penales Provincia Ostula celebra siete a\u00f1os de autonom\u00eda 28\/06\/16. Ostula Michoac\u00e1n, siete a\u00f1os en defensa de la Madre Tierra Pozol Colectivo Movilizaci\u00f3n en memoria\u2026","rel":"","context":"En &quot;1. Ostula&quot;","block_context":{"text":"1. Ostula","link":"https:\/\/www.grieta.org.mx\/index.php\/category\/espejos-de-la-resistencia\/1-ostula\/"},"img":{"alt_text":"","src":"https:\/\/i0.wp.com\/www.grieta.org.mx\/wp-content\/uploads\/2018\/03\/14524434_1106112876131411_958039263622046936_o.jpg?resize=350%2C200&ssl=1","width":350,"height":200,"srcset":"https:\/\/i0.wp.com\/www.grieta.org.mx\/wp-content\/uploads\/2018\/03\/14524434_1106112876131411_958039263622046936_o.jpg?resize=350%2C200&ssl=1 1x, https:\/\/i0.wp.com\/www.grieta.org.mx\/wp-content\/uploads\/2018\/03\/14524434_1106112876131411_958039263622046936_o.jpg?resize=525%2C300&ssl=1 1.5x, https:\/\/i0.wp.com\/www.grieta.org.mx\/wp-content\/uploads\/2018\/03\/14524434_1106112876131411_958039263622046936_o.jpg?resize=700%2C400&ssl=1 2x"},"classes":[]},{"id":7754,"url":"https:\/\/www.grieta.org.mx\/index.php\/2015\/07\/19\/cargando-a-sangre-y-fuego-el-ejercito-realiza-detenciones-arbitrarias-en-santa-maria-ostula-contra-policias-comunitarios-y-autodefensas\/","url_meta":{"origin":11937,"position":3},"title":"Cargando a sangre y fuego el ej\u00e9rcito realiza detenciones arbitrarias en Santa Mar\u00eda Ostula contra polic\u00edas comunitarios y autodefensas","author":"Admin","date":"19 julio, 2015","format":false,"excerpt":"Bolet\u00edn N\u00b0 1 DETENIENE EL EJ\u00c9RCITO A MIEMBROS DE LA COMUNIDAD IND\u00cdGENA DE SANTA MAR\u00cdA OSTULA, Municipio de Aquila, Michoac\u00e1n. (19 de julio de 2015, 13 hrs) A LA SOCIEDAD CIVIL A LAS ORGANIZACIONES DE DERECHOS HUMANOS A LOS MEDIOS DE COMUNICACI\u00d3N HONESTOS ostula-indymediaEl d\u00eda de hoy aproximadamente a las\u2026","rel":"","context":"En &quot;CINTILLO&quot;","block_context":{"text":"CINTILLO","link":"https:\/\/www.grieta.org.mx\/index.php\/category\/cintillo\/"},"img":{"alt_text":"","src":"https:\/\/i0.wp.com\/www.grieta.org.mx\/wp-content\/uploads\/2018\/03\/14524434_1106112876131411_958039263622046936_o.jpg?resize=350%2C200&ssl=1","width":350,"height":200,"srcset":"https:\/\/i0.wp.com\/www.grieta.org.mx\/wp-content\/uploads\/2018\/03\/14524434_1106112876131411_958039263622046936_o.jpg?resize=350%2C200&ssl=1 1x, https:\/\/i0.wp.com\/www.grieta.org.mx\/wp-content\/uploads\/2018\/03\/14524434_1106112876131411_958039263622046936_o.jpg?resize=525%2C300&ssl=1 1.5x, https:\/\/i0.wp.com\/www.grieta.org.mx\/wp-content\/uploads\/2018\/03\/14524434_1106112876131411_958039263622046936_o.jpg?resize=700%2C400&ssl=1 2x"},"classes":[]},{"id":3710,"url":"https:\/\/www.grieta.org.mx\/index.php\/2015\/07\/30\/apoyo-a-xochicuautla-de-cni-y-ezln\/","url_meta":{"origin":11937,"position":4},"title":"Apoyo a Xochicuautla de CNI y EZLN","author":"grieta","date":"30 julio, 2015","format":false,"excerpt":"A los pueblos de M\u00e9xico y el Mundo A la Sexta Nacional e Internacional A la comunidad ind\u00edgena \u00f1\u00e4tho de San Francisco Xochicuautla Ante la digna lucha que desde hace ocho a\u00f1os la comunidad \u00f1\u00e4tho de San Francisco Xochicuautla ha dado en contra del proyecto carretero de cuota Toluca-Naucalpan, que\u2026","rel":"","context":"En &quot;Comunicados&quot;","block_context":{"text":"Comunicados","link":"https:\/\/www.grieta.org.mx\/index.php\/category\/ezln-2\/ezln\/"},"img":{"alt_text":"","src":"https:\/\/i0.wp.com\/www.grieta.org.mx\/wp-content\/uploads\/2018\/03\/14524434_1106112876131411_958039263622046936_o.jpg?resize=350%2C200&ssl=1","width":350,"height":200,"srcset":"https:\/\/i0.wp.com\/www.grieta.org.mx\/wp-content\/uploads\/2018\/03\/14524434_1106112876131411_958039263622046936_o.jpg?resize=350%2C200&ssl=1 1x, https:\/\/i0.wp.com\/www.grieta.org.mx\/wp-content\/uploads\/2018\/03\/14524434_1106112876131411_958039263622046936_o.jpg?resize=525%2C300&ssl=1 1.5x, https:\/\/i0.wp.com\/www.grieta.org.mx\/wp-content\/uploads\/2018\/03\/14524434_1106112876131411_958039263622046936_o.jpg?resize=700%2C400&ssl=1 2x"},"classes":[]},{"id":68449,"url":"https:\/\/www.grieta.org.mx\/index.php\/2024\/02\/08\/la-comunidad-nahua-de-santa-maria-ostula-denuncia-ataque-de-un-comando-armado-del-cjng\/","url_meta":{"origin":11937,"position":5},"title":"La comunidad Nahua de Santa Mar\u00eda Ostula denuncia ataque de un Comando Armado del CJNG","author":"grieta","date":"8 febrero, 2024","format":false,"excerpt":"Colectivo Grieta 04 de febrero de 2024. En un comunicado publicado por el Congreso Nacional Ind\u00edgena, la Comunidad Nahua de Santa Mar\u00eda Ostula denunci\u00f3 el ataque de un comando armado de unas 50 personas que incursionaron a bordo de camionetas en el territorio comunal de La Cofrad\u00eda. Los comuneros reportan\u2026","rel":"","context":"En &quot;1. Ostula&quot;","block_context":{"text":"1. Ostula","link":"https:\/\/www.grieta.org.mx\/index.php\/category\/espejos-de-la-resistencia\/1-ostula\/"},"img":{"alt_text":"","src":"https:\/\/i0.wp.com\/www.grieta.org.mx\/wp-content\/uploads\/2024\/02\/PRONUNCIAMIENTO-POR-LA-DESAPARICION-FORZADA-DE-LORENZO-FROYLAN-DE-LA-CRUZ-R_20240202_202519_0000.png?resize=350%2C200&ssl=1","width":350,"height":200,"srcset":"https:\/\/i0.wp.com\/www.grieta.org.mx\/wp-content\/uploads\/2024\/02\/PRONUNCIAMIENTO-POR-LA-DESAPARICION-FORZADA-DE-LORENZO-FROYLAN-DE-LA-CRUZ-R_20240202_202519_0000.png?resize=350%2C200&ssl=1 1x, https:\/\/i0.wp.com\/www.grieta.org.mx\/wp-content\/uploads\/2024\/02\/PRONUNCIAMIENTO-POR-LA-DESAPARICION-FORZADA-DE-LORENZO-FROYLAN-DE-LA-CRUZ-R_20240202_202519_0000.png?resize=525%2C300&ssl=1 1.5x, https:\/\/i0.wp.com\/www.grieta.org.mx\/wp-content\/uploads\/2024\/02\/PRONUNCIAMIENTO-POR-LA-DESAPARICION-FORZADA-DE-LORENZO-FROYLAN-DE-LA-CRUZ-R_20240202_202519_0000.png?resize=700%2C400&ssl=1 2x"},"classes":[]}],"_links":{"self":[{"href":"https:\/\/www.grieta.org.mx\/index.php\/wp-json\/wp\/v2\/posts\/11937","targetHints":{"allow":["GET"]}}],"collection":[{"href":"https:\/\/www.grieta.org.mx\/index.php\/wp-json\/wp\/v2\/posts"}],"about":[{"href":"https:\/\/www.grieta.org.mx\/index.php\/wp-json\/wp\/v2\/types\/post"}],"author":[{"embeddable":true,"href":"https:\/\/www.grieta.org.mx\/index.php\/wp-json\/wp\/v2\/users\/2"}],"replies":[{"embeddable":true,"href":"https:\/\/www.grieta.org.mx\/index.php\/wp-json\/wp\/v2\/comments?post=11937"}],"version-history":[{"count":1,"href":"https:\/\/www.grieta.org.mx\/index.php\/wp-json\/wp\/v2\/posts\/11937\/revisions"}],"predecessor-version":[{"id":11938,"href":"https:\/\/www.grieta.org.mx\/index.php\/wp-json\/wp\/v2\/posts\/11937\/revisions\/11938"}],"wp:featuredmedia":[{"embeddable":true,"href":"https:\/\/www.grieta.org.mx\/index.php\/wp-json\/wp\/v2\/media\/21928"}],"wp:attachment":[{"href":"https:\/\/www.grieta.org.mx\/index.php\/wp-json\/wp\/v2\/media?parent=11937"}],"wp:term":[{"taxonomy":"category","embeddable":true,"href":"https:\/\/www.grieta.org.mx\/index.php\/wp-json\/wp\/v2\/categories?post=11937"},{"taxonomy":"post_tag","embeddable":true,"href":"https:\/\/www.grieta.org.mx\/index.php\/wp-json\/wp\/v2\/tags?post=11937"}],"curies":[{"name":"wp","href":"https:\/\/api.w.org\/{rel}","templated":true}]}}