{"id":11905,"date":"2016-05-03T23:11:45","date_gmt":"2016-05-03T23:11:45","guid":{"rendered":"http:\/\/www.grieta.org.mx\/?p=11905"},"modified":"2016-05-06T23:16:09","modified_gmt":"2016-05-06T23:16:09","slug":"policia-de-yucatan-golpea-detiene-y-luego-libera-a-defensores-de-derechos-humanos-del-equipo-indignacion-ac","status":"publish","type":"post","link":"https:\/\/www.grieta.org.mx\/index.php\/2016\/05\/03\/policia-de-yucatan-golpea-detiene-y-luego-libera-a-defensores-de-derechos-humanos-del-equipo-indignacion-ac\/","title":{"rendered":"Policia de Yucat\u00e1n golpea, detiene y luego libera a defensores de derechos humanos del equipo Indignaci\u00f3n AC"},"content":{"rendered":"<p>La polic\u00eda golpe\u00f3 y detuvo a miembros de Indignacion A.C. Jorge Fernandez Mendiburu y Martha Capetillo Pasos fueron golpeados y detenidos por polic\u00edas, quienes en estos momentos los llevan en las patrullas n\u00famero 6262 y 6339. Los integrantes de la organizaci\u00f3n se encontraban en la comisar\u00eda de Chablekal debido a que fueron informados de la realizaci\u00f3n de desalojos en casas de la comunidad. Vecinos salieron para protestar por la actuaci\u00f3n de la polic\u00eda. La polic\u00eda estatal respondi\u00f3 tirando gases lacrim\u00f3genos a la poblaci\u00f3n, entre los cuales hab\u00edan mujeres y ni\u00f1os.<\/p>\n<p>Al alejarse del lugar de los hechos, Martha Capetillo Pasos de Indignaci\u00f3n fue interceptada por polic\u00edas, quienes la golpearon y detuvieron. Jorge Fern\u00e1ndez Mendiburu, quien se acerc\u00f3 a auxiliarla, fue igualmente golpeado y detenido. Otros miembros de la organizaci\u00f3n fueron golpeados e incluso amarrados por elementos de la polic\u00eda.<\/p>\n<p>ACTUALIZACI\u00d3N 15:30hrs- Los dos miembros de Indignaci\u00f3n fueron liberados, pero habr\u00eda cuatro personas de la comunidad detenidas, incluyendo un menor de edad::<\/p>\n<p><a href=\"https:\/\/www.centrodemedioslibres.org\/2016\/05\/03\/policia-de-yucatan-golpea-detiene-y-luego-libera-a-defensores-de-derechos-humanos-del-equipo-indignacion-ac\/\" target=\"_blank\">https:\/\/www.centrodemedioslibres.org\/2016\/05\/03\/policia-de-yucatan-golpea-detiene-y-luego-libera-a-defensores-de-derechos-humanos-del-equipo-indignacion-ac\/<\/a><\/p>\n","protected":false},"excerpt":{"rendered":"<p>La polic\u00eda golpe\u00f3 y detuvo a miembros de Indignacion A.C. Jorge Fernandez Mendiburu y Martha Capetillo Pasos fueron golpeados y detenidos por polic\u00edas, quienes en estos momentos los llevan en &hellip; <a href=\"https:\/\/www.grieta.org.mx\/index.php\/2016\/05\/03\/policia-de-yucatan-golpea-detiene-y-luego-libera-a-defensores-de-derechos-humanos-del-equipo-indignacion-ac\/\" class=\"more-link\">Leer m\u00e1s<\/a><\/p>\n","protected":false},"author":2,"featured_media":21928,"comment_status":"closed","ping_status":"closed","sticky":false,"template":"","format":"standard","meta":{"ngg_post_thumbnail":0,"_jetpack_newsletter_access":"","_jetpack_dont_email_post_to_subs":false,"_jetpack_newsletter_tier_id":0,"_jetpack_memberships_contains_paywalled_content":false,"_jetpack_memberships_contains_paid_content":false,"footnotes":""},"categories":[80,153],"tags":[416,248,130],"class_list":["post-11905","post","type-post","status-publish","format-standard","has-post-thumbnail","hentry","category-cintillo","category-yucatan","tag-chablekal","tag-desalojo","tag-represion","entry"],"jetpack_featured_media_url":"https:\/\/www.grieta.org.mx\/wp-content\/uploads\/2018\/03\/14524434_1106112876131411_958039263622046936_o.jpg","jetpack_sharing_enabled":true,"jetpack_shortlink":"https:\/\/wp.me\/p7ZJR4-361","jetpack_likes_enabled":false,"jetpack-related-posts":[{"id":11860,"url":"https:\/\/www.grieta.org.mx\/index.php\/2016\/05\/03\/brutal-operativo-en-chablekal-con-gases-lacrimogenos-y-allanamiento-de-iglesia-contra-habitantes-y-equipo-indignacion\/","url_meta":{"origin":11905,"position":0},"title":"Brutal operativo en Chablekal con gases lacrim\u00f3genos y allanamiento de Iglesia contra habitantes y Equipo Indignaci\u00f3n","author":"grieta","date":"3 mayo, 2016","format":false,"excerpt":"Eduardo Lliteras Sent\u00edes.- El hartazgo social se desbord\u00f3 en la comisar\u00eda meridana de Chablekal. El catalizador fue el desalojo de un par de ancianos de su casa, llevado a cabo con el apoyo de decenas de polic\u00edas armados hasta los dientes que despu\u00e9s se convirtieron en centenares para enfrentar a\u2026","rel":"","context":"En &quot;CINTILLO&quot;","block_context":{"text":"CINTILLO","link":"https:\/\/www.grieta.org.mx\/index.php\/category\/cintillo\/"},"img":{"alt_text":"","src":"https:\/\/i0.wp.com\/www.grieta.org.mx\/wp-content\/uploads\/2018\/03\/14524434_1106112876131411_958039263622046936_o.jpg?resize=350%2C200&ssl=1","width":350,"height":200,"srcset":"https:\/\/i0.wp.com\/www.grieta.org.mx\/wp-content\/uploads\/2018\/03\/14524434_1106112876131411_958039263622046936_o.jpg?resize=350%2C200&ssl=1 1x, https:\/\/i0.wp.com\/www.grieta.org.mx\/wp-content\/uploads\/2018\/03\/14524434_1106112876131411_958039263622046936_o.jpg?resize=525%2C300&ssl=1 1.5x, https:\/\/i0.wp.com\/www.grieta.org.mx\/wp-content\/uploads\/2018\/03\/14524434_1106112876131411_958039263622046936_o.jpg?resize=700%2C400&ssl=1 2x"},"classes":[]},{"id":11902,"url":"https:\/\/www.grieta.org.mx\/index.php\/2016\/05\/03\/yucatan-tras-intento-de-desalojo-policia-estatal-agrede-a-pobladores-de-chablekal\/","url_meta":{"origin":11905,"position":1},"title":"Yucat\u00e1n: Tras intento de desalojo, polic\u00eda estatal agrede a pobladores de Chablekal","author":"grieta","date":"3 mayo, 2016","format":false,"excerpt":"El 3 de mayo de 2016, alrededor del mediod\u00eda, polic\u00edas estatales antimotines irrumpieron en la comunidad de Chablekal, comisaria de la ciudad de M\u00e9rida al norte del estado de Yucat\u00e1n, para realizar el desalojo de una familia, conformada principalmente por un abuelito mayor a los 90 a\u00f1os y tres mujeres\u2026","rel":"","context":"En &quot;CINTILLO&quot;","block_context":{"text":"CINTILLO","link":"https:\/\/www.grieta.org.mx\/index.php\/category\/cintillo\/"},"img":{"alt_text":"","src":"https:\/\/i0.wp.com\/www.grieta.org.mx\/wp-content\/uploads\/2018\/03\/14524434_1106112876131411_958039263622046936_o.jpg?resize=350%2C200&ssl=1","width":350,"height":200,"srcset":"https:\/\/i0.wp.com\/www.grieta.org.mx\/wp-content\/uploads\/2018\/03\/14524434_1106112876131411_958039263622046936_o.jpg?resize=350%2C200&ssl=1 1x, https:\/\/i0.wp.com\/www.grieta.org.mx\/wp-content\/uploads\/2018\/03\/14524434_1106112876131411_958039263622046936_o.jpg?resize=525%2C300&ssl=1 1.5x, https:\/\/i0.wp.com\/www.grieta.org.mx\/wp-content\/uploads\/2018\/03\/14524434_1106112876131411_958039263622046936_o.jpg?resize=700%2C400&ssl=1 2x"},"classes":[]},{"id":21048,"url":"https:\/\/www.grieta.org.mx\/index.php\/2016\/09\/05\/impune-violencia-contra-ciudadanos-en-chablekal-yucatan\/","url_meta":{"origin":11905,"position":2},"title":"Impune violencia contra ciudadanos en Chablekal  (Yucat\u00e1n)","author":"grieta","date":"5 septiembre, 2016","format":false,"excerpt":"El burocratismo que impera en la Procurar\u00eda General de la Rep\u00fablica (PGR), as\u00ed como en la Comisi\u00f3n de Derechos Humanos del Estado de Yucat\u00e1n (Codhey), deja impune la violencia registrada en Chablekal, comisar\u00eda de M\u00e9rida, as\u00ed como la agresi\u00f3n cometida en contra de representantes de organismos no gubernamentales, denunci\u00f3 la\u2026","rel":"","context":"En &quot;CINTILLO&quot;","block_context":{"text":"CINTILLO","link":"https:\/\/www.grieta.org.mx\/index.php\/category\/cintillo\/"},"img":{"alt_text":"","src":"https:\/\/i0.wp.com\/www.grieta.org.mx\/wp-content\/uploads\/2018\/03\/14524434_1106112876131411_958039263622046936_o.jpg?resize=350%2C200&ssl=1","width":350,"height":200,"srcset":"https:\/\/i0.wp.com\/www.grieta.org.mx\/wp-content\/uploads\/2018\/03\/14524434_1106112876131411_958039263622046936_o.jpg?resize=350%2C200&ssl=1 1x, https:\/\/i0.wp.com\/www.grieta.org.mx\/wp-content\/uploads\/2018\/03\/14524434_1106112876131411_958039263622046936_o.jpg?resize=525%2C300&ssl=1 1.5x, https:\/\/i0.wp.com\/www.grieta.org.mx\/wp-content\/uploads\/2018\/03\/14524434_1106112876131411_958039263622046936_o.jpg?resize=700%2C400&ssl=1 2x"},"classes":[]},{"id":11758,"url":"https:\/\/www.grieta.org.mx\/index.php\/2016\/05\/04\/comunicado-conjunto-del-cni-y-el-ezln-sobre-la-represion-en-la-comunidad-chablekal\/","url_meta":{"origin":11905,"position":3},"title":"Comunicado conjunto del CNI y el EZLN sobre la represi\u00f3n en la comunidad Chablek","author":"grieta","date":"4 mayo, 2016","format":false,"excerpt":"A los medios de comunicaci\u00f3n A las organizaciones de Derechos Humanos A la Uni\u00f3n de Pobladoras y Pobladores de Chablekal Al pueblo de M\u00e9xico Hermanas y Hermanos Los pueblos, comunidades, tribus, barrios, organizaciones y colectivos que conformamos el Congreso Nacional Ind\u00edgena, denunciamos y reprobamos los hechos ocurridos el d\u00eda de\u2026","rel":"","context":"En &quot;CINTILLO&quot;","block_context":{"text":"CINTILLO","link":"https:\/\/www.grieta.org.mx\/index.php\/category\/cintillo\/"},"img":{"alt_text":"","src":"https:\/\/i0.wp.com\/www.grieta.org.mx\/wp-content\/uploads\/2018\/03\/14524434_1106112876131411_958039263622046936_o.jpg?resize=350%2C200&ssl=1","width":350,"height":200,"srcset":"https:\/\/i0.wp.com\/www.grieta.org.mx\/wp-content\/uploads\/2018\/03\/14524434_1106112876131411_958039263622046936_o.jpg?resize=350%2C200&ssl=1 1x, https:\/\/i0.wp.com\/www.grieta.org.mx\/wp-content\/uploads\/2018\/03\/14524434_1106112876131411_958039263622046936_o.jpg?resize=525%2C300&ssl=1 1.5x, https:\/\/i0.wp.com\/www.grieta.org.mx\/wp-content\/uploads\/2018\/03\/14524434_1106112876131411_958039263622046936_o.jpg?resize=700%2C400&ssl=1 2x"},"classes":[]},{"id":6267,"url":"https:\/\/www.grieta.org.mx\/index.php\/2016\/09\/05\/denuncian-compra-ilegal-de-tierras-en-chablekal-yucatan-2\/","url_meta":{"origin":11905,"position":4},"title":"Represi\u00f3n y compra ilegal de tierras en Chablekal, Yucat\u00e1n","author":"grieta","date":"5 septiembre, 2016","format":false,"excerpt":"05\/09\/16. Impune violencia contra ciudadanos en Chablekal (Yucat\u00e1n) Tribuna 31\/08\/16. Pueblo maya de Chablekal denuncia despojo de tierras en beneficio de empresarios Kaosenlared 18\/05\/16. Chablekal exige en audiencia que se reconozca su derecho a la tierra y al territorio Kaosenlared 05\/05\/16. En libertad, los detenidos de Chablekal P\u00e1gin@bierta 05\/05\/16. Fallido\u2026","rel":"","context":"En &quot;16. Pueblo Maya&quot;","block_context":{"text":"16. Pueblo Maya","link":"https:\/\/www.grieta.org.mx\/index.php\/category\/espejos-de-la-resistencia\/16-pueblo-maya\/"},"img":{"alt_text":"","src":"https:\/\/i0.wp.com\/www.grieta.org.mx\/wp-content\/uploads\/2018\/03\/14524434_1106112876131411_958039263622046936_o.jpg?resize=350%2C200&ssl=1","width":350,"height":200,"srcset":"https:\/\/i0.wp.com\/www.grieta.org.mx\/wp-content\/uploads\/2018\/03\/14524434_1106112876131411_958039263622046936_o.jpg?resize=350%2C200&ssl=1 1x, https:\/\/i0.wp.com\/www.grieta.org.mx\/wp-content\/uploads\/2018\/03\/14524434_1106112876131411_958039263622046936_o.jpg?resize=525%2C300&ssl=1 1.5x, https:\/\/i0.wp.com\/www.grieta.org.mx\/wp-content\/uploads\/2018\/03\/14524434_1106112876131411_958039263622046936_o.jpg?resize=700%2C400&ssl=1 2x"},"classes":[]},{"id":56218,"url":"https:\/\/www.grieta.org.mx\/index.php\/2021\/01\/04\/preocupa-falta-de-sanciones-por-los-abusos-policiales-yucatan\/","url_meta":{"origin":11905,"position":5},"title":"Preocupa falta de sanciones por los abusos policiales (Yucat\u00e1n)","author":"grieta","date":"4 enero, 2021","format":false,"excerpt":"Iv\u00e1n Canul \/ Diario de Yucat\u00e1n Piden protocolo contra tortura \u201cUna de las preocupaciones en Yucat\u00e1n es la persistencia de la tortura\u201d, se\u00f1al\u00f3 Martha Capetillo Pasos, integrante de Equipo Indignaci\u00f3n, al opinar sobre el caso del joven de Xkanchak\u00e1n que presuntamente muri\u00f3 a manos de polic\u00edas municipales de Tecoh. Como\u2026","rel":"","context":"En &quot;Abuso Autoridades en Yucat\u00e1n&quot;","block_context":{"text":"Abuso Autoridades en Yucat\u00e1n","link":"https:\/\/www.grieta.org.mx\/index.php\/category\/noticias-nacionales\/yucatan\/abuso-autoridades-en-yucatan\/"},"img":{"alt_text":"","src":"https:\/\/i0.wp.com\/www.grieta.org.mx\/wp-content\/uploads\/2021\/01\/Tecoh.png?resize=350%2C200&ssl=1","width":350,"height":200,"srcset":"https:\/\/i0.wp.com\/www.grieta.org.mx\/wp-content\/uploads\/2021\/01\/Tecoh.png?resize=350%2C200&ssl=1 1x, https:\/\/i0.wp.com\/www.grieta.org.mx\/wp-content\/uploads\/2021\/01\/Tecoh.png?resize=525%2C300&ssl=1 1.5x"},"classes":[]}],"_links":{"self":[{"href":"https:\/\/www.grieta.org.mx\/index.php\/wp-json\/wp\/v2\/posts\/11905","targetHints":{"allow":["GET"]}}],"collection":[{"href":"https:\/\/www.grieta.org.mx\/index.php\/wp-json\/wp\/v2\/posts"}],"about":[{"href":"https:\/\/www.grieta.org.mx\/index.php\/wp-json\/wp\/v2\/types\/post"}],"author":[{"embeddable":true,"href":"https:\/\/www.grieta.org.mx\/index.php\/wp-json\/wp\/v2\/users\/2"}],"replies":[{"embeddable":true,"href":"https:\/\/www.grieta.org.mx\/index.php\/wp-json\/wp\/v2\/comments?post=11905"}],"version-history":[{"count":1,"href":"https:\/\/www.grieta.org.mx\/index.php\/wp-json\/wp\/v2\/posts\/11905\/revisions"}],"predecessor-version":[{"id":11906,"href":"https:\/\/www.grieta.org.mx\/index.php\/wp-json\/wp\/v2\/posts\/11905\/revisions\/11906"}],"wp:featuredmedia":[{"embeddable":true,"href":"https:\/\/www.grieta.org.mx\/index.php\/wp-json\/wp\/v2\/media\/21928"}],"wp:attachment":[{"href":"https:\/\/www.grieta.org.mx\/index.php\/wp-json\/wp\/v2\/media?parent=11905"}],"wp:term":[{"taxonomy":"category","embeddable":true,"href":"https:\/\/www.grieta.org.mx\/index.php\/wp-json\/wp\/v2\/categories?post=11905"},{"taxonomy":"post_tag","embeddable":true,"href":"https:\/\/www.grieta.org.mx\/index.php\/wp-json\/wp\/v2\/tags?post=11905"}],"curies":[{"name":"wp","href":"https:\/\/api.w.org\/{rel}","templated":true}]}}