{"id":11891,"date":"2016-05-03T21:44:01","date_gmt":"2016-05-03T21:44:01","guid":{"rendered":"http:\/\/www.grieta.org.mx\/?p=11891"},"modified":"2016-05-06T21:44:52","modified_gmt":"2016-05-06T21:44:52","slug":"con-ataudes-de-ejecutados-protestan-en-guachochi","status":"publish","type":"post","link":"https:\/\/www.grieta.org.mx\/index.php\/2016\/05\/03\/con-ataudes-de-ejecutados-protestan-en-guachochi\/","title":{"rendered":"Con ata\u00fades de ejecutados protestan en Guachochi"},"content":{"rendered":"<p>Familiares de las cinco personas asesinadas en Guachochi el pasado fin de semana, organizaron este martes un recorrido por las principales calles de la ciudad, en reclamo por la indetenible ola de violencia que se presenta y exigiendo a las autoridades un alto inmediato a esta nueva racha de terror, as\u00ed como el castigo a los responsables.<\/p>\n<p>Familiares y amigos de las v\u00edctimas aseguran que las autoridades estatales y federales act\u00faan con total opacidad e indiferencia en este tipo de casos y exigieron resultados inmediatos.<\/p>\n<p>Las personas victimadas el fin de semana est\u00e1n siendo veladas en la cabecera municipal de Guachochi y este martes familiares y amigos con sus f\u00e9retros se manifestaron en la poblaci\u00f3n.<\/p>\n<p>Sobre la plataforma de un cami\u00f3n de carga se colocaron los ata\u00fades, junto con algunas cartulinas con frases de repudio al crimen.<\/p>\n<p>Aseguraron los manifestantes que los agentes polic\u00edacos solamente  se limitan a realizar rondines en la cabecera municipal y atienden violaciones al bando de polic\u00eda y buen gobierno, dejando de lado lo referente a delincuencia organizada, narcotr\u00e1fico y hechos de alto impacto.<\/p>\n<p>En el exterior de presidencia municipal de Guachochi fueron externados los reclamos.<\/p>\n<p>Una de las v\u00edctimas fue identificado como H\u00e9ctor Fabian Pay\u00e1n Contreras de 19 a\u00f1os de edad era estudiante del octavo cuatrimestre de la carrera de Turismo en la Universidad Tecnol\u00f3gica de la Tarahumara, en el municipio de Guachochi; ten\u00eda promedio de 9.0 y era reconocido entre sus compa\u00f1eros y maestros por ser un alumno participativo.<\/p>\n<p>Los hoy occisos se llamaban en vida Elzer Palma Payan de 21 a\u00f1os; H\u00e9ctor Fabi\u00e1n Pay\u00e1n Contreras de 20 a\u00f1os y Ger\u00f3nimo Alonso Gonz\u00e1lez de 16 a\u00f1os de edad de origen rar\u00e1muri quien hab\u00eda pedido un avent\u00f3n para recoger una ropa en T\u00f3nachi que le dar\u00eda su padre, seg\u00fan expres\u00f3 el encargo de la funeraria local donde est\u00e1n velando a los difuntos.<\/p>\n<p>Adem\u00e1s de Edgar Josu\u00e9 Pay\u00e1n Olivas de 30 a\u00f1os aproximadamente, y Fabian Pay\u00e1n Esc\u00e1rcega de 44 a\u00f1os quien es el comisariado ejidal de T\u00f3nachi<\/p>\n<p>http:\/\/eldiariodechihuahua.mx\/Estado\/2016\/05\/03\/con-ataudes-de-ejecutados-protestan-en-guachochi\/<\/p>\n","protected":false},"excerpt":{"rendered":"<p>Familiares de las cinco personas asesinadas en Guachochi el pasado fin de semana, organizaron este martes un recorrido por las principales calles de la ciudad, en reclamo por la indetenible &hellip; <a href=\"https:\/\/www.grieta.org.mx\/index.php\/2016\/05\/03\/con-ataudes-de-ejecutados-protestan-en-guachochi\/\" class=\"more-link\">Leer m\u00e1s<\/a><\/p>\n","protected":false},"author":2,"featured_media":21928,"comment_status":"closed","ping_status":"closed","sticky":false,"template":"","format":"standard","meta":{"ngg_post_thumbnail":0,"_jetpack_newsletter_access":"","_jetpack_dont_email_post_to_subs":false,"_jetpack_newsletter_tier_id":0,"_jetpack_memberships_contains_paywalled_content":false,"_jetpack_memberships_contains_paid_content":false,"footnotes":""},"categories":[122,80],"tags":[644],"class_list":["post-11891","post","type-post","status-publish","format-standard","has-post-thumbnail","hentry","category-chihuahua","category-cintillo","tag-justicia","entry"],"jetpack_featured_media_url":"https:\/\/www.grieta.org.mx\/wp-content\/uploads\/2018\/03\/14524434_1106112876131411_958039263622046936_o.jpg","jetpack_sharing_enabled":true,"jetpack_shortlink":"https:\/\/wp.me\/p7ZJR4-35N","jetpack_likes_enabled":false,"jetpack-related-posts":[{"id":11885,"url":"https:\/\/www.grieta.org.mx\/index.php\/2016\/05\/03\/aqui-si-pasa-nada-protestan-en-guachochi-con-ataudes-de-ejecutados\/","url_meta":{"origin":11891,"position":0},"title":"Aqu\u00ed s\u00ed pasa nada: protestan en Guachochi con ata\u00fades de ejecutados","author":"grieta","date":"3 mayo, 2016","format":false,"excerpt":"**Familiares y amigos de las v\u00edctimas aseguran que las autoridades estatales y federales act\u00faan con total opacidad e indiferencia en este tipo de casos y exigieron resultados inmediatos. Familiares de las cinco personas asesinadas en Guachochi el pasado fin de semana, organizaron este martes una manifestaci\u00f3n por las principales calles\u2026","rel":"","context":"En &quot;chihuahua&quot;","block_context":{"text":"chihuahua","link":"https:\/\/www.grieta.org.mx\/index.php\/category\/chihuahua\/"},"img":{"alt_text":"","src":"https:\/\/i0.wp.com\/www.grieta.org.mx\/wp-content\/uploads\/2018\/03\/14524434_1106112876131411_958039263622046936_o.jpg?resize=350%2C200&ssl=1","width":350,"height":200,"srcset":"https:\/\/i0.wp.com\/www.grieta.org.mx\/wp-content\/uploads\/2018\/03\/14524434_1106112876131411_958039263622046936_o.jpg?resize=350%2C200&ssl=1 1x, https:\/\/i0.wp.com\/www.grieta.org.mx\/wp-content\/uploads\/2018\/03\/14524434_1106112876131411_958039263622046936_o.jpg?resize=525%2C300&ssl=1 1.5x, https:\/\/i0.wp.com\/www.grieta.org.mx\/wp-content\/uploads\/2018\/03\/14524434_1106112876131411_958039263622046936_o.jpg?resize=700%2C400&ssl=1 2x"},"classes":[]},{"id":11882,"url":"https:\/\/www.grieta.org.mx\/index.php\/2016\/05\/06\/familiares-de-asesinados-protestan-en-guachochi\/","url_meta":{"origin":11891,"position":1},"title":"Familiares de asesinados protestan en Guachochi","author":"grieta","date":"6 mayo, 2016","format":false,"excerpt":"03\/05\/16. Aqu\u00ed s\u00ed pasa nada: protestan en Guachochi con ata\u00fades de ejecutadosLa cr\u00f3nica de Chihuahua 03\/05\/15. Con ata\u00fades de ejecutados protestan en GuachochiEl diario de Chihuahua 02\/05\/16. Asesinan a cinco personas en ChihuahuaProceso","rel":"","context":"En &quot;Chihuahua&quot;","block_context":{"text":"Chihuahua","link":"https:\/\/www.grieta.org.mx\/index.php\/category\/noticias-nacionales\/chihuahua\/"},"img":{"alt_text":"","src":"https:\/\/i0.wp.com\/www.grieta.org.mx\/wp-content\/uploads\/2018\/03\/14524434_1106112876131411_958039263622046936_o.jpg?resize=350%2C200&ssl=1","width":350,"height":200,"srcset":"https:\/\/i0.wp.com\/www.grieta.org.mx\/wp-content\/uploads\/2018\/03\/14524434_1106112876131411_958039263622046936_o.jpg?resize=350%2C200&ssl=1 1x, https:\/\/i0.wp.com\/www.grieta.org.mx\/wp-content\/uploads\/2018\/03\/14524434_1106112876131411_958039263622046936_o.jpg?resize=525%2C300&ssl=1 1.5x, https:\/\/i0.wp.com\/www.grieta.org.mx\/wp-content\/uploads\/2018\/03\/14524434_1106112876131411_958039263622046936_o.jpg?resize=700%2C400&ssl=1 2x"},"classes":[]},{"id":13392,"url":"https:\/\/www.grieta.org.mx\/index.php\/2016\/05\/25\/supervisan-nuevo-cuartel-militar-en-guachochi\/","url_meta":{"origin":11891,"position":2},"title":"Supervisan nuevo cuartel militar en Guachochi","author":"grieta","date":"25 mayo, 2016","format":false,"excerpt":"El Diario Orlando Ch\u00e1vez En gira de trabajo por la zona serrana el gobernador C\u00e9sar Duarte y el secretario de la Defensa Nacional (Sedena), Salvador Cienfuegos Zepeda, realizaron ayer al mediod\u00eda una supervisi\u00f3n de las nuevas instalaciones militares, en el municipio de Guachochi. En su mensaje, el titular del Ejecutivo\u2026","rel":"","context":"En &quot;chihuahua&quot;","block_context":{"text":"chihuahua","link":"https:\/\/www.grieta.org.mx\/index.php\/category\/chihuahua\/"},"img":{"alt_text":"","src":"https:\/\/i0.wp.com\/www.grieta.org.mx\/wp-content\/uploads\/2018\/03\/14524434_1106112876131411_958039263622046936_o.jpg?resize=350%2C200&ssl=1","width":350,"height":200,"srcset":"https:\/\/i0.wp.com\/www.grieta.org.mx\/wp-content\/uploads\/2018\/03\/14524434_1106112876131411_958039263622046936_o.jpg?resize=350%2C200&ssl=1 1x, https:\/\/i0.wp.com\/www.grieta.org.mx\/wp-content\/uploads\/2018\/03\/14524434_1106112876131411_958039263622046936_o.jpg?resize=525%2C300&ssl=1 1.5x, https:\/\/i0.wp.com\/www.grieta.org.mx\/wp-content\/uploads\/2018\/03\/14524434_1106112876131411_958039263622046936_o.jpg?resize=700%2C400&ssl=1 2x"},"classes":[]},{"id":13400,"url":"https:\/\/www.grieta.org.mx\/index.php\/2016\/05\/28\/arriban-a-guachochi-mas-de-500-soldados\/","url_meta":{"origin":11891,"position":3},"title":"Arriban a Guachochi m\u00e1s de 500 soldados","author":"grieta","date":"28 mayo, 2016","format":false,"excerpt":"M\u00e1s de 500 efectivos del Ej\u00e9rcito Mexicano, arribaron a este municipio serrano, a fin de integrar el 21 Batall\u00f3n de la Polic\u00eda Militar, que tendr\u00e1 funciones de vigilancia y recorridos permanentes por diversas zonas de la sierra; el destacamento cuenta con equipamiento terrestre, tipo todo terreno, as\u00ed como armamento operativo\u2026","rel":"","context":"En &quot;chihuahua&quot;","block_context":{"text":"chihuahua","link":"https:\/\/www.grieta.org.mx\/index.php\/category\/chihuahua\/"},"img":{"alt_text":"","src":"https:\/\/i0.wp.com\/www.grieta.org.mx\/wp-content\/uploads\/2018\/03\/14524434_1106112876131411_958039263622046936_o.jpg?resize=350%2C200&ssl=1","width":350,"height":200,"srcset":"https:\/\/i0.wp.com\/www.grieta.org.mx\/wp-content\/uploads\/2018\/03\/14524434_1106112876131411_958039263622046936_o.jpg?resize=350%2C200&ssl=1 1x, https:\/\/i0.wp.com\/www.grieta.org.mx\/wp-content\/uploads\/2018\/03\/14524434_1106112876131411_958039263622046936_o.jpg?resize=525%2C300&ssl=1 1.5x, https:\/\/i0.wp.com\/www.grieta.org.mx\/wp-content\/uploads\/2018\/03\/14524434_1106112876131411_958039263622046936_o.jpg?resize=700%2C400&ssl=1 2x"},"classes":[]},{"id":11894,"url":"https:\/\/www.grieta.org.mx\/index.php\/2016\/05\/02\/asesinan-a-cinco-personas-en-chihuahua\/","url_meta":{"origin":11891,"position":4},"title":"Asesinan a cinco personas en Chihuahua","author":"grieta","date":"2 mayo, 2016","format":false,"excerpt":"Patricia Mayorga Proceso Por lo menos siete personas fueron privadas de su libertad el jueves pasado y cinco de ellas fueron localizadas sin vida ayer en el municipio de Guachochi. El pasado jueves fueron privadas de su libertad varias personas cerca del ejido de T\u00f3nachi, localizado a unos 40 minutos\u2026","rel":"","context":"En &quot;chihuahua&quot;","block_context":{"text":"chihuahua","link":"https:\/\/www.grieta.org.mx\/index.php\/category\/chihuahua\/"},"img":{"alt_text":"","src":"https:\/\/i0.wp.com\/www.grieta.org.mx\/wp-content\/uploads\/2018\/03\/14524434_1106112876131411_958039263622046936_o.jpg?resize=350%2C200&ssl=1","width":350,"height":200,"srcset":"https:\/\/i0.wp.com\/www.grieta.org.mx\/wp-content\/uploads\/2018\/03\/14524434_1106112876131411_958039263622046936_o.jpg?resize=350%2C200&ssl=1 1x, https:\/\/i0.wp.com\/www.grieta.org.mx\/wp-content\/uploads\/2018\/03\/14524434_1106112876131411_958039263622046936_o.jpg?resize=525%2C300&ssl=1 1.5x, https:\/\/i0.wp.com\/www.grieta.org.mx\/wp-content\/uploads\/2018\/03\/14524434_1106112876131411_958039263622046936_o.jpg?resize=700%2C400&ssl=1 2x"},"classes":[]},{"id":13388,"url":"https:\/\/www.grieta.org.mx\/index.php\/2016\/05\/27\/600-militares-cuidaran-la-sierra-instalan-base-en-guachochi\/","url_meta":{"origin":11891,"position":5},"title":"600 militares cuidar\u00e1n la Sierra; instalan base en Guachochi","author":"grieta","date":"27 mayo, 2016","format":false,"excerpt":"Tiempo Pedro Fierro S. A varios kil\u00f3metros de la cabecera municipal, estos elementos realizar\u00e1n patrullajes con el fin del combate al narcotr\u00e1fico, luego de diferentes situaciones que ocurren desde los \u00faltimos meses. C\u00e9sar Duarte, gobernador de Chihuahua afirm\u00f3 que ser\u00e1 la Polic\u00eda Militar quien ejerza estas funciones y afirm\u00f3 que\u2026","rel":"","context":"En &quot;chihuahua&quot;","block_context":{"text":"chihuahua","link":"https:\/\/www.grieta.org.mx\/index.php\/category\/chihuahua\/"},"img":{"alt_text":"","src":"https:\/\/i0.wp.com\/www.grieta.org.mx\/wp-content\/uploads\/2018\/03\/14524434_1106112876131411_958039263622046936_o.jpg?resize=350%2C200&ssl=1","width":350,"height":200,"srcset":"https:\/\/i0.wp.com\/www.grieta.org.mx\/wp-content\/uploads\/2018\/03\/14524434_1106112876131411_958039263622046936_o.jpg?resize=350%2C200&ssl=1 1x, https:\/\/i0.wp.com\/www.grieta.org.mx\/wp-content\/uploads\/2018\/03\/14524434_1106112876131411_958039263622046936_o.jpg?resize=525%2C300&ssl=1 1.5x, https:\/\/i0.wp.com\/www.grieta.org.mx\/wp-content\/uploads\/2018\/03\/14524434_1106112876131411_958039263622046936_o.jpg?resize=700%2C400&ssl=1 2x"},"classes":[]}],"_links":{"self":[{"href":"https:\/\/www.grieta.org.mx\/index.php\/wp-json\/wp\/v2\/posts\/11891","targetHints":{"allow":["GET"]}}],"collection":[{"href":"https:\/\/www.grieta.org.mx\/index.php\/wp-json\/wp\/v2\/posts"}],"about":[{"href":"https:\/\/www.grieta.org.mx\/index.php\/wp-json\/wp\/v2\/types\/post"}],"author":[{"embeddable":true,"href":"https:\/\/www.grieta.org.mx\/index.php\/wp-json\/wp\/v2\/users\/2"}],"replies":[{"embeddable":true,"href":"https:\/\/www.grieta.org.mx\/index.php\/wp-json\/wp\/v2\/comments?post=11891"}],"version-history":[{"count":1,"href":"https:\/\/www.grieta.org.mx\/index.php\/wp-json\/wp\/v2\/posts\/11891\/revisions"}],"predecessor-version":[{"id":11892,"href":"https:\/\/www.grieta.org.mx\/index.php\/wp-json\/wp\/v2\/posts\/11891\/revisions\/11892"}],"wp:featuredmedia":[{"embeddable":true,"href":"https:\/\/www.grieta.org.mx\/index.php\/wp-json\/wp\/v2\/media\/21928"}],"wp:attachment":[{"href":"https:\/\/www.grieta.org.mx\/index.php\/wp-json\/wp\/v2\/media?parent=11891"}],"wp:term":[{"taxonomy":"category","embeddable":true,"href":"https:\/\/www.grieta.org.mx\/index.php\/wp-json\/wp\/v2\/categories?post=11891"},{"taxonomy":"post_tag","embeddable":true,"href":"https:\/\/www.grieta.org.mx\/index.php\/wp-json\/wp\/v2\/tags?post=11891"}],"curies":[{"name":"wp","href":"https:\/\/api.w.org\/{rel}","templated":true}]}}