{"id":11855,"date":"2016-04-25T08:56:44","date_gmt":"2016-04-25T08:56:44","guid":{"rendered":"http:\/\/www.grieta.org.mx\/?p=11855"},"modified":"2016-05-06T09:02:14","modified_gmt":"2016-05-06T09:02:14","slug":"se-manifiestan-mujeres-en-chilpancingo-contra-aumento-de-feminicidios-en-el-estado","status":"publish","type":"post","link":"https:\/\/www.grieta.org.mx\/index.php\/2016\/04\/25\/se-manifiestan-mujeres-en-chilpancingo-contra-aumento-de-feminicidios-en-el-estado\/","title":{"rendered":"Se manifiestan mujeres en Chilpancingo contra aumento de feminicidios en el estado"},"content":{"rendered":"<p>La Jornada Guerrero<\/p>\n<p>Margena de la O<\/p>\n<p>Chilpancingo, 24 de abril. \u201cAstudillo escucha, mujeres en la lucha\u201d, gritaron las mujeres a manera de reclamo al gobernador, H\u00e9ctor Astudillo Flores, durante la marcha en Chilpancingo como parte del movimiento nacional contra las violencias machistas.<\/p>\n<p>El contingente de la marcha integrado por decenas de mujeres y hombres recorri\u00f3 de la estela Bicentenario hasta el Z\u00f3calo, donde terminaron con un performance que retrat\u00f3 la situaci\u00f3n de muertes de mujeres en Guerrero: mujeres acostadas en la plaza Primer Congreso de An\u00e1huac inm\u00f3viles. Inertes.<\/p>\n<p>El a\u00f1o 2015 cerr\u00f3 con 162 mujeres asesinadas, de acuerdo al recuento de un peri\u00f3dico estatal, que tambi\u00e9n espec\u00edfico que la mayor\u00eda de los cr\u00edmenes los cometieron con arma de fuego.<\/p>\n<p>La violencia contra las mujeres no s\u00f3lo es alarmante en n\u00famero, tambi\u00e9n en forma. De acuerdo a la acad\u00e9mica Rosa Icela Ojeda, quien tiene un trabajo profundo en el tema, advirti\u00f3, en su momento, que aument\u00f3 \u201cla crueldad y la impunidad\u201d de los cr\u00edmenes contra mujeres.<\/p>\n<p>A\u00fan con las cifras en Guerrero no hay indicios de que pueda decretarse una alerta de g\u00e9nero.<\/p>\n<p>De acuerdo al art\u00edculo 33 de la Ley 553 de Acceso de las Mujeres de una vida libre de violencia local, la declaratoria de alerta de violencia de g\u00e9nero en Guerrero, s\u00f3lo la puede emitir el gobierno estatal a trav\u00e9s de la Secretar\u00eda de Gobierno. Esto sucede porque la ley local no est\u00e1 armonizada con la general.<\/p>\n<p>Para que la declaratoria proceda, las organizaciones sociales, de mujeres o gobiernos municipales deben pedir y sustentar ante la Comisi\u00f3n Estatal de Defensa de los Derechos Humanos (Coddehum) que en \u201cdicha zona (h\u00e1blese de una regi\u00f3n o lugar en particular)\u201d las mujeres se encuentran atemorizadas por conducta violenta de propios y extra\u00f1os. Y el organismo debe encargarse de hacer la petici\u00f3n formal al gobierno estatal.<\/p>\n<p>\u201c\u00a1No queremos machos que nos asesinen!\u201d, gritaron las mujeres durante la marcha. Hab\u00eda todo tipo de mujeres: j\u00f3venes, maduras, adultas, estudiantes, acad\u00e9micas, profesionistas, con trabajo y activismo en el tema, bur\u00f3cratas, universitarias, hijas, madres, amas de casa&#8230; Mujeres. Vest\u00edan el color morado, distinto de los movimientos feministas. Tambi\u00e9n hab\u00eda hombres secundando la movilizaci\u00f3n.<\/p>\n<p>Para la marcha, modificaron canciones, consignas sociales, porras y frases con mensajes por la defensa de los derechos de las mujeres o por la condici\u00f3n de igualdad entre hombres y mujeres. \u201c\u00a1No queremos m\u00e1s convenios, queremos justicia!\u201d, fue otro de los gritos que se escucharon durante la marcha.\u201d<\/p>\n<p>Erika Salinas Valadez, una de las mujeres que participaron en la marcha, coment\u00f3 de su hartazgo de la violencia &#8220;del sistema patriarcal&#8221;, de salir y sortear el acoso callejero, de los abusos en todos los niveles. Convoc\u00f3 a todos a no permitirlo.<\/p>\n<p>Exhort\u00f3 al gobernador a crear estrategias para frenar la violencia contra las mujeres en Guerrero. \u201cSabemos, por ejemplo, que Acapulco es uno de los municipios m\u00e1s violentos del pa\u00eds\u201d.<\/p>\n<p><a href=\"http:\/\/www.lajornadaguerrero.com.mx\/2016\/04\/25\/index.php?section=sociedad&amp;article=008n2soc\">http:\/\/www.lajornadaguerrero.com.mx\/2016\/04\/25\/index.php?section=sociedad&amp;article=008n2soc<\/a><\/p>\n","protected":false},"excerpt":{"rendered":"<p>La Jornada Guerrero Margena de la O Chilpancingo, 24 de abril. \u201cAstudillo escucha, mujeres en la lucha\u201d, gritaron las mujeres a manera de reclamo al gobernador, H\u00e9ctor Astudillo Flores, durante &hellip; <a href=\"https:\/\/www.grieta.org.mx\/index.php\/2016\/04\/25\/se-manifiestan-mujeres-en-chilpancingo-contra-aumento-de-feminicidios-en-el-estado\/\" class=\"more-link\">Leer m\u00e1s<\/a><\/p>\n","protected":false},"author":2,"featured_media":21928,"comment_status":"closed","ping_status":"closed","sticky":false,"template":"","format":"standard","meta":{"ngg_post_thumbnail":0,"_jetpack_newsletter_access":"","_jetpack_dont_email_post_to_subs":false,"_jetpack_newsletter_tier_id":0,"_jetpack_memberships_contains_paywalled_content":false,"_jetpack_memberships_contains_paid_content":false,"footnotes":""},"categories":[84],"tags":[81],"class_list":["post-11855","post","type-post","status-publish","format-standard","has-post-thumbnail","hentry","category-feminicidios","tag-feminicidios","entry"],"jetpack_featured_media_url":"https:\/\/www.grieta.org.mx\/wp-content\/uploads\/2018\/03\/14524434_1106112876131411_958039263622046936_o.jpg","jetpack_sharing_enabled":true,"jetpack_shortlink":"https:\/\/wp.me\/p7ZJR4-35d","jetpack_likes_enabled":false,"jetpack-related-posts":[{"id":30387,"url":"https:\/\/www.grieta.org.mx\/index.php\/2019\/03\/08\/feministas-y-defensoras-de-derechos-humanos-marchan-en-guerrero-contra-feminicidios\/","url_meta":{"origin":11855,"position":0},"title":"Feministas y defensoras de derechos humanos marchan en Guerrero contra feminicidios","author":"grieta","date":"8 marzo, 2019","format":false,"excerpt":"Carlos Navarrete Romero \/ El Heraldo de M\u00e9xico Para exigir justicia por todas las mujeres asesinadas y frenar la violencia feminicida que padece la entidad, feministas, acad\u00e9micas y defensoras de derechos humanos, marchan en la ciudad de Chilpancingo, Guerrero. La movilizaci\u00f3n comenz\u00f3 a las 11:30 horas de este viernes en\u2026","rel":"","context":"En &quot;CINTILLO&quot;","block_context":{"text":"CINTILLO","link":"https:\/\/www.grieta.org.mx\/index.php\/category\/cintillo\/"},"img":{"alt_text":"","src":"https:\/\/i0.wp.com\/www.grieta.org.mx\/wp-content\/uploads\/2019\/03\/marcha_guerrero_mujeres.jpg?resize=350%2C200&ssl=1","width":350,"height":200,"srcset":"https:\/\/i0.wp.com\/www.grieta.org.mx\/wp-content\/uploads\/2019\/03\/marcha_guerrero_mujeres.jpg?resize=350%2C200&ssl=1 1x, https:\/\/i0.wp.com\/www.grieta.org.mx\/wp-content\/uploads\/2019\/03\/marcha_guerrero_mujeres.jpg?resize=525%2C300&ssl=1 1.5x"},"classes":[]},{"id":45560,"url":"https:\/\/www.grieta.org.mx\/index.php\/2020\/02\/14\/guerrero-en-2019-de-190-mujeres-asesinadas-solo-16-casos-fueron-tipificados-como-feminicidio\/","url_meta":{"origin":11855,"position":1},"title":"Guerrero en 2019: de 190 mujeres asesinadas, solo 16 casos fueron tipificados como feminicidio","author":"Admin","date":"14 febrero, 2020","format":false,"excerpt":"Ezequiel Flores Contreras \/ Proceso CHILPANCINGO. Gro. (apro).- El a\u00f1o pasado se registraron 190 asesinatos de mujeres, de los cuales 174 fueron tipificados como homicidios dolosos y 16 como feminicidios, seg\u00fan cifras del Secretariado Ejecutivo Sistema Nacional de Seguridad P\u00fablica. De acuerdo al reporte de enero a diciembre de 2019\u2026","rel":"","context":"En &quot;CINTILLO&quot;","block_context":{"text":"CINTILLO","link":"https:\/\/www.grieta.org.mx\/index.php\/category\/cintillo\/"},"img":{"alt_text":"","src":"https:\/\/i0.wp.com\/www.grieta.org.mx\/wp-content\/uploads\/2020\/03\/52011635b4f0eb7f66-191016_topochico_04-1-870x522.jpg?resize=350%2C200&ssl=1","width":350,"height":200,"srcset":"https:\/\/i0.wp.com\/www.grieta.org.mx\/wp-content\/uploads\/2020\/03\/52011635b4f0eb7f66-191016_topochico_04-1-870x522.jpg?resize=350%2C200&ssl=1 1x, https:\/\/i0.wp.com\/www.grieta.org.mx\/wp-content\/uploads\/2020\/03\/52011635b4f0eb7f66-191016_topochico_04-1-870x522.jpg?resize=525%2C300&ssl=1 1.5x, https:\/\/i0.wp.com\/www.grieta.org.mx\/wp-content\/uploads\/2020\/03\/52011635b4f0eb7f66-191016_topochico_04-1-870x522.jpg?resize=700%2C400&ssl=1 2x"},"classes":[]},{"id":9295,"url":"https:\/\/www.grieta.org.mx\/index.php\/2015\/08\/27\/feminicidios-en-guerrero-similares-a-paises-en-guerra\/","url_meta":{"origin":11855,"position":2},"title":"Feminicidios en Guerrero similares a pa\u00edses en guerra","author":"grieta","date":"27 agosto, 2015","format":false,"excerpt":"Rosario Garcia Orozco S\u00edntesis de Guerrero Rosa Icela Ojeda Rivera, esposa del gobernador, Rogelio Ortega Mart\u00ednez, reconoci\u00f3 que los \u00edndices de feminicidio en Guerrero se compara con los que registran pa\u00edses en Guerra. Inform\u00f3 que de acuerdo al cifras actualizadas, durante los \u00faltimos diez a\u00f1os se han registrado mil 293\u2026","rel":"","context":"En &quot;CINTILLO&quot;","block_context":{"text":"CINTILLO","link":"https:\/\/www.grieta.org.mx\/index.php\/category\/cintillo\/"},"img":{"alt_text":"","src":"https:\/\/i0.wp.com\/www.grieta.org.mx\/wp-content\/uploads\/2018\/03\/14524434_1106112876131411_958039263622046936_o.jpg?resize=350%2C200&ssl=1","width":350,"height":200,"srcset":"https:\/\/i0.wp.com\/www.grieta.org.mx\/wp-content\/uploads\/2018\/03\/14524434_1106112876131411_958039263622046936_o.jpg?resize=350%2C200&ssl=1 1x, https:\/\/i0.wp.com\/www.grieta.org.mx\/wp-content\/uploads\/2018\/03\/14524434_1106112876131411_958039263622046936_o.jpg?resize=525%2C300&ssl=1 1.5x, https:\/\/i0.wp.com\/www.grieta.org.mx\/wp-content\/uploads\/2018\/03\/14524434_1106112876131411_958039263622046936_o.jpg?resize=700%2C400&ssl=1 2x"},"classes":[]},{"id":38967,"url":"https:\/\/www.grieta.org.mx\/index.php\/2019\/09\/04\/van-160-mujeres-asesinadas-en-guerrero-en-lo-que-va-de-2019\/","url_meta":{"origin":11855,"position":3},"title":"Van 160 mujeres asesinadas en Guerrero en lo que va de 2019","author":"Admin","date":"4 septiembre, 2019","format":false,"excerpt":"Eduardo Salgado S\u00e1nchez \/ Enfoque Al cerrar el segundo cuatrimestre de 2019, en Guerrero se han registrado 160 muertes de mujeres con presunci\u00f3n de feminicidios, de los cuales, la mayor\u00eda de los casos se han presentado en el puerto de Acapulco, lament\u00f3 Enrique Solano L\u00f3pez, secretario general de Hombres y\u2026","rel":"","context":"En &quot;CINTILLO&quot;","block_context":{"text":"CINTILLO","link":"https:\/\/www.grieta.org.mx\/index.php\/category\/cintillo\/"},"img":{"alt_text":"","src":"https:\/\/i0.wp.com\/www.grieta.org.mx\/wp-content\/uploads\/2019\/09\/Captura-de-pantalla-2019-09-09-09.45.34.png?resize=350%2C200&ssl=1","width":350,"height":200},"classes":[]},{"id":57525,"url":"https:\/\/www.grieta.org.mx\/index.php\/2021\/03\/09\/las-ninas-participan-en-la-marcha-del-8m-en-chilpancingo-guerrero\/","url_meta":{"origin":11855,"position":4},"title":"Las ni\u00f1as participan en la marcha del 8M en Chilpancingo (Guerrero)","author":"Admin","date":"9 marzo, 2021","format":false,"excerpt":"Por Beatriz Garc\u00eda \/ Amapola Fotos: Jos\u00e9 Luis de la Cruz Las voces y consignas de cientos mujeres, entre ellas ni\u00f1as, resonaron en las calles de la ciudad. Tambi\u00e9n ondearon banderas moradas al comp\u00e1s de percusiones para conmemorar, no para celebrar, en el D\u00eda Internacional de la Mujer. La cita\u2026","rel":"","context":"En &quot;CINTILLO&quot;","block_context":{"text":"CINTILLO","link":"https:\/\/www.grieta.org.mx\/index.php\/category\/cintillo\/"},"img":{"alt_text":"","src":"https:\/\/i0.wp.com\/www.grieta.org.mx\/wp-content\/uploads\/2021\/03\/Captura-de-Pantalla-2021-03-09-a-las-15.55.13-min.png?resize=350%2C200&ssl=1","width":350,"height":200,"srcset":"https:\/\/i0.wp.com\/www.grieta.org.mx\/wp-content\/uploads\/2021\/03\/Captura-de-Pantalla-2021-03-09-a-las-15.55.13-min.png?resize=350%2C200&ssl=1 1x, https:\/\/i0.wp.com\/www.grieta.org.mx\/wp-content\/uploads\/2021\/03\/Captura-de-Pantalla-2021-03-09-a-las-15.55.13-min.png?resize=525%2C300&ssl=1 1.5x, https:\/\/i0.wp.com\/www.grieta.org.mx\/wp-content\/uploads\/2021\/03\/Captura-de-Pantalla-2021-03-09-a-las-15.55.13-min.png?resize=700%2C400&ssl=1 2x, https:\/\/i0.wp.com\/www.grieta.org.mx\/wp-content\/uploads\/2021\/03\/Captura-de-Pantalla-2021-03-09-a-las-15.55.13-min.png?resize=1050%2C600&ssl=1 3x, https:\/\/i0.wp.com\/www.grieta.org.mx\/wp-content\/uploads\/2021\/03\/Captura-de-Pantalla-2021-03-09-a-las-15.55.13-min.png?resize=1400%2C800&ssl=1 4x"},"classes":[]},{"id":9352,"url":"https:\/\/www.grieta.org.mx\/index.php\/2016\/07\/08\/feminicidios-en-guerrero-2\/","url_meta":{"origin":11855,"position":5},"title":"Feminicidios en Guerrero","author":"grieta","date":"8 julio, 2016","format":false,"excerpt":"02\/07\/16. Guerrero, donde m\u00e1s asesinan a mujeres de entre 15 y 30 a\u00f1os; exigen activar Alerta de G\u00e9nero 24 Horas 01\/07\/16. En Guerrero la mayor tasa de feminicidios del pa\u00eds: ONU Bajo Palabra 01\/07\/16. Guerrero, primer lugar nacional en asesinatos de mujeres Regeneraci\u00f3n 09\/06\/16. Vinculan asesinatos de mujeres al narco\u2026","rel":"","context":"En &quot;Feminicidios&quot;","block_context":{"text":"Feminicidios","link":"https:\/\/www.grieta.org.mx\/index.php\/category\/temas-nacionales\/feminicidios\/"},"img":{"alt_text":"","src":"https:\/\/i0.wp.com\/www.grieta.org.mx\/wp-content\/uploads\/2018\/03\/14524434_1106112876131411_958039263622046936_o.jpg?resize=350%2C200&ssl=1","width":350,"height":200,"srcset":"https:\/\/i0.wp.com\/www.grieta.org.mx\/wp-content\/uploads\/2018\/03\/14524434_1106112876131411_958039263622046936_o.jpg?resize=350%2C200&ssl=1 1x, https:\/\/i0.wp.com\/www.grieta.org.mx\/wp-content\/uploads\/2018\/03\/14524434_1106112876131411_958039263622046936_o.jpg?resize=525%2C300&ssl=1 1.5x, https:\/\/i0.wp.com\/www.grieta.org.mx\/wp-content\/uploads\/2018\/03\/14524434_1106112876131411_958039263622046936_o.jpg?resize=700%2C400&ssl=1 2x"},"classes":[]}],"_links":{"self":[{"href":"https:\/\/www.grieta.org.mx\/index.php\/wp-json\/wp\/v2\/posts\/11855","targetHints":{"allow":["GET"]}}],"collection":[{"href":"https:\/\/www.grieta.org.mx\/index.php\/wp-json\/wp\/v2\/posts"}],"about":[{"href":"https:\/\/www.grieta.org.mx\/index.php\/wp-json\/wp\/v2\/types\/post"}],"author":[{"embeddable":true,"href":"https:\/\/www.grieta.org.mx\/index.php\/wp-json\/wp\/v2\/users\/2"}],"replies":[{"embeddable":true,"href":"https:\/\/www.grieta.org.mx\/index.php\/wp-json\/wp\/v2\/comments?post=11855"}],"version-history":[{"count":1,"href":"https:\/\/www.grieta.org.mx\/index.php\/wp-json\/wp\/v2\/posts\/11855\/revisions"}],"predecessor-version":[{"id":11856,"href":"https:\/\/www.grieta.org.mx\/index.php\/wp-json\/wp\/v2\/posts\/11855\/revisions\/11856"}],"wp:featuredmedia":[{"embeddable":true,"href":"https:\/\/www.grieta.org.mx\/index.php\/wp-json\/wp\/v2\/media\/21928"}],"wp:attachment":[{"href":"https:\/\/www.grieta.org.mx\/index.php\/wp-json\/wp\/v2\/media?parent=11855"}],"wp:term":[{"taxonomy":"category","embeddable":true,"href":"https:\/\/www.grieta.org.mx\/index.php\/wp-json\/wp\/v2\/categories?post=11855"},{"taxonomy":"post_tag","embeddable":true,"href":"https:\/\/www.grieta.org.mx\/index.php\/wp-json\/wp\/v2\/tags?post=11855"}],"curies":[{"name":"wp","href":"https:\/\/api.w.org\/{rel}","templated":true}]}}