{"id":11852,"date":"2016-04-25T08:46:24","date_gmt":"2016-04-25T08:46:24","guid":{"rendered":"http:\/\/www.grieta.org.mx\/?p=11852"},"modified":"2016-05-18T07:45:33","modified_gmt":"2016-05-18T07:45:33","slug":"marchan-en-acapulco-organismos-contra-la-violencia-el-acoso-y-el-abuso-sexual","status":"publish","type":"post","link":"https:\/\/www.grieta.org.mx\/index.php\/2016\/04\/25\/marchan-en-acapulco-organismos-contra-la-violencia-el-acoso-y-el-abuso-sexual\/","title":{"rendered":"Marchan en Acapulco organismos contra la violencia, el acoso y el abuso sexual"},"content":{"rendered":"<p>La Jornada Guerrero<\/p>\n<p>Abby Perezcano<\/p>\n<p>El Colectivo de Organizaciones Feministas radicadas en Acapulco se uni\u00f3 a la Movilizaci\u00f3n Nacional contra las Violencias Machistas que se realiz\u00f3 el domingo en distintas ciudades del pa\u00eds.<br \/>\nA partir de las 17:30 horas, aproximadamente 200 personas, entre mujeres y hombres, marcharon sobre la avenida Costera, de la Diana al Z\u00f3calo, para condenar el acoso, el abuso sexual y el feminicio.<\/p>\n<p>Los participantes de la movilizaci\u00f3n vest\u00edan en su mayor\u00eda ropa morada o negra, portaron lonas y cartulinas, y lanzaron consignas contra el machismo y para exigir justicia por las mujeres que han sido asesinadas en la entidad.<\/p>\n<p>\u201cNo nos trates de enga\u00f1ar\u201d, \u201cNo somos 10, no somos 100, pinche gobierno cuentanos bien\u201d, \u201casesinos, asesinos, asesinos son ustedes, en Guerrero las que mueren son mujeres\u201d, \u201cno nos trates de enga\u00f1ar, somos todas feministas y venimos a luchar\u201d, eran algunas de las consignas que lanzaron.<\/p>\n<p>Las feministas destacaron que ha sido dif\u00edcil visibilizar las demandas y problem\u00e1ticas de las mujeres en los medios masivos de comunicaci\u00f3n.<\/p>\n<p>Se\u00f1alaron que todas las mujeres de M\u00e9xico tienen historias de acoso y\/o violencia. De igual forma, condenaron los altos niveles de violencia contra las mujeres que se viven en Guerrero, y como est\u00e1 normalizada esta situaci\u00f3n.<\/p>\n<p>Manifestaron que la marcha que llamaron 24A o \u201cLa marea morada\u201d estaba acompa\u00f1ada de la indignaci\u00f3n, rabia, impotencia e impunidad con la que se trata la violencia hacia las mujeres.<br \/>\nExigieron a los gobiernos erradicar todo tipo de violencia contra las mujeres, a trav\u00e9s de estrategias efectivas e integrales, entre ellas la alerta de g\u00e9nero en Guerrero.<\/p>\n<p>http:\/\/www.lajornadaguerrero.com.mx\/2016\/04\/25\/index.php?section=sociedad&#038;article=008n1soc<\/p>\n","protected":false},"excerpt":{"rendered":"<p>La Jornada Guerrero Abby Perezcano El Colectivo de Organizaciones Feministas radicadas en Acapulco se uni\u00f3 a la Movilizaci\u00f3n Nacional contra las Violencias Machistas que se realiz\u00f3 el domingo en distintas &hellip; <a href=\"https:\/\/www.grieta.org.mx\/index.php\/2016\/04\/25\/marchan-en-acapulco-organismos-contra-la-violencia-el-acoso-y-el-abuso-sexual\/\" class=\"more-link\">Leer m\u00e1s<\/a><\/p>\n","protected":false},"author":2,"featured_media":21928,"comment_status":"closed","ping_status":"closed","sticky":false,"template":"","format":"standard","meta":{"ngg_post_thumbnail":0,"_jetpack_newsletter_access":"","_jetpack_dont_email_post_to_subs":false,"_jetpack_newsletter_tier_id":0,"_jetpack_memberships_contains_paywalled_content":false,"_jetpack_memberships_contains_paid_content":false,"footnotes":""},"categories":[84],"tags":[327],"class_list":["post-11852","post","type-post","status-publish","format-standard","has-post-thumbnail","hentry","category-feminicidios","tag-femicidios","entry"],"jetpack_featured_media_url":"https:\/\/www.grieta.org.mx\/wp-content\/uploads\/2018\/03\/14524434_1106112876131411_958039263622046936_o.jpg","jetpack_sharing_enabled":true,"jetpack_shortlink":"https:\/\/wp.me\/p7ZJR4-35a","jetpack_likes_enabled":false,"jetpack-related-posts":[{"id":9352,"url":"https:\/\/www.grieta.org.mx\/index.php\/2016\/07\/08\/feminicidios-en-guerrero-2\/","url_meta":{"origin":11852,"position":0},"title":"Feminicidios en Guerrero","author":"grieta","date":"8 julio, 2016","format":false,"excerpt":"02\/07\/16. Guerrero, donde m\u00e1s asesinan a mujeres de entre 15 y 30 a\u00f1os; exigen activar Alerta de G\u00e9nero 24 Horas 01\/07\/16. En Guerrero la mayor tasa de feminicidios del pa\u00eds: ONU Bajo Palabra 01\/07\/16. Guerrero, primer lugar nacional en asesinatos de mujeres Regeneraci\u00f3n 09\/06\/16. Vinculan asesinatos de mujeres al narco\u2026","rel":"","context":"En &quot;Feminicidios&quot;","block_context":{"text":"Feminicidios","link":"https:\/\/www.grieta.org.mx\/index.php\/category\/temas-nacionales\/feminicidios\/"},"img":{"alt_text":"","src":"https:\/\/i0.wp.com\/www.grieta.org.mx\/wp-content\/uploads\/2018\/03\/14524434_1106112876131411_958039263622046936_o.jpg?resize=350%2C200&ssl=1","width":350,"height":200,"srcset":"https:\/\/i0.wp.com\/www.grieta.org.mx\/wp-content\/uploads\/2018\/03\/14524434_1106112876131411_958039263622046936_o.jpg?resize=350%2C200&ssl=1 1x, https:\/\/i0.wp.com\/www.grieta.org.mx\/wp-content\/uploads\/2018\/03\/14524434_1106112876131411_958039263622046936_o.jpg?resize=525%2C300&ssl=1 1.5x, https:\/\/i0.wp.com\/www.grieta.org.mx\/wp-content\/uploads\/2018\/03\/14524434_1106112876131411_958039263622046936_o.jpg?resize=700%2C400&ssl=1 2x"},"classes":[]},{"id":38028,"url":"https:\/\/www.grieta.org.mx\/index.php\/2019\/08\/17\/replican-con-marcha-en-la-costera-la-protesta-nacional-contra-feminicidios-guerrero\/","url_meta":{"origin":11852,"position":1},"title":"Replican con marcha en la Costera la protesta nacional contra feminicidios (Guerrero)","author":"Admin","date":"17 agosto, 2019","format":false,"excerpt":"Mariana Labastida \/\u00a0 El Sur Exigen a las autoridades que pongan punto final a la simulaci\u00f3n en torno a la violencia contra las mujeres. Acapulco, Guerrero, 17 de agosto 2019. Integrantes de distintos colectivos y organizaciones marcharon en la avenida Costera para exigir un alto a los feminicidios como parte\u2026","rel":"","context":"En &quot;CINTILLO&quot;","block_context":{"text":"CINTILLO","link":"https:\/\/www.grieta.org.mx\/index.php\/category\/cintillo\/"},"img":{"alt_text":"","src":"https:\/\/i0.wp.com\/www.grieta.org.mx\/wp-content\/uploads\/2019\/08\/pic-1708201905441.jpg?resize=350%2C200&ssl=1","width":350,"height":200,"srcset":"https:\/\/i0.wp.com\/www.grieta.org.mx\/wp-content\/uploads\/2019\/08\/pic-1708201905441.jpg?resize=350%2C200&ssl=1 1x, https:\/\/i0.wp.com\/www.grieta.org.mx\/wp-content\/uploads\/2019\/08\/pic-1708201905441.jpg?resize=525%2C300&ssl=1 1.5x, https:\/\/i0.wp.com\/www.grieta.org.mx\/wp-content\/uploads\/2019\/08\/pic-1708201905441.jpg?resize=700%2C400&ssl=1 2x"},"classes":[]},{"id":11416,"url":"https:\/\/www.grieta.org.mx\/index.php\/2016\/04\/24\/y-en-cuernavaca-se-manifiestan-contra-violencia-machista\/","url_meta":{"origin":11852,"position":2},"title":"Y en Cuernavaca se manifiestan contra \u2018violencia machista\u2019","author":"grieta","date":"24 abril, 2016","format":false,"excerpt":"Jaime Luis Brito CUERNAVACA, Mor. (proceso.com.mx).- En Cuernavaca, la movilizaci\u00f3n contra las violencias machistas #VivasNosQueremos se convirti\u00f3 en un foro para denunciar la \u201cnormalizaci\u00f3n del acoso sexual contra las mujeres\u201d, adem\u00e1s de un deslinde y condena a los partidos pol\u00edticos y gobiernos que quisieron \u201ccolgarse\u201d de la protesta. Con una\u2026","rel":"","context":"En &quot;CINTILLO&quot;","block_context":{"text":"CINTILLO","link":"https:\/\/www.grieta.org.mx\/index.php\/category\/cintillo\/"},"img":{"alt_text":"","src":"https:\/\/i0.wp.com\/www.grieta.org.mx\/wp-content\/uploads\/2018\/03\/14524434_1106112876131411_958039263622046936_o.jpg?resize=350%2C200&ssl=1","width":350,"height":200,"srcset":"https:\/\/i0.wp.com\/www.grieta.org.mx\/wp-content\/uploads\/2018\/03\/14524434_1106112876131411_958039263622046936_o.jpg?resize=350%2C200&ssl=1 1x, https:\/\/i0.wp.com\/www.grieta.org.mx\/wp-content\/uploads\/2018\/03\/14524434_1106112876131411_958039263622046936_o.jpg?resize=525%2C300&ssl=1 1.5x, https:\/\/i0.wp.com\/www.grieta.org.mx\/wp-content\/uploads\/2018\/03\/14524434_1106112876131411_958039263622046936_o.jpg?resize=700%2C400&ssl=1 2x"},"classes":[]},{"id":43578,"url":"https:\/\/www.grieta.org.mx\/index.php\/2020\/01\/23\/aguascalientes-20-mil-casos-de-abuso-sexual-pero-no-se-investiga-ninguno\/","url_meta":{"origin":11852,"position":3},"title":"Aguascalientes: 20 mil casos de abuso sexual, pero no se investiga ninguno","author":"grieta","date":"23 enero, 2020","format":false,"excerpt":"Redacci\u00f3n\/La Silla Rota 23 enero 2020. En esta entidad, donde hay 672 mil 453 mujeres y 640 mil 91 hombres, son ellas las que vuelven a ser v\u00edctimas de violencia sexual y acoso. En Aguascalientes, un estado con un alto \u00cdndice de Desarrollo Humano, las agresiones contra las mujeres y\u2026","rel":"","context":"En &quot;Aguascalientes&quot;","block_context":{"text":"Aguascalientes","link":"https:\/\/www.grieta.org.mx\/index.php\/category\/noticias-nacionales\/aguascalientes\/"},"img":{"alt_text":"","src":"https:\/\/i0.wp.com\/www.grieta.org.mx\/wp-content\/uploads\/2020\/01\/mujeres-focus-min0.05-0.28-983-557.jpg?resize=350%2C200&ssl=1","width":350,"height":200,"srcset":"https:\/\/i0.wp.com\/www.grieta.org.mx\/wp-content\/uploads\/2020\/01\/mujeres-focus-min0.05-0.28-983-557.jpg?resize=350%2C200&ssl=1 1x, https:\/\/i0.wp.com\/www.grieta.org.mx\/wp-content\/uploads\/2020\/01\/mujeres-focus-min0.05-0.28-983-557.jpg?resize=525%2C300&ssl=1 1.5x, https:\/\/i0.wp.com\/www.grieta.org.mx\/wp-content\/uploads\/2020\/01\/mujeres-focus-min0.05-0.28-983-557.jpg?resize=700%2C400&ssl=1 2x"},"classes":[]},{"id":11160,"url":"https:\/\/www.grieta.org.mx\/index.php\/2016\/05\/29\/movilizacion-contra-la-violencia-hacia-las-mujeres-en-aguascalientes\/","url_meta":{"origin":11852,"position":4},"title":"Movilizaci\u00f3n contra la violencia hacia las mujeres en Aguascalientes","author":"grieta","date":"29 mayo, 2016","format":false,"excerpt":"29\/05\/16. Edad promedio de mujeres ante primer acoso en Aguascalientes es de 14 a\u00f1os La Jornada Aguascalientes 24\/04\/16. Movilizaci\u00f3n en contra de las violencias machistas La Jornada Aguascalientes","rel":"","context":"En &quot;Aguascalientes&quot;","block_context":{"text":"Aguascalientes","link":"https:\/\/www.grieta.org.mx\/index.php\/category\/noticias-nacionales\/aguascalientes\/"},"img":{"alt_text":"","src":"https:\/\/i0.wp.com\/www.grieta.org.mx\/wp-content\/uploads\/2018\/03\/14524434_1106112876131411_958039263622046936_o.jpg?resize=350%2C200&ssl=1","width":350,"height":200,"srcset":"https:\/\/i0.wp.com\/www.grieta.org.mx\/wp-content\/uploads\/2018\/03\/14524434_1106112876131411_958039263622046936_o.jpg?resize=350%2C200&ssl=1 1x, https:\/\/i0.wp.com\/www.grieta.org.mx\/wp-content\/uploads\/2018\/03\/14524434_1106112876131411_958039263622046936_o.jpg?resize=525%2C300&ssl=1 1.5x, https:\/\/i0.wp.com\/www.grieta.org.mx\/wp-content\/uploads\/2018\/03\/14524434_1106112876131411_958039263622046936_o.jpg?resize=700%2C400&ssl=1 2x"},"classes":[]},{"id":30446,"url":"https:\/\/www.grieta.org.mx\/index.php\/2019\/03\/07\/aumentan-homicidios-de-mujeres-en-guerrero-observatorio-de-violencia-de-genero\/","url_meta":{"origin":11852,"position":5},"title":"Aumentan homicidios de mujeres en Guerrero: Observatorio de Violencia de G\u00e9nero","author":"grieta","date":"7 marzo, 2019","format":false,"excerpt":"Enrique Hern\u00e1ndez Campos \/ El Sol de Acapulco En Guerrero la alerta de g\u00e9nero no ha funcionado, debido a que no hay avances en cuanto a la erradicaci\u00f3n de la violencia contra las mujeres, afirm\u00f3 Rosa Isela Ojeda Rivero, coordinadora del Observatorio de Violencia de G\u00e9nero Hannah Arent de la\u2026","rel":"","context":"En &quot;CINTILLO&quot;","block_context":{"text":"CINTILLO","link":"https:\/\/www.grieta.org.mx\/index.php\/category\/cintillo\/"},"img":{"alt_text":"","src":"https:\/\/i0.wp.com\/www.grieta.org.mx\/wp-content\/uploads\/2019\/03\/Feminicidios_Guerrero_M%C3%A9xico.jpg?resize=350%2C200&ssl=1","width":350,"height":200,"srcset":"https:\/\/i0.wp.com\/www.grieta.org.mx\/wp-content\/uploads\/2019\/03\/Feminicidios_Guerrero_M%C3%A9xico.jpg?resize=350%2C200&ssl=1 1x, https:\/\/i0.wp.com\/www.grieta.org.mx\/wp-content\/uploads\/2019\/03\/Feminicidios_Guerrero_M%C3%A9xico.jpg?resize=525%2C300&ssl=1 1.5x, https:\/\/i0.wp.com\/www.grieta.org.mx\/wp-content\/uploads\/2019\/03\/Feminicidios_Guerrero_M%C3%A9xico.jpg?resize=700%2C400&ssl=1 2x"},"classes":[]}],"_links":{"self":[{"href":"https:\/\/www.grieta.org.mx\/index.php\/wp-json\/wp\/v2\/posts\/11852","targetHints":{"allow":["GET"]}}],"collection":[{"href":"https:\/\/www.grieta.org.mx\/index.php\/wp-json\/wp\/v2\/posts"}],"about":[{"href":"https:\/\/www.grieta.org.mx\/index.php\/wp-json\/wp\/v2\/types\/post"}],"author":[{"embeddable":true,"href":"https:\/\/www.grieta.org.mx\/index.php\/wp-json\/wp\/v2\/users\/2"}],"replies":[{"embeddable":true,"href":"https:\/\/www.grieta.org.mx\/index.php\/wp-json\/wp\/v2\/comments?post=11852"}],"version-history":[{"count":1,"href":"https:\/\/www.grieta.org.mx\/index.php\/wp-json\/wp\/v2\/posts\/11852\/revisions"}],"predecessor-version":[{"id":12491,"href":"https:\/\/www.grieta.org.mx\/index.php\/wp-json\/wp\/v2\/posts\/11852\/revisions\/12491"}],"wp:featuredmedia":[{"embeddable":true,"href":"https:\/\/www.grieta.org.mx\/index.php\/wp-json\/wp\/v2\/media\/21928"}],"wp:attachment":[{"href":"https:\/\/www.grieta.org.mx\/index.php\/wp-json\/wp\/v2\/media?parent=11852"}],"wp:term":[{"taxonomy":"category","embeddable":true,"href":"https:\/\/www.grieta.org.mx\/index.php\/wp-json\/wp\/v2\/categories?post=11852"},{"taxonomy":"post_tag","embeddable":true,"href":"https:\/\/www.grieta.org.mx\/index.php\/wp-json\/wp\/v2\/tags?post=11852"}],"curies":[{"name":"wp","href":"https:\/\/api.w.org\/{rel}","templated":true}]}}