{"id":11773,"date":"2016-04-28T02:42:15","date_gmt":"2016-04-28T02:42:15","guid":{"rendered":"http:\/\/www.grieta.org.mx\/?p=11773"},"modified":"2016-05-06T02:44:16","modified_gmt":"2016-05-06T02:44:16","slug":"indigenas-zapotecos-rechazan-concesiones-mineras-otorgadas-de-manera-clandestina","status":"publish","type":"post","link":"https:\/\/www.grieta.org.mx\/index.php\/2016\/04\/28\/indigenas-zapotecos-rechazan-concesiones-mineras-otorgadas-de-manera-clandestina\/","title":{"rendered":"Ind\u00edgenas zapotecos rechazan concesiones mineras otorgadas de manera clandestina"},"content":{"rendered":"<p>Pedro Mat\u00edas, Oaxaca<\/p>\n<p>OAXACA, Oax. (#pagina3.mx).- Ind\u00edgenas zapotecos rechazaron la operaci\u00f3n de las concesiones mineras otorgadas de manera \u201cclandestina\u201d en la Sierra Ju\u00e1rez, al tiempo que denunciaron que el personal de la Procuradur\u00eda Agraria acosan a sus comunidades con la intenci\u00f3n de que acepten la certificaci\u00f3n individual de parcelas y solares urbanos para privatizar su territorio.<\/p>\n<p>Durante el Foro Regional \u201cLa miner\u00eda en Oaxaca. Impactos sociales y ambientales\u201d que se realiz\u00f3 en Santa Mar\u00eda Zoogoch\u00ed, Ixtl\u00e1n, autoridades municipales y comunales de la Sierra Ju\u00e1rez y organizaciones ind\u00edgenas se oponen a la operaci\u00f3n de las concesiones mineras El Roble y el Roble II que fueron autorizadas por el gobierno federal sin su consentimiento.<\/p>\n<p>Revelaron que \u201cnuestras comunidades no fueron informadas en ning\u00fan momento por ninguna instituci\u00f3n del gobierno federal, que en el a\u00f1o 2010 se otorgaron las concesiones mineras El Roble y el Roble II, que abarcan 21 mil 72 hect\u00e1reas, a la Compa\u00f1\u00eda Minera Teocuitla, o Sundance, o First Mining Corporation, mismas que afectan nuestras tierras y territorios\u201d.<\/p>\n<p>Consideran que \u201cel gobierno federal, al otorgar de manera clandestina las concesiones antes mencionadas, ha violado nuestro derecho a la consulta y el consentimiento libre, previo e informado; m\u00e1xime cuando a la fecha tenemos informaci\u00f3n de que se han realizado: muestras exploratorias a lo largo de 15 kil\u00f3metros, donde se ha encontrado material altamente magn\u00e9tico asociado con una mineralizaci\u00f3n de oro de alta calidad en venas\u201d.<\/p>\n<p>Adem\u00e1s ha realizado muestras de reconocimiento con helic\u00f3ptero (reconnaissance, termino utilizado para operaciones militares).<\/p>\n<p>Su inconformidad radica en que \u201cobservamos que es pr\u00e1ctica com\u00fan de las empresas mineras despojar de sus tierras a las comunidades donde pretenden establecer sus proyectos, a partir de su privatizaci\u00f3n; para lo que cuentan con el apoyo de funcionarios p\u00fablicos que implementan los programas Procede o Fanar\u201d.<\/p>\n<p>Esto sin contar que las empresas mineras tienen como pol\u00edtica, romper el tejido social de las comunidades donde pretenden establecerse o se han establecido, provocando: la confrontaci\u00f3n entre familias y miembros de la comunidad.<\/p>\n<p>Tambi\u00e9n promueven la desaparici\u00f3n de asambleas comunitarias u otros espacios para la toma de decisiones colectivas, corrompen a las autoridades comunitarias, municipales, estatales y federales, establecen grupos paramilitares o de otra naturaleza violenta que provocan intimidaci\u00f3n entre los habitantes, as\u00ed como el asesinato de defensores comunitarios.<\/p>\n<p>Asimismo, la explotaci\u00f3n minera es una industria que causa distintos tipos de contaminaci\u00f3n ambiental y da\u00f1os graves a la salud humana, de ah\u00ed que no se dejan ilusionar con sus promesas de regal\u00edas, generaci\u00f3n de empleos, u obtenci\u00f3n de dinero f\u00e1cil; porque saben sobrevivir como sus antepasados.<\/p>\n<p>En el foro participaron las autoridades municipales y comunales de San Juan Tepanzacoalco, San Pedro Yaneri, Santa Mar\u00eda Zoogoch\u00ed, San Juan Yagila, Santa Cruz Yagavila, San Miguel Tiltepec, Santiago Teotlasco, Santa Mar\u00eda Josaa, Tanetze de Zaragoza y Capul\u00e1lpam de M\u00e9ndez.<\/p>\n<p>Adem\u00e1s de Uni\u00f3n de comunidades cafetaleras \u201cUni\u00f3n y Progreso\u201d (UCC), el Comit\u00e9 Procamino del sector Rinc\u00f3n, la radio comunitaria Yaxhil \u201cDidza L\u00fcbe\u201dde San Juan Yagila, la Uni\u00f3n de Organizaciones de la Sierra Ju\u00e1rez (UNOSJO) y la organizaci\u00f3n de mujeres \u201cNgul Kuidi\u201d.<\/p>\n<p>En el foro se reiteraron su rechazo total a la miner\u00eda, por todos los da\u00f1os ambientales, sociales, culturales y a la salud humana que trae consigo esa industria; y en particular se oponen a la operaci\u00f3n en nuestras tierras de las concesiones mineras El Roble y el Roble II.<\/p>\n<p>Manifestaron que sus tierras comunales, las cuales nos fueron heredadas por nuestros antepasados y son inalienables, imprescriptibles e inembargables.<\/p>\n<p>Tambi\u00e9n rechazaron los programas de captura de carbono y otros esquemas oficiales que supuestamente defienden el medio ambiente y combaten el calentamiento global, ya que inducen a la privatizaci\u00f3n de los recursos de nuestras comunidades.<\/p>\n<p><a href=\"http:\/\/pagina3.mx\/2016\/04\/indigenas-zapotecos-rechazan-concesiones-mineras-otorgadas-de-manera-clandestina\/\" target=\"_blank\">http:\/\/pagina3.mx\/2016\/04\/indigenas-zapotecos-rechazan-concesiones-mineras-otorgadas-de-manera-clandestina\/<\/a><\/p>\n","protected":false},"excerpt":{"rendered":"<p>Pedro Mat\u00edas, Oaxaca OAXACA, Oax. (#pagina3.mx).- Ind\u00edgenas zapotecos rechazaron la operaci\u00f3n de las concesiones mineras otorgadas de manera \u201cclandestina\u201d en la Sierra Ju\u00e1rez, al tiempo que denunciaron que el personal &hellip; <a href=\"https:\/\/www.grieta.org.mx\/index.php\/2016\/04\/28\/indigenas-zapotecos-rechazan-concesiones-mineras-otorgadas-de-manera-clandestina\/\" class=\"more-link\">Leer m\u00e1s<\/a><\/p>\n","protected":false},"author":2,"featured_media":21928,"comment_status":"closed","ping_status":"closed","sticky":false,"template":"","format":"standard","meta":{"ngg_post_thumbnail":0,"_jetpack_newsletter_access":"","_jetpack_dont_email_post_to_subs":false,"_jetpack_newsletter_tier_id":0,"_jetpack_memberships_contains_paywalled_content":false,"_jetpack_memberships_contains_paid_content":false,"footnotes":""},"categories":[80],"tags":[91,96,109,93],"class_list":["post-11773","post","type-post","status-publish","format-standard","has-post-thumbnail","hentry","category-cintillo","tag-contaminacion-ambiental","tag-megaproyectos","tag-mineria","tag-oaxaca","entry"],"jetpack_featured_media_url":"https:\/\/www.grieta.org.mx\/wp-content\/uploads\/2018\/03\/14524434_1106112876131411_958039263622046936_o.jpg","jetpack_sharing_enabled":true,"jetpack_shortlink":"https:\/\/wp.me\/p7ZJR4-33T","jetpack_likes_enabled":false,"jetpack-related-posts":[{"id":2086,"url":"https:\/\/www.grieta.org.mx\/index.php\/2016\/07\/24\/conflictos-mineros-en-oaxaca\/","url_meta":{"origin":11773,"position":0},"title":"Conflictos ambientales y sociales por miner\u00eda en Oaxaca","author":"grieta","date":"24 julio, 2016","format":false,"excerpt":"24\/07\/16. Comuneros exigir\u00e1n a Congreso de Oaxaca que no avale proyectos mineros P\u00e1gina 3 23\/07\/16. Concesiones mineras acaparan 47 mil hect\u00e1reas en el istmo Istmo Press 18\/07\/16. Marchan en rechazo a la miner\u00eda en Ixtepec El Imparcial 06\/05\/16. Manifestantes exigen, en San Jos\u00e9 del Progreso, Oaxaca, la salida de empresa\u2026","rel":"","context":"En &quot;Miner\u00eda&quot;","block_context":{"text":"Miner\u00eda","link":"https:\/\/www.grieta.org.mx\/index.php\/category\/megaproyectos\/mineria\/"},"img":{"alt_text":"","src":"https:\/\/i0.wp.com\/www.grieta.org.mx\/wp-content\/uploads\/2018\/03\/14524434_1106112876131411_958039263622046936_o.jpg?resize=350%2C200&ssl=1","width":350,"height":200,"srcset":"https:\/\/i0.wp.com\/www.grieta.org.mx\/wp-content\/uploads\/2018\/03\/14524434_1106112876131411_958039263622046936_o.jpg?resize=350%2C200&ssl=1 1x, https:\/\/i0.wp.com\/www.grieta.org.mx\/wp-content\/uploads\/2018\/03\/14524434_1106112876131411_958039263622046936_o.jpg?resize=525%2C300&ssl=1 1.5x, https:\/\/i0.wp.com\/www.grieta.org.mx\/wp-content\/uploads\/2018\/03\/14524434_1106112876131411_958039263622046936_o.jpg?resize=700%2C400&ssl=1 2x"},"classes":[]},{"id":70622,"url":"https:\/\/www.grieta.org.mx\/index.php\/2024\/11\/15\/comunidades-zapotecas-de-valles-centrales-de-oaxaca-rechazan-la-mineria-y-exigen-la-cancelacion-de-proyectos-extractivistas\/","url_meta":{"origin":11773,"position":1},"title":"Comunidades zapotecas de Valles Centrales de Oaxaca rechazan la miner\u00eda y exigen la cancelaci\u00f3n de proyectos extractivistas","author":"grieta","date":"15 noviembre, 2024","format":false,"excerpt":"Imagen: Somos el Medio 29 comunidades zapotecas de los Valles Centrales de Oaxaca firmaron una declaratoria regional para prohibir la miner\u00eda en sus territorios, exigiendo la cancelaci\u00f3n del proyecto minero San Jos\u00e9 y las concesiones otorgadas sin su consentimiento, en defensa de sus derechos, el medio ambiente y su tejido\u2026","rel":"","context":"En &quot;CINTILLO&quot;","block_context":{"text":"CINTILLO","link":"https:\/\/www.grieta.org.mx\/index.php\/category\/cintillo\/"},"img":{"alt_text":"","src":"https:\/\/i0.wp.com\/www.grieta.org.mx\/wp-content\/uploads\/2024\/12\/466868332_588359390253850_6499656997780845187_n.jpg?resize=350%2C200&ssl=1","width":350,"height":200,"srcset":"https:\/\/i0.wp.com\/www.grieta.org.mx\/wp-content\/uploads\/2024\/12\/466868332_588359390253850_6499656997780845187_n.jpg?resize=350%2C200&ssl=1 1x, https:\/\/i0.wp.com\/www.grieta.org.mx\/wp-content\/uploads\/2024\/12\/466868332_588359390253850_6499656997780845187_n.jpg?resize=525%2C300&ssl=1 1.5x, https:\/\/i0.wp.com\/www.grieta.org.mx\/wp-content\/uploads\/2024\/12\/466868332_588359390253850_6499656997780845187_n.jpg?resize=700%2C400&ssl=1 2x, https:\/\/i0.wp.com\/www.grieta.org.mx\/wp-content\/uploads\/2024\/12\/466868332_588359390253850_6499656997780845187_n.jpg?resize=1050%2C600&ssl=1 3x, https:\/\/i0.wp.com\/www.grieta.org.mx\/wp-content\/uploads\/2024\/12\/466868332_588359390253850_6499656997780845187_n.jpg?resize=1400%2C800&ssl=1 4x"},"classes":[]},{"id":69548,"url":"https:\/\/www.grieta.org.mx\/index.php\/2024\/09\/02\/oaxaca-zapotecos-denuncian-que-minera-continua-extraccion-ilegal-de-minerales\/","url_meta":{"origin":11773,"position":2},"title":"Oaxaca: Zapotecos denuncian que minera contin\u00faa extracci\u00f3n ilegal de minerales","author":"grieta","date":"2 septiembre, 2024","format":false,"excerpt":"Imagen: Avispa Midia Sare Frabes \/ Avispa Midia Autoridades de la\u00a0comunidad zapoteca de Capul\u00e1lpam de M\u00e9ndez,\u00a0en la Sierra Norte de Oaxaca, confiscaron en la madrugada del 31 de agosto\u00a0minerales extra\u00eddos\u00a0clandestinamente por la\u00a0minera Natividad y Anexas S.A. de C.V.,\u00a0filial de la canadiense\u00a0Fortuna Silver Mines, pese al cierre de la mina por\u2026","rel":"","context":"En &quot;CINTILLO&quot;","block_context":{"text":"CINTILLO","link":"https:\/\/www.grieta.org.mx\/index.php\/category\/cintillo\/"},"img":{"alt_text":"","src":"https:\/\/i0.wp.com\/www.grieta.org.mx\/wp-content\/uploads\/2024\/09\/Recortar-Conferencia-de-prensa-comunidades-unidas-de-la-Sierra-Norte-Por-Santiago-Navarro-F.jpg?resize=350%2C200&ssl=1","width":350,"height":200,"srcset":"https:\/\/i0.wp.com\/www.grieta.org.mx\/wp-content\/uploads\/2024\/09\/Recortar-Conferencia-de-prensa-comunidades-unidas-de-la-Sierra-Norte-Por-Santiago-Navarro-F.jpg?resize=350%2C200&ssl=1 1x, https:\/\/i0.wp.com\/www.grieta.org.mx\/wp-content\/uploads\/2024\/09\/Recortar-Conferencia-de-prensa-comunidades-unidas-de-la-Sierra-Norte-Por-Santiago-Navarro-F.jpg?resize=525%2C300&ssl=1 1.5x, https:\/\/i0.wp.com\/www.grieta.org.mx\/wp-content\/uploads\/2024\/09\/Recortar-Conferencia-de-prensa-comunidades-unidas-de-la-Sierra-Norte-Por-Santiago-Navarro-F.jpg?resize=700%2C400&ssl=1 2x, https:\/\/i0.wp.com\/www.grieta.org.mx\/wp-content\/uploads\/2024\/09\/Recortar-Conferencia-de-prensa-comunidades-unidas-de-la-Sierra-Norte-Por-Santiago-Navarro-F.jpg?resize=1050%2C600&ssl=1 3x"},"classes":[]},{"id":62468,"url":"https:\/\/www.grieta.org.mx\/index.php\/2021\/10\/09\/oaxaca-se-manifiestan-contra-la-mineria-canadiense\/","url_meta":{"origin":11773,"position":3},"title":"Oaxaca: Se manifiestan contra la miner\u00eda canadiense","author":"grieta","date":"9 octubre, 2021","format":false,"excerpt":"Avispa Midia \/ Rafael E. Lozano. A tres a\u00f1os de que la Minera Cuzcatl\u00e1n, filial de la canadiense Fortuna Silver Mines ubicada en San Jos\u00e9 del Progreso, Oaxaca, derramara desechos t\u00f3xicos de su presa de jales en el r\u00edo Coyote, clausuraron el 8 de octubre el evento denominado \u201cEncuentros Ind\u00edgenas\u2026","rel":"","context":"En &quot;CINTILLO&quot;","block_context":{"text":"CINTILLO","link":"https:\/\/www.grieta.org.mx\/index.php\/category\/cintillo\/"},"img":{"alt_text":"","src":"https:\/\/i0.wp.com\/www.grieta.org.mx\/wp-content\/uploads\/2021\/10\/a-2.jpg?resize=350%2C200&ssl=1","width":350,"height":200,"srcset":"https:\/\/i0.wp.com\/www.grieta.org.mx\/wp-content\/uploads\/2021\/10\/a-2.jpg?resize=350%2C200&ssl=1 1x, https:\/\/i0.wp.com\/www.grieta.org.mx\/wp-content\/uploads\/2021\/10\/a-2.jpg?resize=525%2C300&ssl=1 1.5x, https:\/\/i0.wp.com\/www.grieta.org.mx\/wp-content\/uploads\/2021\/10\/a-2.jpg?resize=700%2C400&ssl=1 2x, https:\/\/i0.wp.com\/www.grieta.org.mx\/wp-content\/uploads\/2021\/10\/a-2.jpg?resize=1050%2C600&ssl=1 3x"},"classes":[]},{"id":44358,"url":"https:\/\/www.grieta.org.mx\/index.php\/2020\/02\/13\/calpulalpam-gana-amparo-que-cancela-todas-las-concesiones-mineras-en-su-territorio-oaxaca\/","url_meta":{"origin":11773,"position":4},"title":"Calpul\u00e1lpam gana amparo que cancela todas las concesiones mineras en su territorio (Oaxaca)","author":"grieta","date":"13 febrero, 2020","format":false,"excerpt":"Pi\u00e9 de P\u00e1gina \/ Pedro Mat\u00edas. Este pueblo zapoteco que se rige por sistema normativo de usos y costumbres gan\u00f3 un amparo contra la miner\u00eda en su territorio. Sin embargo, las empresas Continuum Resources LTD y Minera la Natividad desacatan dicho mandato judicial federal. OAXACA, Oax.- Pese a que pueblo\u2026","rel":"","context":"En &quot;CINTILLO&quot;","block_context":{"text":"CINTILLO","link":"https:\/\/www.grieta.org.mx\/index.php\/category\/cintillo\/"},"img":{"alt_text":"","src":"https:\/\/i0.wp.com\/www.grieta.org.mx\/wp-content\/uploads\/2020\/02\/pagina3.jpg?resize=350%2C200&ssl=1","width":350,"height":200,"srcset":"https:\/\/i0.wp.com\/www.grieta.org.mx\/wp-content\/uploads\/2020\/02\/pagina3.jpg?resize=350%2C200&ssl=1 1x, https:\/\/i0.wp.com\/www.grieta.org.mx\/wp-content\/uploads\/2020\/02\/pagina3.jpg?resize=525%2C300&ssl=1 1.5x, https:\/\/i0.wp.com\/www.grieta.org.mx\/wp-content\/uploads\/2020\/02\/pagina3.jpg?resize=700%2C400&ssl=1 2x, https:\/\/i0.wp.com\/www.grieta.org.mx\/wp-content\/uploads\/2020\/02\/pagina3.jpg?resize=1050%2C600&ssl=1 3x"},"classes":[]},{"id":44855,"url":"https:\/\/www.grieta.org.mx\/index.php\/2020\/02\/21\/se-opone-cuatro-venados-a-la-mineria-oaxaca\/","url_meta":{"origin":11773,"position":5},"title":"Se opone Cuatro Venados a la miner\u00eda (Oaxaca)","author":"grieta","date":"21 febrero, 2020","format":false,"excerpt":"Noticias \/ Octavio V\u00e9lez. Comuneros de San Pablo Cuatro Venados, regi\u00f3n de Valles Centrales, denunciaron que el gobierno federal de Enrique Pe\u00f1a Nieto entreg\u00f3 tres concesiones mineras en su territorio para la explotaci\u00f3n de oro y plata, sin su consentimiento y sin respetar sus derechos. En conferencia de prensa, la\u2026","rel":"","context":"En &quot;CINTILLO&quot;","block_context":{"text":"CINTILLO","link":"https:\/\/www.grieta.org.mx\/index.php\/category\/cintillo\/"},"img":{"alt_text":"","src":"https:\/\/i0.wp.com\/www.grieta.org.mx\/wp-content\/uploads\/2020\/02\/copia_de_minera_1.jpg?resize=350%2C200&ssl=1","width":350,"height":200,"srcset":"https:\/\/i0.wp.com\/www.grieta.org.mx\/wp-content\/uploads\/2020\/02\/copia_de_minera_1.jpg?resize=350%2C200&ssl=1 1x, https:\/\/i0.wp.com\/www.grieta.org.mx\/wp-content\/uploads\/2020\/02\/copia_de_minera_1.jpg?resize=525%2C300&ssl=1 1.5x, https:\/\/i0.wp.com\/www.grieta.org.mx\/wp-content\/uploads\/2020\/02\/copia_de_minera_1.jpg?resize=700%2C400&ssl=1 2x, https:\/\/i0.wp.com\/www.grieta.org.mx\/wp-content\/uploads\/2020\/02\/copia_de_minera_1.jpg?resize=1050%2C600&ssl=1 3x"},"classes":[]}],"_links":{"self":[{"href":"https:\/\/www.grieta.org.mx\/index.php\/wp-json\/wp\/v2\/posts\/11773","targetHints":{"allow":["GET"]}}],"collection":[{"href":"https:\/\/www.grieta.org.mx\/index.php\/wp-json\/wp\/v2\/posts"}],"about":[{"href":"https:\/\/www.grieta.org.mx\/index.php\/wp-json\/wp\/v2\/types\/post"}],"author":[{"embeddable":true,"href":"https:\/\/www.grieta.org.mx\/index.php\/wp-json\/wp\/v2\/users\/2"}],"replies":[{"embeddable":true,"href":"https:\/\/www.grieta.org.mx\/index.php\/wp-json\/wp\/v2\/comments?post=11773"}],"version-history":[{"count":1,"href":"https:\/\/www.grieta.org.mx\/index.php\/wp-json\/wp\/v2\/posts\/11773\/revisions"}],"predecessor-version":[{"id":11774,"href":"https:\/\/www.grieta.org.mx\/index.php\/wp-json\/wp\/v2\/posts\/11773\/revisions\/11774"}],"wp:featuredmedia":[{"embeddable":true,"href":"https:\/\/www.grieta.org.mx\/index.php\/wp-json\/wp\/v2\/media\/21928"}],"wp:attachment":[{"href":"https:\/\/www.grieta.org.mx\/index.php\/wp-json\/wp\/v2\/media?parent=11773"}],"wp:term":[{"taxonomy":"category","embeddable":true,"href":"https:\/\/www.grieta.org.mx\/index.php\/wp-json\/wp\/v2\/categories?post=11773"},{"taxonomy":"post_tag","embeddable":true,"href":"https:\/\/www.grieta.org.mx\/index.php\/wp-json\/wp\/v2\/tags?post=11773"}],"curies":[{"name":"wp","href":"https:\/\/api.w.org\/{rel}","templated":true}]}}