{"id":11762,"date":"2016-05-02T23:53:42","date_gmt":"2016-05-02T23:53:42","guid":{"rendered":"http:\/\/www.grieta.org.mx\/?p=11762"},"modified":"2019-01-19T17:49:03","modified_gmt":"2019-01-19T23:49:03","slug":"medicos-de-luto-por-violencia","status":"publish","type":"post","link":"https:\/\/www.grieta.org.mx\/index.php\/2016\/05\/02\/medicos-de-luto-por-violencia\/","title":{"rendered":"M\u00e9dicos &#8216;de luto&#8217; por violencia"},"content":{"rendered":"<figure id=\"attachment_11763\" aria-describedby=\"caption-attachment-11763\" style=\"width: 720px\" class=\"wp-caption alignnone\"><img loading=\"lazy\" decoding=\"async\" data-attachment-id=\"11763\" data-permalink=\"https:\/\/www.grieta.org.mx\/index.php\/2016\/05\/02\/medicos-de-luto-por-violencia\/medicos-luto-violencia\/\" data-orig-file=\"https:\/\/www.grieta.org.mx\/wp-content\/uploads\/2016\/05\/Medicos-luto-violencia.jpeg\" data-orig-size=\"720,480\" data-comments-opened=\"0\" data-image-meta=\"{&quot;aperture&quot;:&quot;0&quot;,&quot;credit&quot;:&quot;&quot;,&quot;camera&quot;:&quot;&quot;,&quot;caption&quot;:&quot;&quot;,&quot;created_timestamp&quot;:&quot;0&quot;,&quot;copyright&quot;:&quot;&quot;,&quot;focal_length&quot;:&quot;0&quot;,&quot;iso&quot;:&quot;0&quot;,&quot;shutter_speed&quot;:&quot;0&quot;,&quot;title&quot;:&quot;&quot;,&quot;orientation&quot;:&quot;0&quot;}\" data-image-title=\"M\u00e9dicos de luto por violencia\" data-image-description=\"\" data-image-caption=\"&lt;p&gt;Protesta. Permanecieron en la Plaza Fundadores, mientras otros sectores se manifestaban tambi\u00e9n en los alrededores. &lt;\/p&gt;\n\" data-medium-file=\"https:\/\/www.grieta.org.mx\/wp-content\/uploads\/2016\/05\/Medicos-luto-violencia-300x200.jpeg\" data-large-file=\"https:\/\/www.grieta.org.mx\/wp-content\/uploads\/2016\/05\/Medicos-luto-violencia.jpeg\" src=\"http:\/\/www.grieta.org.mx\/wp-content\/uploads\/2016\/05\/Medicos-luto-violencia.jpeg\" alt=\"Protesta. Permanecieron en la Plaza Fundadores, mientras otros sectores se manifestaban tambi\u00e9n en los alrededores. \" width=\"720\" height=\"480\" class=\"size-full wp-image-11763\" srcset=\"https:\/\/www.grieta.org.mx\/wp-content\/uploads\/2016\/05\/Medicos-luto-violencia.jpeg 720w, https:\/\/www.grieta.org.mx\/wp-content\/uploads\/2016\/05\/Medicos-luto-violencia-300x200.jpeg 300w\" sizes=\"auto, (max-width: 720px) 100vw, 720px\" \/><figcaption id=\"caption-attachment-11763\" class=\"wp-caption-text\">Protesta. Permanecieron en la Plaza Fundadores, mientras otros sectores se manifestaban tambi\u00e9n en los alrededores.<\/figcaption><\/figure>\n<p><strong>EL 50% DE TRABAJADORES NO CUENTA CON PRESTACIONES, ASEGURAN<\/strong><\/p>\n<blockquote><p>Ataviados con sus batas blancas, los m\u00e9dicos se manifestaron ayer 1 de mayo en contra de la violencia que persiste a nivel nacional y de las violaciones a sus derechos laborales.<\/p><\/blockquote>\n<p>Desde temprano estuvieron presentes en la Plaza Fundadores donde aseguraron estar de luto en la conmemoraci\u00f3n del D\u00eda del Trabajo. &#8220;Nosotros estamos de luto por tanta violencia que se da a nivel nacional&#8221;, enfatiz\u00f3 el expresidente de Colegio M\u00e9dico, Federico Mart\u00ednez Rodr\u00edguez.<\/p>\n<p>Refiri\u00f3 que al igual que en varias entidades del pa\u00eds, un grupo de m\u00e9dicos alz\u00f3 la voz en Durango ya que la violencia no ha cesado, afectando principalmente a estados como Guerrero, Veracruz, Sinaloa y Culiac\u00e1n.<\/p>\n<p>Y aunque en Durango baj\u00f3 la cifra de asesinatos, consideran que hay violencia que se refleja en otros \u00e1mbitos de la vida cotidiana. &#8220;En los \u00faltimos 15 d\u00edas tuvimos el despido del doctor Jes\u00fas Sag\u00e1stegui y la doctora Judith Ontiveros por parte del delegado del Seguro Social con unas justificaciones falaces que no son ciertas. Eso es violencia tambi\u00e9n aqu\u00ed&#8221; ejemplific\u00f3.<\/p>\n<p>Asimismo, asegur\u00f3 que m\u00e1s del 50 por ciento de los trabajadores de la Secretar\u00eda de Salud y del ISSSTE no cuentan con ninguna prestaci\u00f3n &#8220;y tienen un sueldo &#8216;de miseria'&#8221;.<\/p>\n<p>&#8220;Tres mil pesos por quincena para un m\u00e9dico que se prepar\u00f3 tanto tiempo no es justo, adem\u00e1s de que se da contra toda la falta de insumos&#8221;, indic\u00f3.<\/p>\n<p>En este sentido, atribuy\u00f3 a la falta de equipo, medicina y personal el hecho de que se les se\u00f1ale de manera frecuente por negligencias.<\/p>\n<p>&#8220;Esa es la percepci\u00f3n de la gente pero la verdad es que a veces no hay ni personal para suplir las faltas o los derechos que tienen los trabajadores. En Durango afortunadamente no ha habido decesos pero tambi\u00e9n esto es violencia para nosotros&#8221;, concluy\u00f3.<\/p>\n<p><strong>Postura<\/strong><\/p>\n<p>Durante la conmemoraci\u00f3n del D\u00eda del Trabajo, destacaron la falta de prestaciones del 50 por ciento del personal de la Secretar\u00eda de Salud y del ISSSTE.<\/p>\n<p><strong>Sueldos<\/strong><\/p>\n<p>Consideraron que es un sueldo &#8220;de miseria&#8221; el que reciben algunos m\u00e9dicos en el sector salud ya que se prepararon por muchos a\u00f1os y tienen una gran responsabilidad.<\/p>\n<p><strong>Carencias<\/strong><\/p>\n<p>M\u00e9dicos duranguenses evidenciaron que existe falta de personal y medicinas, principalmente, lo que provoca negligencias.<\/p>\n<p><a href=\"http:\/\/www.elsiglodedurango.com.mx\/noticia\/658929.medicos-de-luto-por-violencia.html\" target=\"_blank\">http:\/\/www.elsiglodedurango.com.mx\/noticia\/658929.medicos-de-luto-por-violencia.html<\/a><\/p>\n","protected":false},"excerpt":{"rendered":"<p>EL 50% DE TRABAJADORES NO CUENTA CON PRESTACIONES, ASEGURAN Ataviados con sus batas blancas, los m\u00e9dicos se manifestaron ayer 1 de mayo en contra de la violencia que persiste a &hellip; <a href=\"https:\/\/www.grieta.org.mx\/index.php\/2016\/05\/02\/medicos-de-luto-por-violencia\/\" class=\"more-link\">Leer m\u00e1s<\/a><\/p>\n","protected":false},"author":2,"featured_media":21928,"comment_status":"closed","ping_status":"closed","sticky":false,"template":"","format":"standard","meta":{"ngg_post_thumbnail":0,"_jetpack_newsletter_access":"","_jetpack_dont_email_post_to_subs":false,"_jetpack_newsletter_tier_id":0,"_jetpack_memberships_contains_paywalled_content":false,"_jetpack_memberships_contains_paid_content":false,"footnotes":""},"categories":[80,15,910,1101,1205,2,1980,83],"tags":[634,105,640,180],"class_list":["post-11762","post","type-post","status-publish","format-standard","has-post-thumbnail","hentry","category-cintillo","category-durango","category-explotacion-y-precariedad-laboral","category-conflictos-laborales-en-durango","category-movilizaciones-del-sector-salud-en-durango","category-noticias-nacionales","category-protestas-durante-el-1-de-mayo-en-durango","category-temas-nacionales","tag-condiciones-laborales","tag-derechos-laborales","tag-medicos","tag-protesta","entry"],"jetpack_featured_media_url":"https:\/\/www.grieta.org.mx\/wp-content\/uploads\/2018\/03\/14524434_1106112876131411_958039263622046936_o.jpg","jetpack_sharing_enabled":true,"jetpack_shortlink":"https:\/\/wp.me\/p7ZJR4-33I","jetpack_likes_enabled":false,"jetpack-related-posts":[{"id":11766,"url":"https:\/\/www.grieta.org.mx\/index.php\/2016\/05\/01\/sindicatos-se-manifiestan-por-su-cuenta\/","url_meta":{"origin":11762,"position":0},"title":"Sindicatos se manifiestan por su cuenta","author":"grieta","date":"1 mayo, 2016","format":false,"excerpt":"La de esta ma\u00f1ana fue una conmemoraci\u00f3n distinta del D\u00eda del Trabajo en Durango. Los contingentes se manifestaron cada uno por su cuenta y las autoridades no hicieron acto de presencia, m\u00e1s que en el acto c\u00edvico de la CTM (organismo filial del PRI). Desde las 8:00 horas se empez\u00f3\u2026","rel":"","context":"En &quot;CINTILLO&quot;","block_context":{"text":"CINTILLO","link":"https:\/\/www.grieta.org.mx\/index.php\/category\/cintillo\/"},"img":{"alt_text":"","src":"https:\/\/i0.wp.com\/www.grieta.org.mx\/wp-content\/uploads\/2018\/03\/14524434_1106112876131411_958039263622046936_o.jpg?resize=350%2C200&ssl=1","width":350,"height":200,"srcset":"https:\/\/i0.wp.com\/www.grieta.org.mx\/wp-content\/uploads\/2018\/03\/14524434_1106112876131411_958039263622046936_o.jpg?resize=350%2C200&ssl=1 1x, https:\/\/i0.wp.com\/www.grieta.org.mx\/wp-content\/uploads\/2018\/03\/14524434_1106112876131411_958039263622046936_o.jpg?resize=525%2C300&ssl=1 1.5x, https:\/\/i0.wp.com\/www.grieta.org.mx\/wp-content\/uploads\/2018\/03\/14524434_1106112876131411_958039263622046936_o.jpg?resize=700%2C400&ssl=1 2x"},"classes":[]},{"id":15141,"url":"https:\/\/www.grieta.org.mx\/index.php\/2016\/06\/23\/medicos-alzan-la-voz\/","url_meta":{"origin":11762,"position":1},"title":"M\u00e9dicos alzan la voz","author":"grieta","date":"23 junio, 2016","format":false,"excerpt":"Al igual que en otras partes del pa\u00eds, m\u00e9dicos duranguenses se unieron a la manifestaci\u00f3n en contra de las agresiones que sufren y en repudio a la universalidad del sistema nacional de salud. El contingente avanz\u00f3 por la calle 5 de Febrero, partiendo del Jard\u00edn de San Antonio, hasta llegar\u2026","rel":"","context":"En &quot;CINTILLO&quot;","block_context":{"text":"CINTILLO","link":"https:\/\/www.grieta.org.mx\/index.php\/category\/cintillo\/"},"img":{"alt_text":"","src":"https:\/\/i0.wp.com\/www.grieta.org.mx\/wp-content\/uploads\/2016\/06\/marchan-contra-reforma-salud-durango-1.jpeg?resize=350%2C200&ssl=1","width":350,"height":200,"srcset":"https:\/\/i0.wp.com\/www.grieta.org.mx\/wp-content\/uploads\/2016\/06\/marchan-contra-reforma-salud-durango-1.jpeg?resize=350%2C200&ssl=1 1x, https:\/\/i0.wp.com\/www.grieta.org.mx\/wp-content\/uploads\/2016\/06\/marchan-contra-reforma-salud-durango-1.jpeg?resize=525%2C300&ssl=1 1.5x, https:\/\/i0.wp.com\/www.grieta.org.mx\/wp-content\/uploads\/2016\/06\/marchan-contra-reforma-salud-durango-1.jpeg?resize=700%2C400&ssl=1 2x"},"classes":[]},{"id":28653,"url":"https:\/\/www.grieta.org.mx\/index.php\/2019\/01\/22\/demandan-maestros-de-ingles-regularizar-su-situacion-laboral-durango\/","url_meta":{"origin":11762,"position":2},"title":"Demandan maestros de Ingl\u00e9s regularizar su situaci\u00f3n laboral (Durango)","author":"grieta","date":"22 enero, 2019","format":false,"excerpt":"Claudia Landeros\/El Siglo de Durango Docentes del Programa Nacional de Ingl\u00e9s (Proni) se manifestaron en la Plaza de Armas de G\u00f3mez Palacio para pedir apoyo a las autoridades que corresponda, a fin de regularizar su situaci\u00f3n laboral ya que de momento est\u00e1n sin empleo. SIN TRABAJO \"Somos maestros que trabajamos\u2026","rel":"","context":"En &quot;CINTILLO&quot;","block_context":{"text":"CINTILLO","link":"https:\/\/www.grieta.org.mx\/index.php\/category\/cintillo\/"},"img":{"alt_text":"","src":"https:\/\/i0.wp.com\/www.grieta.org.mx\/wp-content\/uploads\/2019\/01\/773757.jpeg?resize=350%2C200&ssl=1","width":350,"height":200,"srcset":"https:\/\/i0.wp.com\/www.grieta.org.mx\/wp-content\/uploads\/2019\/01\/773757.jpeg?resize=350%2C200&ssl=1 1x, https:\/\/i0.wp.com\/www.grieta.org.mx\/wp-content\/uploads\/2019\/01\/773757.jpeg?resize=525%2C300&ssl=1 1.5x, https:\/\/i0.wp.com\/www.grieta.org.mx\/wp-content\/uploads\/2019\/01\/773757.jpeg?resize=700%2C400&ssl=1 2x"},"classes":[]},{"id":32953,"url":"https:\/\/www.grieta.org.mx\/index.php\/2019\/05\/03\/exigen-cadis-pago-de-quincenas-durango\/","url_meta":{"origin":11762,"position":3},"title":"Exigen CADI\u00b4s pago de quincenas (Durango)","author":"grieta","date":"3 mayo, 2019","format":false,"excerpt":"Jos\u00e9lo Fuentes Delgado \/ La Voz de Durango Maestros, personal de apoyo, padres de familia y alumnos se manifestaron marchando de la Plaza de Armas hasta las instalaciones del Centro Cultural y de Convenciones Bicentenario (CCCB), para exigir el pago de ocho quincenas que les deben, situaci\u00f3n que ya es\u2026","rel":"","context":"En &quot;CINTILLO&quot;","block_context":{"text":"CINTILLO","link":"https:\/\/www.grieta.org.mx\/index.php\/category\/cintillo\/"},"img":{"alt_text":"","src":"https:\/\/i0.wp.com\/www.grieta.org.mx\/wp-content\/uploads\/2019\/05\/cadis.jpg?resize=350%2C200&ssl=1","width":350,"height":200,"srcset":"https:\/\/i0.wp.com\/www.grieta.org.mx\/wp-content\/uploads\/2019\/05\/cadis.jpg?resize=350%2C200&ssl=1 1x, https:\/\/i0.wp.com\/www.grieta.org.mx\/wp-content\/uploads\/2019\/05\/cadis.jpg?resize=525%2C300&ssl=1 1.5x"},"classes":[]},{"id":11753,"url":"https:\/\/www.grieta.org.mx\/index.php\/2016\/05\/04\/exigen-maestros-pagos-de-jubilaciones-y-medicamentos-en-la-laguna-de-durango\/","url_meta":{"origin":11762,"position":4},"title":"Exigen maestros pagos de jubilaciones y medicamentos en La Laguna de Durango","author":"grieta","date":"4 mayo, 2016","format":false,"excerpt":"Mayela Avila G\u00f3mez Palacio, Durango (04\/05\/2016).- Este mi\u00e9rcoles, maestros de la secci\u00f3n 44 del Sindicato Nacional de Trabajadores de la Educaci\u00f3n se manifestaron en las instalaciones de la subsecretar\u00eda de Educaci\u00f3n en la regi\u00f3n Laguna con sede en G\u00f3mez Palacio, en protesta por irregularidades para el pago de finiquitos y\u2026","rel":"","context":"En &quot;CINTILLO&quot;","block_context":{"text":"CINTILLO","link":"https:\/\/www.grieta.org.mx\/index.php\/category\/cintillo\/"},"img":{"alt_text":"","src":"https:\/\/i0.wp.com\/www.grieta.org.mx\/wp-content\/uploads\/2018\/03\/14524434_1106112876131411_958039263622046936_o.jpg?resize=350%2C200&ssl=1","width":350,"height":200,"srcset":"https:\/\/i0.wp.com\/www.grieta.org.mx\/wp-content\/uploads\/2018\/03\/14524434_1106112876131411_958039263622046936_o.jpg?resize=350%2C200&ssl=1 1x, https:\/\/i0.wp.com\/www.grieta.org.mx\/wp-content\/uploads\/2018\/03\/14524434_1106112876131411_958039263622046936_o.jpg?resize=525%2C300&ssl=1 1.5x, https:\/\/i0.wp.com\/www.grieta.org.mx\/wp-content\/uploads\/2018\/03\/14524434_1106112876131411_958039263622046936_o.jpg?resize=700%2C400&ssl=1 2x"},"classes":[]},{"id":30082,"url":"https:\/\/www.grieta.org.mx\/index.php\/2019\/02\/25\/trabajadores-de-la-condusef-durango-cierran-oficinas-denuncian-reduccion-ilegal-de-prestaciones\/","url_meta":{"origin":11762,"position":5},"title":"Trabajadores de la Condusef Durango cierran oficinas; denuncian reducci\u00f3n ilegal de prestaciones","author":"grieta","date":"25 febrero, 2019","format":false,"excerpt":"Redacci\u00f3n\/El Heraldo de M\u00e9xico Beatriz Adriana Soto, l\u00edder sindical de la Condusef Durango, inform\u00f3 que han tomado las oficinas delegacionales debido a que a 140 trabajadores se les han reducido sus prestaciones por parte de la autoridad. El argumento es que los afectados son presuntamente personal de confianza, donde les\u2026","rel":"","context":"En &quot;CINTILLO&quot;","block_context":{"text":"CINTILLO","link":"https:\/\/www.grieta.org.mx\/index.php\/category\/cintillo\/"},"img":{"alt_text":"","src":"https:\/\/i0.wp.com\/www.grieta.org.mx\/wp-content\/uploads\/2019\/03\/Consudef.jpg?resize=350%2C200&ssl=1","width":350,"height":200,"srcset":"https:\/\/i0.wp.com\/www.grieta.org.mx\/wp-content\/uploads\/2019\/03\/Consudef.jpg?resize=350%2C200&ssl=1 1x, https:\/\/i0.wp.com\/www.grieta.org.mx\/wp-content\/uploads\/2019\/03\/Consudef.jpg?resize=525%2C300&ssl=1 1.5x"},"classes":[]}],"_links":{"self":[{"href":"https:\/\/www.grieta.org.mx\/index.php\/wp-json\/wp\/v2\/posts\/11762","targetHints":{"allow":["GET"]}}],"collection":[{"href":"https:\/\/www.grieta.org.mx\/index.php\/wp-json\/wp\/v2\/posts"}],"about":[{"href":"https:\/\/www.grieta.org.mx\/index.php\/wp-json\/wp\/v2\/types\/post"}],"author":[{"embeddable":true,"href":"https:\/\/www.grieta.org.mx\/index.php\/wp-json\/wp\/v2\/users\/2"}],"replies":[{"embeddable":true,"href":"https:\/\/www.grieta.org.mx\/index.php\/wp-json\/wp\/v2\/comments?post=11762"}],"version-history":[{"count":1,"href":"https:\/\/www.grieta.org.mx\/index.php\/wp-json\/wp\/v2\/posts\/11762\/revisions"}],"predecessor-version":[{"id":11764,"href":"https:\/\/www.grieta.org.mx\/index.php\/wp-json\/wp\/v2\/posts\/11762\/revisions\/11764"}],"wp:featuredmedia":[{"embeddable":true,"href":"https:\/\/www.grieta.org.mx\/index.php\/wp-json\/wp\/v2\/media\/21928"}],"wp:attachment":[{"href":"https:\/\/www.grieta.org.mx\/index.php\/wp-json\/wp\/v2\/media?parent=11762"}],"wp:term":[{"taxonomy":"category","embeddable":true,"href":"https:\/\/www.grieta.org.mx\/index.php\/wp-json\/wp\/v2\/categories?post=11762"},{"taxonomy":"post_tag","embeddable":true,"href":"https:\/\/www.grieta.org.mx\/index.php\/wp-json\/wp\/v2\/tags?post=11762"}],"curies":[{"name":"wp","href":"https:\/\/api.w.org\/{rel}","templated":true}]}}