{"id":11758,"date":"2016-05-04T18:09:11","date_gmt":"2016-05-04T18:09:11","guid":{"rendered":"http:\/\/www.grieta.org.mx\/?p=11758"},"modified":"2016-05-05T18:16:34","modified_gmt":"2016-05-05T18:16:34","slug":"comunicado-conjunto-del-cni-y-el-ezln-sobre-la-represion-en-la-comunidad-chablekal","status":"publish","type":"post","link":"https:\/\/www.grieta.org.mx\/index.php\/2016\/05\/04\/comunicado-conjunto-del-cni-y-el-ezln-sobre-la-represion-en-la-comunidad-chablekal\/","title":{"rendered":"Comunicado conjunto del CNI y el EZLN sobre la represi\u00f3n en la comunidad Chablek"},"content":{"rendered":"<p>A los medios de comunicaci\u00f3n<\/p>\n<p>A las organizaciones de Derechos Humanos<\/p>\n<p>A la Uni\u00f3n de Pobladoras y Pobladores de Chablekal<\/p>\n<p>Al pueblo de M\u00e9xico<\/p>\n<p>Hermanas y Hermanos<\/p>\n<p>Los pueblos, comunidades, tribus, barrios, organizaciones y colectivos que conformamos el Congreso Nacional Ind\u00edgena, denunciamos y reprobamos los hechos ocurridos el d\u00eda de hoy en la comunidad de Chablekal, Yucat\u00e1n, cuando la polic\u00eda intentaba desalojar de su hogar a un abuelo de la comunidad, al conocer la situaci\u00f3n del injusto desalojo, los pobladores decidieron manifestarse en contra y tratar de evitarlo, a lo cual polic\u00edas estatales antimotines respondieron lanzando gases lacrim\u00f3genos, hasta el momento se han encontrado m\u00e1s de 40 cartuchos de estos en la comunidad, en el lugar se encontraban, mujeres, ni\u00f1as y ni\u00f1os y personas mayores.<\/p>\n<p>Realizando su labor de defensores de los derechos humanos, Jorge Fern\u00e1ndez Mendiburu y Martha Capetillo Pasos, integrantes del Centro de Derechos Humanos, Indignaci\u00f3n A.C. y del Congreso Nacional Ind\u00edgena, fueron detenidos arbitrariamente, golpeados y esposados de manera agresiva y en contra de todo procedimiento, aunque fueron liberados al poco tiempo, esto significa un acto de intimidaci\u00f3n, de criminalizaci\u00f3n de la observaci\u00f3n de los derechos humanos, de la protesta social.<\/p>\n<p>Adicionalmente denunciamos este acto como un intento de intimidaci\u00f3n tanto a los defensores de Derechos Humanos como a los pobladores de la Comunidad de Chabekal, comunidad que se ha organizado en la Uni\u00f3n de Pobladoras y Pobladores de Chablekal por el Derecho a la tenencia de la tierra, el territorio y los recursos naturales, para defender lo que queda de su territorio del robo y despojo que han venido padeciendo en los \u00faltimos a\u00f1os por parte de especuladores, nuevos terratenientes con el apoyo de las autoridades agrarias y pol\u00edticas del municipio, estado y federaci\u00f3n. Su exigencia de detener la venta indiscriminada de tierras se ve respondida por este y otros intentos de intimidaci\u00f3n hacia sus pobladores y quienes los acompa\u00f1an y defienden sus derechos.<\/p>\n<p>Este abuso de autoridad y los delitos que de \u00e9l derivan se enmarcan en el contexto de la imposici\u00f3n de la estrategia \u201cEscudo Yucat\u00e1n\u201d que, a trav\u00e9s de grandes pr\u00e9stamos econ\u00f3micos con destinos poco claros, pretende contribuir a un estado de indefensi\u00f3n ciudadana ante el actuar de la polic\u00eda. El equipo Indignaci\u00f3n A.C. present\u00f3 un documento denunciando estas y otras irregularidades en dicha estrategia. El trato a los grupos cr\u00edticos a la actuaci\u00f3n policial es una de las desviaciones del mencionado plan que se deber\u00edan analizar con m\u00e1s detalles antes de su imposici\u00f3n.<\/p>\n<p>Por lo anterior EXIGIMOS<\/p>\n<p>\u2013 LA INVESTIGACION Y CASTIGO A LOS POLICIAS RESPONSABLES DE LA ARBITRARIA E ILEGAL DETENCION DE LA QUE FUERON VICTIMAS LOS INTEGRANTES DEL EQUIPO INDIGNACION A.C.<\/p>\n<p>\u2013 LA LIBERACI\u00d3N INMEDIATA DE LOS CUATRO INTEGRANTES DE LA COMUNIDAD DE CHABLEKAL QUE SE ENCUENTRAN DETENIDOS<\/p>\n<p>*Pedro Euan Flores<\/p>\n<p>* Alfonso Tec<\/p>\n<p>* Pedro Euan Santana \u2013 Miembro del MPDT de Chablekal y del CNI<\/p>\n<p>* Un joven de 15 a\u00f1os de edad.<\/p>\n<p>\u2013 LA INVESTIGACION DE LA AGRESION QUE SUFRIERON LOS HABITANTES DE LA COMUNIDAD DE CHABLEKAL<\/p>\n<p>\u2013 SE GARANTICE LA SEGURIDAD DE LOS DEFENSORES DE DERECHOS HUMANOS.<\/p>\n<p>\u2013 CESEN LOS ACTOS DE INTIMIDACION CONTRA LA UNION DE POBLADORAS Y POBLADORES DEL PUEBLO DE CHABLEKAL POR EL DERECHO A LA TIERRA, EL TERRITORIO Y LOS RECURSOS NATURALES.<\/p>\n<p>\u2013 SE DISCUTA ANTE LOS PUEBLOS Y CIUDADANOS LA NECESIDAD Y LOS PORMENORES DE CUALQUIER ACCION DE SEGURIDAD QUE PUEDA ATENTAR CONTRA LOS DERECHOS HUMANOS, INCLUYENDO LA CREACION DEL DENOMINADO \u201cESCUDO YUCATAN\u201d<\/p>\n<p>Hermanas y hermanos de Chablekal,<\/p>\n<p>\u00a1NO ESTAN SOLOS!<\/p>\n<p>\u00a1NUNCA M\u00c1S UN M\u00c9XICO SIN NOSOTROS!<\/p>\n<p>\u00a1POR LA RECONSTITUCION INTEGRAL DE NUESTROS PUEBLOS!<\/p>\n<p>CONGRESO NACIONAL IND\u00cdGENA<\/p>\n<p>EJ\u00c9RCITO ZAPATISTA DE LIBERACI\u00d3N NACIONAL<\/p>\n","protected":false},"excerpt":{"rendered":"<p>A los medios de comunicaci\u00f3n A las organizaciones de Derechos Humanos A la Uni\u00f3n de Pobladoras y Pobladores de Chablekal Al pueblo de M\u00e9xico Hermanas y Hermanos Los pueblos, comunidades, &hellip; <a href=\"https:\/\/www.grieta.org.mx\/index.php\/2016\/05\/04\/comunicado-conjunto-del-cni-y-el-ezln-sobre-la-represion-en-la-comunidad-chablekal\/\" class=\"more-link\">Leer m\u00e1s<\/a><\/p>\n","protected":false},"author":2,"featured_media":21928,"comment_status":"closed","ping_status":"closed","sticky":false,"template":"","format":"standard","meta":{"ngg_post_thumbnail":0,"_jetpack_newsletter_access":"","_jetpack_dont_email_post_to_subs":false,"_jetpack_newsletter_tier_id":0,"_jetpack_memberships_contains_paywalled_content":false,"_jetpack_memberships_contains_paid_content":false,"footnotes":""},"categories":[80,79],"tags":[],"class_list":["post-11758","post","type-post","status-publish","format-standard","has-post-thumbnail","hentry","category-cintillo","category-cni","entry"],"jetpack_featured_media_url":"https:\/\/www.grieta.org.mx\/wp-content\/uploads\/2018\/03\/14524434_1106112876131411_958039263622046936_o.jpg","jetpack_sharing_enabled":true,"jetpack_shortlink":"https:\/\/wp.me\/p7ZJR4-33E","jetpack_likes_enabled":false,"jetpack-related-posts":[{"id":11902,"url":"https:\/\/www.grieta.org.mx\/index.php\/2016\/05\/03\/yucatan-tras-intento-de-desalojo-policia-estatal-agrede-a-pobladores-de-chablekal\/","url_meta":{"origin":11758,"position":0},"title":"Yucat\u00e1n: Tras intento de desalojo, polic\u00eda estatal agrede a pobladores de Chablekal","author":"grieta","date":"3 mayo, 2016","format":false,"excerpt":"El 3 de mayo de 2016, alrededor del mediod\u00eda, polic\u00edas estatales antimotines irrumpieron en la comunidad de Chablekal, comisaria de la ciudad de M\u00e9rida al norte del estado de Yucat\u00e1n, para realizar el desalojo de una familia, conformada principalmente por un abuelito mayor a los 90 a\u00f1os y tres mujeres\u2026","rel":"","context":"En &quot;CINTILLO&quot;","block_context":{"text":"CINTILLO","link":"https:\/\/www.grieta.org.mx\/index.php\/category\/cintillo\/"},"img":{"alt_text":"","src":"https:\/\/i0.wp.com\/www.grieta.org.mx\/wp-content\/uploads\/2018\/03\/14524434_1106112876131411_958039263622046936_o.jpg?resize=350%2C200&ssl=1","width":350,"height":200,"srcset":"https:\/\/i0.wp.com\/www.grieta.org.mx\/wp-content\/uploads\/2018\/03\/14524434_1106112876131411_958039263622046936_o.jpg?resize=350%2C200&ssl=1 1x, https:\/\/i0.wp.com\/www.grieta.org.mx\/wp-content\/uploads\/2018\/03\/14524434_1106112876131411_958039263622046936_o.jpg?resize=525%2C300&ssl=1 1.5x, https:\/\/i0.wp.com\/www.grieta.org.mx\/wp-content\/uploads\/2018\/03\/14524434_1106112876131411_958039263622046936_o.jpg?resize=700%2C400&ssl=1 2x"},"classes":[]},{"id":71768,"url":"https:\/\/www.grieta.org.mx\/index.php\/2025\/05\/28\/pobladores-denuncian-la-deforestacion-ilegal-de-misnebalam-yucatan\/","url_meta":{"origin":11758,"position":1},"title":"Pobladores denuncian la deforestaci\u00f3n ilegal de Misnebalam (Yucat\u00e1n)","author":"grieta","date":"28 mayo, 2025","format":false,"excerpt":"Haz Ruido La Uni\u00f3n de Pobladores y Pobladoras de Chablekal pidi\u00f3 la intervenci\u00f3n de las autoridades pues ha comenzado la operaci\u00f3n ilegal de un banco de materiales en este territorio maya sin la autorizaci\u00f3n de los propietarios. M\u00e9rida, Yucat\u00e1n, 28 de mayo de 2025.-La Uni\u00f3n de Pobladores y Pobladoras de\u2026","rel":"","context":"En &quot;CINTILLO&quot;","block_context":{"text":"CINTILLO","link":"https:\/\/www.grieta.org.mx\/index.php\/category\/cintillo\/"},"img":{"alt_text":"","src":"https:\/\/i0.wp.com\/www.grieta.org.mx\/wp-content\/uploads\/2025\/06\/Misnebalam-e1749036729548.jpg?resize=350%2C200&ssl=1","width":350,"height":200,"srcset":"https:\/\/i0.wp.com\/www.grieta.org.mx\/wp-content\/uploads\/2025\/06\/Misnebalam-e1749036729548.jpg?resize=350%2C200&ssl=1 1x, https:\/\/i0.wp.com\/www.grieta.org.mx\/wp-content\/uploads\/2025\/06\/Misnebalam-e1749036729548.jpg?resize=525%2C300&ssl=1 1.5x, https:\/\/i0.wp.com\/www.grieta.org.mx\/wp-content\/uploads\/2025\/06\/Misnebalam-e1749036729548.jpg?resize=700%2C400&ssl=1 2x"},"classes":[]},{"id":12543,"url":"https:\/\/www.grieta.org.mx\/index.php\/2016\/05\/18\/chablekal-exige-en-audiencia-que-se-reconozca-su-derecho-a-la-tierra-y-al-territorio\/","url_meta":{"origin":11758,"position":2},"title":"Chablekal exige en audiencia que se reconozca su derecho a la tierra y al territorio","author":"grieta","date":"18 mayo, 2016","format":false,"excerpt":"Por Kaos. M\u00e9xico La Uni\u00f3n de Pobladoras y Pobladores de Chablekal por el Derecho a la Tenencia de la Tierra, Territorio y Recursos Naturales, por fin tuvo la audiencia en el Tribunal Agrario que se hab\u00eda pospuesto en tres ocasiones, como medida dilatoria, en la que se est\u00e1 litigando el\u2026","rel":"","context":"En &quot;CINTILLO&quot;","block_context":{"text":"CINTILLO","link":"https:\/\/www.grieta.org.mx\/index.php\/category\/cintillo\/"},"img":{"alt_text":"","src":"https:\/\/i0.wp.com\/www.grieta.org.mx\/wp-content\/uploads\/2018\/03\/14524434_1106112876131411_958039263622046936_o.jpg?resize=350%2C200&ssl=1","width":350,"height":200,"srcset":"https:\/\/i0.wp.com\/www.grieta.org.mx\/wp-content\/uploads\/2018\/03\/14524434_1106112876131411_958039263622046936_o.jpg?resize=350%2C200&ssl=1 1x, https:\/\/i0.wp.com\/www.grieta.org.mx\/wp-content\/uploads\/2018\/03\/14524434_1106112876131411_958039263622046936_o.jpg?resize=525%2C300&ssl=1 1.5x, https:\/\/i0.wp.com\/www.grieta.org.mx\/wp-content\/uploads\/2018\/03\/14524434_1106112876131411_958039263622046936_o.jpg?resize=700%2C400&ssl=1 2x"},"classes":[]},{"id":11911,"url":"https:\/\/www.grieta.org.mx\/index.php\/2016\/05\/05\/en-libertad-los-detenidos-de-chablekal\/","url_meta":{"origin":11758,"position":3},"title":"En libertad, los detenidos de Chablekal","author":"grieta","date":"5 mayo, 2016","format":false,"excerpt":"MERIDA, Yuc. 5 de mayo del 2016.- El Equipo Indignaci\u00f3n inform\u00f3 que el d\u00eda de hoy, aproximadamente a las 11 de la ma\u00f1ana, la Fiscal\u00eda General del Estado dej\u00f3 en libertad a Pedro Antonio Eu\u00e1n Flores, Pedro Antonio Eu\u00e1n Santana, Javier Canch\u00e9 Novelo y Federico Eu\u00e1n Guardia, cuatro de los\u2026","rel":"","context":"En &quot;CINTILLO&quot;","block_context":{"text":"CINTILLO","link":"https:\/\/www.grieta.org.mx\/index.php\/category\/cintillo\/"},"img":{"alt_text":"","src":"https:\/\/i0.wp.com\/www.grieta.org.mx\/wp-content\/uploads\/2018\/03\/14524434_1106112876131411_958039263622046936_o.jpg?resize=350%2C200&ssl=1","width":350,"height":200,"srcset":"https:\/\/i0.wp.com\/www.grieta.org.mx\/wp-content\/uploads\/2018\/03\/14524434_1106112876131411_958039263622046936_o.jpg?resize=350%2C200&ssl=1 1x, https:\/\/i0.wp.com\/www.grieta.org.mx\/wp-content\/uploads\/2018\/03\/14524434_1106112876131411_958039263622046936_o.jpg?resize=525%2C300&ssl=1 1.5x, https:\/\/i0.wp.com\/www.grieta.org.mx\/wp-content\/uploads\/2018\/03\/14524434_1106112876131411_958039263622046936_o.jpg?resize=700%2C400&ssl=1 2x"},"classes":[]},{"id":6267,"url":"https:\/\/www.grieta.org.mx\/index.php\/2016\/09\/05\/denuncian-compra-ilegal-de-tierras-en-chablekal-yucatan-2\/","url_meta":{"origin":11758,"position":4},"title":"Represi\u00f3n y compra ilegal de tierras en Chablekal, Yucat\u00e1n","author":"grieta","date":"5 septiembre, 2016","format":false,"excerpt":"05\/09\/16. Impune violencia contra ciudadanos en Chablekal (Yucat\u00e1n) Tribuna 31\/08\/16. Pueblo maya de Chablekal denuncia despojo de tierras en beneficio de empresarios Kaosenlared 18\/05\/16. Chablekal exige en audiencia que se reconozca su derecho a la tierra y al territorio Kaosenlared 05\/05\/16. En libertad, los detenidos de Chablekal P\u00e1gin@bierta 05\/05\/16. Fallido\u2026","rel":"","context":"En &quot;16. Pueblo Maya&quot;","block_context":{"text":"16. Pueblo Maya","link":"https:\/\/www.grieta.org.mx\/index.php\/category\/espejos-de-la-resistencia\/16-pueblo-maya\/"},"img":{"alt_text":"","src":"https:\/\/i0.wp.com\/www.grieta.org.mx\/wp-content\/uploads\/2018\/03\/14524434_1106112876131411_958039263622046936_o.jpg?resize=350%2C200&ssl=1","width":350,"height":200,"srcset":"https:\/\/i0.wp.com\/www.grieta.org.mx\/wp-content\/uploads\/2018\/03\/14524434_1106112876131411_958039263622046936_o.jpg?resize=350%2C200&ssl=1 1x, https:\/\/i0.wp.com\/www.grieta.org.mx\/wp-content\/uploads\/2018\/03\/14524434_1106112876131411_958039263622046936_o.jpg?resize=525%2C300&ssl=1 1.5x, https:\/\/i0.wp.com\/www.grieta.org.mx\/wp-content\/uploads\/2018\/03\/14524434_1106112876131411_958039263622046936_o.jpg?resize=700%2C400&ssl=1 2x"},"classes":[]},{"id":41030,"url":"https:\/\/www.grieta.org.mx\/index.php\/2019\/11\/08\/demandan-por-tierras-ejidales-yucatan\/","url_meta":{"origin":11758,"position":5},"title":"Demandan por tierras ejidales (Yucat\u00e1n)","author":"grieta","date":"8 noviembre, 2019","format":false,"excerpt":"Gabriel Chan Uicab\/Diario de Yucat\u00e1n En Chablekal se acusa a exl\u00edderes de ventas ilegales Habitantes de Chablekal e integrantes de la Uni\u00f3n de Pobladores y Pobladoras anunciaron ayer los recursos jur\u00eddicos que presentaron ante autoridades en contra del ejido por la violaci\u00f3n a las medidas precautorias que dict\u00f3 un juez\u2026","rel":"","context":"En &quot;CINTILLO&quot;","block_context":{"text":"CINTILLO","link":"https:\/\/www.grieta.org.mx\/index.php\/category\/cintillo\/"},"img":{"alt_text":"","src":"https:\/\/i0.wp.com\/www.grieta.org.mx\/wp-content\/uploads\/2019\/11\/IMG-30267115.jpg?resize=350%2C200&ssl=1","width":350,"height":200,"srcset":"https:\/\/i0.wp.com\/www.grieta.org.mx\/wp-content\/uploads\/2019\/11\/IMG-30267115.jpg?resize=350%2C200&ssl=1 1x, https:\/\/i0.wp.com\/www.grieta.org.mx\/wp-content\/uploads\/2019\/11\/IMG-30267115.jpg?resize=525%2C300&ssl=1 1.5x, https:\/\/i0.wp.com\/www.grieta.org.mx\/wp-content\/uploads\/2019\/11\/IMG-30267115.jpg?resize=700%2C400&ssl=1 2x"},"classes":[]}],"_links":{"self":[{"href":"https:\/\/www.grieta.org.mx\/index.php\/wp-json\/wp\/v2\/posts\/11758","targetHints":{"allow":["GET"]}}],"collection":[{"href":"https:\/\/www.grieta.org.mx\/index.php\/wp-json\/wp\/v2\/posts"}],"about":[{"href":"https:\/\/www.grieta.org.mx\/index.php\/wp-json\/wp\/v2\/types\/post"}],"author":[{"embeddable":true,"href":"https:\/\/www.grieta.org.mx\/index.php\/wp-json\/wp\/v2\/users\/2"}],"replies":[{"embeddable":true,"href":"https:\/\/www.grieta.org.mx\/index.php\/wp-json\/wp\/v2\/comments?post=11758"}],"version-history":[{"count":1,"href":"https:\/\/www.grieta.org.mx\/index.php\/wp-json\/wp\/v2\/posts\/11758\/revisions"}],"predecessor-version":[{"id":11761,"href":"https:\/\/www.grieta.org.mx\/index.php\/wp-json\/wp\/v2\/posts\/11758\/revisions\/11761"}],"wp:featuredmedia":[{"embeddable":true,"href":"https:\/\/www.grieta.org.mx\/index.php\/wp-json\/wp\/v2\/media\/21928"}],"wp:attachment":[{"href":"https:\/\/www.grieta.org.mx\/index.php\/wp-json\/wp\/v2\/media?parent=11758"}],"wp:term":[{"taxonomy":"category","embeddable":true,"href":"https:\/\/www.grieta.org.mx\/index.php\/wp-json\/wp\/v2\/categories?post=11758"},{"taxonomy":"post_tag","embeddable":true,"href":"https:\/\/www.grieta.org.mx\/index.php\/wp-json\/wp\/v2\/tags?post=11758"}],"curies":[{"name":"wp","href":"https:\/\/api.w.org\/{rel}","templated":true}]}}