{"id":11734,"date":"2016-05-04T05:11:21","date_gmt":"2016-05-04T05:11:21","guid":{"rendered":"http:\/\/www.grieta.org.mx\/?p=11734"},"modified":"2016-05-05T05:13:22","modified_gmt":"2016-05-05T05:13:22","slug":"hacen-planton-por-muerte-de-eneyda","status":"publish","type":"post","link":"https:\/\/www.grieta.org.mx\/index.php\/2016\/05\/04\/hacen-planton-por-muerte-de-eneyda\/","title":{"rendered":"Hacen plant\u00f3n por muerte de Eneyda"},"content":{"rendered":"<p>Decenas de estudiantes de la Facultad de Medicina de la UABC, as\u00ed como familiares de Eneyda Ramos Noriega, iniciaron este martes un &#8220;plant\u00f3n permanente\u201d que mantendr\u00e1n hasta que se resuelva el crimen. Lo realizan afuera de las oficinas del Ministerio P\u00fablico de Homicidios Dolosos. Pidieron que sea que presentado ante la justicia el ex novio de la joven, identificado como Alejandro Castellanos, quien actualmente se encuentra libre.<\/p>\n<p><a href=\"http:\/\/www.elvigia.net\/066\/2016\/5\/4\/hacen-planton-muerte-eneyda-235614.html\" target=\"_blank\">http:\/\/www.elvigia.net\/066\/2016\/5\/4\/hacen-planton-muerte-eneyda-235614.html<\/a><\/p>\n","protected":false},"excerpt":{"rendered":"<p>Decenas de estudiantes de la Facultad de Medicina de la UABC, as\u00ed como familiares de Eneyda Ramos Noriega, iniciaron este martes un &#8220;plant\u00f3n permanente\u201d que mantendr\u00e1n hasta que se resuelva &hellip; <a href=\"https:\/\/www.grieta.org.mx\/index.php\/2016\/05\/04\/hacen-planton-por-muerte-de-eneyda\/\" class=\"more-link\">Leer m\u00e1s<\/a><\/p>\n","protected":false},"author":2,"featured_media":21928,"comment_status":"closed","ping_status":"closed","sticky":false,"template":"","format":"standard","meta":{"ngg_post_thumbnail":0,"_jetpack_newsletter_access":"","_jetpack_dont_email_post_to_subs":false,"_jetpack_newsletter_tier_id":0,"_jetpack_memberships_contains_paywalled_content":false,"_jetpack_memberships_contains_paid_content":false,"footnotes":""},"categories":[80],"tags":[81],"class_list":["post-11734","post","type-post","status-publish","format-standard","has-post-thumbnail","hentry","category-cintillo","tag-feminicidios","entry"],"jetpack_featured_media_url":"https:\/\/www.grieta.org.mx\/wp-content\/uploads\/2018\/03\/14524434_1106112876131411_958039263622046936_o.jpg","jetpack_sharing_enabled":true,"jetpack_shortlink":"https:\/\/wp.me\/p7ZJR4-33g","jetpack_likes_enabled":false,"jetpack-related-posts":[{"id":7006,"url":"https:\/\/www.grieta.org.mx\/index.php\/2016\/05\/04\/feminicidios-en-baja-california\/","url_meta":{"origin":11734,"position":0},"title":"Feminicidios en Baja California","author":"grieta","date":"4 mayo, 2016","format":false,"excerpt":"Movilizaciones en contra de feminicidios 04\/05\/16. Hacen plant\u00f3n por muerte de Eneyda El Vig\u00eda 04\/05\/16. [VIDEO] Piden justicia para Eneyda Zeta 04\/05\/16. \"Ni una m\u00e1s\", advierten compa\u00f1eros de Eneyda La Jornada BC 06\/01\/16. \u201c\u00a1Alto al feminicidio!\u201d, exigen en Ensenada La Jornada BC 21\/12\/15. Exigen justicia por asesinatos de mujeres Plex\u2026","rel":"","context":"En &quot;Baja California&quot;","block_context":{"text":"Baja California","link":"https:\/\/www.grieta.org.mx\/index.php\/category\/noticias-nacionales\/baja-california\/"},"img":{"alt_text":"","src":"https:\/\/i0.wp.com\/www.grieta.org.mx\/wp-content\/uploads\/2018\/03\/14524434_1106112876131411_958039263622046936_o.jpg?resize=350%2C200&ssl=1","width":350,"height":200,"srcset":"https:\/\/i0.wp.com\/www.grieta.org.mx\/wp-content\/uploads\/2018\/03\/14524434_1106112876131411_958039263622046936_o.jpg?resize=350%2C200&ssl=1 1x, https:\/\/i0.wp.com\/www.grieta.org.mx\/wp-content\/uploads\/2018\/03\/14524434_1106112876131411_958039263622046936_o.jpg?resize=525%2C300&ssl=1 1.5x, https:\/\/i0.wp.com\/www.grieta.org.mx\/wp-content\/uploads\/2018\/03\/14524434_1106112876131411_958039263622046936_o.jpg?resize=700%2C400&ssl=1 2x"},"classes":[]},{"id":11723,"url":"https:\/\/www.grieta.org.mx\/index.php\/2016\/05\/04\/ni-una-mas-advierten-companeros-de-eneyda\/","url_meta":{"origin":11734,"position":1},"title":"&#8220;Ni una m\u00e1s&#8221;, advierten compa\u00f1eros de Eneyda","author":"grieta","date":"4 mayo, 2016","format":false,"excerpt":"Por Hamlet Alc\u00e1ntara Tijuana, 4 de mayo.- Al grito \"Somos la voz de Eneyda\", alrededor de 200 estudiantes de Medicina de la Universidad Aut\u00f3noma de Baja California (UABC) frente a las instalaciones de la Procuradur\u00eda General de Justicia del Estado (PGJE) para exigir justicia por el asesinato de la joven\u2026","rel":"","context":"En &quot;CINTILLO&quot;","block_context":{"text":"CINTILLO","link":"https:\/\/www.grieta.org.mx\/index.php\/category\/cintillo\/"},"img":{"alt_text":"","src":"https:\/\/i0.wp.com\/www.grieta.org.mx\/wp-content\/uploads\/2018\/03\/14524434_1106112876131411_958039263622046936_o.jpg?resize=350%2C200&ssl=1","width":350,"height":200,"srcset":"https:\/\/i0.wp.com\/www.grieta.org.mx\/wp-content\/uploads\/2018\/03\/14524434_1106112876131411_958039263622046936_o.jpg?resize=350%2C200&ssl=1 1x, https:\/\/i0.wp.com\/www.grieta.org.mx\/wp-content\/uploads\/2018\/03\/14524434_1106112876131411_958039263622046936_o.jpg?resize=525%2C300&ssl=1 1.5x, https:\/\/i0.wp.com\/www.grieta.org.mx\/wp-content\/uploads\/2018\/03\/14524434_1106112876131411_958039263622046936_o.jpg?resize=700%2C400&ssl=1 2x"},"classes":[]},{"id":11729,"url":"https:\/\/www.grieta.org.mx\/index.php\/2016\/05\/04\/video-piden-justicia-para-eneyda\/","url_meta":{"origin":11734,"position":2},"title":"[VIDEO] Piden justicia para Eneyda","author":"grieta","date":"4 mayo, 2016","format":false,"excerpt":"Familiares y amigos de la estudiante Eneyda Ramos Noriega, encontrada muerta el s\u00e1bado 30 de abril, acudieron esta tarde a la agencia del Ministerio P\u00fablico de Homicidios Dolosos, exigiendo justicia para el caso de la joven. \u201cQueremos justicia\u201d, \u201cQue pague el culpable\u201d, \u201cQueremos justicia para mi hija\u201d ; eran las\u2026","rel":"","context":"En &quot;CINTILLO&quot;","block_context":{"text":"CINTILLO","link":"https:\/\/www.grieta.org.mx\/index.php\/category\/cintillo\/"},"img":{"alt_text":"","src":"https:\/\/i0.wp.com\/www.grieta.org.mx\/wp-content\/uploads\/2018\/03\/14524434_1106112876131411_958039263622046936_o.jpg?resize=350%2C200&ssl=1","width":350,"height":200,"srcset":"https:\/\/i0.wp.com\/www.grieta.org.mx\/wp-content\/uploads\/2018\/03\/14524434_1106112876131411_958039263622046936_o.jpg?resize=350%2C200&ssl=1 1x, https:\/\/i0.wp.com\/www.grieta.org.mx\/wp-content\/uploads\/2018\/03\/14524434_1106112876131411_958039263622046936_o.jpg?resize=525%2C300&ssl=1 1.5x, https:\/\/i0.wp.com\/www.grieta.org.mx\/wp-content\/uploads\/2018\/03\/14524434_1106112876131411_958039263622046936_o.jpg?resize=700%2C400&ssl=1 2x"},"classes":[]},{"id":27848,"url":"https:\/\/www.grieta.org.mx\/index.php\/2018\/12\/11\/hacen-planton-jubilados-y-pensionados-de-issstecali-en-ensenada\/","url_meta":{"origin":11734,"position":3},"title":"Hacen plant\u00f3n jubilados y pensionados de Issstecali en Ensenada","author":"grieta","date":"11 diciembre, 2018","format":false,"excerpt":"Fotos: Lorena Lamas Lorena Lamas Jubilados y pensionados de Issstecali realizaron una manifestaci\u00f3n pac\u00edfica en las instalaciones del hospital, en Ensenada ante la falta de pago de prima vacacional y retroactivo a una parte de los basificados. Este martes a las 8:00 de la ma\u00f1ana, los adultos se congregaron con\u2026","rel":"","context":"En &quot;Baja California&quot;","block_context":{"text":"Baja California","link":"https:\/\/www.grieta.org.mx\/index.php\/category\/noticias-nacionales\/baja-california\/"},"img":{"alt_text":"","src":"https:\/\/i0.wp.com\/www.grieta.org.mx\/wp-content\/uploads\/2018\/12\/WhatsApp-Image-2018-12-11-at-11.48.16-750x500.jpeg?resize=350%2C200&ssl=1","width":350,"height":200,"srcset":"https:\/\/i0.wp.com\/www.grieta.org.mx\/wp-content\/uploads\/2018\/12\/WhatsApp-Image-2018-12-11-at-11.48.16-750x500.jpeg?resize=350%2C200&ssl=1 1x, https:\/\/i0.wp.com\/www.grieta.org.mx\/wp-content\/uploads\/2018\/12\/WhatsApp-Image-2018-12-11-at-11.48.16-750x500.jpeg?resize=525%2C300&ssl=1 1.5x, https:\/\/i0.wp.com\/www.grieta.org.mx\/wp-content\/uploads\/2018\/12\/WhatsApp-Image-2018-12-11-at-11.48.16-750x500.jpeg?resize=700%2C400&ssl=1 2x"},"classes":[]},{"id":12250,"url":"https:\/\/www.grieta.org.mx\/index.php\/2016\/05\/12\/estudiantes-de-la-buap-reprimidos-en-2015-instalan-planton\/","url_meta":{"origin":11734,"position":4},"title":"Estudiantes de la BUAP, reprimidos en 2015, instalan plant\u00f3n","author":"grieta","date":"12 mayo, 2016","format":false,"excerpt":"12\/05\/16. Estudiantes de la BUAP instalan plant\u00f3n ante la Fiscal\u00eda (Puebla) e-consulta 08\/02\/15. Estudiantes de Puebla son desalojados a golpes de un plant\u00f3n Animal Pol\u00edtico","rel":"","context":"En &quot;NOTICIAS NACIONALES&quot;","block_context":{"text":"NOTICIAS NACIONALES","link":"https:\/\/www.grieta.org.mx\/index.php\/category\/noticias-nacionales\/"},"img":{"alt_text":"","src":"https:\/\/i0.wp.com\/www.grieta.org.mx\/wp-content\/uploads\/2018\/03\/14524434_1106112876131411_958039263622046936_o.jpg?resize=350%2C200&ssl=1","width":350,"height":200,"srcset":"https:\/\/i0.wp.com\/www.grieta.org.mx\/wp-content\/uploads\/2018\/03\/14524434_1106112876131411_958039263622046936_o.jpg?resize=350%2C200&ssl=1 1x, https:\/\/i0.wp.com\/www.grieta.org.mx\/wp-content\/uploads\/2018\/03\/14524434_1106112876131411_958039263622046936_o.jpg?resize=525%2C300&ssl=1 1.5x, https:\/\/i0.wp.com\/www.grieta.org.mx\/wp-content\/uploads\/2018\/03\/14524434_1106112876131411_958039263622046936_o.jpg?resize=700%2C400&ssl=1 2x"},"classes":[]},{"id":52018,"url":"https:\/\/www.grieta.org.mx\/index.php\/2020\/07\/25\/enfermeras-instalan-planton-en-casa-jalisco-exigen-seguridad-laboral\/","url_meta":{"origin":11734,"position":5},"title":"Enfermeras instalan plant\u00f3n en casa Jalisco, exigen seguridad laboral","author":"grieta","date":"25 julio, 2020","format":false,"excerpt":"Foto: Mario Marlo Enfermeras y enfermeros instalaron un plant\u00f3n en Casa Jalisco\u00a0que ser\u00e1 levantado hasta que el gobernador, Enrique Alfaro,\u00a0las atienda.\u00a0Sus superiores les advirtieron que de seguir con las protestas: no habr\u00eda m\u00e1s contratos. Mario Marlo \/ Zona Docs Por segundo d\u00eda consecutivo, trabajadoras y trabajadores de la salud\u00a0se manifestaron\u2026","rel":"","context":"En &quot;CINTILLO&quot;","block_context":{"text":"CINTILLO","link":"https:\/\/www.grieta.org.mx\/index.php\/category\/cintillo\/"},"img":{"alt_text":"","src":"https:\/\/i0.wp.com\/www.grieta.org.mx\/wp-content\/uploads\/2020\/07\/Enfermeras-1-1-1200x640.jpg?resize=350%2C200&ssl=1","width":350,"height":200,"srcset":"https:\/\/i0.wp.com\/www.grieta.org.mx\/wp-content\/uploads\/2020\/07\/Enfermeras-1-1-1200x640.jpg?resize=350%2C200&ssl=1 1x, https:\/\/i0.wp.com\/www.grieta.org.mx\/wp-content\/uploads\/2020\/07\/Enfermeras-1-1-1200x640.jpg?resize=525%2C300&ssl=1 1.5x, https:\/\/i0.wp.com\/www.grieta.org.mx\/wp-content\/uploads\/2020\/07\/Enfermeras-1-1-1200x640.jpg?resize=700%2C400&ssl=1 2x, https:\/\/i0.wp.com\/www.grieta.org.mx\/wp-content\/uploads\/2020\/07\/Enfermeras-1-1-1200x640.jpg?resize=1050%2C600&ssl=1 3x"},"classes":[]}],"_links":{"self":[{"href":"https:\/\/www.grieta.org.mx\/index.php\/wp-json\/wp\/v2\/posts\/11734","targetHints":{"allow":["GET"]}}],"collection":[{"href":"https:\/\/www.grieta.org.mx\/index.php\/wp-json\/wp\/v2\/posts"}],"about":[{"href":"https:\/\/www.grieta.org.mx\/index.php\/wp-json\/wp\/v2\/types\/post"}],"author":[{"embeddable":true,"href":"https:\/\/www.grieta.org.mx\/index.php\/wp-json\/wp\/v2\/users\/2"}],"replies":[{"embeddable":true,"href":"https:\/\/www.grieta.org.mx\/index.php\/wp-json\/wp\/v2\/comments?post=11734"}],"version-history":[{"count":1,"href":"https:\/\/www.grieta.org.mx\/index.php\/wp-json\/wp\/v2\/posts\/11734\/revisions"}],"predecessor-version":[{"id":11735,"href":"https:\/\/www.grieta.org.mx\/index.php\/wp-json\/wp\/v2\/posts\/11734\/revisions\/11735"}],"wp:featuredmedia":[{"embeddable":true,"href":"https:\/\/www.grieta.org.mx\/index.php\/wp-json\/wp\/v2\/media\/21928"}],"wp:attachment":[{"href":"https:\/\/www.grieta.org.mx\/index.php\/wp-json\/wp\/v2\/media?parent=11734"}],"wp:term":[{"taxonomy":"category","embeddable":true,"href":"https:\/\/www.grieta.org.mx\/index.php\/wp-json\/wp\/v2\/categories?post=11734"},{"taxonomy":"post_tag","embeddable":true,"href":"https:\/\/www.grieta.org.mx\/index.php\/wp-json\/wp\/v2\/tags?post=11734"}],"curies":[{"name":"wp","href":"https:\/\/api.w.org\/{rel}","templated":true}]}}