{"id":11729,"date":"2016-05-04T04:57:56","date_gmt":"2016-05-04T04:57:56","guid":{"rendered":"http:\/\/www.grieta.org.mx\/?p=11729"},"modified":"2016-05-05T05:01:01","modified_gmt":"2016-05-05T05:01:01","slug":"video-piden-justicia-para-eneyda","status":"publish","type":"post","link":"https:\/\/www.grieta.org.mx\/index.php\/2016\/05\/04\/video-piden-justicia-para-eneyda\/","title":{"rendered":"[VIDEO] Piden justicia para Eneyda"},"content":{"rendered":"<p><img loading=\"lazy\" decoding=\"async\" data-attachment-id=\"11730\" data-permalink=\"https:\/\/www.grieta.org.mx\/index.php\/2016\/05\/04\/video-piden-justicia-para-eneyda\/eneyda-1\/\" data-orig-file=\"https:\/\/www.grieta.org.mx\/wp-content\/uploads\/2016\/05\/eneyda-1.jpeg\" data-orig-size=\"640,353\" data-comments-opened=\"0\" data-image-meta=\"{&quot;aperture&quot;:&quot;0&quot;,&quot;credit&quot;:&quot;&quot;,&quot;camera&quot;:&quot;&quot;,&quot;caption&quot;:&quot;&quot;,&quot;created_timestamp&quot;:&quot;0&quot;,&quot;copyright&quot;:&quot;&quot;,&quot;focal_length&quot;:&quot;0&quot;,&quot;iso&quot;:&quot;0&quot;,&quot;shutter_speed&quot;:&quot;0&quot;,&quot;title&quot;:&quot;&quot;,&quot;orientation&quot;:&quot;0&quot;}\" data-image-title=\"eneyda 1\" data-image-description=\"\" data-image-caption=\"\" data-medium-file=\"https:\/\/www.grieta.org.mx\/wp-content\/uploads\/2016\/05\/eneyda-1-300x165.jpeg\" data-large-file=\"https:\/\/www.grieta.org.mx\/wp-content\/uploads\/2016\/05\/eneyda-1.jpeg\" src=\"http:\/\/www.grieta.org.mx\/wp-content\/uploads\/2016\/05\/eneyda-1.jpeg\" alt=\"eneyda 1\" width=\"640\" height=\"353\" class=\"alignnone size-full wp-image-11730\" srcset=\"https:\/\/www.grieta.org.mx\/wp-content\/uploads\/2016\/05\/eneyda-1.jpeg 640w, https:\/\/www.grieta.org.mx\/wp-content\/uploads\/2016\/05\/eneyda-1-300x165.jpeg 300w\" sizes=\"auto, (max-width: 640px) 100vw, 640px\" \/><\/p>\n<p><iframe loading=\"lazy\" width=\"500\" height=\"281\" src=\"https:\/\/www.youtube.com\/embed\/ivLjhyO7K8o\" frameborder=\"0\" allowfullscreen><\/iframe><\/p>\n<p>Familiares y amigos de la estudiante Eneyda Ramos Noriega, encontrada muerta el s\u00e1bado 30 de abril, acudieron esta tarde a la agencia del Ministerio P\u00fablico de Homicidios Dolosos, exigiendo justicia para el caso de la joven. \u201cQueremos justicia\u201d, \u201cQue pague el culpable\u201d, \u201cQueremos justicia para mi hija\u201d ; eran las consignas de los manifestantes. Una hermana de la joven fallecida, quien cursaba el octavo semestre en la Facultad de Medicina en la UABC, expres\u00f3: \u201c\u2026justicia para mi hermana, ella no mereci\u00f3 esto, no por un par de criminales. No se vale que le hayan quitado la vida unos animales y est\u00e9n libres, a pesar de que dijeron c\u00f3mo la asesinaron y tuvieron el descaro de decirlo y quedar libres\u201d. Presuntamente entre los sospechosos del homicidio figuran el ex novio de la v\u00edctima, Alejandro Castellanos y su pareja. Informaci\u00f3n proporcionada a ZETA refiere que la joven de 22 a\u00f1os de edad y reportada desaparecida por sus familiares el viernes 29 de abril, perdi\u00f3 la vida por asfixia provocada con una bolsa de pl\u00e1stico.<\/p>\n<p><a href=\"http:\/\/zetatijuana.com\/2016\/05\/03\/piden-justicia-para-eneyda\/\" target=\"_blank\">http:\/\/zetatijuana.com\/2016\/05\/03\/piden-justicia-para-eneyda\/<\/a><\/p>\n","protected":false},"excerpt":{"rendered":"<p>Familiares y amigos de la estudiante Eneyda Ramos Noriega, encontrada muerta el s\u00e1bado 30 de abril, acudieron esta tarde a la agencia del Ministerio P\u00fablico de Homicidios Dolosos, exigiendo justicia &hellip; <a href=\"https:\/\/www.grieta.org.mx\/index.php\/2016\/05\/04\/video-piden-justicia-para-eneyda\/\" class=\"more-link\">Leer m\u00e1s<\/a><\/p>\n","protected":false},"author":2,"featured_media":21928,"comment_status":"closed","ping_status":"closed","sticky":false,"template":"","format":"standard","meta":{"ngg_post_thumbnail":0,"_jetpack_newsletter_access":"","_jetpack_dont_email_post_to_subs":false,"_jetpack_newsletter_tier_id":0,"_jetpack_memberships_contains_paywalled_content":false,"_jetpack_memberships_contains_paid_content":false,"footnotes":""},"categories":[80],"tags":[],"class_list":["post-11729","post","type-post","status-publish","format-standard","has-post-thumbnail","hentry","category-cintillo","entry"],"jetpack_featured_media_url":"https:\/\/www.grieta.org.mx\/wp-content\/uploads\/2018\/03\/14524434_1106112876131411_958039263622046936_o.jpg","jetpack_sharing_enabled":true,"jetpack_shortlink":"https:\/\/wp.me\/p7ZJR4-33b","jetpack_likes_enabled":false,"jetpack-related-posts":[{"id":11723,"url":"https:\/\/www.grieta.org.mx\/index.php\/2016\/05\/04\/ni-una-mas-advierten-companeros-de-eneyda\/","url_meta":{"origin":11729,"position":0},"title":"&#8220;Ni una m\u00e1s&#8221;, advierten compa\u00f1eros de Eneyda","author":"grieta","date":"4 mayo, 2016","format":false,"excerpt":"Por Hamlet Alc\u00e1ntara Tijuana, 4 de mayo.- Al grito \"Somos la voz de Eneyda\", alrededor de 200 estudiantes de Medicina de la Universidad Aut\u00f3noma de Baja California (UABC) frente a las instalaciones de la Procuradur\u00eda General de Justicia del Estado (PGJE) para exigir justicia por el asesinato de la joven\u2026","rel":"","context":"En &quot;CINTILLO&quot;","block_context":{"text":"CINTILLO","link":"https:\/\/www.grieta.org.mx\/index.php\/category\/cintillo\/"},"img":{"alt_text":"","src":"https:\/\/i0.wp.com\/www.grieta.org.mx\/wp-content\/uploads\/2018\/03\/14524434_1106112876131411_958039263622046936_o.jpg?resize=350%2C200&ssl=1","width":350,"height":200,"srcset":"https:\/\/i0.wp.com\/www.grieta.org.mx\/wp-content\/uploads\/2018\/03\/14524434_1106112876131411_958039263622046936_o.jpg?resize=350%2C200&ssl=1 1x, https:\/\/i0.wp.com\/www.grieta.org.mx\/wp-content\/uploads\/2018\/03\/14524434_1106112876131411_958039263622046936_o.jpg?resize=525%2C300&ssl=1 1.5x, https:\/\/i0.wp.com\/www.grieta.org.mx\/wp-content\/uploads\/2018\/03\/14524434_1106112876131411_958039263622046936_o.jpg?resize=700%2C400&ssl=1 2x"},"classes":[]},{"id":11734,"url":"https:\/\/www.grieta.org.mx\/index.php\/2016\/05\/04\/hacen-planton-por-muerte-de-eneyda\/","url_meta":{"origin":11729,"position":1},"title":"Hacen plant\u00f3n por muerte de Eneyda","author":"grieta","date":"4 mayo, 2016","format":false,"excerpt":"Decenas de estudiantes de la Facultad de Medicina de la UABC, as\u00ed como familiares de Eneyda Ramos Noriega, iniciaron este martes un \"plant\u00f3n permanente\u201d que mantendr\u00e1n hasta que se resuelva el crimen. Lo realizan afuera de las oficinas del Ministerio P\u00fablico de Homicidios Dolosos. Pidieron que sea que presentado ante\u2026","rel":"","context":"En &quot;CINTILLO&quot;","block_context":{"text":"CINTILLO","link":"https:\/\/www.grieta.org.mx\/index.php\/category\/cintillo\/"},"img":{"alt_text":"","src":"https:\/\/i0.wp.com\/www.grieta.org.mx\/wp-content\/uploads\/2018\/03\/14524434_1106112876131411_958039263622046936_o.jpg?resize=350%2C200&ssl=1","width":350,"height":200,"srcset":"https:\/\/i0.wp.com\/www.grieta.org.mx\/wp-content\/uploads\/2018\/03\/14524434_1106112876131411_958039263622046936_o.jpg?resize=350%2C200&ssl=1 1x, https:\/\/i0.wp.com\/www.grieta.org.mx\/wp-content\/uploads\/2018\/03\/14524434_1106112876131411_958039263622046936_o.jpg?resize=525%2C300&ssl=1 1.5x, https:\/\/i0.wp.com\/www.grieta.org.mx\/wp-content\/uploads\/2018\/03\/14524434_1106112876131411_958039263622046936_o.jpg?resize=700%2C400&ssl=1 2x"},"classes":[]},{"id":7006,"url":"https:\/\/www.grieta.org.mx\/index.php\/2016\/05\/04\/feminicidios-en-baja-california\/","url_meta":{"origin":11729,"position":2},"title":"Feminicidios en Baja California","author":"grieta","date":"4 mayo, 2016","format":false,"excerpt":"Movilizaciones en contra de feminicidios 04\/05\/16. Hacen plant\u00f3n por muerte de Eneyda El Vig\u00eda 04\/05\/16. [VIDEO] Piden justicia para Eneyda Zeta 04\/05\/16. \"Ni una m\u00e1s\", advierten compa\u00f1eros de Eneyda La Jornada BC 06\/01\/16. \u201c\u00a1Alto al feminicidio!\u201d, exigen en Ensenada La Jornada BC 21\/12\/15. Exigen justicia por asesinatos de mujeres Plex\u2026","rel":"","context":"En &quot;Baja California&quot;","block_context":{"text":"Baja California","link":"https:\/\/www.grieta.org.mx\/index.php\/category\/noticias-nacionales\/baja-california\/"},"img":{"alt_text":"","src":"https:\/\/i0.wp.com\/www.grieta.org.mx\/wp-content\/uploads\/2018\/03\/14524434_1106112876131411_958039263622046936_o.jpg?resize=350%2C200&ssl=1","width":350,"height":200,"srcset":"https:\/\/i0.wp.com\/www.grieta.org.mx\/wp-content\/uploads\/2018\/03\/14524434_1106112876131411_958039263622046936_o.jpg?resize=350%2C200&ssl=1 1x, https:\/\/i0.wp.com\/www.grieta.org.mx\/wp-content\/uploads\/2018\/03\/14524434_1106112876131411_958039263622046936_o.jpg?resize=525%2C300&ssl=1 1.5x, https:\/\/i0.wp.com\/www.grieta.org.mx\/wp-content\/uploads\/2018\/03\/14524434_1106112876131411_958039263622046936_o.jpg?resize=700%2C400&ssl=1 2x"},"classes":[]},{"id":4619,"url":"https:\/\/www.grieta.org.mx\/index.php\/2016\/01\/21\/queremos-justicia-no-mentiras-reclama-desaparecidos-justicia-a-c-en-queretaro\/","url_meta":{"origin":11729,"position":3},"title":"&#8220;\u00a1Queremos justicia, no mentiras!\u201d, reclama Desaparecidos Justicia A.C. en Quer\u00e9taro","author":"grieta","date":"21 enero, 2016","format":false,"excerpt":"Gildardo Jacinto Garc\u00eda\/Libertad de palabra De manera innecesaria familiares de personas desaparecidas fueron llevados a Veracruz. \u201c\u00a1Queremos justicia, no mentiras!\u201d, reclaman al procurador de Quer\u00e9taro Quer\u00e9taro, Qro.- \u201cYa no confiamos en la Procuradur\u00eda de Quer\u00e9taro, es el sentir de las familias\u201d, expres\u00f3 Brenda Rangel Ortiz, de la organizaci\u00f3n Desaparecidos Justicia\u2026","rel":"","context":"En &quot;CINTILLO&quot;","block_context":{"text":"CINTILLO","link":"https:\/\/www.grieta.org.mx\/index.php\/category\/cintillo\/"},"img":{"alt_text":"","src":"https:\/\/i0.wp.com\/www.grieta.org.mx\/wp-content\/uploads\/2018\/03\/14524434_1106112876131411_958039263622046936_o.jpg?resize=350%2C200&ssl=1","width":350,"height":200,"srcset":"https:\/\/i0.wp.com\/www.grieta.org.mx\/wp-content\/uploads\/2018\/03\/14524434_1106112876131411_958039263622046936_o.jpg?resize=350%2C200&ssl=1 1x, https:\/\/i0.wp.com\/www.grieta.org.mx\/wp-content\/uploads\/2018\/03\/14524434_1106112876131411_958039263622046936_o.jpg?resize=525%2C300&ssl=1 1.5x, https:\/\/i0.wp.com\/www.grieta.org.mx\/wp-content\/uploads\/2018\/03\/14524434_1106112876131411_958039263622046936_o.jpg?resize=700%2C400&ssl=1 2x"},"classes":[]},{"id":5740,"url":"https:\/\/www.grieta.org.mx\/index.php\/2015\/10\/14\/exige-justicia-por-el-el-homicidio-de-su-hermana-quintana-roo\/","url_meta":{"origin":11729,"position":4},"title":"Exige justicia por el el homicidio de su hermana (Quintana Roo)","author":"grieta","date":"14 octubre, 2015","format":false,"excerpt":"CANC\u00daN, Q. Roo.- Despu\u00e9s de cinco a\u00f1os de la muerte de su hermana, Yuritzi Orizaba de Ashman, quien radica en Londres, le pide a las autoridades mexicanas que se reactive la investigaci\u00f3n del homicidio, tras quedar impune. Los hechos fueron reportados el 9 de octubre del 2010, en ese entonces\u2026","rel":"","context":"En &quot;CINTILLO&quot;","block_context":{"text":"CINTILLO","link":"https:\/\/www.grieta.org.mx\/index.php\/category\/cintillo\/"},"img":{"alt_text":"","src":"https:\/\/i0.wp.com\/www.grieta.org.mx\/wp-content\/uploads\/2018\/03\/14524434_1106112876131411_958039263622046936_o.jpg?resize=350%2C200&ssl=1","width":350,"height":200,"srcset":"https:\/\/i0.wp.com\/www.grieta.org.mx\/wp-content\/uploads\/2018\/03\/14524434_1106112876131411_958039263622046936_o.jpg?resize=350%2C200&ssl=1 1x, https:\/\/i0.wp.com\/www.grieta.org.mx\/wp-content\/uploads\/2018\/03\/14524434_1106112876131411_958039263622046936_o.jpg?resize=525%2C300&ssl=1 1.5x, https:\/\/i0.wp.com\/www.grieta.org.mx\/wp-content\/uploads\/2018\/03\/14524434_1106112876131411_958039263622046936_o.jpg?resize=700%2C400&ssl=1 2x"},"classes":[]},{"id":54637,"url":"https:\/\/www.grieta.org.mx\/index.php\/2020\/11\/01\/no-celebramos-a-las-muertas-les-exigimos-justicia-lidia-florencio-estado-de-mexico\/","url_meta":{"origin":11729,"position":5},"title":"NO CELEBRAMOS A LAS MUERTAS, LES EXIGIMOS JUSTICIA: LIDIA FLORENCIO (Estado de M\u00e9xico)","author":"grieta","date":"1 noviembre, 2020","format":false,"excerpt":"Foto tomada de: Reporte \u00cdndigo Montserrat S\u00e1nchez \/ Reporte \u00cdndigo Familiares de Diana Vel\u00e1zquez, v\u00edctima de femincidio en 2017, colocaron un altar afuera de la Fiscal\u00eda de Chimalhuac\u00e1n para exigir justicia y que en M\u00e9xico No haya ni una asesinada m\u00e1s Las velas y las flores de cempas\u00fachil no pueden\u2026","rel":"","context":"En &quot;CINTILLO&quot;","block_context":{"text":"CINTILLO","link":"https:\/\/www.grieta.org.mx\/index.php\/category\/cintillo\/"},"img":{"alt_text":"","src":"https:\/\/i0.wp.com\/www.grieta.org.mx\/wp-content\/uploads\/2020\/11\/NO-CELEBRAMOS-A-LAS-MUERTAS-LES-EXIGIMOS-JUSTICIA-LIDIA-FLORENCIO-edomex-nov.jpg?resize=350%2C200","width":350,"height":200},"classes":[]}],"_links":{"self":[{"href":"https:\/\/www.grieta.org.mx\/index.php\/wp-json\/wp\/v2\/posts\/11729","targetHints":{"allow":["GET"]}}],"collection":[{"href":"https:\/\/www.grieta.org.mx\/index.php\/wp-json\/wp\/v2\/posts"}],"about":[{"href":"https:\/\/www.grieta.org.mx\/index.php\/wp-json\/wp\/v2\/types\/post"}],"author":[{"embeddable":true,"href":"https:\/\/www.grieta.org.mx\/index.php\/wp-json\/wp\/v2\/users\/2"}],"replies":[{"embeddable":true,"href":"https:\/\/www.grieta.org.mx\/index.php\/wp-json\/wp\/v2\/comments?post=11729"}],"version-history":[{"count":1,"href":"https:\/\/www.grieta.org.mx\/index.php\/wp-json\/wp\/v2\/posts\/11729\/revisions"}],"predecessor-version":[{"id":11731,"href":"https:\/\/www.grieta.org.mx\/index.php\/wp-json\/wp\/v2\/posts\/11729\/revisions\/11731"}],"wp:featuredmedia":[{"embeddable":true,"href":"https:\/\/www.grieta.org.mx\/index.php\/wp-json\/wp\/v2\/media\/21928"}],"wp:attachment":[{"href":"https:\/\/www.grieta.org.mx\/index.php\/wp-json\/wp\/v2\/media?parent=11729"}],"wp:term":[{"taxonomy":"category","embeddable":true,"href":"https:\/\/www.grieta.org.mx\/index.php\/wp-json\/wp\/v2\/categories?post=11729"},{"taxonomy":"post_tag","embeddable":true,"href":"https:\/\/www.grieta.org.mx\/index.php\/wp-json\/wp\/v2\/tags?post=11729"}],"curies":[{"name":"wp","href":"https:\/\/api.w.org\/{rel}","templated":true}]}}