{"id":11723,"date":"2016-05-04T04:46:30","date_gmt":"2016-05-04T04:46:30","guid":{"rendered":"http:\/\/www.grieta.org.mx\/?p=11723"},"modified":"2016-05-05T04:50:33","modified_gmt":"2016-05-05T04:50:33","slug":"ni-una-mas-advierten-companeros-de-eneyda","status":"publish","type":"post","link":"https:\/\/www.grieta.org.mx\/index.php\/2016\/05\/04\/ni-una-mas-advierten-companeros-de-eneyda\/","title":{"rendered":"&#8220;Ni una m\u00e1s&#8221;, advierten compa\u00f1eros de Eneyda"},"content":{"rendered":"<p><img loading=\"lazy\" decoding=\"async\" data-attachment-id=\"11724\" data-permalink=\"https:\/\/www.grieta.org.mx\/index.php\/2016\/05\/04\/ni-una-mas-advierten-companeros-de-eneyda\/manifestacion_eneida\/\" data-orig-file=\"https:\/\/www.grieta.org.mx\/wp-content\/uploads\/2016\/05\/manifestacion_eneida.jpg\" data-orig-size=\"660,440\" data-comments-opened=\"0\" data-image-meta=\"{&quot;aperture&quot;:&quot;0&quot;,&quot;credit&quot;:&quot;&quot;,&quot;camera&quot;:&quot;&quot;,&quot;caption&quot;:&quot;&quot;,&quot;created_timestamp&quot;:&quot;0&quot;,&quot;copyright&quot;:&quot;&quot;,&quot;focal_length&quot;:&quot;0&quot;,&quot;iso&quot;:&quot;0&quot;,&quot;shutter_speed&quot;:&quot;0&quot;,&quot;title&quot;:&quot;&quot;,&quot;orientation&quot;:&quot;0&quot;}\" data-image-title=\"manifestacion_eneida\" data-image-description=\"\" data-image-caption=\"\" data-medium-file=\"https:\/\/www.grieta.org.mx\/wp-content\/uploads\/2016\/05\/manifestacion_eneida-300x200.jpg\" data-large-file=\"https:\/\/www.grieta.org.mx\/wp-content\/uploads\/2016\/05\/manifestacion_eneida.jpg\" src=\"http:\/\/www.grieta.org.mx\/wp-content\/uploads\/2016\/05\/manifestacion_eneida.jpg\" alt=\"manifestacion_eneida\" width=\"660\" height=\"440\" class=\"alignnone size-full wp-image-11724\" srcset=\"https:\/\/www.grieta.org.mx\/wp-content\/uploads\/2016\/05\/manifestacion_eneida.jpg 660w, https:\/\/www.grieta.org.mx\/wp-content\/uploads\/2016\/05\/manifestacion_eneida-300x200.jpg 300w\" sizes=\"auto, (max-width: 660px) 100vw, 660px\" \/><\/p>\n<p>Por<br \/>\nHamlet Alc\u00e1ntara<\/p>\n<p>Tijuana, 4 de mayo.- Al grito &#8220;Somos la voz de Eneyda&#8221;, alrededor de 200 estudiantes de Medicina de la Universidad Aut\u00f3noma de Baja California (UABC) frente a las instalaciones de la Procuradur\u00eda General de Justicia del Estado (PGJE) para exigir justicia por el asesinato de la joven Eneyda Noriega cuyo cuerpo fue localizado el fin de semana en esta ciudad.<\/p>\n<p>Los j\u00f3venes estudiantes fueron llegando desde las siete de la ma\u00f1ana de hoy y se apostaron de manera pac\u00edfica en las cuatro esquinas y las dos glorietas que forman el crucero del bulevar S\u00e1nchez Taboada y la calle R\u00edo Tijuana.<\/p>\n<p>Con pancartas pidiendo justicia para Eneyda y consignas como &#8220;Ni una m\u00e1s&#8221;, &#8220;Todos somos Eneyda&#8221; y &#8220;Somos la voz de Eneyda&#8221;, los estudiantes continuaron con la protesta que iniciaron el martes.<\/p>\n<p>Ocasionalmente los automovilistas se unen con sus cl\u00e1xones a la protesta de los estudiantes que exigen arraigo para los responsables del homicidio de esta joven ocurrido el pasado viernes 29 de abril en un domicilio de la colonia Revoluci\u00f3n.<\/p>\n<p>El martes, familiares de la joven estudiante de Medicina de la UABC acusaron que no hab\u00eda ninguna persona detenida a pesar de que la autoridad cuenta con la declaraci\u00f3n de una joven que acus\u00f3 a un ex novio de Eneyda de ser responsable del homicidio.<\/p>\n<p><a href=\"http:\/\/jornadabc.mx\/tijuana\/04-05-2016\/ni-una-mas-advierten-companeros-de-eneyda\" target=\"_blank\">http:\/\/jornadabc.mx\/tijuana\/04-05-2016\/ni-una-mas-advierten-companeros-de-eneyda<\/a><\/p>\n","protected":false},"excerpt":{"rendered":"<p>Por Hamlet Alc\u00e1ntara Tijuana, 4 de mayo.- Al grito &#8220;Somos la voz de Eneyda&#8221;, alrededor de 200 estudiantes de Medicina de la Universidad Aut\u00f3noma de Baja California (UABC) frente a &hellip; <a href=\"https:\/\/www.grieta.org.mx\/index.php\/2016\/05\/04\/ni-una-mas-advierten-companeros-de-eneyda\/\" class=\"more-link\">Leer m\u00e1s<\/a><\/p>\n","protected":false},"author":2,"featured_media":21928,"comment_status":"closed","ping_status":"closed","sticky":false,"template":"","format":"standard","meta":{"ngg_post_thumbnail":0,"_jetpack_newsletter_access":"","_jetpack_dont_email_post_to_subs":false,"_jetpack_newsletter_tier_id":0,"_jetpack_memberships_contains_paywalled_content":false,"_jetpack_memberships_contains_paid_content":false,"footnotes":""},"categories":[80],"tags":[81],"class_list":["post-11723","post","type-post","status-publish","format-standard","has-post-thumbnail","hentry","category-cintillo","tag-feminicidios","entry"],"jetpack_featured_media_url":"https:\/\/www.grieta.org.mx\/wp-content\/uploads\/2018\/03\/14524434_1106112876131411_958039263622046936_o.jpg","jetpack_sharing_enabled":true,"jetpack_shortlink":"https:\/\/wp.me\/p7ZJR4-335","jetpack_likes_enabled":false,"jetpack-related-posts":[{"id":11734,"url":"https:\/\/www.grieta.org.mx\/index.php\/2016\/05\/04\/hacen-planton-por-muerte-de-eneyda\/","url_meta":{"origin":11723,"position":0},"title":"Hacen plant\u00f3n por muerte de Eneyda","author":"grieta","date":"4 mayo, 2016","format":false,"excerpt":"Decenas de estudiantes de la Facultad de Medicina de la UABC, as\u00ed como familiares de Eneyda Ramos Noriega, iniciaron este martes un \"plant\u00f3n permanente\u201d que mantendr\u00e1n hasta que se resuelva el crimen. Lo realizan afuera de las oficinas del Ministerio P\u00fablico de Homicidios Dolosos. Pidieron que sea que presentado ante\u2026","rel":"","context":"En &quot;CINTILLO&quot;","block_context":{"text":"CINTILLO","link":"https:\/\/www.grieta.org.mx\/index.php\/category\/cintillo\/"},"img":{"alt_text":"","src":"https:\/\/i0.wp.com\/www.grieta.org.mx\/wp-content\/uploads\/2018\/03\/14524434_1106112876131411_958039263622046936_o.jpg?resize=350%2C200&ssl=1","width":350,"height":200,"srcset":"https:\/\/i0.wp.com\/www.grieta.org.mx\/wp-content\/uploads\/2018\/03\/14524434_1106112876131411_958039263622046936_o.jpg?resize=350%2C200&ssl=1 1x, https:\/\/i0.wp.com\/www.grieta.org.mx\/wp-content\/uploads\/2018\/03\/14524434_1106112876131411_958039263622046936_o.jpg?resize=525%2C300&ssl=1 1.5x, https:\/\/i0.wp.com\/www.grieta.org.mx\/wp-content\/uploads\/2018\/03\/14524434_1106112876131411_958039263622046936_o.jpg?resize=700%2C400&ssl=1 2x"},"classes":[]},{"id":11729,"url":"https:\/\/www.grieta.org.mx\/index.php\/2016\/05\/04\/video-piden-justicia-para-eneyda\/","url_meta":{"origin":11723,"position":1},"title":"[VIDEO] Piden justicia para Eneyda","author":"grieta","date":"4 mayo, 2016","format":false,"excerpt":"Familiares y amigos de la estudiante Eneyda Ramos Noriega, encontrada muerta el s\u00e1bado 30 de abril, acudieron esta tarde a la agencia del Ministerio P\u00fablico de Homicidios Dolosos, exigiendo justicia para el caso de la joven. \u201cQueremos justicia\u201d, \u201cQue pague el culpable\u201d, \u201cQueremos justicia para mi hija\u201d ; eran las\u2026","rel":"","context":"En &quot;CINTILLO&quot;","block_context":{"text":"CINTILLO","link":"https:\/\/www.grieta.org.mx\/index.php\/category\/cintillo\/"},"img":{"alt_text":"","src":"https:\/\/i0.wp.com\/www.grieta.org.mx\/wp-content\/uploads\/2018\/03\/14524434_1106112876131411_958039263622046936_o.jpg?resize=350%2C200&ssl=1","width":350,"height":200,"srcset":"https:\/\/i0.wp.com\/www.grieta.org.mx\/wp-content\/uploads\/2018\/03\/14524434_1106112876131411_958039263622046936_o.jpg?resize=350%2C200&ssl=1 1x, https:\/\/i0.wp.com\/www.grieta.org.mx\/wp-content\/uploads\/2018\/03\/14524434_1106112876131411_958039263622046936_o.jpg?resize=525%2C300&ssl=1 1.5x, https:\/\/i0.wp.com\/www.grieta.org.mx\/wp-content\/uploads\/2018\/03\/14524434_1106112876131411_958039263622046936_o.jpg?resize=700%2C400&ssl=1 2x"},"classes":[]},{"id":7006,"url":"https:\/\/www.grieta.org.mx\/index.php\/2016\/05\/04\/feminicidios-en-baja-california\/","url_meta":{"origin":11723,"position":2},"title":"Feminicidios en Baja California","author":"grieta","date":"4 mayo, 2016","format":false,"excerpt":"Movilizaciones en contra de feminicidios 04\/05\/16. Hacen plant\u00f3n por muerte de Eneyda El Vig\u00eda 04\/05\/16. [VIDEO] Piden justicia para Eneyda Zeta 04\/05\/16. \"Ni una m\u00e1s\", advierten compa\u00f1eros de Eneyda La Jornada BC 06\/01\/16. \u201c\u00a1Alto al feminicidio!\u201d, exigen en Ensenada La Jornada BC 21\/12\/15. Exigen justicia por asesinatos de mujeres Plex\u2026","rel":"","context":"En &quot;Baja California&quot;","block_context":{"text":"Baja California","link":"https:\/\/www.grieta.org.mx\/index.php\/category\/noticias-nacionales\/baja-california\/"},"img":{"alt_text":"","src":"https:\/\/i0.wp.com\/www.grieta.org.mx\/wp-content\/uploads\/2018\/03\/14524434_1106112876131411_958039263622046936_o.jpg?resize=350%2C200&ssl=1","width":350,"height":200,"srcset":"https:\/\/i0.wp.com\/www.grieta.org.mx\/wp-content\/uploads\/2018\/03\/14524434_1106112876131411_958039263622046936_o.jpg?resize=350%2C200&ssl=1 1x, https:\/\/i0.wp.com\/www.grieta.org.mx\/wp-content\/uploads\/2018\/03\/14524434_1106112876131411_958039263622046936_o.jpg?resize=525%2C300&ssl=1 1.5x, https:\/\/i0.wp.com\/www.grieta.org.mx\/wp-content\/uploads\/2018\/03\/14524434_1106112876131411_958039263622046936_o.jpg?resize=700%2C400&ssl=1 2x"},"classes":[]},{"id":8179,"url":"https:\/\/www.grieta.org.mx\/index.php\/2015\/02\/01\/nos-ofrecieron-dinero-a-cambio-de-parar-protestas-normalistas-de-ayotzinapa\/","url_meta":{"origin":11723,"position":3},"title":"Nos ofrecieron dinero a cambio de parar protestas: normalistas de Ayotzinapa","author":"grieta","date":"1 febrero, 2015","format":false,"excerpt":"Gabriela Mart\u00ednez, Tijuana, BC Estudiantes de la Normal Rural Isidro Burgos de Ayotzinapa, Guerrero, denunciaron en esta ciudad fronteriza que sus familiares y alumnos fueron amenazados de muerte, y en algunos casos les ofrecieron dinero a cambio de frenar las movilizaciones y protestas para exigir el hallazgo con vida de\u2026","rel":"","context":"En &quot;CINTILLO&quot;","block_context":{"text":"CINTILLO","link":"https:\/\/www.grieta.org.mx\/index.php\/category\/cintillo\/"},"img":{"alt_text":"","src":"https:\/\/i0.wp.com\/www.grieta.org.mx\/wp-content\/uploads\/2018\/03\/14524434_1106112876131411_958039263622046936_o.jpg?resize=350%2C200&ssl=1","width":350,"height":200,"srcset":"https:\/\/i0.wp.com\/www.grieta.org.mx\/wp-content\/uploads\/2018\/03\/14524434_1106112876131411_958039263622046936_o.jpg?resize=350%2C200&ssl=1 1x, https:\/\/i0.wp.com\/www.grieta.org.mx\/wp-content\/uploads\/2018\/03\/14524434_1106112876131411_958039263622046936_o.jpg?resize=525%2C300&ssl=1 1.5x, https:\/\/i0.wp.com\/www.grieta.org.mx\/wp-content\/uploads\/2018\/03\/14524434_1106112876131411_958039263622046936_o.jpg?resize=700%2C400&ssl=1 2x"},"classes":[]},{"id":6041,"url":"https:\/\/www.grieta.org.mx\/index.php\/2015\/09\/27\/en-aguascalientes-exigen-justicia-a-un-ano-de-la-desaparicion-de-los-43-estudiantes-normalistas-de-ayotzinapa\/","url_meta":{"origin":11723,"position":4},"title":"En Aguascalientes exigen Justicia a un a\u00f1o de la Desaparici\u00f3n de los 43 Estudiantes Normalistas de Ayotzinapa","author":"grieta","date":"27 septiembre, 2015","format":false,"excerpt":"Cristina Zareth Hern\u00e1ndez Guti\u00e9rrez En el primer aniversario de la desaparici\u00f3n de los normalistas de Ayotzinapa, estudiantes, maestros y activistas realizaron una marcha de protesta para exigir al igual que hace un a\u00f1o, \u201cjusticia por los 43\u201d. El contingente de cerca de 400 personas que se integr\u00f3 por estudiantes del\u2026","rel":"","context":"En &quot;aguascalientes&quot;","block_context":{"text":"aguascalientes","link":"https:\/\/www.grieta.org.mx\/index.php\/category\/aguascalientes\/"},"img":{"alt_text":"","src":"https:\/\/i0.wp.com\/www.grieta.org.mx\/wp-content\/uploads\/2018\/03\/14524434_1106112876131411_958039263622046936_o.jpg?resize=350%2C200&ssl=1","width":350,"height":200,"srcset":"https:\/\/i0.wp.com\/www.grieta.org.mx\/wp-content\/uploads\/2018\/03\/14524434_1106112876131411_958039263622046936_o.jpg?resize=350%2C200&ssl=1 1x, https:\/\/i0.wp.com\/www.grieta.org.mx\/wp-content\/uploads\/2018\/03\/14524434_1106112876131411_958039263622046936_o.jpg?resize=525%2C300&ssl=1 1.5x, https:\/\/i0.wp.com\/www.grieta.org.mx\/wp-content\/uploads\/2018\/03\/14524434_1106112876131411_958039263622046936_o.jpg?resize=700%2C400&ssl=1 2x"},"classes":[]},{"id":32152,"url":"https:\/\/www.grieta.org.mx\/index.php\/2019\/04\/08\/universitarios-y-familia-de-dana-marchan-en-contra-de-los-feminicidios-chihuahua\/","url_meta":{"origin":11723,"position":5},"title":"Universitarios y familia de Dana marchan en contra de los feminicidios (Chihuahua)","author":"grieta","date":"8 abril, 2019","format":false,"excerpt":"Tras la muerte de la estudiante de literatura, salieron a las calles para exigir un cese a la violencia contra la mujer ? Luz del C\u00e1rmen Sosa\/EL DIARIO DE JU\u00c1REZ Ciudad Ju\u00e1rez.- \u201cPorqu\u00e9 nos asesinan, si somos la esperanza de Am\u00e9rica Latina\u201d, \u201cJusticia\u201d, son las consignan que lanzan m\u00e1s de\u2026","rel":"","context":"En &quot;Chihuahua&quot;","block_context":{"text":"Chihuahua","link":"https:\/\/www.grieta.org.mx\/index.php\/category\/noticias-nacionales\/chihuahua\/"},"img":{"alt_text":"","src":"https:\/\/i0.wp.com\/www.grieta.org.mx\/wp-content\/uploads\/2018\/03\/14524434_1106112876131411_958039263622046936_o.jpg?resize=350%2C200&ssl=1","width":350,"height":200,"srcset":"https:\/\/i0.wp.com\/www.grieta.org.mx\/wp-content\/uploads\/2018\/03\/14524434_1106112876131411_958039263622046936_o.jpg?resize=350%2C200&ssl=1 1x, https:\/\/i0.wp.com\/www.grieta.org.mx\/wp-content\/uploads\/2018\/03\/14524434_1106112876131411_958039263622046936_o.jpg?resize=525%2C300&ssl=1 1.5x, https:\/\/i0.wp.com\/www.grieta.org.mx\/wp-content\/uploads\/2018\/03\/14524434_1106112876131411_958039263622046936_o.jpg?resize=700%2C400&ssl=1 2x"},"classes":[]}],"_links":{"self":[{"href":"https:\/\/www.grieta.org.mx\/index.php\/wp-json\/wp\/v2\/posts\/11723","targetHints":{"allow":["GET"]}}],"collection":[{"href":"https:\/\/www.grieta.org.mx\/index.php\/wp-json\/wp\/v2\/posts"}],"about":[{"href":"https:\/\/www.grieta.org.mx\/index.php\/wp-json\/wp\/v2\/types\/post"}],"author":[{"embeddable":true,"href":"https:\/\/www.grieta.org.mx\/index.php\/wp-json\/wp\/v2\/users\/2"}],"replies":[{"embeddable":true,"href":"https:\/\/www.grieta.org.mx\/index.php\/wp-json\/wp\/v2\/comments?post=11723"}],"version-history":[{"count":1,"href":"https:\/\/www.grieta.org.mx\/index.php\/wp-json\/wp\/v2\/posts\/11723\/revisions"}],"predecessor-version":[{"id":11725,"href":"https:\/\/www.grieta.org.mx\/index.php\/wp-json\/wp\/v2\/posts\/11723\/revisions\/11725"}],"wp:featuredmedia":[{"embeddable":true,"href":"https:\/\/www.grieta.org.mx\/index.php\/wp-json\/wp\/v2\/media\/21928"}],"wp:attachment":[{"href":"https:\/\/www.grieta.org.mx\/index.php\/wp-json\/wp\/v2\/media?parent=11723"}],"wp:term":[{"taxonomy":"category","embeddable":true,"href":"https:\/\/www.grieta.org.mx\/index.php\/wp-json\/wp\/v2\/categories?post=11723"},{"taxonomy":"post_tag","embeddable":true,"href":"https:\/\/www.grieta.org.mx\/index.php\/wp-json\/wp\/v2\/tags?post=11723"}],"curies":[{"name":"wp","href":"https:\/\/api.w.org\/{rel}","templated":true}]}}