{"id":117,"date":"2016-02-07T03:36:03","date_gmt":"2016-02-07T03:36:03","guid":{"rendered":"http:\/\/50.22.11.12\/~grietaor\/?p=117"},"modified":"2016-02-27T03:38:46","modified_gmt":"2016-02-27T03:38:46","slug":"reunion-del-cni-en-la-chinantla","status":"publish","type":"post","link":"https:\/\/www.grieta.org.mx\/index.php\/2016\/02\/07\/reunion-del-cni-en-la-chinantla\/","title":{"rendered":"Reuni\u00f3n del CNI en la Chinantla"},"content":{"rendered":"<p><strong>07\/02\/16. <\/strong><a href=\"http:\/\/grieta.org.mx\/index.php\/2016\/02\/07\/proximo-a-cumplir-20-anos-el-cni-continua-con-su-paso-firme\/\">Pr\u00f3ximo a cumplir 20 a\u00f1os, el CNI contin\u00faa con su paso firme<\/a><br \/>\n<em>Subversiones<\/em><\/p>\n","protected":false},"excerpt":{"rendered":"<p>07\/02\/16. Pr\u00f3ximo a cumplir 20 a\u00f1os, el CNI contin\u00faa con su paso firme Subversiones<\/p>\n","protected":false},"author":2,"featured_media":21928,"comment_status":"closed","ping_status":"open","sticky":false,"template":"","format":"standard","meta":{"ngg_post_thumbnail":0,"_jetpack_newsletter_access":"","_jetpack_dont_email_post_to_subs":false,"_jetpack_newsletter_tier_id":0,"_jetpack_memberships_contains_paywalled_content":false,"_jetpack_memberships_contains_paid_content":false,"footnotes":""},"categories":[25],"tags":[],"class_list":["post-117","post","type-post","status-publish","format-standard","has-post-thumbnail","hentry","category-oaxaca","entry"],"jetpack_featured_media_url":"https:\/\/www.grieta.org.mx\/wp-content\/uploads\/2018\/03\/14524434_1106112876131411_958039263622046936_o.jpg","jetpack_sharing_enabled":true,"jetpack_shortlink":"https:\/\/wp.me\/p7ZJR4-1T","jetpack_likes_enabled":false,"jetpack-related-posts":[{"id":115,"url":"https:\/\/www.grieta.org.mx\/index.php\/2016\/02\/07\/proximo-a-cumplir-20-anos-el-cni-continua-con-su-paso-firme\/","url_meta":{"origin":117,"position":0},"title":"Pr\u00f3ximo a cumplir 20 a\u00f1os, el CNI contin\u00faa con su paso firme","author":"grieta","date":"7 febrero, 2016","format":false,"excerpt":"Jos\u00e9 Luis Santill\u00e1n, Oaxaca Solo queremos construir un nuevo modo de vida, un nuevo pa\u00eds donde haya respeto, donde a la mujer se le respete, donde a las ni\u00f1as, a los ni\u00f1os, a los j\u00f3venes, a los hombres y mujeres, a los trabajadores, a los abuelos, abuelas, sin distingos de\u2026","rel":"","context":"En &quot;CINTILLO&quot;","block_context":{"text":"CINTILLO","link":"https:\/\/www.grieta.org.mx\/index.php\/category\/cintillo\/"},"img":{"alt_text":"","src":"https:\/\/i0.wp.com\/www.grieta.org.mx\/wp-content\/uploads\/2018\/03\/14524434_1106112876131411_958039263622046936_o.jpg?resize=350%2C200&ssl=1","width":350,"height":200,"srcset":"https:\/\/i0.wp.com\/www.grieta.org.mx\/wp-content\/uploads\/2018\/03\/14524434_1106112876131411_958039263622046936_o.jpg?resize=350%2C200&ssl=1 1x, https:\/\/i0.wp.com\/www.grieta.org.mx\/wp-content\/uploads\/2018\/03\/14524434_1106112876131411_958039263622046936_o.jpg?resize=525%2C300&ssl=1 1.5x, https:\/\/i0.wp.com\/www.grieta.org.mx\/wp-content\/uploads\/2018\/03\/14524434_1106112876131411_958039263622046936_o.jpg?resize=700%2C400&ssl=1 2x"},"classes":[]},{"id":33007,"url":"https:\/\/www.grieta.org.mx\/index.php\/2019\/05\/04\/informamos-de-la-desaparicion-forzada-del-concejal-del-cig-cni-jose-lucio-bartolo-faustino-y-del-delegado-del-cni-modesto-verales-sebastian-en-el-estado-de-guerrero\/","url_meta":{"origin":117,"position":1},"title":"Informamos de la desaparici\u00f3n forzada del Concejal del CIG-CNI Jos\u00e9 Lucio Bartolo Faustino, y del delegado del CNI Modesto Verales Sebasti\u00e1n en el estado de Guerrero.","author":"grieta","date":"4 mayo, 2019","format":false,"excerpt":"4 de Mayo 2019. El Concejal Nahua Jos\u00e9 lucio Bartolo Faustino y el delegado Modesto Verales Sebasti\u00e1n sostuvieron una reuni\u00f3n con otros miembros de su organizaci\u00f3n el CIPOG-EZ, integrante del CNI-Guerrero a las 4 pm en la ciudad de Chilpancingo. De regreso a su comunidad fueron emboscados y se encuentran\u2026","rel":"","context":"En &quot;CINTILLO&quot;","block_context":{"text":"CINTILLO","link":"https:\/\/www.grieta.org.mx\/index.php\/category\/cintillo\/"},"img":{"alt_text":"","src":"https:\/\/i0.wp.com\/www.grieta.org.mx\/wp-content\/uploads\/2019\/05\/logo-CNI-To.png?resize=350%2C200&ssl=1","width":350,"height":200,"srcset":"https:\/\/i0.wp.com\/www.grieta.org.mx\/wp-content\/uploads\/2019\/05\/logo-CNI-To.png?resize=350%2C200&ssl=1 1x, https:\/\/i0.wp.com\/www.grieta.org.mx\/wp-content\/uploads\/2019\/05\/logo-CNI-To.png?resize=525%2C300&ssl=1 1.5x"},"classes":[]},{"id":25044,"url":"https:\/\/www.grieta.org.mx\/index.php\/2018\/07\/18\/comunicado-del-cni-y-el-cig-por-el-asesinato-del-companero-abraham-hernandez-gonzalez-de-codedi-oaxaca\/","url_meta":{"origin":117,"position":2},"title":"Comunicado del CNI y el CIG por el asesinato del compa\u00f1ero Abraham Hern\u00e1ndez Gonz\u00e1lez de CODEDI (Oaxaca)","author":"grieta","date":"18 julio, 2018","format":false,"excerpt":"Al Comit\u00e9 de Defensa de Derechos Ind\u00edgenas (Codedi) Al pueblo de M\u00e9xico A la Sexta nacional e internacional A los medios de comunicaci\u00f3n Aunque arriba los poderosos se sigan repartiendo nuestra patria, con cualquier rostro viejo o nuevo, abajo nuestra sangre y dolor sigue ba\u00f1ando el territorio. Tambi\u00e9n nuestra resistencia\u2026","rel":"","context":"En &quot;CINTILLO&quot;","block_context":{"text":"CINTILLO","link":"https:\/\/www.grieta.org.mx\/index.php\/category\/cintillo\/"},"img":{"alt_text":"","src":"https:\/\/i0.wp.com\/www.grieta.org.mx\/wp-content\/uploads\/2018\/07\/logo-CNI-T.png?resize=350%2C200&ssl=1","width":350,"height":200,"srcset":"https:\/\/i0.wp.com\/www.grieta.org.mx\/wp-content\/uploads\/2018\/07\/logo-CNI-T.png?resize=350%2C200&ssl=1 1x, https:\/\/i0.wp.com\/www.grieta.org.mx\/wp-content\/uploads\/2018\/07\/logo-CNI-T.png?resize=525%2C300&ssl=1 1.5x"},"classes":[]},{"id":12405,"url":"https:\/\/www.grieta.org.mx\/index.php\/2016\/05\/16\/comunicado-conjunto-cni-ezln-sobre-la-agresion-al-pueblo-de-alvaro-obregon-oaxaca\/","url_meta":{"origin":117,"position":3},"title":"Comunicado conjunto CNI-EZLN sobre la agresi\u00f3n al pueblo de \u00c1lvaro Obreg\u00f3n, Oaxaca","author":"grieta","date":"16 mayo, 2016","format":false,"excerpt":"CONGRESO NACIONAL IND\u00cdGENA EJ\u00c9RCITO ZAPATISTA DE LIBERACI\u00d3N NACIONAL A los medios de comunicaci\u00f3n A las organizaciones solidarias A las organizaciones defensoras de derechos humanos Al digno pueblo binizza de \u00c1lvaro Obreg\u00f3n, Juchit\u00e1n, Oaxaca Hermanas y hermanos Con rabia e indignaci\u00f3n vemos desde nuestros pueblos, tribus, comunidades, organizaciones y barrios, como\u2026","rel":"","context":"En &quot;CINTILLO&quot;","block_context":{"text":"CINTILLO","link":"https:\/\/www.grieta.org.mx\/index.php\/category\/cintillo\/"},"img":{"alt_text":"","src":"https:\/\/i0.wp.com\/www.grieta.org.mx\/wp-content\/uploads\/2018\/03\/14524434_1106112876131411_958039263622046936_o.jpg?resize=350%2C200&ssl=1","width":350,"height":200,"srcset":"https:\/\/i0.wp.com\/www.grieta.org.mx\/wp-content\/uploads\/2018\/03\/14524434_1106112876131411_958039263622046936_o.jpg?resize=350%2C200&ssl=1 1x, https:\/\/i0.wp.com\/www.grieta.org.mx\/wp-content\/uploads\/2018\/03\/14524434_1106112876131411_958039263622046936_o.jpg?resize=525%2C300&ssl=1 1.5x, https:\/\/i0.wp.com\/www.grieta.org.mx\/wp-content\/uploads\/2018\/03\/14524434_1106112876131411_958039263622046936_o.jpg?resize=700%2C400&ssl=1 2x"},"classes":[]},{"id":33050,"url":"https:\/\/www.grieta.org.mx\/index.php\/2019\/05\/05\/asesinan-al-concejal-del-cig-cni-jose-lucio-bartolo-faustino-y-a-modesto-verales-delegado-del-cni-guerrero\/","url_meta":{"origin":117,"position":4},"title":"Asesinan al Concejal del CIG-CNI Jos\u00e9 Lucio Bartolo Faustino y a Modesto Verales, delegado del CNI (Guerrero)","author":"grieta","date":"5 mayo, 2019","format":false,"excerpt":"Redacci\u00f3n \/ Somoselmedio La ma\u00f1ana de este 5 de mayo fueron localizados los cuerpos del Concejal Nahua Jos\u00e9 Lucio Bartolo Faustino y el delegado del Concejo Nacional Ind\u00edgena (CNI), Modesto Verales Sebasti\u00e1n, ambos promotores del Concejo Ind\u00edgena y Popular de Guerrero Emiliano Zapata (CIPOG-EZ). Jos\u00e9 Lucio y Modesto Verales hab\u00edan\u2026","rel":"","context":"En &quot;CINTILLO&quot;","block_context":{"text":"CINTILLO","link":"https:\/\/www.grieta.org.mx\/index.php\/category\/cintillo\/"},"img":{"alt_text":"","src":"https:\/\/i0.wp.com\/www.grieta.org.mx\/wp-content\/uploads\/2019\/05\/direct-3.jpg?resize=350%2C200&ssl=1","width":350,"height":200,"srcset":"https:\/\/i0.wp.com\/www.grieta.org.mx\/wp-content\/uploads\/2019\/05\/direct-3.jpg?resize=350%2C200&ssl=1 1x, https:\/\/i0.wp.com\/www.grieta.org.mx\/wp-content\/uploads\/2019\/05\/direct-3.jpg?resize=525%2C300&ssl=1 1.5x, https:\/\/i0.wp.com\/www.grieta.org.mx\/wp-content\/uploads\/2019\/05\/direct-3.jpg?resize=700%2C400&ssl=1 2x"},"classes":[]},{"id":26336,"url":"https:\/\/www.grieta.org.mx\/index.php\/2017\/04\/17\/oaxaca-chinantla-avanza-la-resistencia-contra-megaproyectos\/","url_meta":{"origin":117,"position":5},"title":"Oaxaca: Chinantla, avanza la resistencia contra megaproyectos","author":"grieta","date":"17 abril, 2017","format":false,"excerpt":"Avispa Midia. Por Renata Bessi y Santiago Navarro, El pueblo Chinanteco habitante de la cuenca del Rio Cajonos, al norte del estado de Oaxaca, M\u00e9xico, lleva a cabo un proceso organizativo en todo su territorio, la Chinantla, contra proyectos econ\u00f3micos que pretenden mercantilizar a la naturaleza en su conjunto. Son\u2026","rel":"","context":"En &quot;CINTILLO&quot;","block_context":{"text":"CINTILLO","link":"https:\/\/www.grieta.org.mx\/index.php\/category\/cintillo\/"},"img":{"alt_text":"","src":"https:\/\/i0.wp.com\/www.grieta.org.mx\/wp-content\/uploads\/2018\/09\/Chinantla-Map-for-newsletter-500x453.jpeg?resize=350%2C200&ssl=1","width":350,"height":200},"classes":[]}],"_links":{"self":[{"href":"https:\/\/www.grieta.org.mx\/index.php\/wp-json\/wp\/v2\/posts\/117","targetHints":{"allow":["GET"]}}],"collection":[{"href":"https:\/\/www.grieta.org.mx\/index.php\/wp-json\/wp\/v2\/posts"}],"about":[{"href":"https:\/\/www.grieta.org.mx\/index.php\/wp-json\/wp\/v2\/types\/post"}],"author":[{"embeddable":true,"href":"https:\/\/www.grieta.org.mx\/index.php\/wp-json\/wp\/v2\/users\/2"}],"replies":[{"embeddable":true,"href":"https:\/\/www.grieta.org.mx\/index.php\/wp-json\/wp\/v2\/comments?post=117"}],"version-history":[{"count":1,"href":"https:\/\/www.grieta.org.mx\/index.php\/wp-json\/wp\/v2\/posts\/117\/revisions"}],"predecessor-version":[{"id":118,"href":"https:\/\/www.grieta.org.mx\/index.php\/wp-json\/wp\/v2\/posts\/117\/revisions\/118"}],"wp:featuredmedia":[{"embeddable":true,"href":"https:\/\/www.grieta.org.mx\/index.php\/wp-json\/wp\/v2\/media\/21928"}],"wp:attachment":[{"href":"https:\/\/www.grieta.org.mx\/index.php\/wp-json\/wp\/v2\/media?parent=117"}],"wp:term":[{"taxonomy":"category","embeddable":true,"href":"https:\/\/www.grieta.org.mx\/index.php\/wp-json\/wp\/v2\/categories?post=117"},{"taxonomy":"post_tag","embeddable":true,"href":"https:\/\/www.grieta.org.mx\/index.php\/wp-json\/wp\/v2\/tags?post=117"}],"curies":[{"name":"wp","href":"https:\/\/api.w.org\/{rel}","templated":true}]}}