{"id":11670,"date":"2016-04-25T14:42:10","date_gmt":"2016-04-25T14:42:10","guid":{"rendered":"http:\/\/www.grieta.org.mx\/?p=11670"},"modified":"2018-07-07T00:59:40","modified_gmt":"2018-07-07T05:59:40","slug":"inconformidad-e-incertidumbre-por-gasoducto-tula-tuxpan","status":"publish","type":"post","link":"https:\/\/www.grieta.org.mx\/index.php\/2016\/04\/25\/inconformidad-e-incertidumbre-por-gasoducto-tula-tuxpan\/","title":{"rendered":"Inconformidad e incertidumbre por gasoducto Tula-Tuxpan"},"content":{"rendered":"<p>La negativa de pago por afectaciones a las parcelas por el paso del ducto Tuxpan-Tula, para el funcionamiento de la hidroel\u00e9ctrica, propicia la inconformidad de propietarios de predios de los estados de Hidalgo, Puebla y Veracruz, especialmente territorio de Tihuatl\u00e1n, donde las empresas TransCanada Corporation, Transportadora de Gas Natural del Noreste (TGNN) y Transportadora de Gas de la Huasteca (TGNH), amenazan con expropiar.<\/p>\n<p>Ante esta situaci\u00f3n, ejidatarios afectados por el paso de servidumbre, adem\u00e1s de ser objeto de invasi\u00f3n, est\u00e1n siendo intimidados por dichas empresas, bajo el argumento de que se trata de un proyecto del gobierno federal y que no cuentan con recursos, cuando la licitaci\u00f3n fue de 500 millones de d\u00f3lares, adem\u00e1s ser publicada en diversos medios de comunicaci\u00f3n.<\/p>\n<p>Dentro de estas empresas, mencionaron que TransCanada, sub contrat\u00f3 a BONATTI SPA, empresa italiana, la cual, ha construido diversos ductos en este pa\u00eds, es de quien tambi\u00e9n est\u00e1 incurriendo en amenazas para no pagar, o en su caso, liquidar cantidades muy m\u00ednimas por las afectaciones, situaci\u00f3n que los propietarios han tenido a aceptar ante el temor de perder sus parcelas.<\/p>\n<p>Manifestaron que de acuerdo al derecho de v\u00eda, son 25 metros, sin embargo, dichas empresas, pretenden invadir ese pago con intimidaciones en las que algunos campesinos ya han accedido, recibiendo una miseria por el pago de solo 10 metros, mientras que los dem\u00e1s 15, solo recibir\u00e1n el 10 por ciento, calificando de ser una injusticia debido a que no corresponde a la cifra real.<\/p>\n<p>Ante estos hechos, diversos propietarios de terrenos que se est\u00e1n viendo afectados, se est\u00e1n poniendo de acuerdo para protestar de manera masiva y buscar ante las instancias se les haga justicia y se les pague los 25 metros conforme corresponde, de no ser as\u00ed impedir\u00e1n el paso de estos ductos en sus parcelas a pesar de las amenazas.<\/p>\n<p>De acuerdo al proyecto de construcci\u00f3n del ducto de gas natural de 36 pulgadas, es recorrer alrededor de 250 kil\u00f3metros de longitud, desde Tula Hidalgo hacia el puerto de Tuxpan, con el cual se abastecer\u00e1n las instalaciones de la Comisi\u00f3n Federal de Electricidad, a su paso, est\u00e1 causando la incertidumbre de campesinos de los estados de Hidalgo y Puebla, en los municipios de Mecapalapa, Tlacuilo y Honey, en Tula, Atotonilco, Singuilucan, Zapotl\u00e1n de Ju\u00e1rez y en Veracruz, concretamente en el municipio de Tihuatl\u00e1n y parte de Tuxpan.<\/p>\n<p><a href=\"http:\/\/www.acropolisveracruz.com\/inconformidad-e-incertidumbre-por-gasoducto-tula-tuxpan\/\" target=\"_blank\">http:\/\/www.acropolisveracruz.com\/inconformidad-e-incertidumbre-por-gasoducto-tula-tuxpan\/<\/a><\/p>\n","protected":false},"excerpt":{"rendered":"<p>La negativa de pago por afectaciones a las parcelas por el paso del ducto Tuxpan-Tula, para el funcionamiento de la hidroel\u00e9ctrica, propicia la inconformidad de propietarios de predios de los &hellip; <a href=\"https:\/\/www.grieta.org.mx\/index.php\/2016\/04\/25\/inconformidad-e-incertidumbre-por-gasoducto-tula-tuxpan\/\" class=\"more-link\">Leer m\u00e1s<\/a><\/p>\n","protected":false},"author":2,"featured_media":21928,"comment_status":"closed","ping_status":"closed","sticky":false,"template":"","format":"standard","meta":{"ngg_post_thumbnail":0,"_jetpack_newsletter_access":"","_jetpack_dont_email_post_to_subs":false,"_jetpack_newsletter_tier_id":0,"_jetpack_memberships_contains_paywalled_content":false,"_jetpack_memberships_contains_paid_content":false,"footnotes":""},"categories":[80,740,129,7,1265,3,922,935,942,951,2,426,26,257],"tags":[638],"class_list":{"0":"post-11670","1":"post","2":"type-post","3":"status-publish","4":"format-standard","5":"has-post-thumbnail","6":"hentry","7":"category-cintillo","8":"category-gasoducto-tuxpan-tula","9":"category-hidalgo","10":"category-hidrocarburos","11":"category-megaproyectos-de-hidrocarburos-en-puebla","12":"category-megaproyectos","13":"category-megaproyectos-estados","14":"category-mp-hidalgo","15":"category-mp-puebla","16":"category-mp-veracruz","17":"category-noticias-nacionales","18":"category-puebla","20":"category-veracruz","21":"tag-gasoducto-tuxpan-tula","22":"entry"},"jetpack_featured_media_url":"https:\/\/www.grieta.org.mx\/wp-content\/uploads\/2018\/03\/14524434_1106112876131411_958039263622046936_o.jpg","jetpack_sharing_enabled":true,"jetpack_shortlink":"https:\/\/wp.me\/p7ZJR4-32e","jetpack_likes_enabled":false,"jetpack-related-posts":[{"id":38577,"url":"https:\/\/www.grieta.org.mx\/index.php\/2019\/08\/30\/piden-garantizar-derecho-de-consulta-en-comunidades-indigenas-ante-gasoductos-hidalgo\/","url_meta":{"origin":11670,"position":0},"title":"Piden garantizar derecho de consulta en comunidades ind\u00edgenas ante gasoductos (Hidalgo)","author":"Admin","date":"30 agosto, 2019","format":false,"excerpt":"Miriam Avil\u00e9s \/ AM El activista ambiental V\u00edctor Castillo P\u00e9rez, integrante del colectivo Ximh?i-Derechos Humanos para la Sierra Otom\u00ed-Tepehua, se\u00f1al\u00f3 que las transnacionales son las \u00fanicas que celebran el acuerdo entre la Comisi\u00f3n Federal de Electricidad (CFE) con la firma TransCanada para terminar la construcci\u00f3n del gasoducto Tuxpan-Tula. Lo anterior,\u2026","rel":"","context":"En &quot;CINTILLO&quot;","block_context":{"text":"CINTILLO","link":"https:\/\/www.grieta.org.mx\/index.php\/category\/cintillo\/"},"img":{"alt_text":"","src":"https:\/\/i0.wp.com\/www.grieta.org.mx\/wp-content\/uploads\/2019\/08\/Captura-de-pantalla-2019-08-31-19.40.49.png?resize=350%2C200&ssl=1","width":350,"height":200,"srcset":"https:\/\/i0.wp.com\/www.grieta.org.mx\/wp-content\/uploads\/2019\/08\/Captura-de-pantalla-2019-08-31-19.40.49.png?resize=350%2C200&ssl=1 1x, https:\/\/i0.wp.com\/www.grieta.org.mx\/wp-content\/uploads\/2019\/08\/Captura-de-pantalla-2019-08-31-19.40.49.png?resize=525%2C300&ssl=1 1.5x, https:\/\/i0.wp.com\/www.grieta.org.mx\/wp-content\/uploads\/2019\/08\/Captura-de-pantalla-2019-08-31-19.40.49.png?resize=700%2C400&ssl=1 2x"},"classes":[]},{"id":29064,"url":"https:\/\/www.grieta.org.mx\/index.php\/2019\/02\/11\/comunidad-indigena-gana-amparo-contra-gasoducto-tuxpan-tula\/","url_meta":{"origin":11670,"position":1},"title":"Comunidad ind\u00edgena gana amparo contra gasoducto Tuxpan-Tula","author":"grieta","date":"11 febrero, 2019","format":false,"excerpt":"Gabriela Hern\u00e1ndez \/ Proceso PUEBLA, Pue. (apro).- La comunidad de Cuautepec, perteneciente al municipio de Tlacuilotepec, gan\u00f3 un amparo contra la construcci\u00f3n del gasoducto Tuxpan-Tula. La sentencia del juicio de amparo 1971\/2017, emitida por la juez Yolanda Vel\u00e1zquez Rebollo, refiere que el proyecto es susceptible de afectar el derecho colectivo\u2026","rel":"","context":"En &quot;CINTILLO&quot;","block_context":{"text":"CINTILLO","link":"https:\/\/www.grieta.org.mx\/index.php\/category\/cintillo\/"},"img":{"alt_text":"","src":"https:\/\/i0.wp.com\/www.grieta.org.mx\/wp-content\/uploads\/2019\/02\/tux.jpg?resize=350%2C200&ssl=1","width":350,"height":200,"srcset":"https:\/\/i0.wp.com\/www.grieta.org.mx\/wp-content\/uploads\/2019\/02\/tux.jpg?resize=350%2C200&ssl=1 1x, https:\/\/i0.wp.com\/www.grieta.org.mx\/wp-content\/uploads\/2019\/02\/tux.jpg?resize=525%2C300&ssl=1 1.5x, https:\/\/i0.wp.com\/www.grieta.org.mx\/wp-content\/uploads\/2019\/02\/tux.jpg?resize=700%2C400&ssl=1 2x"},"classes":[]},{"id":38984,"url":"https:\/\/www.grieta.org.mx\/index.php\/2019\/09\/05\/gasoducto-tuxpan-tula-sigue-sin-un-futuro-definido-hidalgo-puebla-veracruz\/","url_meta":{"origin":11670,"position":2},"title":"Gasoducto Tuxpan-Tula sigue sin un futuro definido (Hidalgo, Puebla, Veracruz)","author":"Admin","date":"5 septiembre, 2019","format":false,"excerpt":"Aranzaz\u00fa Ayala Mart\u00ednez \/ Lado B El gasoducto Tuxpan-Tula es uno de los megaproyectos que s\u00ed se echar\u00e1n a andar de acuerdo con el anuncio del gobierno federal, pero los habitantes siguen en la incertidumbre de qu\u00e9 pasar\u00e1 exactamente. El 27 de agosto el presidente Andr\u00e9s Manuel L\u00f3pez Obrador anunci\u00f3\u2026","rel":"","context":"En &quot;26. Sierra Puebla&quot;","block_context":{"text":"26. Sierra Puebla","link":"https:\/\/www.grieta.org.mx\/index.php\/category\/espejos-de-la-resistencia\/26-sierra-puebla\/"},"img":{"alt_text":"","src":"https:\/\/i0.wp.com\/www.grieta.org.mx\/wp-content\/uploads\/2019\/09\/Transcanada-maqueta-725x483.jpg?resize=350%2C200&ssl=1","width":350,"height":200,"srcset":"https:\/\/i0.wp.com\/www.grieta.org.mx\/wp-content\/uploads\/2019\/09\/Transcanada-maqueta-725x483.jpg?resize=350%2C200&ssl=1 1x, https:\/\/i0.wp.com\/www.grieta.org.mx\/wp-content\/uploads\/2019\/09\/Transcanada-maqueta-725x483.jpg?resize=525%2C300&ssl=1 1.5x, https:\/\/i0.wp.com\/www.grieta.org.mx\/wp-content\/uploads\/2019\/09\/Transcanada-maqueta-725x483.jpg?resize=700%2C400&ssl=1 2x"},"classes":[]},{"id":6958,"url":"https:\/\/www.grieta.org.mx\/index.php\/2015\/12\/01\/nuevo-gasoducto-tuxpan-tula-afectara-7-municipios-de-puebla\/","url_meta":{"origin":11670,"position":3},"title":"Nuevo gasoducto Tuxpan-Tula afectar\u00e1 7 municipios de Puebla","author":"Admin","date":"1 diciembre, 2015","format":false,"excerpt":"Leticia \u00c1nimas Vargas Se trata de Venustiano Carranza, Francisco Z. Mena, Jalpan, Tlaxco, Tlacuilotepec, Pahuatl\u00e1n y Honey Huauchinango, Pue.- M\u00e1s de 130 comunidades de Puebla, Hidalgo y Veracruz ser\u00e1n afectadas por la construcci\u00f3n del gasoducto Tuxpan-Tula que transportar\u00e1 886 millones de pies c\u00fabicos de gas diarios desde el sur de\u2026","rel":"","context":"En &quot;CINTILLO&quot;","block_context":{"text":"CINTILLO","link":"https:\/\/www.grieta.org.mx\/index.php\/category\/cintillo\/"},"img":{"alt_text":"","src":"https:\/\/i0.wp.com\/www.grieta.org.mx\/wp-content\/uploads\/2018\/03\/14524434_1106112876131411_958039263622046936_o.jpg?resize=350%2C200&ssl=1","width":350,"height":200,"srcset":"https:\/\/i0.wp.com\/www.grieta.org.mx\/wp-content\/uploads\/2018\/03\/14524434_1106112876131411_958039263622046936_o.jpg?resize=350%2C200&ssl=1 1x, https:\/\/i0.wp.com\/www.grieta.org.mx\/wp-content\/uploads\/2018\/03\/14524434_1106112876131411_958039263622046936_o.jpg?resize=525%2C300&ssl=1 1.5x, https:\/\/i0.wp.com\/www.grieta.org.mx\/wp-content\/uploads\/2018\/03\/14524434_1106112876131411_958039263622046936_o.jpg?resize=700%2C400&ssl=1 2x"},"classes":[]},{"id":6967,"url":"https:\/\/www.grieta.org.mx\/index.php\/2015\/10\/15\/arranca-operaciones-en-2017-el-gasoducto-tuxpan-tula\/","url_meta":{"origin":11670,"position":4},"title":"Arranca operaciones en 2017 el gasoducto Tuxpan-Tula","author":"Admin","date":"15 octubre, 2015","format":false,"excerpt":"Ser\u00e1 en el a\u00f1o 2017 cuando entre en operaci\u00f3n el gasoducto Tuxpan-Tula, que atravesar\u00e1 el territorio de Veracruz, Puebla e Hidalgo, y para el cual el gobierno federal invertir\u00e1 400 millones de d\u00f3lares. El proyecto forma parte del Plan Quinquenal de Gasoductos 2015-2019 que prev\u00e9 la construcci\u00f3n y operaci\u00f3n de\u2026","rel":"","context":"En &quot;CINTILLO&quot;","block_context":{"text":"CINTILLO","link":"https:\/\/www.grieta.org.mx\/index.php\/category\/cintillo\/"},"img":{"alt_text":"","src":"https:\/\/i0.wp.com\/www.grieta.org.mx\/wp-content\/uploads\/2018\/03\/14524434_1106112876131411_958039263622046936_o.jpg?resize=350%2C200&ssl=1","width":350,"height":200,"srcset":"https:\/\/i0.wp.com\/www.grieta.org.mx\/wp-content\/uploads\/2018\/03\/14524434_1106112876131411_958039263622046936_o.jpg?resize=350%2C200&ssl=1 1x, https:\/\/i0.wp.com\/www.grieta.org.mx\/wp-content\/uploads\/2018\/03\/14524434_1106112876131411_958039263622046936_o.jpg?resize=525%2C300&ssl=1 1.5x, https:\/\/i0.wp.com\/www.grieta.org.mx\/wp-content\/uploads\/2018\/03\/14524434_1106112876131411_958039263622046936_o.jpg?resize=700%2C400&ssl=1 2x"},"classes":[]},{"id":27751,"url":"https:\/\/www.grieta.org.mx\/index.php\/2018\/11\/18\/se-libra-sierra-norte-de-transcanada-suspende-gasoducto-puebla\/","url_meta":{"origin":11670,"position":5},"title":"Se libra Sierra Norte de TransCanada, suspende gasoducto (Puebla)","author":"grieta","date":"18 noviembre, 2018","format":false,"excerpt":"Municipios Puebla Por las mermas econ\u00f3micas que han generado las variaciones de las leyes de ingresos municipales y la resistencia de las comunidades inconformes con la construcci\u00f3n del gasoducto que impactar\u00eda en tres municipios de la Sierra Norte, la empresa TransCanada cancel\u00f3 la construcci\u00f3n del gasoducto Tuxpan-Tula, anunci\u00f3 esta semana.\u2026","rel":"","context":"En &quot;CINTILLO&quot;","block_context":{"text":"CINTILLO","link":"https:\/\/www.grieta.org.mx\/index.php\/category\/cintillo\/"},"img":{"alt_text":"","src":"https:\/\/i0.wp.com\/www.grieta.org.mx\/wp-content\/uploads\/2018\/11\/gasoducto_21.jpg?resize=350%2C200&ssl=1","width":350,"height":200,"srcset":"https:\/\/i0.wp.com\/www.grieta.org.mx\/wp-content\/uploads\/2018\/11\/gasoducto_21.jpg?resize=350%2C200&ssl=1 1x, https:\/\/i0.wp.com\/www.grieta.org.mx\/wp-content\/uploads\/2018\/11\/gasoducto_21.jpg?resize=525%2C300&ssl=1 1.5x, https:\/\/i0.wp.com\/www.grieta.org.mx\/wp-content\/uploads\/2018\/11\/gasoducto_21.jpg?resize=700%2C400&ssl=1 2x, https:\/\/i0.wp.com\/www.grieta.org.mx\/wp-content\/uploads\/2018\/11\/gasoducto_21.jpg?resize=1050%2C600&ssl=1 3x, https:\/\/i0.wp.com\/www.grieta.org.mx\/wp-content\/uploads\/2018\/11\/gasoducto_21.jpg?resize=1400%2C800&ssl=1 4x"},"classes":[]}],"_links":{"self":[{"href":"https:\/\/www.grieta.org.mx\/index.php\/wp-json\/wp\/v2\/posts\/11670","targetHints":{"allow":["GET"]}}],"collection":[{"href":"https:\/\/www.grieta.org.mx\/index.php\/wp-json\/wp\/v2\/posts"}],"about":[{"href":"https:\/\/www.grieta.org.mx\/index.php\/wp-json\/wp\/v2\/types\/post"}],"author":[{"embeddable":true,"href":"https:\/\/www.grieta.org.mx\/index.php\/wp-json\/wp\/v2\/users\/2"}],"replies":[{"embeddable":true,"href":"https:\/\/www.grieta.org.mx\/index.php\/wp-json\/wp\/v2\/comments?post=11670"}],"version-history":[{"count":1,"href":"https:\/\/www.grieta.org.mx\/index.php\/wp-json\/wp\/v2\/posts\/11670\/revisions"}],"predecessor-version":[{"id":11671,"href":"https:\/\/www.grieta.org.mx\/index.php\/wp-json\/wp\/v2\/posts\/11670\/revisions\/11671"}],"wp:featuredmedia":[{"embeddable":true,"href":"https:\/\/www.grieta.org.mx\/index.php\/wp-json\/wp\/v2\/media\/21928"}],"wp:attachment":[{"href":"https:\/\/www.grieta.org.mx\/index.php\/wp-json\/wp\/v2\/media?parent=11670"}],"wp:term":[{"taxonomy":"category","embeddable":true,"href":"https:\/\/www.grieta.org.mx\/index.php\/wp-json\/wp\/v2\/categories?post=11670"},{"taxonomy":"post_tag","embeddable":true,"href":"https:\/\/www.grieta.org.mx\/index.php\/wp-json\/wp\/v2\/tags?post=11670"}],"curies":[{"name":"wp","href":"https:\/\/api.w.org\/{rel}","templated":true}]}}