{"id":11608,"date":"2015-08-17T22:00:50","date_gmt":"2015-08-17T22:00:50","guid":{"rendered":"http:\/\/www.grieta.org.mx\/?p=11608"},"modified":"2016-05-02T23:07:04","modified_gmt":"2016-05-02T23:07:04","slug":"policia-rural-atemoriza-xaltepec-y-la-ligan-con-proyecto-turistico","status":"publish","type":"post","link":"https:\/\/www.grieta.org.mx\/index.php\/2015\/08\/17\/policia-rural-atemoriza-xaltepec-y-la-ligan-con-proyecto-turistico\/","title":{"rendered":"Polic\u00eda Rural atemoriza Xaltepec y la ligan con proyecto tur\u00edstico"},"content":{"rendered":"<p>Agosto 17, 2015<br \/>\nLeticia \u00c1nimas Vargas, Huauchinango, Pue.<\/p>\n<p>La incursi\u00f3n de entre 60 y 80 hombres uniformados y armados a bordo ocho camionetas sin placas, que m\u00e1s tarde fueron identificados oficialmente como presuntos elementos de la Polic\u00eda Rural, caus\u00f3 alarma entre los pobladores de la junta auxiliar de Xaltepec, en Huauchinango, que los relacionaron con la eventual ejecuci\u00f3n de un proyecto tur\u00edstico en la zona.<\/p>\n<p>Seg\u00fan testimonios de los ind\u00edgenas nahuas que habitan esta junta auxiliar, el mi\u00e9rcoles pasado varias decenas de hombres que portaban armas largas y un uniforme color \u201cazul gris y sombrero\u201d, irrumpieron en la localidad. \u201cSubieron y bajaron por las calles, sin decir palabra y hasta se subieron a la azotea de algunas viviendas desde donde miraban para todos lados del pueblo\u201d.<\/p>\n<p>Como el presidente auxiliar Norberto G\u00f3mez no estaba en ese momento en la comunidad, algunos vecinos pidieron el apoyo de las polic\u00edas Municipal y Estatal, pero no acudieron a su llamado y eso increment\u00f3 el p\u00e1nico entre los habitantes \u201cporque los que ahora sabemos (es) que eran rurales no se presentaron con nadie, no mostraron ninguna orden, no dijeron a qu\u00e9 ven\u00edan\u201d, denunciaron.<\/p>\n<p>Por ello se organizaron, y una comisi\u00f3n de vecinos lleg\u00f3 hasta la cabecera municipal a buscar informaci\u00f3n sobre el acontecimiento. Fueron a la Presidencia Municipal, a la Comandancia, a la Casa de Justicia, pero nadie les dio respuesta y por ello este domingo 16 de agosto a las 17:00 horas se citaron en la presidencia auxiliar para demandar a la autoridad comunitaria que les diera una explicaci\u00f3n de los hechos y adem\u00e1s pedir datos sobre el proyecto de desarrollo tur\u00edstico.<\/p>\n<p>En la puerta del edificio ubicado en una loma frente al pante\u00f3n de Xaltepec, el alcalde auxiliar Norberto G\u00f3mez les inform\u00f3 que los hombres armados eran elementos de la Polic\u00eda Rural, dependiente del Ej\u00e9rcito, que eso le hab\u00edan informado a \u00e9l los miembros de la Polic\u00eda Estatal y que, de ahora en adelante, la presencia de los rurales en el pueblo ser\u00e1 m\u00e1s frecuente.<\/p>\n<p>Sin embargo, neg\u00f3 que \u00e9l haya solicitado la presencia de la Polic\u00eda Rural o que haya presencia de la delincuencia organizada en la poblaci\u00f3n, como se difundi\u00f3 a trav\u00e9s de algunos rumores. Aunque admiti\u00f3 s\u00ed se han suscitado algunos asaltos, sobre todo a las camionetas de transporte colectivo de pasajeros.<\/p>\n<p>La autoridad comunitaria reconoci\u00f3 que los pobladores est\u00e1n alterados porque la presencia de hombres con armas largas en Xaltepec \u201cno es el pan de cada d\u00eda. Est\u00e1n atemorizados. Al ver veh\u00edculos no oficiales, eran autos particulares, con gente armada y l\u00f3gico, hasta el m\u00e1s valiente se asusta\u201d, indic\u00f3.<\/p>\n<p>\u201cPero me inform\u00e9 y el comandante de la Polic\u00eda Estatal y la Polic\u00eda Municipal, pero si fueron omisos ya es asunto de ellos, pero yo ped\u00ed el apoyo para que vinieran y le dieran a los pobladores la certeza de que realmente eran de los rurales y que por eso ven\u00eda uniformados, eran entre 60 y 80 anduvieron por todos los puntos cardinales, no se puede saber exactamente cu\u00e1ntos eran. Pero s\u00ed eran bastantitos. Pero ni yo, ni la comunidad pidi\u00f3 la presencia de los rurales\u201d, asegur\u00f3.<\/p>\n<p>Respecto al proyecto tur\u00edstico, dijo que desconoce cualquier informaci\u00f3n, pese a que asegur\u00f3 que \u00e9l puede acudir de manera muy f\u00e1cil con el secretario general del ayuntamiento Eduardo Guti\u00e9rrez Alpizar al igual que con la secretaria de Turismo municipal, Luz Anduaga Murgu\u00eda.<\/p>\n<p>Norberto G\u00f3mez manifest\u00f3, evidentemente molesto con el hecho de que un grupo de habitantes est\u00e9 tratando de indagar sobre la incursi\u00f3n de los polic\u00edas rurales en Xaltepec, que lo \u00fanico que hace es \u201cdesinformar\u201d a los vecinos sobre ese tema y sobre la inexistencia de un expediente t\u00e9cnico del proyecto de desarrollo tur\u00edstico, aunque \u00e9l admiti\u00f3 que tampoco tiene conocimiento del tema, pese a asegurar que puede acceder f\u00e1cilmente a las autoridades municipales.<\/p>\n<p><a href=\"http:\/\/www.e-consulta.com\/nota\/2015-08-17\/sociedad\/policia-rural-atemoriza-xaltepec-y-la-ligan-con-proyecto-turistico\" target=\"_blank\">http:\/\/www.e-consulta.com\/nota\/2015-08-17\/sociedad\/policia-rural-atemoriza-xaltepec-y-la-ligan-con-proyecto-turistico<\/a><\/p>\n","protected":false},"excerpt":{"rendered":"<p>Agosto 17, 2015 Leticia \u00c1nimas Vargas, Huauchinango, Pue. La incursi\u00f3n de entre 60 y 80 hombres uniformados y armados a bordo ocho camionetas sin placas, que m\u00e1s tarde fueron identificados &hellip; <a href=\"https:\/\/www.grieta.org.mx\/index.php\/2015\/08\/17\/policia-rural-atemoriza-xaltepec-y-la-ligan-con-proyecto-turistico\/\" class=\"more-link\">Leer m\u00e1s<\/a><\/p>\n","protected":false},"author":2,"featured_media":21928,"comment_status":"closed","ping_status":"closed","sticky":false,"template":"","format":"standard","meta":{"ngg_post_thumbnail":0,"_jetpack_newsletter_access":"","_jetpack_dont_email_post_to_subs":false,"_jetpack_newsletter_tier_id":0,"_jetpack_memberships_contains_paywalled_content":false,"_jetpack_memberships_contains_paid_content":false,"footnotes":""},"categories":[80],"tags":[],"class_list":["post-11608","post","type-post","status-publish","format-standard","has-post-thumbnail","hentry","category-cintillo","entry"],"jetpack_featured_media_url":"https:\/\/www.grieta.org.mx\/wp-content\/uploads\/2018\/03\/14524434_1106112876131411_958039263622046936_o.jpg","jetpack_sharing_enabled":true,"jetpack_shortlink":"https:\/\/wp.me\/p7ZJR4-31e","jetpack_likes_enabled":false,"jetpack-related-posts":[{"id":11606,"url":"https:\/\/www.grieta.org.mx\/index.php\/2015\/12\/24\/oposicion-a-proyecto-turistico-integral-necaxa-en-puebla\/","url_meta":{"origin":11608,"position":0},"title":"Oposici\u00f3n a Proyecto Tur\u00edstico Integral Necaxa en Puebla","author":"grieta","date":"24 diciembre, 2015","format":false,"excerpt":"24\/12\/15. Deterioro social y ambiental dejar\u00eda plan tur\u00edstico en Sierra Norte Radio Expresi\u00f3n 16\/12\/15. Proyectos extractivos arriesgan patrimonio ind\u00edgena en Puebla Municipios Puebla 17\/08\/15. Polic\u00eda Rural atemoriza Xaltepec y la ligan con proyecto tur\u00edstico e-consulta 16\/08\/15. Estado alienta zona tur\u00edstica de lujo en presas de Huauchinango Municipios Puebla","rel":"","context":"En &quot;Puebla&quot;","block_context":{"text":"Puebla","link":"https:\/\/www.grieta.org.mx\/index.php\/category\/noticias-nacionales\/puebla\/"},"img":{"alt_text":"","src":"https:\/\/i0.wp.com\/www.grieta.org.mx\/wp-content\/uploads\/2018\/03\/14524434_1106112876131411_958039263622046936_o.jpg?resize=350%2C200&ssl=1","width":350,"height":200,"srcset":"https:\/\/i0.wp.com\/www.grieta.org.mx\/wp-content\/uploads\/2018\/03\/14524434_1106112876131411_958039263622046936_o.jpg?resize=350%2C200&ssl=1 1x, https:\/\/i0.wp.com\/www.grieta.org.mx\/wp-content\/uploads\/2018\/03\/14524434_1106112876131411_958039263622046936_o.jpg?resize=525%2C300&ssl=1 1.5x, https:\/\/i0.wp.com\/www.grieta.org.mx\/wp-content\/uploads\/2018\/03\/14524434_1106112876131411_958039263622046936_o.jpg?resize=700%2C400&ssl=1 2x"},"classes":[]},{"id":11602,"url":"https:\/\/www.grieta.org.mx\/index.php\/2015\/08\/16\/estado-alienta-zona-turistica-de-lujo-en-presas-de-huauchinango\/","url_meta":{"origin":11608,"position":1},"title":"Estado alienta zona tur\u00edstica de lujo en presas de Huauchinango","author":"grieta","date":"16 agosto, 2015","format":false,"excerpt":"Agosto 16, 2015 Leticia \u00c1nimas Vargas, Huauchinango, Pue. Zona hotelera, campo de golf, restaurantes, club n\u00e1utico, malec\u00f3n y zona comercial, entre otras cosas, contempla el Proyecto Tur\u00edstico Integral Necaxa que se desarrollar\u00e1 en la Sierra Norte de Puebla con dinero privado y la promoci\u00f3n del gobierno del estado. Sin embargo,\u2026","rel":"","context":"En &quot;CINTILLO&quot;","block_context":{"text":"CINTILLO","link":"https:\/\/www.grieta.org.mx\/index.php\/category\/cintillo\/"},"img":{"alt_text":"","src":"https:\/\/i0.wp.com\/www.grieta.org.mx\/wp-content\/uploads\/2018\/03\/14524434_1106112876131411_958039263622046936_o.jpg?resize=350%2C200&ssl=1","width":350,"height":200,"srcset":"https:\/\/i0.wp.com\/www.grieta.org.mx\/wp-content\/uploads\/2018\/03\/14524434_1106112876131411_958039263622046936_o.jpg?resize=350%2C200&ssl=1 1x, https:\/\/i0.wp.com\/www.grieta.org.mx\/wp-content\/uploads\/2018\/03\/14524434_1106112876131411_958039263622046936_o.jpg?resize=525%2C300&ssl=1 1.5x, https:\/\/i0.wp.com\/www.grieta.org.mx\/wp-content\/uploads\/2018\/03\/14524434_1106112876131411_958039263622046936_o.jpg?resize=700%2C400&ssl=1 2x"},"classes":[]},{"id":11611,"url":"https:\/\/www.grieta.org.mx\/index.php\/2015\/12\/16\/proyectos-extractivos-arriesgan-patrimonio-indigena-en-puebla\/","url_meta":{"origin":11608,"position":2},"title":"Proyectos extractivos arriesgan patrimonio ind\u00edgena en Puebla","author":"grieta","date":"16 diciembre, 2015","format":false,"excerpt":"Diciembre 16, 2015 Leticia \u00c1nimas Vargas, Huauchinango, Pue. El da\u00f1o al patrimonio cultural material e inmaterial de los pueblos con los proyectos de la industria extractiva tendr\u00edan un car\u00e1cter \u201cdestructivo\u201d, pues \u201cse ponen en riesgo todas las formas de vida, adem\u00e1s de que se atenta contra su identidad cultural y\u2026","rel":"","context":"En &quot;CINTILLO&quot;","block_context":{"text":"CINTILLO","link":"https:\/\/www.grieta.org.mx\/index.php\/category\/cintillo\/"},"img":{"alt_text":"","src":"https:\/\/i0.wp.com\/www.grieta.org.mx\/wp-content\/uploads\/2018\/03\/14524434_1106112876131411_958039263622046936_o.jpg?resize=350%2C200&ssl=1","width":350,"height":200,"srcset":"https:\/\/i0.wp.com\/www.grieta.org.mx\/wp-content\/uploads\/2018\/03\/14524434_1106112876131411_958039263622046936_o.jpg?resize=350%2C200&ssl=1 1x, https:\/\/i0.wp.com\/www.grieta.org.mx\/wp-content\/uploads\/2018\/03\/14524434_1106112876131411_958039263622046936_o.jpg?resize=525%2C300&ssl=1 1.5x, https:\/\/i0.wp.com\/www.grieta.org.mx\/wp-content\/uploads\/2018\/03\/14524434_1106112876131411_958039263622046936_o.jpg?resize=700%2C400&ssl=1 2x"},"classes":[]},{"id":63525,"url":"https:\/\/www.grieta.org.mx\/index.php\/2022\/02\/08\/poca-informacion-y-preocupacion-sobre-el-nuevo-trazo-del-gasoducto-tuxpan-tula-puebla\/","url_meta":{"origin":11608,"position":3},"title":"Poca informaci\u00f3n y preocupaci\u00f3n sobre el nuevo trazo del gasoducto Tuxpan-Tula (Puebla)","author":"Admin","date":"8 febrero, 2022","format":false,"excerpt":"Aranzaz\u00fa Ayala Mart\u00ednez \/ Lado B Despu\u00e9s de que comunidades de Pahuatl\u00e1n ganaran un amparo contra el gasoducto Tuxpan-Tula, la Sener modific\u00f3 la ruta del mismo, que pasar\u00e1 ahora por Xicotepec y Huauchinango, pero atravesando comunidades ind\u00edgenas que no han sido informadas El Gasoducto Tuxpan-Tula, una obra a cargo de\u2026","rel":"","context":"En &quot;Gasoducto Tuxpan \u2013 Tula&quot;","block_context":{"text":"Gasoducto Tuxpan \u2013 Tula","link":"https:\/\/www.grieta.org.mx\/index.php\/category\/megaproyectos\/hidrocarburos\/gasoducto-tuxpan-tula\/"},"img":{"alt_text":"","src":"https:\/\/i0.wp.com\/www.grieta.org.mx\/wp-content\/uploads\/2022\/02\/Gasoducto-1-2.jpg?resize=350%2C200&ssl=1","width":350,"height":200,"srcset":"https:\/\/i0.wp.com\/www.grieta.org.mx\/wp-content\/uploads\/2022\/02\/Gasoducto-1-2.jpg?resize=350%2C200&ssl=1 1x, https:\/\/i0.wp.com\/www.grieta.org.mx\/wp-content\/uploads\/2022\/02\/Gasoducto-1-2.jpg?resize=525%2C300&ssl=1 1.5x, https:\/\/i0.wp.com\/www.grieta.org.mx\/wp-content\/uploads\/2022\/02\/Gasoducto-1-2.jpg?resize=700%2C400&ssl=1 2x"},"classes":[]},{"id":19773,"url":"https:\/\/www.grieta.org.mx\/index.php\/2016\/07\/11\/agua-contaminada-causa-brote-de-enfermedades-en-familias-de-huauchinango-puebla\/","url_meta":{"origin":11608,"position":4},"title":"Agua contaminada causa brote de enfermedades en familias de Huauchinango (Puebla)","author":"grieta","date":"11 julio, 2016","format":false,"excerpt":"Por Leticia \u00c1nimas Vargas Huauchinango, Pue.- Unos 80 casos de enfermedades gastrointestinales y erupciones en la piel se han presentado entre adultos y ni\u00f1os de la comunidad de Xaltepec, en Huauchinango, luego de que hace casi tres meses un particular los dej\u00f3 sin agua y est\u00e1n obligados a abastecerse de\u2026","rel":"","context":"En &quot;CINTILLO&quot;","block_context":{"text":"CINTILLO","link":"https:\/\/www.grieta.org.mx\/index.php\/category\/cintillo\/"},"img":{"alt_text":"","src":"https:\/\/i0.wp.com\/www.grieta.org.mx\/wp-content\/uploads\/2018\/03\/14524434_1106112876131411_958039263622046936_o.jpg?resize=350%2C200&ssl=1","width":350,"height":200,"srcset":"https:\/\/i0.wp.com\/www.grieta.org.mx\/wp-content\/uploads\/2018\/03\/14524434_1106112876131411_958039263622046936_o.jpg?resize=350%2C200&ssl=1 1x, https:\/\/i0.wp.com\/www.grieta.org.mx\/wp-content\/uploads\/2018\/03\/14524434_1106112876131411_958039263622046936_o.jpg?resize=525%2C300&ssl=1 1.5x, https:\/\/i0.wp.com\/www.grieta.org.mx\/wp-content\/uploads\/2018\/03\/14524434_1106112876131411_958039263622046936_o.jpg?resize=700%2C400&ssl=1 2x"},"classes":[]},{"id":15731,"url":"https:\/\/www.grieta.org.mx\/index.php\/2016\/07\/01\/suspende-cfe-energia-en-huauchinango-y-ocasiona-protestas-y-cierre-de-calles-puebla\/","url_meta":{"origin":11608,"position":5},"title":"Suspende CFE energ\u00eda en Huauchinango y ocasiona protestas y cierre de calles (Puebla)","author":"grieta","date":"1 julio, 2016","format":false,"excerpt":"Por Leticia \u00c1nimas Vargas Huauchinango, Pue.- Habitantes de Huauchinango cerraron calles en el centro de la ciudad tras un corte del servicio de energ\u00eda realizado por empleados de la Comisi\u00f3n Federal de Electricidad (CFE) poco antes de las 8:00 horas de este viernes. Las personas obligaron a la reanudaci\u00f3n del\u2026","rel":"","context":"En &quot;CINTILLO&quot;","block_context":{"text":"CINTILLO","link":"https:\/\/www.grieta.org.mx\/index.php\/category\/cintillo\/"},"img":{"alt_text":"cfe04_0","src":"https:\/\/i0.wp.com\/www.grieta.org.mx\/wp-content\/uploads\/2016\/07\/cfe04_0-300x200.jpg?resize=350%2C200","width":350,"height":200},"classes":[]}],"_links":{"self":[{"href":"https:\/\/www.grieta.org.mx\/index.php\/wp-json\/wp\/v2\/posts\/11608","targetHints":{"allow":["GET"]}}],"collection":[{"href":"https:\/\/www.grieta.org.mx\/index.php\/wp-json\/wp\/v2\/posts"}],"about":[{"href":"https:\/\/www.grieta.org.mx\/index.php\/wp-json\/wp\/v2\/types\/post"}],"author":[{"embeddable":true,"href":"https:\/\/www.grieta.org.mx\/index.php\/wp-json\/wp\/v2\/users\/2"}],"replies":[{"embeddable":true,"href":"https:\/\/www.grieta.org.mx\/index.php\/wp-json\/wp\/v2\/comments?post=11608"}],"version-history":[{"count":1,"href":"https:\/\/www.grieta.org.mx\/index.php\/wp-json\/wp\/v2\/posts\/11608\/revisions"}],"predecessor-version":[{"id":11609,"href":"https:\/\/www.grieta.org.mx\/index.php\/wp-json\/wp\/v2\/posts\/11608\/revisions\/11609"}],"wp:featuredmedia":[{"embeddable":true,"href":"https:\/\/www.grieta.org.mx\/index.php\/wp-json\/wp\/v2\/media\/21928"}],"wp:attachment":[{"href":"https:\/\/www.grieta.org.mx\/index.php\/wp-json\/wp\/v2\/media?parent=11608"}],"wp:term":[{"taxonomy":"category","embeddable":true,"href":"https:\/\/www.grieta.org.mx\/index.php\/wp-json\/wp\/v2\/categories?post=11608"},{"taxonomy":"post_tag","embeddable":true,"href":"https:\/\/www.grieta.org.mx\/index.php\/wp-json\/wp\/v2\/tags?post=11608"}],"curies":[{"name":"wp","href":"https:\/\/api.w.org\/{rel}","templated":true}]}}