{"id":11587,"date":"2016-04-30T04:48:42","date_gmt":"2016-04-30T04:48:42","guid":{"rendered":"http:\/\/www.grieta.org.mx\/?p=11587"},"modified":"2016-05-02T04:59:25","modified_gmt":"2016-05-02T04:59:25","slug":"planton-de-comunidades-pedregales-de-coyoacan-contra-los-proyectos-inmobiliarios","status":"publish","type":"post","link":"https:\/\/www.grieta.org.mx\/index.php\/2016\/04\/30\/planton-de-comunidades-pedregales-de-coyoacan-contra-los-proyectos-inmobiliarios\/","title":{"rendered":"Plant\u00f3n de comunidades Pedregales de Coyoac\u00e1n, contra los proyectos inmobiliarios"},"content":{"rendered":"<p><img loading=\"lazy\" decoding=\"async\" data-attachment-id=\"11589\" data-permalink=\"https:\/\/www.grieta.org.mx\/index.php\/2016\/04\/30\/planton-de-comunidades-pedregales-de-coyoacan-contra-los-proyectos-inmobiliarios\/pedre-jpg\/\" data-orig-file=\"https:\/\/www.grieta.org.mx\/wp-content\/uploads\/2016\/05\/pedre.jpg.jpg\" data-orig-size=\"298,497\" data-comments-opened=\"0\" data-image-meta=\"{&quot;aperture&quot;:&quot;0&quot;,&quot;credit&quot;:&quot;&quot;,&quot;camera&quot;:&quot;&quot;,&quot;caption&quot;:&quot;&quot;,&quot;created_timestamp&quot;:&quot;0&quot;,&quot;copyright&quot;:&quot;&quot;,&quot;focal_length&quot;:&quot;0&quot;,&quot;iso&quot;:&quot;0&quot;,&quot;shutter_speed&quot;:&quot;0&quot;,&quot;title&quot;:&quot;&quot;,&quot;orientation&quot;:&quot;0&quot;}\" data-image-title=\"pedre.jpg\" data-image-description=\"\" data-image-caption=\"\" data-medium-file=\"https:\/\/www.grieta.org.mx\/wp-content\/uploads\/2016\/05\/pedre.jpg-180x300.jpg\" data-large-file=\"https:\/\/www.grieta.org.mx\/wp-content\/uploads\/2016\/05\/pedre.jpg.jpg\" src=\"http:\/\/www.grieta.org.mx\/wp-content\/uploads\/2016\/05\/pedre.jpg.jpg\" alt=\"pedre.jpg\" width=\"298\" height=\"497\" class=\"alignnone size-full wp-image-11589\" srcset=\"https:\/\/www.grieta.org.mx\/wp-content\/uploads\/2016\/05\/pedre.jpg.jpg 298w, https:\/\/www.grieta.org.mx\/wp-content\/uploads\/2016\/05\/pedre.jpg-180x300.jpg 180w\" sizes=\"auto, (max-width: 298px) 100vw, 298px\" \/><\/p>\n<p>Documental que describe la lucha de Comunidades de Pedregales de Coyoac\u00e1n, contra proyectos devastadores, que amenazan a todos los pueblos<\/p>\n<div class=\"jetpack-video-wrapper\"><iframe loading=\"lazy\" title=\"Aztecas 215: la gota que derram\u00f3 el vaso\" width=\"1170\" height=\"658\" src=\"https:\/\/www.youtube.com\/embed\/JTJ42hXcwZk?feature=oembed\" frameborder=\"0\" allow=\"accelerometer; autoplay; clipboard-write; encrypted-media; gyroscope; picture-in-picture\" allowfullscreen><\/iframe><\/div>\n<p>Pueblos y  barrios de Coyoac\u00e1n, ente los que se encuentran La Candelaria, Santo Domingo, Santa \u00darsula, Los Reyes, adem\u00e1s de vecinxs de Iztacalco, Santa Fe y Magdalena Contreras, se unieron a la marcha que este 29 de abril, realizaron desde cuatro diferentes puntos, para exigir cancelaci\u00f3n definitiva a la construcci\u00f3n de la empresa \u201cQuieroCasa\u201d, quese realiza en Aztecas 215.<\/p>\n<p>Las principales peticiones son dos: Cancelaci\u00f3n definitiva de la obra de Aztecas 215 y  regresar el terreno para uso comunitario, reparando los da\u00f1os ocasionados a los ojos de agua, que existen en la zona, ya que fueron desviados al drenaje, contaminando millones de litros de agua.<\/p>\n<p>Durante el desarrollo de la marcha, personal de la delegaci\u00f3n, colocaron sellos de \u201csuspensi\u00f3n de trabajos\u201d pero por cuestiones de \u201cseguridad\u201d, no porque se pretenda cancelar las operaciones, por lo que Comunidades de Pedregales de Coyoac\u00e1n, denunciaron que los trabajos en el predio de av. Aztecas, la empresa continua trabajos de obra.<\/p>\n<p>En la zona de Pedregales de Coyoac\u00e1n, la inmobiliaria QUIERO CASA est\u00e1 construyendo desde hace un a\u00f1o departamentos de lujo en un predio ubicado en Av. Aztecas 215, Pueblo de los Reyes.<\/p>\n<p>Una ilegal perforaci\u00f3n que hizo la inmobiliaria fractur\u00f3 un venero de agua ocasionando que el vital l\u00edquido brotara a la superficie derramando diariamente miles de litros de agua que son bombeados directamente al drenaje.<\/p>\n<p>A un a\u00f1o de este derrame de agua se calcula que m\u00e1s de 1,200 millones de litros de agua limpia han sido derramados al drenaje y las autoridades de los 3 niveles de gobierno no han hecho nada, a pesar de las diferentes denuncias vecinales que ya se hicieron.<\/p>\n<p>La Asamblea General de pueblos, barrios, colonias y pedregales de Coyoac\u00e1n convocan este 29 de abril, a una megamarcha en defensa del agua y del territorio. Exigen la cancelaci\u00f3n definitiva de las obras que se construyen en avenida Aztecas 215.<\/p>\n<p><a href=\"https:\/\/noticiasdeabajoml.wordpress.com\/2016\/04\/30\/planton-de-comunidades-pedregales-de-coyoacan-contra-los-proyectos-inmobiliarios\/\" target=\"_blank\">https:\/\/noticiasdeabajoml.wordpress.com\/2016\/04\/30\/planton-de-comunidades-pedregales-de-coyoacan-contra-los-proyectos-inmobiliarios\/<\/a><\/p>\n","protected":false},"excerpt":{"rendered":"<p>Documental que describe la lucha de Comunidades de Pedregales de Coyoac\u00e1n, contra proyectos devastadores, que amenazan a todos los pueblos Pueblos y barrios de Coyoac\u00e1n, ente los que se encuentran &hellip; <a href=\"https:\/\/www.grieta.org.mx\/index.php\/2016\/04\/30\/planton-de-comunidades-pedregales-de-coyoacan-contra-los-proyectos-inmobiliarios\/\" class=\"more-link\">Leer m\u00e1s<\/a><\/p>\n","protected":false},"author":2,"featured_media":21928,"comment_status":"closed","ping_status":"closed","sticky":false,"template":"","format":"standard","meta":{"ngg_post_thumbnail":0,"_jetpack_newsletter_access":"","_jetpack_dont_email_post_to_subs":false,"_jetpack_newsletter_tier_id":0,"_jetpack_memberships_contains_paywalled_content":false,"_jetpack_memberships_contains_paid_content":false,"footnotes":""},"categories":[598,80],"tags":[224,612,184,637,402],"class_list":["post-11587","post","type-post","status-publish","format-standard","has-post-thumbnail","hentry","category-cdmx","category-cintillo","tag-agua","tag-coyoacan","tag-despojo","tag-pedregales","tag-territorio","entry"],"jetpack_featured_media_url":"https:\/\/www.grieta.org.mx\/wp-content\/uploads\/2018\/03\/14524434_1106112876131411_958039263622046936_o.jpg","jetpack_sharing_enabled":true,"jetpack_shortlink":"https:\/\/wp.me\/p7ZJR4-30T","jetpack_likes_enabled":false,"jetpack-related-posts":[{"id":20827,"url":"https:\/\/www.grieta.org.mx\/index.php\/2016\/09\/01\/agua-de-predio-de-aztecas-215-si-es-potable-unam-cdmx\/","url_meta":{"origin":11587,"position":0},"title":"Agua de predio de Aztecas 215 s\u00ed es potable: UNAM (CDMX)","author":"grieta","date":"1 septiembre, 2016","format":false,"excerpt":"Eduardo Su\u00e1rez El Instituto de Geolog\u00eda (IG) de la UNAM concluy\u00f3 que el agua no proviene de fugas de la red de agua potable El agua que aflora en el predio de la avenida Aztecas 215 proviene de un flujo somero de agua subterr\u00e1nea de reciente infiltraci\u00f3n que alimenta a\u2026","rel":"","context":"En &quot;CINTILLO&quot;","block_context":{"text":"CINTILLO","link":"https:\/\/www.grieta.org.mx\/index.php\/category\/cintillo\/"},"img":{"alt_text":"","src":"https:\/\/i0.wp.com\/www.grieta.org.mx\/wp-content\/uploads\/2018\/03\/14524434_1106112876131411_958039263622046936_o.jpg?resize=350%2C200&ssl=1","width":350,"height":200,"srcset":"https:\/\/i0.wp.com\/www.grieta.org.mx\/wp-content\/uploads\/2018\/03\/14524434_1106112876131411_958039263622046936_o.jpg?resize=350%2C200&ssl=1 1x, https:\/\/i0.wp.com\/www.grieta.org.mx\/wp-content\/uploads\/2018\/03\/14524434_1106112876131411_958039263622046936_o.jpg?resize=525%2C300&ssl=1 1.5x, https:\/\/i0.wp.com\/www.grieta.org.mx\/wp-content\/uploads\/2018\/03\/14524434_1106112876131411_958039263622046936_o.jpg?resize=700%2C400&ssl=1 2x"},"classes":[]},{"id":26442,"url":"https:\/\/www.grieta.org.mx\/index.php\/2018\/09\/15\/detiene-la-policia-de-la-ciudad-de-mexico-a-integrantes-de-la-asamblea-general-de-los-pueblos-barrios-y-colonias-de-coyoacan\/","url_meta":{"origin":11587,"position":1},"title":"Detiene la polic\u00eda de la Ciudad de M\u00e9xico a integrantes de la Asamblea General de los Pueblos, Barrios y Colonias de Coyoac\u00e1n","author":"grieta","date":"15 septiembre, 2018","format":false,"excerpt":"COLECTIVO GRIETA El d\u00eda de hoy, s\u00e1bado 15 de septiembre hacia las 10:30 hrs., polic\u00edas capitalinos detuvieron con lujo de violencia a Gustavo Rosas y Vicente Soria, defensores del manantial ubicado en el predio de Aztecas 215, donde la inmobiliaria \"Quiero Casa\" de los hermanos Shabot Cherem lleva dos a\u00f1os\u2026","rel":"","context":"En &quot;CINTILLO&quot;","block_context":{"text":"CINTILLO","link":"https:\/\/www.grieta.org.mx\/index.php\/category\/cintillo\/"},"img":{"alt_text":"","src":"https:\/\/i0.wp.com\/www.grieta.org.mx\/wp-content\/uploads\/2018\/03\/14524434_1106112876131411_958039263622046936_o.jpg?resize=350%2C200&ssl=1","width":350,"height":200,"srcset":"https:\/\/i0.wp.com\/www.grieta.org.mx\/wp-content\/uploads\/2018\/03\/14524434_1106112876131411_958039263622046936_o.jpg?resize=350%2C200&ssl=1 1x, https:\/\/i0.wp.com\/www.grieta.org.mx\/wp-content\/uploads\/2018\/03\/14524434_1106112876131411_958039263622046936_o.jpg?resize=525%2C300&ssl=1 1.5x, https:\/\/i0.wp.com\/www.grieta.org.mx\/wp-content\/uploads\/2018\/03\/14524434_1106112876131411_958039263622046936_o.jpg?resize=700%2C400&ssl=1 2x"},"classes":[]},{"id":11577,"url":"https:\/\/www.grieta.org.mx\/index.php\/2016\/09\/02\/movilizaciones-contra-proyectos-inmobiliarios-en-la-ciudad-de-mexico\/","url_meta":{"origin":11587,"position":2},"title":"Protestas y organizaci\u00f3n contra proyectos inmobiliarios en la Ciudad de M\u00e9xico","author":"grieta","date":"2 septiembre, 2016","format":false,"excerpt":"01\/09\/16. Agua de predio de Aztecas 215 s\u00ed es potable: UNAM (CDMX)El Big data 01\/08\/16. Pobladores denuncian invasi\u00f3n descontrolada de construcciones en Xochimilco Desinform\u00e9monos 28\/07\/16. Vecinos de Xochimilco padecen \u201cefectos colaterales\u201d del boom inmobiliario El big data 24\/07\/16. Constructora rompi\u00f3 manantial en la CdMx y mil 500 millones de litros\u2026","rel":"","context":"En &quot;Ciudad de M\u00e9xico&quot;","block_context":{"text":"Ciudad de M\u00e9xico","link":"https:\/\/www.grieta.org.mx\/index.php\/category\/noticias-nacionales\/ciudad-de-mexico\/"},"img":{"alt_text":"","src":"https:\/\/i0.wp.com\/www.grieta.org.mx\/wp-content\/uploads\/2018\/03\/14524434_1106112876131411_958039263622046936_o.jpg?resize=350%2C200&ssl=1","width":350,"height":200,"srcset":"https:\/\/i0.wp.com\/www.grieta.org.mx\/wp-content\/uploads\/2018\/03\/14524434_1106112876131411_958039263622046936_o.jpg?resize=350%2C200&ssl=1 1x, https:\/\/i0.wp.com\/www.grieta.org.mx\/wp-content\/uploads\/2018\/03\/14524434_1106112876131411_958039263622046936_o.jpg?resize=525%2C300&ssl=1 1.5x, https:\/\/i0.wp.com\/www.grieta.org.mx\/wp-content\/uploads\/2018\/03\/14524434_1106112876131411_958039263622046936_o.jpg?resize=700%2C400&ssl=1 2x"},"classes":[]},{"id":17828,"url":"https:\/\/www.grieta.org.mx\/index.php\/2016\/07\/24\/constructora-rompio-manantial-en-la-cdmx-y-mil-500-millones-de-litros-de-agua-se-fueron-vecinos\/","url_meta":{"origin":11587,"position":3},"title":"Constructora rompi\u00f3 manantial en la CdMx y mil 500 millones de litros de agua se fueron: vecinos","author":"grieta","date":"24 julio, 2016","format":false,"excerpt":"Por Ivette Lira Activistas que han levantado la voz y han participado activamente para lograr que el Gobierno de la CdMx cancele un proyecto inmobiliario que ha gastado m\u00e1s de mil 500 millones de litros de agua en la delegaci\u00f3n Coyoac\u00e1n, son hostigados y criminalizados por autoridades capitalinas en apoyo\u2026","rel":"","context":"En &quot;cdmx&quot;","block_context":{"text":"cdmx","link":"https:\/\/www.grieta.org.mx\/index.php\/category\/cdmx\/"},"img":{"alt_text":"","src":"https:\/\/i0.wp.com\/www.grieta.org.mx\/wp-content\/uploads\/2018\/03\/14524434_1106112876131411_958039263622046936_o.jpg?resize=350%2C200&ssl=1","width":350,"height":200,"srcset":"https:\/\/i0.wp.com\/www.grieta.org.mx\/wp-content\/uploads\/2018\/03\/14524434_1106112876131411_958039263622046936_o.jpg?resize=350%2C200&ssl=1 1x, https:\/\/i0.wp.com\/www.grieta.org.mx\/wp-content\/uploads\/2018\/03\/14524434_1106112876131411_958039263622046936_o.jpg?resize=525%2C300&ssl=1 1.5x, https:\/\/i0.wp.com\/www.grieta.org.mx\/wp-content\/uploads\/2018\/03\/14524434_1106112876131411_958039263622046936_o.jpg?resize=700%2C400&ssl=1 2x"},"classes":[]},{"id":26637,"url":"https:\/\/www.grieta.org.mx\/index.php\/2018\/09\/15\/policias-de-la-cdmx-detienen-a-dos-defensores-del-agua-cuando-documentaban-en-el-planton-azteca\/","url_meta":{"origin":11587,"position":4},"title":"Polic\u00edas de la CDMX detienen a dos defensores del agua cuando documentaban en el plant\u00f3n Azteca","author":"grieta","date":"15 septiembre, 2018","format":false,"excerpt":"Redacci\u00f3n\/somos el medio CDMX, 15 de septiembre 2018.-\u00a0Polic\u00edas de la Secretaria de Seguridad P\u00fablica de la Ciudad de M\u00e9xico, detuvieron a dos activistas que realizaban una transmisi\u00f3n en vivo donde denunciaban la afectaci\u00f3n a la v\u00eda p\u00fablica que la inmobiliaria Quiero Casa realizaba sobre la banqueta. Al rededor de las\u00a010:30\u2026","rel":"","context":"En &quot;CINTILLO&quot;","block_context":{"text":"CINTILLO","link":"https:\/\/www.grieta.org.mx\/index.php\/category\/cintillo\/"},"img":{"alt_text":"","src":"https:\/\/i0.wp.com\/www.grieta.org.mx\/wp-content\/uploads\/2018\/03\/14524434_1106112876131411_958039263622046936_o.jpg?resize=350%2C200&ssl=1","width":350,"height":200,"srcset":"https:\/\/i0.wp.com\/www.grieta.org.mx\/wp-content\/uploads\/2018\/03\/14524434_1106112876131411_958039263622046936_o.jpg?resize=350%2C200&ssl=1 1x, https:\/\/i0.wp.com\/www.grieta.org.mx\/wp-content\/uploads\/2018\/03\/14524434_1106112876131411_958039263622046936_o.jpg?resize=525%2C300&ssl=1 1.5x, https:\/\/i0.wp.com\/www.grieta.org.mx\/wp-content\/uploads\/2018\/03\/14524434_1106112876131411_958039263622046936_o.jpg?resize=700%2C400&ssl=1 2x"},"classes":[]},{"id":10498,"url":"https:\/\/www.grieta.org.mx\/index.php\/2016\/09\/05\/movilizaciones-contra-zodes\/","url_meta":{"origin":11587,"position":5},"title":"Organizaci\u00f3n y movilizaciones contra ZODES en la Ciudad de M\u00e9xico","author":"grieta","date":"5 septiembre, 2016","format":false,"excerpt":"04\/09\/16. La lucha no es f\u00e1cil, nos estamos enfrentando al gran poder del dinero: colonos de pedregales Coyoac\u00e1nDesinform\u00e9monos 17\/02\/16. Vecinos de Coyoac\u00e1n rechazan consulta p\u00fablica sobre Planta de AsfaltoDesinform\u00e9monos 11\/02\/16. Nuestra lucha va m\u00e1s all\u00e1 de una casa, es por nuestra historia: Pedregales de Coyoac\u00e1nSubversiones 21\/01\/16. Contra el \"operativo rastrillo\"\u2026","rel":"","context":"En &quot;Ciudad de M\u00e9xico&quot;","block_context":{"text":"Ciudad de M\u00e9xico","link":"https:\/\/www.grieta.org.mx\/index.php\/category\/noticias-nacionales\/ciudad-de-mexico\/"},"img":{"alt_text":"","src":"https:\/\/i0.wp.com\/www.grieta.org.mx\/wp-content\/uploads\/2018\/03\/14524434_1106112876131411_958039263622046936_o.jpg?resize=350%2C200&ssl=1","width":350,"height":200,"srcset":"https:\/\/i0.wp.com\/www.grieta.org.mx\/wp-content\/uploads\/2018\/03\/14524434_1106112876131411_958039263622046936_o.jpg?resize=350%2C200&ssl=1 1x, https:\/\/i0.wp.com\/www.grieta.org.mx\/wp-content\/uploads\/2018\/03\/14524434_1106112876131411_958039263622046936_o.jpg?resize=525%2C300&ssl=1 1.5x, https:\/\/i0.wp.com\/www.grieta.org.mx\/wp-content\/uploads\/2018\/03\/14524434_1106112876131411_958039263622046936_o.jpg?resize=700%2C400&ssl=1 2x"},"classes":[]}],"_links":{"self":[{"href":"https:\/\/www.grieta.org.mx\/index.php\/wp-json\/wp\/v2\/posts\/11587","targetHints":{"allow":["GET"]}}],"collection":[{"href":"https:\/\/www.grieta.org.mx\/index.php\/wp-json\/wp\/v2\/posts"}],"about":[{"href":"https:\/\/www.grieta.org.mx\/index.php\/wp-json\/wp\/v2\/types\/post"}],"author":[{"embeddable":true,"href":"https:\/\/www.grieta.org.mx\/index.php\/wp-json\/wp\/v2\/users\/2"}],"replies":[{"embeddable":true,"href":"https:\/\/www.grieta.org.mx\/index.php\/wp-json\/wp\/v2\/comments?post=11587"}],"version-history":[{"count":1,"href":"https:\/\/www.grieta.org.mx\/index.php\/wp-json\/wp\/v2\/posts\/11587\/revisions"}],"predecessor-version":[{"id":11591,"href":"https:\/\/www.grieta.org.mx\/index.php\/wp-json\/wp\/v2\/posts\/11587\/revisions\/11591"}],"wp:featuredmedia":[{"embeddable":true,"href":"https:\/\/www.grieta.org.mx\/index.php\/wp-json\/wp\/v2\/media\/21928"}],"wp:attachment":[{"href":"https:\/\/www.grieta.org.mx\/index.php\/wp-json\/wp\/v2\/media?parent=11587"}],"wp:term":[{"taxonomy":"category","embeddable":true,"href":"https:\/\/www.grieta.org.mx\/index.php\/wp-json\/wp\/v2\/categories?post=11587"},{"taxonomy":"post_tag","embeddable":true,"href":"https:\/\/www.grieta.org.mx\/index.php\/wp-json\/wp\/v2\/tags?post=11587"}],"curies":[{"name":"wp","href":"https:\/\/api.w.org\/{rel}","templated":true}]}}