{"id":11578,"date":"2016-04-30T04:37:39","date_gmt":"2016-04-30T04:37:39","guid":{"rendered":"http:\/\/www.grieta.org.mx\/?p=11578"},"modified":"2016-05-02T04:41:44","modified_gmt":"2016-05-02T04:41:44","slug":"residentes-arman-planton-frente-a-la-edificacion-de-departamentos","status":"publish","type":"post","link":"https:\/\/www.grieta.org.mx\/index.php\/2016\/04\/30\/residentes-arman-planton-frente-a-la-edificacion-de-departamentos\/","title":{"rendered":"Residentes arman plant\u00f3n frente a la edificaci\u00f3n de departamentos"},"content":{"rendered":"<p>Roc\u00edo Gonz\u00e1lez Alvarado<\/p>\n<p>Marchan para exigir la expropiaci\u00f3n del predio donde est\u00e1 el manantial<\/p>\n<p><img loading=\"lazy\" decoding=\"async\" data-attachment-id=\"11579\" data-permalink=\"https:\/\/www.grieta.org.mx\/index.php\/2016\/04\/30\/residentes-arman-planton-frente-a-la-edificacion-de-departamentos\/025n2cap-1\/\" data-orig-file=\"https:\/\/www.grieta.org.mx\/wp-content\/uploads\/2016\/05\/025n2cap-1.jpg\" data-orig-size=\"500,333\" data-comments-opened=\"0\" data-image-meta=\"{&quot;aperture&quot;:&quot;0&quot;,&quot;credit&quot;:&quot;&quot;,&quot;camera&quot;:&quot;&quot;,&quot;caption&quot;:&quot;&quot;,&quot;created_timestamp&quot;:&quot;0&quot;,&quot;copyright&quot;:&quot;&quot;,&quot;focal_length&quot;:&quot;0&quot;,&quot;iso&quot;:&quot;0&quot;,&quot;shutter_speed&quot;:&quot;0&quot;,&quot;title&quot;:&quot;&quot;,&quot;orientation&quot;:&quot;0&quot;}\" data-image-title=\"025n2cap-1\" data-image-description=\"\" data-image-caption=\"\" data-medium-file=\"https:\/\/www.grieta.org.mx\/wp-content\/uploads\/2016\/05\/025n2cap-1-300x200.jpg\" data-large-file=\"https:\/\/www.grieta.org.mx\/wp-content\/uploads\/2016\/05\/025n2cap-1.jpg\" src=\"http:\/\/www.grieta.org.mx\/wp-content\/uploads\/2016\/05\/025n2cap-1.jpg\" alt=\"025n2cap-1\" width=\"500\" height=\"333\" class=\"alignnone size-full wp-image-11579\" srcset=\"https:\/\/www.grieta.org.mx\/wp-content\/uploads\/2016\/05\/025n2cap-1.jpg 500w, https:\/\/www.grieta.org.mx\/wp-content\/uploads\/2016\/05\/025n2cap-1-300x200.jpg 300w\" sizes=\"auto, (max-width: 500px) 100vw, 500px\" \/><\/p>\n<p>Habitantes de Santo Domingo, Ajusco y la Candelaria se sumaron a la movilizaci\u00f3n de vecinos del pueblo de Los Reyes, Coyoac\u00e1n, quienes exigieron que expertos independientes analicen el agua que brota del predio Aztecas 215 para verificar que efectivamente est\u00e1 contaminada Foto Mar\u00eda Luisa Severiano<\/p>\n<p>En apoyo al pueblo de Los Reyes, habitantes de las colonias Santo Domingo, Ajusco y la Candelaria, en la delegaci\u00f3n Coyoac\u00e1n, realizaron ayer por la tarde una marcha que parti\u00f3 de cuatro puntos diferentes con el fin de exigir un alto al deterioro ambiental que provoca una desarrolladora inmobiliaria al construir tres torres de departamentos sobre un yacimiento de agua, el cual brot\u00f3 durante los trabajos de excavaci\u00f3n, en el predio de la avenida Aztecas 215.<\/p>\n<p>Al t\u00e9rmino de la movilizaci\u00f3n, una comisi\u00f3n de los inconformes se instal\u00f3 en plant\u00f3n frente al terreno donde se efect\u00faa la obra para exigir la cancelaci\u00f3n del proyecto inmobiliario, el cual, afirmaron, ha ocasionado que desde el a\u00f1o pasado miles de litros de agua sean echados a la red del drenaje.<\/p>\n<p>Los colonos demandaron al Gobierno de la Ciudad de M\u00e9xico expropiar el predio, que cuenta con una superficie de 8 mil 735 metros cuadrados, por causa de utilidad p\u00fablica, tras considerar lamentable que mientras en la zona de los Pedregales y en otras delegacionales, como Iztapalapa, el desabasto es una constante, se permita el desperdicio de agua en la obra.<\/p>\n<p>Tambi\u00e9n solicitaron que una comisi\u00f3n de expertos, independiente al gobierno capitalino, tome muestras y realice nuevos estudios del agua, que brota del vaso h\u00eddrico y se contamina en la superficie.<\/p>\n<p>&#8220;Vamos a defender este recurso con la verdad y con argumentos para que las autoridades tomen cartas en el asunto&#8221;, manifestaron.<\/p>\n<p>Indicaron que a\u00fan con los resultados que arroj\u00f3 el an\u00e1lisis del Sistema de Aguas de la Ciudad de M\u00e9xico (Sacmex), donde se percibe una ligera contaminaci\u00f3n, de acuerdo con los par\u00e1metros de la Norma 127, que establece los l\u00edmites permisibles de calidad del l\u00edquido, si bien no puede utilizarse como potable, si para otros fines.<\/p>\n<p>Al grito de: &#8220;Los pueblos no se venden, se aman y se defienden&#8221;, aseguraron que no levantar\u00e1n el plant\u00f3n hasta que sean escuchados por las autoridades. &#8220;No les pedimos nada extraordinario, nada m\u00e1s que hagan su trabajo&#8221;.<\/p>\n<p>Esta, agregaron, &#8220;no es una lucha por espacios pol\u00edticos, sino por la defensa del agua y nuestro territorio. De manera sencilla, porque sencillo es nuestro pueblo, les decimos que no nos han dejado otro camino, porque no nos escuchan. Han echo o\u00eddos sordos a nuestra demanda, pero con organizaci\u00f3n y dignidad vamos a defender nuestros derechos&#8221;, expusieron.<\/p>\n<p><a href=\"http:\/\/www.jornada.unam.mx\/2016\/04\/30\/capital\/025n2cap\" target=\"_blank\">http:\/\/www.jornada.unam.mx\/2016\/04\/30\/capital\/025n2cap<\/a><\/p>\n","protected":false},"excerpt":{"rendered":"<p>Roc\u00edo Gonz\u00e1lez Alvarado Marchan para exigir la expropiaci\u00f3n del predio donde est\u00e1 el manantial Habitantes de Santo Domingo, Ajusco y la Candelaria se sumaron a la movilizaci\u00f3n de vecinos del &hellip; <a href=\"https:\/\/www.grieta.org.mx\/index.php\/2016\/04\/30\/residentes-arman-planton-frente-a-la-edificacion-de-departamentos\/\" class=\"more-link\">Leer m\u00e1s<\/a><\/p>\n","protected":false},"author":2,"featured_media":21928,"comment_status":"closed","ping_status":"closed","sticky":false,"template":"","format":"standard","meta":{"ngg_post_thumbnail":0,"_jetpack_newsletter_access":"","_jetpack_dont_email_post_to_subs":false,"_jetpack_newsletter_tier_id":0,"_jetpack_memberships_contains_paywalled_content":false,"_jetpack_memberships_contains_paid_content":false,"footnotes":""},"categories":[80],"tags":[224,184,637,399,402],"class_list":["post-11578","post","type-post","status-publish","format-standard","has-post-thumbnail","hentry","category-cintillo","tag-agua","tag-despojo","tag-pedregales","tag-proyecto-inmobiliario","tag-territorio","entry"],"jetpack_featured_media_url":"https:\/\/www.grieta.org.mx\/wp-content\/uploads\/2018\/03\/14524434_1106112876131411_958039263622046936_o.jpg","jetpack_sharing_enabled":true,"jetpack_shortlink":"https:\/\/wp.me\/p7ZJR4-30K","jetpack_likes_enabled":false,"jetpack-related-posts":[{"id":12289,"url":"https:\/\/www.grieta.org.mx\/index.php\/2016\/04\/30\/marchan-para-exigir-la-expropiacion-del-predio-donde-esta-el-manantial-cdmx\/","url_meta":{"origin":11578,"position":0},"title":"Marchan para exigir la expropiaci\u00f3n del predio donde est\u00e1 el manantial (CDMX)","author":"grieta","date":"30 abril, 2016","format":false,"excerpt":"Roc\u00edo Gonz\u00e1lez Alvarado Residentes arman plant\u00f3n frente a la edificaci\u00f3n de departamentos Habitantes de Santo Domingo, Ajusco y la Candelaria se sumaron a la movilizaci\u00f3n de vecinos del pueblo de Los Reyes, Coyoac\u00e1n, quienes exigieron que expertos independientes analicen el agua que brota del predio Aztecas 215 para verificar que\u2026","rel":"","context":"En &quot;cdmx&quot;","block_context":{"text":"cdmx","link":"https:\/\/www.grieta.org.mx\/index.php\/category\/cdmx\/"},"img":{"alt_text":"","src":"https:\/\/i0.wp.com\/www.grieta.org.mx\/wp-content\/uploads\/2018\/03\/14524434_1106112876131411_958039263622046936_o.jpg?resize=350%2C200&ssl=1","width":350,"height":200,"srcset":"https:\/\/i0.wp.com\/www.grieta.org.mx\/wp-content\/uploads\/2018\/03\/14524434_1106112876131411_958039263622046936_o.jpg?resize=350%2C200&ssl=1 1x, https:\/\/i0.wp.com\/www.grieta.org.mx\/wp-content\/uploads\/2018\/03\/14524434_1106112876131411_958039263622046936_o.jpg?resize=525%2C300&ssl=1 1.5x, https:\/\/i0.wp.com\/www.grieta.org.mx\/wp-content\/uploads\/2018\/03\/14524434_1106112876131411_958039263622046936_o.jpg?resize=700%2C400&ssl=1 2x"},"classes":[]},{"id":11587,"url":"https:\/\/www.grieta.org.mx\/index.php\/2016\/04\/30\/planton-de-comunidades-pedregales-de-coyoacan-contra-los-proyectos-inmobiliarios\/","url_meta":{"origin":11578,"position":1},"title":"Plant\u00f3n de comunidades Pedregales de Coyoac\u00e1n, contra los proyectos inmobiliarios","author":"grieta","date":"30 abril, 2016","format":false,"excerpt":"Documental que describe la lucha de Comunidades de Pedregales de Coyoac\u00e1n, contra proyectos devastadores, que amenazan a todos los pueblos Pueblos y barrios de Coyoac\u00e1n, ente los que se encuentran La Candelaria, Santo Domingo, Santa \u00darsula, Los Reyes, adem\u00e1s de vecinxs de Iztacalco, Santa Fe y Magdalena Contreras, se unieron\u2026","rel":"","context":"En &quot;cdmx&quot;","block_context":{"text":"cdmx","link":"https:\/\/www.grieta.org.mx\/index.php\/category\/cdmx\/"},"img":{"alt_text":"","src":"https:\/\/i0.wp.com\/www.grieta.org.mx\/wp-content\/uploads\/2018\/03\/14524434_1106112876131411_958039263622046936_o.jpg?resize=350%2C200&ssl=1","width":350,"height":200,"srcset":"https:\/\/i0.wp.com\/www.grieta.org.mx\/wp-content\/uploads\/2018\/03\/14524434_1106112876131411_958039263622046936_o.jpg?resize=350%2C200&ssl=1 1x, https:\/\/i0.wp.com\/www.grieta.org.mx\/wp-content\/uploads\/2018\/03\/14524434_1106112876131411_958039263622046936_o.jpg?resize=525%2C300&ssl=1 1.5x, https:\/\/i0.wp.com\/www.grieta.org.mx\/wp-content\/uploads\/2018\/03\/14524434_1106112876131411_958039263622046936_o.jpg?resize=700%2C400&ssl=1 2x"},"classes":[]},{"id":69661,"url":"https:\/\/www.grieta.org.mx\/index.php\/2024\/08\/27\/alistan-terreno-para-megaproyecto-que-amenaza-manantial-en-coyoacan-pese-a-consulta-vecinal-ciudad-de-mexico\/","url_meta":{"origin":11578,"position":2},"title":"Alistan terreno para megaproyecto que amenaza manantial en Coyoac\u00e1n pese a consulta vecinal (Ciudad de M\u00e9xico)","author":"grieta","date":"27 agosto, 2024","format":false,"excerpt":"Ver\u00f3nica Santamar\u00eda \/ Animal Pol\u00edtico Fotos: Luis Madrid Un megaproyecto en Los Reyes Hueytlilac, uno de los pueblos originarios de Coyoac\u00e1n, da\u00f1ar\u00e1 la vegetaci\u00f3n, fauna nativa y empeorar\u00e1 el ya limitado acceso al agua del pueblo, que est\u00e1 ubicado entre manantiales. 27 de agosto, 2024 Los trabajos para preparar el\u2026","rel":"","context":"En &quot;CINTILLO&quot;","block_context":{"text":"CINTILLO","link":"https:\/\/www.grieta.org.mx\/index.php\/category\/cintillo\/"},"img":{"alt_text":"","src":"https:\/\/i0.wp.com\/www.grieta.org.mx\/wp-content\/uploads\/2024\/09\/Alistan-terreno-para-megaproyecto-que-amenaza-manantial-en-Coyoacan-pese-a-consulta-vecinal.jpg?resize=350%2C200&ssl=1","width":350,"height":200,"srcset":"https:\/\/i0.wp.com\/www.grieta.org.mx\/wp-content\/uploads\/2024\/09\/Alistan-terreno-para-megaproyecto-que-amenaza-manantial-en-Coyoacan-pese-a-consulta-vecinal.jpg?resize=350%2C200&ssl=1 1x, https:\/\/i0.wp.com\/www.grieta.org.mx\/wp-content\/uploads\/2024\/09\/Alistan-terreno-para-megaproyecto-que-amenaza-manantial-en-Coyoacan-pese-a-consulta-vecinal.jpg?resize=525%2C300&ssl=1 1.5x, https:\/\/i0.wp.com\/www.grieta.org.mx\/wp-content\/uploads\/2024\/09\/Alistan-terreno-para-megaproyecto-que-amenaza-manantial-en-Coyoacan-pese-a-consulta-vecinal.jpg?resize=700%2C400&ssl=1 2x, https:\/\/i0.wp.com\/www.grieta.org.mx\/wp-content\/uploads\/2024\/09\/Alistan-terreno-para-megaproyecto-que-amenaza-manantial-en-Coyoacan-pese-a-consulta-vecinal.jpg?resize=1050%2C600&ssl=1 3x"},"classes":[]},{"id":10521,"url":"https:\/\/www.grieta.org.mx\/index.php\/2015\/12\/11\/habitantes-de-los-pedregales-exigen-frenar-la-violacion-de-los-usos-de-suelo-en-coyoacan\/","url_meta":{"origin":11578,"position":3},"title":"Habitantes de Los Pedregales exigen frenar la violaci\u00f3n de los usos de suelo en Coyoac\u00e1n","author":"grieta","date":"11 diciembre, 2015","format":false,"excerpt":"La Jornada Denuncian hostigamiento de Gas Natural Fenosa y la CFE Habitantes de la delegaci\u00f3n Coyoac\u00e1n se manifestaron frente a la sede del gobierno de la demarcaci\u00f3n para exigir que se detenga el proyecto Ciudad Futura y se restablezca el suministro de agua Roc\u00edo Gonz\u00e1lez Alvarado Integrantes de la Coordinaci\u00f3n\u2026","rel":"","context":"En &quot;cdmx&quot;","block_context":{"text":"cdmx","link":"https:\/\/www.grieta.org.mx\/index.php\/category\/cdmx\/"},"img":{"alt_text":"","src":"https:\/\/i0.wp.com\/www.grieta.org.mx\/wp-content\/uploads\/2018\/03\/14524434_1106112876131411_958039263622046936_o.jpg?resize=350%2C200&ssl=1","width":350,"height":200,"srcset":"https:\/\/i0.wp.com\/www.grieta.org.mx\/wp-content\/uploads\/2018\/03\/14524434_1106112876131411_958039263622046936_o.jpg?resize=350%2C200&ssl=1 1x, https:\/\/i0.wp.com\/www.grieta.org.mx\/wp-content\/uploads\/2018\/03\/14524434_1106112876131411_958039263622046936_o.jpg?resize=525%2C300&ssl=1 1.5x, https:\/\/i0.wp.com\/www.grieta.org.mx\/wp-content\/uploads\/2018\/03\/14524434_1106112876131411_958039263622046936_o.jpg?resize=700%2C400&ssl=1 2x"},"classes":[]},{"id":23203,"url":"https:\/\/www.grieta.org.mx\/index.php\/2016\/10\/11\/vecinos-clausuran-edificios-acusan-que-provocan-escasez-de-agua-ciudad-de-mexico\/","url_meta":{"origin":11578,"position":4},"title":"Vecinos &#8216;clausuran&#8217; edificios; acusan que provocan escasez de agua (Ciudad de M\u00e9xico)","author":"grieta","date":"11 octubre, 2016","format":false,"excerpt":"Vecinos de la zona de los Pedregales, en la delegaci\u00f3n Coyoac\u00e1n, clausuraron de forma simb\u00f3lica un desarrollo inmobiliario de cerca de 300 departamentos de lujo en Perif\u00e9rico Sur 5146, pues argumentan que la obra provocar\u00e1 mayor escasez de agua, lo cual afectar\u00e1 principalmente a las colonias populares circundantes. Gerardo Su\u00e1rez\/EL\u2026","rel":"","context":"En &quot;CINTILLO&quot;","block_context":{"text":"CINTILLO","link":"https:\/\/www.grieta.org.mx\/index.php\/category\/cintillo\/"},"img":{"alt_text":"","src":"https:\/\/i0.wp.com\/www.grieta.org.mx\/wp-content\/uploads\/2018\/05\/Be-Grand-Alto-Pedregal.jpg?resize=350%2C200&ssl=1","width":350,"height":200,"srcset":"https:\/\/i0.wp.com\/www.grieta.org.mx\/wp-content\/uploads\/2018\/05\/Be-Grand-Alto-Pedregal.jpg?resize=350%2C200&ssl=1 1x, https:\/\/i0.wp.com\/www.grieta.org.mx\/wp-content\/uploads\/2018\/05\/Be-Grand-Alto-Pedregal.jpg?resize=525%2C300&ssl=1 1.5x"},"classes":[]},{"id":61184,"url":"https:\/\/www.grieta.org.mx\/index.php\/2021\/08\/18\/sin-agua-desde-hace-3-meses-y-en-medio-del-pico-de-covid-19-vecinos-de-santo-domingo-exigen-el-vital-liquido-ciudad-de-mexico\/","url_meta":{"origin":11578,"position":5},"title":"Sin agua desde hace 3 meses y en medio del pico de COVID-19, vecinos de Santo Domingo exigen el vital l\u00edquido (Ciudad de M\u00e9xico)","author":"grieta","date":"18 agosto, 2021","format":false,"excerpt":"COLECTIVO GRIETA Ciudad de M\u00e9xico, 17 de agosto. La ma\u00f1ana de este martes vecinos de la parte sur de los Pedregales de Santo Domingo, Coyoac\u00e1n, salieron a protestar para exigir a la alcand\u00eda y al Sistema de Aguas de la Ciudad de M\u00e9xico (SACMEX) que los provean de agua de\u2026","rel":"","context":"En &quot;CINTILLO&quot;","block_context":{"text":"CINTILLO","link":"https:\/\/www.grieta.org.mx\/index.php\/category\/cintillo\/"},"img":{"alt_text":"","src":"https:\/\/i0.wp.com\/www.grieta.org.mx\/wp-content\/uploads\/2021\/08\/Santo-Domingo-portada.jpg?resize=350%2C200&ssl=1","width":350,"height":200,"srcset":"https:\/\/i0.wp.com\/www.grieta.org.mx\/wp-content\/uploads\/2021\/08\/Santo-Domingo-portada.jpg?resize=350%2C200&ssl=1 1x, https:\/\/i0.wp.com\/www.grieta.org.mx\/wp-content\/uploads\/2021\/08\/Santo-Domingo-portada.jpg?resize=525%2C300&ssl=1 1.5x, https:\/\/i0.wp.com\/www.grieta.org.mx\/wp-content\/uploads\/2021\/08\/Santo-Domingo-portada.jpg?resize=700%2C400&ssl=1 2x"},"classes":[]}],"_links":{"self":[{"href":"https:\/\/www.grieta.org.mx\/index.php\/wp-json\/wp\/v2\/posts\/11578","targetHints":{"allow":["GET"]}}],"collection":[{"href":"https:\/\/www.grieta.org.mx\/index.php\/wp-json\/wp\/v2\/posts"}],"about":[{"href":"https:\/\/www.grieta.org.mx\/index.php\/wp-json\/wp\/v2\/types\/post"}],"author":[{"embeddable":true,"href":"https:\/\/www.grieta.org.mx\/index.php\/wp-json\/wp\/v2\/users\/2"}],"replies":[{"embeddable":true,"href":"https:\/\/www.grieta.org.mx\/index.php\/wp-json\/wp\/v2\/comments?post=11578"}],"version-history":[{"count":1,"href":"https:\/\/www.grieta.org.mx\/index.php\/wp-json\/wp\/v2\/posts\/11578\/revisions"}],"predecessor-version":[{"id":11580,"href":"https:\/\/www.grieta.org.mx\/index.php\/wp-json\/wp\/v2\/posts\/11578\/revisions\/11580"}],"wp:featuredmedia":[{"embeddable":true,"href":"https:\/\/www.grieta.org.mx\/index.php\/wp-json\/wp\/v2\/media\/21928"}],"wp:attachment":[{"href":"https:\/\/www.grieta.org.mx\/index.php\/wp-json\/wp\/v2\/media?parent=11578"}],"wp:term":[{"taxonomy":"category","embeddable":true,"href":"https:\/\/www.grieta.org.mx\/index.php\/wp-json\/wp\/v2\/categories?post=11578"},{"taxonomy":"post_tag","embeddable":true,"href":"https:\/\/www.grieta.org.mx\/index.php\/wp-json\/wp\/v2\/tags?post=11578"}],"curies":[{"name":"wp","href":"https:\/\/api.w.org\/{rel}","templated":true}]}}