{"id":1157,"date":"2016-04-01T18:17:00","date_gmt":"2016-04-01T18:17:00","guid":{"rendered":"http:\/\/50.22.11.12\/~grietaor\/?p=1157"},"modified":"2016-05-22T04:04:17","modified_gmt":"2016-05-22T04:04:17","slug":"obreros-cierran-cementos-fortaleza-en-demanda-de-pago-2","status":"publish","type":"post","link":"https:\/\/www.grieta.org.mx\/index.php\/2016\/04\/01\/obreros-cierran-cementos-fortaleza-en-demanda-de-pago-2\/","title":{"rendered":"Protestas en demanda de pago y de trabajo en Cementos Fortaleza en Atotonilco"},"content":{"rendered":"<p><strong>01\/04\/16. <\/strong><a href=\"http:\/\/www.grieta.org.mx\/index.php\/2016\/04\/01\/bloqueo-contra-la-cementera-fortaleza-en-atotonilco-exigen-trabajo\/\">Bloqueo contra la Cementera Fortaleza en Atotonilco; exigen trabajo<\/a><br  \/><em>La Regi\u00f3n<\/em><br  \/><br \/>\n<strong>02\/02\/16. <\/strong><a href=\"http:\/\/grieta.org.mx\/index.php\/2016\/02\/02\/obreros-cierran-cementos-fortaleza-en-demanda-de-pago\/\">Obreros cierran Cementos Fortaleza en demanda de pago<\/a><br  \/><em>Quadrat\u00edn Hidalgo<\/em><br  \/><br \/>\n<strong>02\/02\/16. <\/strong><a href=\"http:\/\/grieta.org.mx\/index.php\/2016\/02\/02\/trabajadores-exigen-su-pago-a-constructora\/\">Trabajadores exigen su pago a constructora<\/a><br  \/><em>Nueva Imagen Hidalgo<\/em><br  \/><\/p>\n","protected":false},"excerpt":{"rendered":"<p>01\/04\/16. Bloqueo contra la Cementera Fortaleza en Atotonilco; exigen trabajoLa Regi\u00f3n 02\/02\/16. Obreros cierran Cementos Fortaleza en demanda de pagoQuadrat\u00edn Hidalgo 02\/02\/16. Trabajadores exigen su pago a constructoraNueva Imagen Hidalgo<\/p>\n","protected":false},"author":2,"featured_media":21928,"comment_status":"closed","ping_status":"open","sticky":false,"template":"","format":"standard","meta":{"ngg_post_thumbnail":0,"_jetpack_newsletter_access":"","_jetpack_dont_email_post_to_subs":false,"_jetpack_newsletter_tier_id":0,"_jetpack_memberships_contains_paywalled_content":false,"_jetpack_memberships_contains_paid_content":false,"footnotes":""},"categories":[19,2],"tags":[],"class_list":["post-1157","post","type-post","status-publish","format-standard","has-post-thumbnail","hentry","category-hidalgo","category-noticias-nacionales","entry"],"jetpack_featured_media_url":"https:\/\/www.grieta.org.mx\/wp-content\/uploads\/2018\/03\/14524434_1106112876131411_958039263622046936_o.jpg","jetpack_sharing_enabled":true,"jetpack_shortlink":"https:\/\/wp.me\/p7ZJR4-iF","jetpack_likes_enabled":false,"jetpack-related-posts":[{"id":1154,"url":"https:\/\/www.grieta.org.mx\/index.php\/2016\/02\/02\/obreros-cierran-cementos-fortaleza-en-demanda-de-pago\/","url_meta":{"origin":1157,"position":0},"title":"Obreros cierran Cementos Fortaleza en demanda de pago","author":"grieta","date":"2 febrero, 2016","format":false,"excerpt":"Miguel \u00c1ngel Mart\u00ednez ATOTONILCO DE TULA, Hgo., 2 de febrero de 2016.- La ma\u00f1ana de este martes, al menos 500 trabajadores de la empresa Guzzi, subcontratada por Cementos Fortaleza para realizar una ampliaci\u00f3n al interior de su planta 2 asentada en Atotonilco de Tula, determinaron el cierre de la f\u00e1brica,\u2026","rel":"","context":"En &quot;CINTILLO&quot;","block_context":{"text":"CINTILLO","link":"https:\/\/www.grieta.org.mx\/index.php\/category\/cintillo\/"},"img":{"alt_text":"","src":"https:\/\/i0.wp.com\/www.grieta.org.mx\/wp-content\/uploads\/2018\/03\/14524434_1106112876131411_958039263622046936_o.jpg?resize=350%2C200&ssl=1","width":350,"height":200,"srcset":"https:\/\/i0.wp.com\/www.grieta.org.mx\/wp-content\/uploads\/2018\/03\/14524434_1106112876131411_958039263622046936_o.jpg?resize=350%2C200&ssl=1 1x, https:\/\/i0.wp.com\/www.grieta.org.mx\/wp-content\/uploads\/2018\/03\/14524434_1106112876131411_958039263622046936_o.jpg?resize=525%2C300&ssl=1 1.5x, https:\/\/i0.wp.com\/www.grieta.org.mx\/wp-content\/uploads\/2018\/03\/14524434_1106112876131411_958039263622046936_o.jpg?resize=700%2C400&ssl=1 2x"},"classes":[]},{"id":12752,"url":"https:\/\/www.grieta.org.mx\/index.php\/2016\/04\/01\/bloqueo-contra-la-cementera-fortaleza-en-atotonilco-exigen-trabajo\/","url_meta":{"origin":1157,"position":1},"title":"Bloqueo contra la Cementera Fortaleza en Atotonilco; exigen trabajo","author":"grieta","date":"1 abril, 2016","format":false,"excerpt":"Vecinos de comunidad de El Refugio, en Atotonilco de Tula, se manifestaron ayer y bloquearon el acceso a la empresa Cementos Fortaleza, para demandar empleo para para la gente del municipio, pues son ellos quienes han sufrido la contaminaci\u00f3n que genera esta empresa como es el polvo, contaminaci\u00f3n al medio\u2026","rel":"","context":"En &quot;CINTILLO&quot;","block_context":{"text":"CINTILLO","link":"https:\/\/www.grieta.org.mx\/index.php\/category\/cintillo\/"},"img":{"alt_text":"","src":"https:\/\/i0.wp.com\/www.grieta.org.mx\/wp-content\/uploads\/2018\/03\/14524434_1106112876131411_958039263622046936_o.jpg?resize=350%2C200&ssl=1","width":350,"height":200,"srcset":"https:\/\/i0.wp.com\/www.grieta.org.mx\/wp-content\/uploads\/2018\/03\/14524434_1106112876131411_958039263622046936_o.jpg?resize=350%2C200&ssl=1 1x, https:\/\/i0.wp.com\/www.grieta.org.mx\/wp-content\/uploads\/2018\/03\/14524434_1106112876131411_958039263622046936_o.jpg?resize=525%2C300&ssl=1 1.5x, https:\/\/i0.wp.com\/www.grieta.org.mx\/wp-content\/uploads\/2018\/03\/14524434_1106112876131411_958039263622046936_o.jpg?resize=700%2C400&ssl=1 2x"},"classes":[]},{"id":2533,"url":"https:\/\/www.grieta.org.mx\/index.php\/2016\/09\/12\/habitantes-de-santiago-anaya-luchan-contra-cementos-fortaleza\/","url_meta":{"origin":1157,"position":2},"title":"Habitantes de Santiago Anaya luchan contra Cementos Fortaleza","author":"grieta","date":"12 septiembre, 2016","format":false,"excerpt":"12\/09\/16. La explotaci\u00f3n minera arrasa con la vegetaci\u00f3n hidalguenseMegal\u00f3polis MX 25\/08\/16. Cementeras deben contrarrestar da\u00f1o al medio ambiente Capital Hidalgo 24\/09\/15. Cementera Fortaleza: el monstruo gris en el Valle del MezquitalDesinform\u00e9monos 17\/09\/15. Reconocen posible relaci\u00f3n entre cementera Santa Anita y sismos en Santiago de AnayaCambio21 19\/07\/15. La larga espera de\u2026","rel":"","context":"En &quot;Hidalgo&quot;","block_context":{"text":"Hidalgo","link":"https:\/\/www.grieta.org.mx\/index.php\/category\/noticias-nacionales\/hidalgo\/"},"img":{"alt_text":"","src":"https:\/\/i0.wp.com\/www.grieta.org.mx\/wp-content\/uploads\/2018\/03\/14524434_1106112876131411_958039263622046936_o.jpg?resize=350%2C200&ssl=1","width":350,"height":200,"srcset":"https:\/\/i0.wp.com\/www.grieta.org.mx\/wp-content\/uploads\/2018\/03\/14524434_1106112876131411_958039263622046936_o.jpg?resize=350%2C200&ssl=1 1x, https:\/\/i0.wp.com\/www.grieta.org.mx\/wp-content\/uploads\/2018\/03\/14524434_1106112876131411_958039263622046936_o.jpg?resize=525%2C300&ssl=1 1.5x, https:\/\/i0.wp.com\/www.grieta.org.mx\/wp-content\/uploads\/2018\/03\/14524434_1106112876131411_958039263622046936_o.jpg?resize=700%2C400&ssl=1 2x"},"classes":[]},{"id":1153,"url":"https:\/\/www.grieta.org.mx\/index.php\/2016\/02\/02\/trabajadores-exigen-su-pago-a-constructora\/","url_meta":{"origin":1157,"position":3},"title":"Trabajadores exigen su pago a constructora","author":"grieta","date":"2 febrero, 2016","format":false,"excerpt":"ATOTONILCO DE TULA, Hgo.- Trabajadores se manifestaron afuera de la Cementera Fortaleza que se encuentra ubicada en la comunidad de El Refugio perteneciente a este municipio, para exigir a la constructora Guzzi su pago de hasta cinco semanas que no les ha realizado. Alrededor de las siete de la ma\u00f1ana\u2026","rel":"","context":"En &quot;CINTILLO&quot;","block_context":{"text":"CINTILLO","link":"https:\/\/www.grieta.org.mx\/index.php\/category\/cintillo\/"},"img":{"alt_text":"","src":"https:\/\/i0.wp.com\/www.grieta.org.mx\/wp-content\/uploads\/2018\/03\/14524434_1106112876131411_958039263622046936_o.jpg?resize=350%2C200&ssl=1","width":350,"height":200,"srcset":"https:\/\/i0.wp.com\/www.grieta.org.mx\/wp-content\/uploads\/2018\/03\/14524434_1106112876131411_958039263622046936_o.jpg?resize=350%2C200&ssl=1 1x, https:\/\/i0.wp.com\/www.grieta.org.mx\/wp-content\/uploads\/2018\/03\/14524434_1106112876131411_958039263622046936_o.jpg?resize=525%2C300&ssl=1 1.5x, https:\/\/i0.wp.com\/www.grieta.org.mx\/wp-content\/uploads\/2018\/03\/14524434_1106112876131411_958039263622046936_o.jpg?resize=700%2C400&ssl=1 2x"},"classes":[]},{"id":2528,"url":"https:\/\/www.grieta.org.mx\/index.php\/2015\/09\/17\/reconocen-posible-relacion-entre-cementera-santa-anita-y-sismos-en-santiago-de-anaya\/","url_meta":{"origin":1157,"position":4},"title":"Reconocen posible relaci\u00f3n entre cementera Santa Anita y sismos en Santiago de Anaya","author":"grieta","date":"17 septiembre, 2015","format":false,"excerpt":"Santiago de Anaya.- En los \u00faltimos meses, en la regi\u00f3n del Mezquital, se han registrado unos 20 sismos, el epicentro de la mayor\u00eda ha estado en el municipio de Santiago de Anaya, lo cual tendr\u00eda una relaci\u00f3n directa con los trabajos que realiza la empresa cementera Santa Anita, Cementos Fortaleza.\u2026","rel":"","context":"En &quot;CINTILLO&quot;","block_context":{"text":"CINTILLO","link":"https:\/\/www.grieta.org.mx\/index.php\/category\/cintillo\/"},"img":{"alt_text":"","src":"https:\/\/i0.wp.com\/www.grieta.org.mx\/wp-content\/uploads\/2018\/03\/14524434_1106112876131411_958039263622046936_o.jpg?resize=350%2C200&ssl=1","width":350,"height":200,"srcset":"https:\/\/i0.wp.com\/www.grieta.org.mx\/wp-content\/uploads\/2018\/03\/14524434_1106112876131411_958039263622046936_o.jpg?resize=350%2C200&ssl=1 1x, https:\/\/i0.wp.com\/www.grieta.org.mx\/wp-content\/uploads\/2018\/03\/14524434_1106112876131411_958039263622046936_o.jpg?resize=525%2C300&ssl=1 1.5x, https:\/\/i0.wp.com\/www.grieta.org.mx\/wp-content\/uploads\/2018\/03\/14524434_1106112876131411_958039263622046936_o.jpg?resize=700%2C400&ssl=1 2x"},"classes":[]},{"id":2530,"url":"https:\/\/www.grieta.org.mx\/index.php\/2014\/11\/21\/movimiento-indigena-de-santiago-de-anaya-continua-su-lucha-contra-la-cementera-fortaleza\/","url_meta":{"origin":1157,"position":5},"title":"Movimiento Ind\u00edgena de Santiago de Anaya contin\u00faa su lucha contra la cementera Fortaleza","author":"grieta","date":"21 noviembre, 2014","format":false,"excerpt":"Marco Caba\u00f1as Santiago de Anaya Integrantes del Movimiento Ind\u00edgena de Santiago de Anaya, anunciaron que continuar\u00e1n con sus protestas contra la empresa cementera, Fortaleza, del empresario mexicano, Carlos Slim. Luego de que integrantes de esta organizaci\u00f3n participaran en la Vig\u00e9sima Conferencia de las Partes de la Convenci\u00f3n (COP 20) en\u2026","rel":"","context":"En &quot;CINTILLO&quot;","block_context":{"text":"CINTILLO","link":"https:\/\/www.grieta.org.mx\/index.php\/category\/cintillo\/"},"img":{"alt_text":"","src":"https:\/\/i0.wp.com\/www.grieta.org.mx\/wp-content\/uploads\/2018\/03\/14524434_1106112876131411_958039263622046936_o.jpg?resize=350%2C200&ssl=1","width":350,"height":200,"srcset":"https:\/\/i0.wp.com\/www.grieta.org.mx\/wp-content\/uploads\/2018\/03\/14524434_1106112876131411_958039263622046936_o.jpg?resize=350%2C200&ssl=1 1x, https:\/\/i0.wp.com\/www.grieta.org.mx\/wp-content\/uploads\/2018\/03\/14524434_1106112876131411_958039263622046936_o.jpg?resize=525%2C300&ssl=1 1.5x, https:\/\/i0.wp.com\/www.grieta.org.mx\/wp-content\/uploads\/2018\/03\/14524434_1106112876131411_958039263622046936_o.jpg?resize=700%2C400&ssl=1 2x"},"classes":[]}],"_links":{"self":[{"href":"https:\/\/www.grieta.org.mx\/index.php\/wp-json\/wp\/v2\/posts\/1157","targetHints":{"allow":["GET"]}}],"collection":[{"href":"https:\/\/www.grieta.org.mx\/index.php\/wp-json\/wp\/v2\/posts"}],"about":[{"href":"https:\/\/www.grieta.org.mx\/index.php\/wp-json\/wp\/v2\/types\/post"}],"author":[{"embeddable":true,"href":"https:\/\/www.grieta.org.mx\/index.php\/wp-json\/wp\/v2\/users\/2"}],"replies":[{"embeddable":true,"href":"https:\/\/www.grieta.org.mx\/index.php\/wp-json\/wp\/v2\/comments?post=1157"}],"version-history":[{"count":1,"href":"https:\/\/www.grieta.org.mx\/index.php\/wp-json\/wp\/v2\/posts\/1157\/revisions"}],"predecessor-version":[{"id":12755,"href":"https:\/\/www.grieta.org.mx\/index.php\/wp-json\/wp\/v2\/posts\/1157\/revisions\/12755"}],"wp:featuredmedia":[{"embeddable":true,"href":"https:\/\/www.grieta.org.mx\/index.php\/wp-json\/wp\/v2\/media\/21928"}],"wp:attachment":[{"href":"https:\/\/www.grieta.org.mx\/index.php\/wp-json\/wp\/v2\/media?parent=1157"}],"wp:term":[{"taxonomy":"category","embeddable":true,"href":"https:\/\/www.grieta.org.mx\/index.php\/wp-json\/wp\/v2\/categories?post=1157"},{"taxonomy":"post_tag","embeddable":true,"href":"https:\/\/www.grieta.org.mx\/index.php\/wp-json\/wp\/v2\/tags?post=1157"}],"curies":[{"name":"wp","href":"https:\/\/api.w.org\/{rel}","templated":true}]}}