{"id":11531,"date":"2016-04-18T04:40:52","date_gmt":"2016-04-18T04:40:52","guid":{"rendered":"http:\/\/www.grieta.org.mx\/?p=11531"},"modified":"2016-05-01T04:43:08","modified_gmt":"2016-05-01T04:43:08","slug":"empresarios-duenos-de-facto-de-punta-de-mita-dicen-pobladores","status":"publish","type":"post","link":"https:\/\/www.grieta.org.mx\/index.php\/2016\/04\/18\/empresarios-duenos-de-facto-de-punta-de-mita-dicen-pobladores\/","title":{"rendered":"Empresarios, due\u00f1os de facto de Punta de Mita, dicen pobladores"},"content":{"rendered":"<p>Javier Santos\/La Jornada<br \/>\nLunes 18 de abril de 2016, p. 28<\/p>\n<p>Punta de Mita, Nay.<\/p>\n<p>La empresa Dine, representante de desarrollos tur\u00edsticos de Punta de Mita, propiedad de empresarios nacionales y extranjeros, se apoder\u00f3 de todo en este poblado tur\u00edstico del municipio de Bah\u00eda de Banderas, lo mismo de playas que de la escuela primaria, la plaza p\u00fablica y los accesos a la bah\u00eda.<\/p>\n<p>Hace 22 a\u00f1os, agentes federales desalojaron a pescadores locales a punta de culatazos. &#8220;Los sacaron de sus casas por \u00f3rdenes de Rigoberto Ochoa Zaragoza&#8221;, entonces gobernador de Nayarit, asegur\u00f3 Justino Niebla Gonz\u00e1lez, uno de los afectados. &#8220;\u00c9ramos 274 personas&#8221;, sostuvo.<\/p>\n<p>Las casas de los pescadores junto al mar fueron derribadas. En su lugar fueron construidos hoteles donde una suite cuesta 15 mil d\u00f3lares por noche. Asimismo se venden casas por m\u00e1s de 7 millones de d\u00f3lares, mientras a los pescadores desalojados se les edific\u00f3 el poblado Nuevo Corral del Risco, a dos cuadras de la entrada al hotel Saint Regis.<\/p>\n<p>Las casas de los pescadores, que colindan con restaurantes y negocios de lujo, est\u00e1n hechas de bloques; miden menos de 50 metros cuadrados y por temporadas carecen de agua potable. Las calles se hallan en p\u00e9simas condiciones y por ellas corren aguas residuales.<\/p>\n<p>Jos\u00e9 Anaya Aguirre, presidente de la asociaci\u00f3n civil Unidos por la Dignidad de Corral del Risco, asegura que desde 1994 \u201cnada ha cambiado, no se ha cumplido los compromisos.<\/p>\n<p>&#8220;La escuela primaria, el k\u00ednder, la plaza p\u00fablica, la cancha de futbol, el estacionamiento: todas esas \u00e1reas son privadas. Yo tengo las claves catastrales. La mayor\u00eda de esas propiedades est\u00e1n a nombre de Banca Serfin (ya desaparecida)&#8221;, a\u00f1adi\u00f3.<\/p>\n<p>Con documentos, minutas y acuerdos en mano, Anaya asegura que existen anomal\u00edas en la escrituraci\u00f3n de las propiedades; afirma tener &#8220;la escritura madre de nuestro pueblo, que es la 3 mil 689. Esa se registr\u00f3 en 1994, a\u00f1o que nos reubicaron. Estas escrituras est\u00e1n en el catastro de (la comunidad) Bucer\u00edas&#8221;.<\/p>\n<p>Agreg\u00f3 que Dine no ha cumplido los m\u00e1s de 30 compromisos firmados a lo largo de 20 a\u00f1os, y junto con autoridades municipales, estatales y federales han cometido &#8220;arbitrariedades&#8221;.<\/p>\n<p>Sin derecho a la playa<\/p>\n<p>Mar\u00eda Alonso Monta\u00f1o record\u00f3 que un sujeto entr\u00f3 hace a\u00f1os a su casa y le dijo: \u201c\u2018Tenemos tres demandas en tu contra, del gobierno federal, de Banca Serfin y de los gobiernos estatal y municipal\u2019. Me llevaron al Ministerio P\u00fablico. Yo no firm\u00e9 nada\u201d, cont\u00f3.<\/p>\n<p>Alonso asegura que ya est\u00e1 acostumbrada a su peque\u00f1a casa. &#8220;No tengo otro lugar donde vivir, pero este pueblo de verdad es un corral&#8221;. Indic\u00f3 que s\u00f3lo se puede salir por la carretera y los vecinos parecen acorralados por un desarrollo que no les ha dejado beneficio alguno. &#8220;Tampoco tenemos derecho a andar por la playa&#8221;.<\/p>\n<p>Cuando los pescadores de Punta de Mita fueron desalojados les prometieron que les dar\u00edan &#8220;los mejores trabajos&#8221; en los nuevos negocios. Les mintieron. &#8220;Este pueblo est\u00e1 en el limbo. No crece y la econom\u00eda apenas da para sobrevivir&#8221;, lament\u00f3 Mar\u00eda Alonso, quien destac\u00f3 que la comunidad est\u00e1 &#8220;rodeada de oro&#8221; (el turismo de gran lujo), &#8220;pero nosotros no alcanzamos nada de eso&#8221;.<\/p>\n<p>Figuras del espect\u00e1culo y la pol\u00edtica hallan en Punta de Mita refugio y privacidad. \u201cUna vez nos dijo un candidato: \u2018Aqu\u00ed viene el se\u00f1or Presidente de la Rep\u00fablica (Enrique Pe\u00f1a Nieto). Le encanta aqu\u00ed\u2019. Le dije: \u2018\u00bfS\u00ed? D\u00edgale que se d\u00e9 una paseadita por el pueblo para que vea c\u00f3mo est\u00e1. Si tanto le gusta, que d\u00e9 un billetito para que arreglen las calles\u201d.<\/p>\n<p>Muchos pescadores de Corral del Risco han vendido sus viviendas. Ya ni siquiera la cooperativa de su gremio es de su propiedad. La fundaron en 1980 y hoy est\u00e1 en manos de extranjeros, al igual que una escollera que Dine prometi\u00f3 construir tras el desalojo.<\/p>\n<p>Justino cuida un terreno frente al mar, donde vende botanas y refrescos. Su edad es avanzada y padece diversas enfermedades.<\/p>\n<p>&#8220;Ning\u00fan compromiso ha cumplido Dine. Los verdugos fueron el entonces alcalde Crescenciano Flores y el gobernador Rigoberto Ochoa Zaragoza. Nos atacaron, nos obligaron a aceptar, metieron gente a la c\u00e1rcel hasta que aceptamos la reubicaci\u00f3n&#8221;.<\/p>\n<p>Indic\u00f3 que ejecutivos de los hoteles ordenaron acabar con arroyos para construir campos de golf frente al mar; adem\u00e1s, los fertilizantes sint\u00e9ticos para el c\u00e9sped de esos campos terminan en el mar. &#8220;Antes hab\u00eda mucho que comer al borde de la playa; ahora s\u00f3lo hay piedras&#8221;.<\/p>\n<p>Veintid\u00f3s a\u00f1os despu\u00e9s del desalojo, el pueblo s\u00f3lo tiene una calle pavimentada por donde pasan a veces las lujosas camionetas de los hu\u00e9spedes que salen de compras. Pero nada de ese dinero se queda entre la poblaci\u00f3n.<\/p>\n<p><a href=\"http:\/\/www.jornada.unam.mx\/2016\/04\/18\/estados\/028n1est\">http:\/\/www.jornada.unam.mx\/2016\/04\/18\/estados\/028n1est<\/a><\/p>\n","protected":false},"excerpt":{"rendered":"<p>Javier Santos\/La Jornada Lunes 18 de abril de 2016, p. 28 Punta de Mita, Nay. La empresa Dine, representante de desarrollos tur\u00edsticos de Punta de Mita, propiedad de empresarios nacionales &hellip; <a href=\"https:\/\/www.grieta.org.mx\/index.php\/2016\/04\/18\/empresarios-duenos-de-facto-de-punta-de-mita-dicen-pobladores\/\" class=\"more-link\">Leer m\u00e1s<\/a><\/p>\n","protected":false},"author":2,"featured_media":21928,"comment_status":"closed","ping_status":"closed","sticky":false,"template":"","format":"standard","meta":{"ngg_post_thumbnail":0,"_jetpack_newsletter_access":"","_jetpack_dont_email_post_to_subs":false,"_jetpack_newsletter_tier_id":0,"_jetpack_memberships_contains_paywalled_content":false,"_jetpack_memberships_contains_paid_content":false,"footnotes":""},"categories":[80,145],"tags":[184,573],"class_list":["post-11531","post","type-post","status-publish","format-standard","has-post-thumbnail","hentry","category-cintillo","category-nayarit","tag-despojo","tag-proyecto-turistico","entry"],"jetpack_featured_media_url":"https:\/\/www.grieta.org.mx\/wp-content\/uploads\/2018\/03\/14524434_1106112876131411_958039263622046936_o.jpg","jetpack_sharing_enabled":true,"jetpack_shortlink":"https:\/\/wp.me\/p7ZJR4-2ZZ","jetpack_likes_enabled":false,"jetpack-related-posts":[{"id":72253,"url":"https:\/\/www.grieta.org.mx\/index.php\/2025\/08\/18\/ciudadanos-denuncian-ecocidio-en-punta-de-mita-desarrollo-destruye-manglar-y-limita-acceso-a-playa-la-cocina-nayarit\/","url_meta":{"origin":11531,"position":0},"title":"Ciudadanos denuncian ecocidio en Punta de Mita: desarrollo destruye manglar y limita acceso a playa La Cocina (Nayarit)","author":"grieta","date":"18 agosto, 2025","format":false,"excerpt":"Imagen: Tribuna de la Bah\u00eda Isrrael Torres \/ Tribuna de la Bah\u00eda Pobladores de\u00a0Punta de Mita, en Bah\u00eda de Banderas, hicieron un en\u00e9rgico llamado a las autoridades federales, entre ellas la\u00a0Profepa\u00a0y la\u00a0Semarnat, para intervenir en la construcci\u00f3n de un desarrollo tur\u00edstico que, aseguran, est\u00e1 devastando la flora y fauna en\u00a0playa\u2026","rel":"","context":"En &quot;CINTILLO&quot;","block_context":{"text":"CINTILLO","link":"https:\/\/www.grieta.org.mx\/index.php\/category\/cintillo\/"},"img":{"alt_text":"","src":"https:\/\/i0.wp.com\/www.grieta.org.mx\/wp-content\/uploads\/2025\/08\/WhatsApp-Image-2025-08-18-at-5.44.25-PM.jpeg.webp?resize=350%2C200&ssl=1","width":350,"height":200,"srcset":"https:\/\/i0.wp.com\/www.grieta.org.mx\/wp-content\/uploads\/2025\/08\/WhatsApp-Image-2025-08-18-at-5.44.25-PM.jpeg.webp?resize=350%2C200&ssl=1 1x, https:\/\/i0.wp.com\/www.grieta.org.mx\/wp-content\/uploads\/2025\/08\/WhatsApp-Image-2025-08-18-at-5.44.25-PM.jpeg.webp?resize=525%2C300&ssl=1 1.5x, https:\/\/i0.wp.com\/www.grieta.org.mx\/wp-content\/uploads\/2025\/08\/WhatsApp-Image-2025-08-18-at-5.44.25-PM.jpeg.webp?resize=700%2C400&ssl=1 2x, https:\/\/i0.wp.com\/www.grieta.org.mx\/wp-content\/uploads\/2025\/08\/WhatsApp-Image-2025-08-18-at-5.44.25-PM.jpeg.webp?resize=1050%2C600&ssl=1 3x"},"classes":[]},{"id":72177,"url":"https:\/\/www.grieta.org.mx\/index.php\/2025\/08\/09\/madres-buscadoras-hallan-restos-oseos-detras-de-gasolinera-en-punta-de-mita-nayarit\/","url_meta":{"origin":11531,"position":1},"title":"Madres buscadoras hallan restos \u00f3seos detr\u00e1s de gasolinera en Punta de Mita (Nayarit)","author":"grieta","date":"9 agosto, 2025","format":false,"excerpt":"Imagen: Tribuna de la Bah\u00eda Madres buscadoras encuentran restos \u00f3seos en Punta de Mita y exigen pronta identificaci\u00f3n a la Fiscal\u00eda de Nayarit Isrrael Torres \/ Tribuna de la Bah\u00eda Colectivos de madres buscadoras de Bah\u00eda de Banderas informaron este s\u00e1bado 9 de agosto sobre el hallazgo de restos \u00f3seos\u2026","rel":"","context":"En &quot;CINTILLO&quot;","block_context":{"text":"CINTILLO","link":"https:\/\/www.grieta.org.mx\/index.php\/category\/cintillo\/"},"img":{"alt_text":"","src":"https:\/\/i0.wp.com\/www.grieta.org.mx\/wp-content\/uploads\/2025\/08\/Hallan-restos-oseos-en-Punta-de-Mita.jpeg.webp?resize=350%2C200&ssl=1","width":350,"height":200,"srcset":"https:\/\/i0.wp.com\/www.grieta.org.mx\/wp-content\/uploads\/2025\/08\/Hallan-restos-oseos-en-Punta-de-Mita.jpeg.webp?resize=350%2C200&ssl=1 1x, https:\/\/i0.wp.com\/www.grieta.org.mx\/wp-content\/uploads\/2025\/08\/Hallan-restos-oseos-en-Punta-de-Mita.jpeg.webp?resize=525%2C300&ssl=1 1.5x, https:\/\/i0.wp.com\/www.grieta.org.mx\/wp-content\/uploads\/2025\/08\/Hallan-restos-oseos-en-Punta-de-Mita.jpeg.webp?resize=700%2C400&ssl=1 2x, https:\/\/i0.wp.com\/www.grieta.org.mx\/wp-content\/uploads\/2025\/08\/Hallan-restos-oseos-en-Punta-de-Mita.jpeg.webp?resize=1050%2C600&ssl=1 3x"},"classes":[]},{"id":11530,"url":"https:\/\/www.grieta.org.mx\/index.php\/2016\/04\/27\/desarrollos-turisticos-en-nayarit\/","url_meta":{"origin":11531,"position":2},"title":"Desarrollos tur\u00edsticos en Nayarit","author":"grieta","date":"27 abril, 2016","format":false,"excerpt":"27\/04\/16. Grupo Vidanta modifica el cauce del r\u00edo Ameca nncMX 27\/04\/16. Jarretaderas, un pueblo que ha sido marginado por el Mayan Palace Noticias alternativo 18\/04\/16. Empresarios, due\u00f1os de facto de Punta de Mita, dicen pobladores La Jornada 29\/01\/16. El \u201cagandalle\u201d del mar Quadrat\u00edn","rel":"","context":"En &quot;Nayarit&quot;","block_context":{"text":"Nayarit","link":"https:\/\/www.grieta.org.mx\/index.php\/category\/noticias-nacionales\/nayarit\/"},"img":{"alt_text":"","src":"https:\/\/i0.wp.com\/www.grieta.org.mx\/wp-content\/uploads\/2018\/03\/14524434_1106112876131411_958039263622046936_o.jpg?resize=350%2C200&ssl=1","width":350,"height":200,"srcset":"https:\/\/i0.wp.com\/www.grieta.org.mx\/wp-content\/uploads\/2018\/03\/14524434_1106112876131411_958039263622046936_o.jpg?resize=350%2C200&ssl=1 1x, https:\/\/i0.wp.com\/www.grieta.org.mx\/wp-content\/uploads\/2018\/03\/14524434_1106112876131411_958039263622046936_o.jpg?resize=525%2C300&ssl=1 1.5x, https:\/\/i0.wp.com\/www.grieta.org.mx\/wp-content\/uploads\/2018\/03\/14524434_1106112876131411_958039263622046936_o.jpg?resize=700%2C400&ssl=1 2x"},"classes":[]},{"id":34730,"url":"https:\/\/www.grieta.org.mx\/index.php\/2019\/06\/05\/pretenden-privatizar-playa-de-bucerias-y-la-cruz-de-huanacaxtle-nayarit\/","url_meta":{"origin":11531,"position":3},"title":"Pretenden Privatizar Playa de Bucer\u00edas y La Cruz de Huanacaxtle (Nayarit)","author":"grieta","date":"5 junio, 2019","format":false,"excerpt":"Desarrollos tur\u00edsticos a diestra y siniestra meten toneladas de piedras en playa y mar de Bah\u00eda de Banderas, Nayarit; son Punta Esmeralda y Desarrollo Narval, seg\u00fan reportan desde estas comunidades Paty Aguilar \/ La Opini\u00f3n de la Bah\u00eda Presumen vecinos de Bucer\u00edas y la Cruz de Huanacaxtle de Bah\u00eda de\u2026","rel":"","context":"En &quot;CINTILLO&quot;","block_context":{"text":"CINTILLO","link":"https:\/\/www.grieta.org.mx\/index.php\/category\/cintillo\/"},"img":{"alt_text":"","src":"https:\/\/i0.wp.com\/www.grieta.org.mx\/wp-content\/uploads\/2019\/06\/Espigones-Punta-Esmeralda02-1024x480.jpg?resize=350%2C200&ssl=1","width":350,"height":200,"srcset":"https:\/\/i0.wp.com\/www.grieta.org.mx\/wp-content\/uploads\/2019\/06\/Espigones-Punta-Esmeralda02-1024x480.jpg?resize=350%2C200&ssl=1 1x, https:\/\/i0.wp.com\/www.grieta.org.mx\/wp-content\/uploads\/2019\/06\/Espigones-Punta-Esmeralda02-1024x480.jpg?resize=525%2C300&ssl=1 1.5x, https:\/\/i0.wp.com\/www.grieta.org.mx\/wp-content\/uploads\/2019\/06\/Espigones-Punta-Esmeralda02-1024x480.jpg?resize=700%2C400&ssl=1 2x"},"classes":[]},{"id":8844,"url":"https:\/\/www.grieta.org.mx\/index.php\/2016\/06\/09\/desarrollo-turistico-tres-santos-afecta-a-pescadores-y-a-pobladores-de-todos-santos\/","url_meta":{"origin":11531,"position":4},"title":"Pescadores de Todos Santos contra complejo tur\u00edstico, BCS","author":"grieta","date":"9 junio, 2016","format":false,"excerpt":"09\/06\/16. Cu\u00f1ado de Salinas de Gortari, tras proyecto ecocida en BCS Bajo Palabra 14\/05\/16. Pescadores de Punta Lobos bloquean de nuevo acceso a Tres Santos BCS Noticias 06\/03\/16. A un mes de la represi\u00f3n contra pescadores de Todos Santos (BCS) Radio Zapatista Sudcaliforniana 05\/02\/16. Di\u00e1logo con Ariel Ruiz, secretario de\u2026","rel":"","context":"En &quot;Baja California Sur&quot;","block_context":{"text":"Baja California Sur","link":"https:\/\/www.grieta.org.mx\/index.php\/category\/noticias-nacionales\/baja-california-sur\/"},"img":{"alt_text":"","src":"https:\/\/i0.wp.com\/www.grieta.org.mx\/wp-content\/uploads\/2018\/03\/14524434_1106112876131411_958039263622046936_o.jpg?resize=350%2C200&ssl=1","width":350,"height":200,"srcset":"https:\/\/i0.wp.com\/www.grieta.org.mx\/wp-content\/uploads\/2018\/03\/14524434_1106112876131411_958039263622046936_o.jpg?resize=350%2C200&ssl=1 1x, https:\/\/i0.wp.com\/www.grieta.org.mx\/wp-content\/uploads\/2018\/03\/14524434_1106112876131411_958039263622046936_o.jpg?resize=525%2C300&ssl=1 1.5x, https:\/\/i0.wp.com\/www.grieta.org.mx\/wp-content\/uploads\/2018\/03\/14524434_1106112876131411_958039263622046936_o.jpg?resize=700%2C400&ssl=1 2x"},"classes":[]},{"id":8888,"url":"https:\/\/www.grieta.org.mx\/index.php\/2016\/01\/27\/pescadores-de-punta-lobos-tildan-de-traicioneros-a-firmantes-del-convenio-con-tres-santos\/","url_meta":{"origin":11531,"position":5},"title":"Pescadores de Punta Lobos tildan de traicioneros a firmantes del convenio con Tres Santos","author":"grieta","date":"27 enero, 2016","format":false,"excerpt":"La Paz, Baja California Sur Pese a que el pasado 21 de enero se firm\u00f3 un convenio de colaboraci\u00f3n entre la Cooperativa de Pescadores de Punta Lobos con el desarrollo inmobiliario Tres Santos, llegando a acuerdos por un conflicto que llevaba alrededor de 3 meses, un grupo de pescadores de\u2026","rel":"","context":"En &quot;CINTILLO&quot;","block_context":{"text":"CINTILLO","link":"https:\/\/www.grieta.org.mx\/index.php\/category\/cintillo\/"},"img":{"alt_text":"","src":"https:\/\/i0.wp.com\/www.grieta.org.mx\/wp-content\/uploads\/2018\/03\/14524434_1106112876131411_958039263622046936_o.jpg?resize=350%2C200&ssl=1","width":350,"height":200,"srcset":"https:\/\/i0.wp.com\/www.grieta.org.mx\/wp-content\/uploads\/2018\/03\/14524434_1106112876131411_958039263622046936_o.jpg?resize=350%2C200&ssl=1 1x, https:\/\/i0.wp.com\/www.grieta.org.mx\/wp-content\/uploads\/2018\/03\/14524434_1106112876131411_958039263622046936_o.jpg?resize=525%2C300&ssl=1 1.5x, https:\/\/i0.wp.com\/www.grieta.org.mx\/wp-content\/uploads\/2018\/03\/14524434_1106112876131411_958039263622046936_o.jpg?resize=700%2C400&ssl=1 2x"},"classes":[]}],"_links":{"self":[{"href":"https:\/\/www.grieta.org.mx\/index.php\/wp-json\/wp\/v2\/posts\/11531","targetHints":{"allow":["GET"]}}],"collection":[{"href":"https:\/\/www.grieta.org.mx\/index.php\/wp-json\/wp\/v2\/posts"}],"about":[{"href":"https:\/\/www.grieta.org.mx\/index.php\/wp-json\/wp\/v2\/types\/post"}],"author":[{"embeddable":true,"href":"https:\/\/www.grieta.org.mx\/index.php\/wp-json\/wp\/v2\/users\/2"}],"replies":[{"embeddable":true,"href":"https:\/\/www.grieta.org.mx\/index.php\/wp-json\/wp\/v2\/comments?post=11531"}],"version-history":[{"count":1,"href":"https:\/\/www.grieta.org.mx\/index.php\/wp-json\/wp\/v2\/posts\/11531\/revisions"}],"predecessor-version":[{"id":11532,"href":"https:\/\/www.grieta.org.mx\/index.php\/wp-json\/wp\/v2\/posts\/11531\/revisions\/11532"}],"wp:featuredmedia":[{"embeddable":true,"href":"https:\/\/www.grieta.org.mx\/index.php\/wp-json\/wp\/v2\/media\/21928"}],"wp:attachment":[{"href":"https:\/\/www.grieta.org.mx\/index.php\/wp-json\/wp\/v2\/media?parent=11531"}],"wp:term":[{"taxonomy":"category","embeddable":true,"href":"https:\/\/www.grieta.org.mx\/index.php\/wp-json\/wp\/v2\/categories?post=11531"},{"taxonomy":"post_tag","embeddable":true,"href":"https:\/\/www.grieta.org.mx\/index.php\/wp-json\/wp\/v2\/tags?post=11531"}],"curies":[{"name":"wp","href":"https:\/\/api.w.org\/{rel}","templated":true}]}}