{"id":11427,"date":"2016-04-25T14:52:46","date_gmt":"2016-04-25T19:52:46","guid":{"rendered":"http:\/\/www.grieta.org.mx\/?p=11427"},"modified":"2019-02-14T15:21:19","modified_gmt":"2019-02-14T21:21:19","slug":"vivasnosqueremos-protesta-por-jalisco","status":"publish","type":"post","link":"https:\/\/www.grieta.org.mx\/index.php\/2016\/04\/25\/vivasnosqueremos-protesta-por-jalisco\/","title":{"rendered":"#VivasNosQueremos protesta por Jalisco"},"content":{"rendered":"<p> Martha Hern\u00e1ndez Fuentes<\/p>\n<p>Al grito de \u201cvivas nos queremos\u201d y \u201cno son muertas, son asesinadas\u201d, alrededor de mil personas marcharon en Guadalajara para exigir a las autoridades resultados inmediatos en el combate a la violencia de g\u00e9nero, pues aunque desde el 25 de febrero se declar\u00f3 la Alerta de Violencia Contra las Mujeres no ven acciones concretas para atender la problem\u00e1tica.<\/p>\n<p>Por eso salieron a las calles. Con vestimenta morada, pancartas y un ata\u00fad encabezando el contingente, mujeres y hombres de Jalisco se sumaron al movimiento nacional para exigir que el Estado atienda y resuelva los feminicidios, pues cifras oficiales revelan que diariamente son asesinadas 7 mujeres en nuestro pa\u00eds.<\/p>\n<p>La Movilizaci\u00f3n Nacional Contra las Violencias Machistas tuvo eco en 27 Estados y 40 ciudades.<\/p>\n<p>La protesta en Guadalajara inici\u00f3 alrededor de las 11:30 horas. El punto de reuni\u00f3n fue el Monumento a los Ni\u00f1os H\u00e9roes, de ah\u00ed avanzaron por Chapultepec, luego por L\u00f3pez Cotilla, continuando por Am\u00e9ricas y enseguida por Manuel Acu\u00f1a. Alrededor de las 12:10 llegaron a Casa Jalisco para entregar un manifiesto.<\/p>\n<p>El gobernador, Jorge Arist\u00f3teles Sandoval D\u00edaz, se hab\u00eda comprometido a recibir a representantes de las 16 organizaciones que participaron en la protesta, se quej\u00f3 la representante de Mujeres de Izquierda, Gabriela Ju\u00e1rez Pi\u00f1a. Sin embargo, cuando tocaron a la puerta de Casa Jalisco sali\u00f3 a recibirlas el director de Desarrollo Pol\u00edtico y Atenci\u00f3n a la Problem\u00e1tica del Estado, Javier de Jes\u00fas Lechuga, quien les prometi\u00f3 llamarlas luego para organizar mesas de trabajo.<br \/>\nLas consignas<\/p>\n<p>\u201cNo fue un crimen pasional, fue un macho irracional\u201d; \u201cno son muertas, son asesinadas\u201d; \u201cesta marcha no es de fiesta, es de luto y de protesta\u201d; \u201clas madres se preguntan \u00bfsus hijas d\u00f3nde est\u00e1n? Las desapareci\u00f3 el Estado criminal\u201d; \u201c\u00bfd\u00f3nde est\u00e1n, d\u00f3nde est\u00e1n, esas ni\u00f1as d\u00f3nde est\u00e1n?\u201d; \u201c\u00bfd\u00f3nde est\u00e1n las desaparecidas? las queremos de vuelta y vivas\u201d; y \u201cvivas nos queremos\u201d, fueron algunas de las consignas que se escucharon durante el recorrido.<\/p>\n<p>\u201cTu piropo es acoso\u201d; \u201cquiero salir a la calle y ser libre, no valiente\u201d; \u201csi tocas a una respondemos todas\u201d; \u201cni una asesinada m\u00e1s\u201d;  \u201cJalisco, 151 feminicidios en 2015\u201d; \u201cno es una cifra, es una mujer\u201d; y \u201cel machismo mata\u201d, son otras de las frases que se expresaron a trav\u00e9s de pancartas en la protesta en la que tambi\u00e9n particip\u00f3 el Comit\u00e9 de Am\u00e9rica Latina y el Caribe para la Defensa de los Derechos de las Mujeres (Cladem).<\/p>\n<p>El Dato:<\/p>\n<p>Las desapariciones de mujeres en Jalisco han aumentado en los \u00faltimos a\u00f1os, siendo las j\u00f3venes de entre 17 y 24 a\u00f1os las principales v\u00edctimas. Como \u201cfocos rojos\u201d apuntan en Mujeres de Izquierda las zonas: Altos Norte, Ci\u00e9nega, Sierra Occidental y de Amula, as\u00ed como la Zona Metropolitana de Guadalajara (ZMG).<\/p>\n<p>Aunque desde el pasado 25 de febrero se declar\u00f3 la Alerta de Violencia contra las Mujeres en Jalisco, activistas se quejan de que las autoridades no han implementado siquiera las medidas calificadas como &#8220;urgentes&#8221;. Guadalupe Ramos Ponce, representante de Cladem, ha pedido incluso que la Comisi\u00f3n Estatal de Derechos Humanos (CEDHJ) se mantenga al margen, porque tras a\u00f1os de mutis ahora intenta entrarle al tema pero s\u00f3lo con fines pol\u00edticos y no por una autentica preocupaci\u00f3n ante la problem\u00e1tica.<\/p>\n<p><a href=\"http:\/\/www.cronicajalisco.com\/notas\/2016\/65968.html\" target=\"_blank\">http:\/\/www.cronicajalisco.com\/notas\/2016\/65968.html<\/a><\/p>\n","protected":false},"excerpt":{"rendered":"<p>Martha Hern\u00e1ndez Fuentes Al grito de \u201cvivas nos queremos\u201d y \u201cno son muertas, son asesinadas\u201d, alrededor de mil personas marcharon en Guadalajara para exigir a las autoridades resultados inmediatos en &hellip; <a href=\"https:\/\/www.grieta.org.mx\/index.php\/2016\/04\/25\/vivasnosqueremos-protesta-por-jalisco\/\" class=\"more-link\">Leer m\u00e1s<\/a><\/p>\n","protected":false},"author":2,"featured_media":21928,"comment_status":"closed","ping_status":"closed","sticky":false,"template":"","format":"standard","meta":{"ngg_post_thumbnail":0,"_jetpack_newsletter_access":"","_jetpack_dont_email_post_to_subs":false,"_jetpack_newsletter_tier_id":0,"_jetpack_memberships_contains_paywalled_content":false,"_jetpack_memberships_contains_paid_content":false,"footnotes":""},"categories":[80,84,2107,20,230,2,83],"tags":[94],"class_list":{"0":"post-11427","1":"post","2":"type-post","3":"status-publish","4":"format-standard","5":"has-post-thumbnail","6":"hentry","7":"category-cintillo","8":"category-feminicidios","9":"category-feminicidios-en-jalisco","10":"category-jalisco","12":"category-noticias-nacionales","13":"category-temas-nacionales","14":"tag-violencia-contra-mujeres","15":"entry"},"jetpack_featured_media_url":"https:\/\/www.grieta.org.mx\/wp-content\/uploads\/2018\/03\/14524434_1106112876131411_958039263622046936_o.jpg","jetpack_sharing_enabled":true,"jetpack_shortlink":"https:\/\/wp.me\/p7ZJR4-2Yj","jetpack_likes_enabled":false,"jetpack-related-posts":[{"id":45332,"url":"https:\/\/www.grieta.org.mx\/index.php\/2020\/02\/27\/artistas-hacen-arder-la-frase-mexico-feminicida-frente-al-palacio-de-gobierno-de-jalisco\/","url_meta":{"origin":11427,"position":0},"title":"Artistas hacen arder la frase \u201cM\u00e9xico feminicida\u201d frente al palacio de gobierno de Jalisco","author":"grieta","date":"27 febrero, 2020","format":false,"excerpt":"Foto: Mario Marlo Mario Marlo \/ Zona Docs Hartas de la violencia contra las mujeres, los feminicidios en M\u00e9xico y la poca acci\u00f3n de las autoridades estatales y federales, un colectivo de mujeres artistas realiz\u00f3 un performance frente al Palacio de Gobierno de Jalisco,\u00a0para denunciar y exigir justicia para todas\u2026","rel":"","context":"En &quot;CINTILLO&quot;","block_context":{"text":"CINTILLO","link":"https:\/\/www.grieta.org.mx\/index.php\/category\/cintillo\/"},"img":{"alt_text":"","src":"https:\/\/i0.wp.com\/www.grieta.org.mx\/wp-content\/uploads\/2020\/02\/photo5672429510909339589-1280x640.jpg?resize=350%2C200&ssl=1","width":350,"height":200,"srcset":"https:\/\/i0.wp.com\/www.grieta.org.mx\/wp-content\/uploads\/2020\/02\/photo5672429510909339589-1280x640.jpg?resize=350%2C200&ssl=1 1x, https:\/\/i0.wp.com\/www.grieta.org.mx\/wp-content\/uploads\/2020\/02\/photo5672429510909339589-1280x640.jpg?resize=525%2C300&ssl=1 1.5x, https:\/\/i0.wp.com\/www.grieta.org.mx\/wp-content\/uploads\/2020\/02\/photo5672429510909339589-1280x640.jpg?resize=700%2C400&ssl=1 2x, https:\/\/i0.wp.com\/www.grieta.org.mx\/wp-content\/uploads\/2020\/02\/photo5672429510909339589-1280x640.jpg?resize=1050%2C600&ssl=1 3x"},"classes":[]},{"id":62790,"url":"https:\/\/www.grieta.org.mx\/index.php\/2021\/11\/25\/marchan-mujeres-para-exigir-alto-a-la-violencia-en-vallarta-jalisco\/","url_meta":{"origin":11427,"position":1},"title":"Marchan mujeres para exigir alto a la violencia en Vallarta (Jalisco)","author":"grieta","date":"25 noviembre, 2021","format":false,"excerpt":"Foto: Tribuna de la Bah\u00eda Brenda Beltr\u00e1n \/ Tribuna de la Bah\u00eda Este jueves, colectivos de mujeres, hombres y ciudadanos en general, marcharon para exigir un alto a la violencia contra las mujeres de\u00a0Puerto Vallarta, saliendo del parque de\u00a0Las Mujeres hasta llegar a Los Arcos del Malec\u00f3n. Como ya se\u2026","rel":"","context":"En &quot;CINTILLO&quot;","block_context":{"text":"CINTILLO","link":"https:\/\/www.grieta.org.mx\/index.php\/category\/cintillo\/"},"img":{"alt_text":"","src":"https:\/\/i0.wp.com\/www.grieta.org.mx\/wp-content\/uploads\/2021\/11\/marcha-contra-violencia-vallarta-2-cover.jpg?resize=350%2C200&ssl=1","width":350,"height":200,"srcset":"https:\/\/i0.wp.com\/www.grieta.org.mx\/wp-content\/uploads\/2021\/11\/marcha-contra-violencia-vallarta-2-cover.jpg?resize=350%2C200&ssl=1 1x, https:\/\/i0.wp.com\/www.grieta.org.mx\/wp-content\/uploads\/2021\/11\/marcha-contra-violencia-vallarta-2-cover.jpg?resize=525%2C300&ssl=1 1.5x, https:\/\/i0.wp.com\/www.grieta.org.mx\/wp-content\/uploads\/2021\/11\/marcha-contra-violencia-vallarta-2-cover.jpg?resize=700%2C400&ssl=1 2x"},"classes":[]},{"id":3160,"url":"https:\/\/www.grieta.org.mx\/index.php\/2015\/11\/25\/protestan-contra-la-violencia-machista-en-guadalajara\/","url_meta":{"origin":11427,"position":2},"title":"Protestan contra la violencia machista en Guadalajara","author":"grieta","date":"25 noviembre, 2015","format":false,"excerpt":"VIRGINIA ARENAS Hombres y mujeres marcharon para exigir justicia por las desaparecidas y asesinadas. EL INFORMADOR \/ F. Atilano Tambi\u00e9n protestaron contra los feminicidios y las desapariciones forzadas de mujeres Bajo la consigna \u2018nos queremos vivas\u2019, los manifestantes avanzaron por dos carriles de Ju\u00e1rez GUADALAJARA, JALISCO (25\/NOV\/2015).- \u201dDecid\u00ed venir a\u2026","rel":"","context":"En &quot;CINTILLO&quot;","block_context":{"text":"CINTILLO","link":"https:\/\/www.grieta.org.mx\/index.php\/category\/cintillo\/"},"img":{"alt_text":"","src":"https:\/\/i0.wp.com\/www.grieta.org.mx\/wp-content\/uploads\/2018\/03\/14524434_1106112876131411_958039263622046936_o.jpg?resize=350%2C200&ssl=1","width":350,"height":200,"srcset":"https:\/\/i0.wp.com\/www.grieta.org.mx\/wp-content\/uploads\/2018\/03\/14524434_1106112876131411_958039263622046936_o.jpg?resize=350%2C200&ssl=1 1x, https:\/\/i0.wp.com\/www.grieta.org.mx\/wp-content\/uploads\/2018\/03\/14524434_1106112876131411_958039263622046936_o.jpg?resize=525%2C300&ssl=1 1.5x, https:\/\/i0.wp.com\/www.grieta.org.mx\/wp-content\/uploads\/2018\/03\/14524434_1106112876131411_958039263622046936_o.jpg?resize=700%2C400&ssl=1 2x"},"classes":[]},{"id":51440,"url":"https:\/\/www.grieta.org.mx\/index.php\/2020\/06\/26\/acumula-jalisco-106-asesinatos-de-mujeres\/","url_meta":{"origin":11427,"position":3},"title":"Acumula Jalisco 106 asesinatos de mujeres","author":"grieta","date":"26 junio, 2020","format":false,"excerpt":"Foto: Especial Juan Levario \/ El Diario NTR La violencia contra las mujeres no cesa en el estado. Este a\u00f1o ya van 106 v\u00edctimas de violencia\u00a0feminicida. De acuerdo con datos del\u00a0Secretariado Ejecutivo del Sistema Nacional de Seguridad P\u00fablica (SESNSP), durante todo 2015 hubo 139 mujeres v\u00edctimas de asesinato en Jalisco,\u2026","rel":"","context":"En &quot;CINTILLO&quot;","block_context":{"text":"CINTILLO","link":"https:\/\/www.grieta.org.mx\/index.php\/category\/cintillo\/"},"img":{"alt_text":"","src":"https:\/\/i0.wp.com\/www.grieta.org.mx\/wp-content\/uploads\/2020\/06\/2020-06-26_12-06-26___8375.jpg?resize=350%2C200&ssl=1","width":350,"height":200,"srcset":"https:\/\/i0.wp.com\/www.grieta.org.mx\/wp-content\/uploads\/2020\/06\/2020-06-26_12-06-26___8375.jpg?resize=350%2C200&ssl=1 1x, https:\/\/i0.wp.com\/www.grieta.org.mx\/wp-content\/uploads\/2020\/06\/2020-06-26_12-06-26___8375.jpg?resize=525%2C300&ssl=1 1.5x, https:\/\/i0.wp.com\/www.grieta.org.mx\/wp-content\/uploads\/2020\/06\/2020-06-26_12-06-26___8375.jpg?resize=700%2C400&ssl=1 2x"},"classes":[]},{"id":67126,"url":"https:\/\/www.grieta.org.mx\/index.php\/2023\/06\/26\/matan-a-mil-150-mujeres-durante-administracion-de-alfaro-jalisco\/","url_meta":{"origin":11427,"position":4},"title":"Matan a mil 150 mujeres durante administraci\u00f3n de Alfaro (Jalisco)","author":"grieta","date":"26 junio, 2023","format":false,"excerpt":"Imagen: El Diario NTR Lauro Rodr\u00edguez \/ El Diario NTR Entre diciembre de 2018 y abril de 2023 han sido asesinadas mil 150 mujeres en Jalisco, seg\u00fan la Plataforma de Datos Abiertos C\u00f3digo Violeta de la Secretar\u00eda de Igualdad Sustantiva entre Mujeres y Hombres (SISEMH). Es decir, en el estado\u2026","rel":"","context":"En &quot;CINTILLO&quot;","block_context":{"text":"CINTILLO","link":"https:\/\/www.grieta.org.mx\/index.php\/category\/cintillo\/"},"img":{"alt_text":"","src":"","width":0,"height":0},"classes":[]},{"id":28985,"url":"https:\/\/www.grieta.org.mx\/index.php\/2019\/02\/06\/de-manera-dramatica-aumentan-feminicidios-en-la-mitad-del-pais\/","url_meta":{"origin":11427,"position":5},"title":"De manera dram\u00e1tica, aumentan feminicidios en la mitad del pa\u00eds","author":"grieta","date":"6 febrero, 2019","format":false,"excerpt":"Lau Almaraz\/ CCNews Guanajuato, Jalisco y Quintana Roo son las entidades que m\u00e1s se ven afectadas por los feminicidios en cuanto a aumento de cifras se refiere. Gritan clamando justicia, exigiendo que se acabe la violencia de g\u00e9nero. Marchan porque ya no pueden m\u00e1s, porque no quieren que haya menos\u2026","rel":"","context":"En &quot;Campeche&quot;","block_context":{"text":"Campeche","link":"https:\/\/www.grieta.org.mx\/index.php\/category\/noticias-nacionales\/campeche\/"},"img":{"alt_text":"","src":"https:\/\/i0.wp.com\/www.grieta.org.mx\/wp-content\/uploads\/2019\/02\/aumentan-feminicidios-en-mexico-high.jpg?resize=350%2C200&ssl=1","width":350,"height":200,"srcset":"https:\/\/i0.wp.com\/www.grieta.org.mx\/wp-content\/uploads\/2019\/02\/aumentan-feminicidios-en-mexico-high.jpg?resize=350%2C200&ssl=1 1x, https:\/\/i0.wp.com\/www.grieta.org.mx\/wp-content\/uploads\/2019\/02\/aumentan-feminicidios-en-mexico-high.jpg?resize=525%2C300&ssl=1 1.5x, https:\/\/i0.wp.com\/www.grieta.org.mx\/wp-content\/uploads\/2019\/02\/aumentan-feminicidios-en-mexico-high.jpg?resize=700%2C400&ssl=1 2x"},"classes":[]}],"_links":{"self":[{"href":"https:\/\/www.grieta.org.mx\/index.php\/wp-json\/wp\/v2\/posts\/11427","targetHints":{"allow":["GET"]}}],"collection":[{"href":"https:\/\/www.grieta.org.mx\/index.php\/wp-json\/wp\/v2\/posts"}],"about":[{"href":"https:\/\/www.grieta.org.mx\/index.php\/wp-json\/wp\/v2\/types\/post"}],"author":[{"embeddable":true,"href":"https:\/\/www.grieta.org.mx\/index.php\/wp-json\/wp\/v2\/users\/2"}],"replies":[{"embeddable":true,"href":"https:\/\/www.grieta.org.mx\/index.php\/wp-json\/wp\/v2\/comments?post=11427"}],"version-history":[{"count":1,"href":"https:\/\/www.grieta.org.mx\/index.php\/wp-json\/wp\/v2\/posts\/11427\/revisions"}],"predecessor-version":[{"id":11428,"href":"https:\/\/www.grieta.org.mx\/index.php\/wp-json\/wp\/v2\/posts\/11427\/revisions\/11428"}],"wp:featuredmedia":[{"embeddable":true,"href":"https:\/\/www.grieta.org.mx\/index.php\/wp-json\/wp\/v2\/media\/21928"}],"wp:attachment":[{"href":"https:\/\/www.grieta.org.mx\/index.php\/wp-json\/wp\/v2\/media?parent=11427"}],"wp:term":[{"taxonomy":"category","embeddable":true,"href":"https:\/\/www.grieta.org.mx\/index.php\/wp-json\/wp\/v2\/categories?post=11427"},{"taxonomy":"post_tag","embeddable":true,"href":"https:\/\/www.grieta.org.mx\/index.php\/wp-json\/wp\/v2\/tags?post=11427"}],"curies":[{"name":"wp","href":"https:\/\/api.w.org\/{rel}","templated":true}]}}