{"id":1133,"date":"2016-05-10T15:18:33","date_gmt":"2016-05-10T15:18:33","guid":{"rendered":"http:\/\/50.22.11.12\/~grietaor\/?p=1133"},"modified":"2016-05-21T03:03:30","modified_gmt":"2016-05-21T03:03:30","slug":"marina-e-ift-decomisan-equipo-de-radio-calentana-mexiquense","status":"publish","type":"post","link":"https:\/\/www.grieta.org.mx\/index.php\/2016\/05\/10\/marina-e-ift-decomisan-equipo-de-radio-calentana-mexiquense\/","title":{"rendered":"Marina e IFT decomisan equipo de radio Calentana Mexiquense"},"content":{"rendered":"<p><strong>10\/05\/16. <\/strong><a href=\"http:\/\/www.grieta.org.mx\/index.php\/2016\/05\/10\/relator-de-la-onu-se-compromete-a-atender-caso-de-indalecio-benitez-locutor-exiliado-de-luevianos\/\">Relator de la ONU se compromete a atender caso de Indalecio Ben\u00edtez, locutor exiliado de Luevianos<\/a><br  \/><em>Revoluci\u00f3n 3.0<\/em><br  \/><br \/>\n<strong>13\/01\/16. <\/strong><a href=\"http:\/\/grieta.org.mx\/index.php\/2016\/01\/13\/eruviel-no-tiene-la-intencion-de-proteger-a-ciudadanos-mas-bien-los-expone-para-que-sean-asesinados-locutor-exiliado\/\">\u201cEruviel no tiene la intenci\u00f3n de proteger a ciudadanos, m\u00e1s bien los expone para que sean asesinados\u201d: locutor exiliado<\/a><br  \/><em>Revoluci\u00f3n 3.0<\/em><br  \/><br \/>\n<strong>06\/11\/15. <\/strong><a href=\"http:\/\/grieta.org.mx\/index.php\/2015\/11\/06\/exige-radio-calentana-que-gem-se-retracte-criminalizan-libertad-de-expresion\/\">Exige Radio Calentana que GEM se retracte; Criminalizan libertad de expresi\u00f3n<\/a><br  \/><em>Tres PM<\/em><br  \/><br \/>\n<strong>05\/11\/15. <\/strong><a href=\"\">Dar apoyo a grupos criminales, causa de cierre de Radio Calentana: GEM<\/a><br  \/><em>Tres PM<\/em><br  \/><br \/>\n<strong>21\/10\/15. <\/strong><a href=\"http:\/\/grieta.org.mx\/index.php\/2015\/10\/21\/decomisan-la-radio-comunitaria-de-luvianos-a-14-meses-del-asesinato-del-hijo-del-director\/\">Decomisan la radio comunitaria de Luvianos a 14 meses del asesinato del hijo del director<\/a><br  \/><em>Animal Pol\u00edtico<\/em><br  \/><br \/>\n<strong>21\/10\/15. <\/strong><a href=\"http:\/\/grieta.org.mx\/index.php\/2015\/10\/21\/el-doble-ataque-a-indalecio-benitez-y-a-su-radio-comunitaria-en-luvianos\/\">El doble ataque a Indalecio Ben\u00edtez y a su radio comunitaria en Luvianos<\/a><br  \/><em>Reporteros en Movimiento<\/em><br  \/><br \/>\n<strong>20\/10\/15. <\/strong><a href=\"http:\/\/grieta.org.mx\/index.php\/2015\/10\/20\/radio-calentana-denuncia-indiferencia-y-arbitrariedades-del-ift\/\">Radio Calentana denuncia indiferencia y arbitrariedades del IFT<\/a><br  \/><em>Revista Z\u00f3calo<\/em><br  \/><br \/>\n<strong>17\/10\/15. <\/strong><a href=\"http:\/\/grieta.org.mx\/index.php\/2015\/10\/17\/fundador-de-radio-comunitaria-denuncia-intimidacion\/\">Fundador de radio comunitaria denuncia intimidaci\u00f3n<\/a><br  \/><em>Proceso<\/em><br  \/><br \/>\n<strong>16\/10\/15. <\/strong><a href=\"http:\/\/grieta.org.mx\/index.php\/2015\/10\/16\/ift-y-marina-decomisan-equipo-de-radio-calentana-mexiquense\/\">IFT y Marina decomisan equipo de radio Calentana Mexiquense<\/a><br  \/><em>Revista Z\u00f3calo<\/em><br  \/><\/p>\n","protected":false},"excerpt":{"rendered":"<p>10\/05\/16. Relator de la ONU se compromete a atender caso de Indalecio Ben\u00edtez, locutor exiliado de LuevianosRevoluci\u00f3n 3.0 13\/01\/16. \u201cEruviel no tiene la intenci\u00f3n de proteger a ciudadanos, m\u00e1s bien &hellip; <a href=\"https:\/\/www.grieta.org.mx\/index.php\/2016\/05\/10\/marina-e-ift-decomisan-equipo-de-radio-calentana-mexiquense\/\" class=\"more-link\">Leer m\u00e1s<\/a><\/p>\n","protected":false},"author":2,"featured_media":21928,"comment_status":"closed","ping_status":"open","sticky":false,"template":"","format":"standard","meta":{"ngg_post_thumbnail":0,"_jetpack_newsletter_access":"","_jetpack_dont_email_post_to_subs":false,"_jetpack_newsletter_tier_id":0,"_jetpack_memberships_contains_paywalled_content":false,"_jetpack_memberships_contains_paid_content":false,"footnotes":""},"categories":[16,2],"tags":[],"class_list":["post-1133","post","type-post","status-publish","format-standard","has-post-thumbnail","hentry","category-estado-de-mexico","category-noticias-nacionales","entry"],"jetpack_featured_media_url":"https:\/\/www.grieta.org.mx\/wp-content\/uploads\/2018\/03\/14524434_1106112876131411_958039263622046936_o.jpg","jetpack_sharing_enabled":true,"jetpack_shortlink":"https:\/\/wp.me\/p7ZJR4-ih","jetpack_likes_enabled":false,"jetpack-related-posts":[{"id":1129,"url":"https:\/\/www.grieta.org.mx\/index.php\/2015\/10\/16\/ift-y-marina-decomisan-equipo-de-radio-calentana-mexiquense\/","url_meta":{"origin":1133,"position":0},"title":"IFT y Marina decomisan equipo de radio Calentana Mexiquense","author":"grieta","date":"16 octubre, 2015","format":false,"excerpt":"Indalecio Ben\u00edtez Mondrag\u00f3n, director y fundador de la Radio Comunitaria Calentana Mexiquense 98.1 FM, mantiene desde el d\u00eda de ayer un plant\u00f3n fuera de las instalaciones del Instituto Federal de Telecomunicaciones (IFT) debido a que la ma\u00f1ana del jueves 14 de octubre, en un operativo implementado por la Marina Armada\u2026","rel":"","context":"En &quot;CINTILLO&quot;","block_context":{"text":"CINTILLO","link":"https:\/\/www.grieta.org.mx\/index.php\/category\/cintillo\/"},"img":{"alt_text":"","src":"https:\/\/i0.wp.com\/www.grieta.org.mx\/wp-content\/uploads\/2018\/03\/14524434_1106112876131411_958039263622046936_o.jpg?resize=350%2C200&ssl=1","width":350,"height":200,"srcset":"https:\/\/i0.wp.com\/www.grieta.org.mx\/wp-content\/uploads\/2018\/03\/14524434_1106112876131411_958039263622046936_o.jpg?resize=350%2C200&ssl=1 1x, https:\/\/i0.wp.com\/www.grieta.org.mx\/wp-content\/uploads\/2018\/03\/14524434_1106112876131411_958039263622046936_o.jpg?resize=525%2C300&ssl=1 1.5x, https:\/\/i0.wp.com\/www.grieta.org.mx\/wp-content\/uploads\/2018\/03\/14524434_1106112876131411_958039263622046936_o.jpg?resize=700%2C400&ssl=1 2x"},"classes":[]},{"id":1127,"url":"https:\/\/www.grieta.org.mx\/index.php\/2015\/10\/20\/radio-calentana-denuncia-indiferencia-y-arbitrariedades-del-ift\/","url_meta":{"origin":1133,"position":1},"title":"Radio Calentana denuncia indiferencia y arbitrariedades del IFT","author":"grieta","date":"20 octubre, 2015","format":false,"excerpt":"Carolina Duarte Luego del cierre arbitrario de la estaci\u00f3n de radio comunitaria Calentana Mexiquense que incluy\u00f3 presencia intimidatoria de la Marina para el decomiso de su equipo de transmisi\u00f3n, Indalecio Ben\u00edtez, fundador y director de la emisora se\u00f1al\u00f3 en conferencia en las puertas del Instituto Federal de Telecomunicaciones que \u201cEstamos\u2026","rel":"","context":"En &quot;CINTILLO&quot;","block_context":{"text":"CINTILLO","link":"https:\/\/www.grieta.org.mx\/index.php\/category\/cintillo\/"},"img":{"alt_text":"","src":"https:\/\/i0.wp.com\/www.grieta.org.mx\/wp-content\/uploads\/2018\/03\/14524434_1106112876131411_958039263622046936_o.jpg?resize=350%2C200&ssl=1","width":350,"height":200,"srcset":"https:\/\/i0.wp.com\/www.grieta.org.mx\/wp-content\/uploads\/2018\/03\/14524434_1106112876131411_958039263622046936_o.jpg?resize=350%2C200&ssl=1 1x, https:\/\/i0.wp.com\/www.grieta.org.mx\/wp-content\/uploads\/2018\/03\/14524434_1106112876131411_958039263622046936_o.jpg?resize=525%2C300&ssl=1 1.5x, https:\/\/i0.wp.com\/www.grieta.org.mx\/wp-content\/uploads\/2018\/03\/14524434_1106112876131411_958039263622046936_o.jpg?resize=700%2C400&ssl=1 2x"},"classes":[]},{"id":1119,"url":"https:\/\/www.grieta.org.mx\/index.php\/2015\/11\/06\/exige-radio-calentana-que-gem-se-retracte-criminalizan-libertad-de-expresion\/","url_meta":{"origin":1133,"position":2},"title":"Criminaliza gobierno libertad de expresi\u00f3n; Calentana no sirve a narco","author":"grieta","date":"6 noviembre, 2015","format":false,"excerpt":"Radio Calentana exigi\u00f3 al Gobierno del Estado de M\u00e9xico retractarse de los se\u00f1alamientos que aseguran que los locutores incitaban el apoyo a grupos criminales. A trav\u00e9s de un comunicado, Indalecio Ben\u00edtez, titular de la estaci\u00f3n desmantelada d\u00edas atr\u00e1s por La Marina, acus\u00f3 al Gobierno del Estado de M\u00e9xico y Federal\u2026","rel":"","context":"En &quot;CINTILLO&quot;","block_context":{"text":"CINTILLO","link":"https:\/\/www.grieta.org.mx\/index.php\/category\/cintillo\/"},"img":{"alt_text":"","src":"https:\/\/i0.wp.com\/www.grieta.org.mx\/wp-content\/uploads\/2018\/03\/14524434_1106112876131411_958039263622046936_o.jpg?resize=350%2C200&ssl=1","width":350,"height":200,"srcset":"https:\/\/i0.wp.com\/www.grieta.org.mx\/wp-content\/uploads\/2018\/03\/14524434_1106112876131411_958039263622046936_o.jpg?resize=350%2C200&ssl=1 1x, https:\/\/i0.wp.com\/www.grieta.org.mx\/wp-content\/uploads\/2018\/03\/14524434_1106112876131411_958039263622046936_o.jpg?resize=525%2C300&ssl=1 1.5x, https:\/\/i0.wp.com\/www.grieta.org.mx\/wp-content\/uploads\/2018\/03\/14524434_1106112876131411_958039263622046936_o.jpg?resize=700%2C400&ssl=1 2x"},"classes":[]},{"id":1120,"url":"https:\/\/www.grieta.org.mx\/index.php\/2015\/10\/21\/decomisan-la-radio-comunitaria-de-luvianos-a-14-meses-del-asesinato-del-hijo-del-director\/","url_meta":{"origin":1133,"position":3},"title":"Decomisan la radio comunitaria de Luvianos a 14 meses del asesinato del hijo del director","author":"grieta","date":"21 octubre, 2015","format":false,"excerpt":"Majo Siscar En Luvianos ya no pueden sintonizar Calentana Mexiquense, su radio comunitaria. El jueves 15 de octubre, poco antes de las dos de la tarde, cuatro empleados del Instituto Federal de Telecomunicaciones (IFT) \u2013acompa\u00f1ados de elementos de la Marina Armada de M\u00e9xico\u2013 decomisaron el equipo por emitir sin concesi\u00f3n\u2026","rel":"","context":"En &quot;CINTILLO&quot;","block_context":{"text":"CINTILLO","link":"https:\/\/www.grieta.org.mx\/index.php\/category\/cintillo\/"},"img":{"alt_text":"","src":"https:\/\/i0.wp.com\/www.grieta.org.mx\/wp-content\/uploads\/2018\/03\/14524434_1106112876131411_958039263622046936_o.jpg?resize=350%2C200&ssl=1","width":350,"height":200,"srcset":"https:\/\/i0.wp.com\/www.grieta.org.mx\/wp-content\/uploads\/2018\/03\/14524434_1106112876131411_958039263622046936_o.jpg?resize=350%2C200&ssl=1 1x, https:\/\/i0.wp.com\/www.grieta.org.mx\/wp-content\/uploads\/2018\/03\/14524434_1106112876131411_958039263622046936_o.jpg?resize=525%2C300&ssl=1 1.5x, https:\/\/i0.wp.com\/www.grieta.org.mx\/wp-content\/uploads\/2018\/03\/14524434_1106112876131411_958039263622046936_o.jpg?resize=700%2C400&ssl=1 2x"},"classes":[]},{"id":1128,"url":"https:\/\/www.grieta.org.mx\/index.php\/2015\/10\/17\/fundador-de-radio-comunitaria-denuncia-intimidacion\/","url_meta":{"origin":1133,"position":4},"title":"Fundador de radio comunitaria denuncia intimidaci\u00f3n","author":"grieta","date":"17 octubre, 2015","format":false,"excerpt":"Veneranda Mendoza TOLUCA, Edomex.- Indalecio Ben\u00edtez, fundador de la radio comunitaria Calentana Mexiquense, no descart\u00f3 que detr\u00e1s del despojo sufrido a sus instalaciones el pasado jueves en Luvianos por parte de elementos de la Marina, tenga objetivos econ\u00f3micos o intimidatorios. Hace un par de meses, record\u00f3, \u201cretom\u00e9 por mi propia\u2026","rel":"","context":"En &quot;CINTILLO&quot;","block_context":{"text":"CINTILLO","link":"https:\/\/www.grieta.org.mx\/index.php\/category\/cintillo\/"},"img":{"alt_text":"","src":"https:\/\/i0.wp.com\/www.grieta.org.mx\/wp-content\/uploads\/2018\/03\/14524434_1106112876131411_958039263622046936_o.jpg?resize=350%2C200&ssl=1","width":350,"height":200,"srcset":"https:\/\/i0.wp.com\/www.grieta.org.mx\/wp-content\/uploads\/2018\/03\/14524434_1106112876131411_958039263622046936_o.jpg?resize=350%2C200&ssl=1 1x, https:\/\/i0.wp.com\/www.grieta.org.mx\/wp-content\/uploads\/2018\/03\/14524434_1106112876131411_958039263622046936_o.jpg?resize=525%2C300&ssl=1 1.5x, https:\/\/i0.wp.com\/www.grieta.org.mx\/wp-content\/uploads\/2018\/03\/14524434_1106112876131411_958039263622046936_o.jpg?resize=700%2C400&ssl=1 2x"},"classes":[]},{"id":1118,"url":"https:\/\/www.grieta.org.mx\/index.php\/2016\/01\/13\/eruviel-no-tiene-la-intencion-de-proteger-a-ciudadanos-mas-bien-los-expone-para-que-sean-asesinados-locutor-exiliado\/","url_meta":{"origin":1133,"position":5},"title":"\u201cEruviel no tiene la intenci\u00f3n de proteger a ciudadanos, m\u00e1s bien los expone para que sean asesinados\u201d: locutor exiliado","author":"grieta","date":"13 enero, 2016","format":false,"excerpt":"Cecilia Balderas Indalecio Ben\u00edtez, fundador de la radio comunitaria Calentana Mexiquense, desmantelada a mediados de octubre por funcionarios del Instituto Federal de Telecomunicaciones (IFT), en colaboraci\u00f3n con elementos de la Marina y de la Polic\u00eda Federal (PF) -en un operativo impresionante como los que arman para buscar a narcotraficantes de\u2026","rel":"","context":"En &quot;CINTILLO&quot;","block_context":{"text":"CINTILLO","link":"https:\/\/www.grieta.org.mx\/index.php\/category\/cintillo\/"},"img":{"alt_text":"","src":"https:\/\/i0.wp.com\/www.grieta.org.mx\/wp-content\/uploads\/2018\/03\/14524434_1106112876131411_958039263622046936_o.jpg?resize=350%2C200&ssl=1","width":350,"height":200,"srcset":"https:\/\/i0.wp.com\/www.grieta.org.mx\/wp-content\/uploads\/2018\/03\/14524434_1106112876131411_958039263622046936_o.jpg?resize=350%2C200&ssl=1 1x, https:\/\/i0.wp.com\/www.grieta.org.mx\/wp-content\/uploads\/2018\/03\/14524434_1106112876131411_958039263622046936_o.jpg?resize=525%2C300&ssl=1 1.5x, https:\/\/i0.wp.com\/www.grieta.org.mx\/wp-content\/uploads\/2018\/03\/14524434_1106112876131411_958039263622046936_o.jpg?resize=700%2C400&ssl=1 2x"},"classes":[]}],"_links":{"self":[{"href":"https:\/\/www.grieta.org.mx\/index.php\/wp-json\/wp\/v2\/posts\/1133","targetHints":{"allow":["GET"]}}],"collection":[{"href":"https:\/\/www.grieta.org.mx\/index.php\/wp-json\/wp\/v2\/posts"}],"about":[{"href":"https:\/\/www.grieta.org.mx\/index.php\/wp-json\/wp\/v2\/types\/post"}],"author":[{"embeddable":true,"href":"https:\/\/www.grieta.org.mx\/index.php\/wp-json\/wp\/v2\/users\/2"}],"replies":[{"embeddable":true,"href":"https:\/\/www.grieta.org.mx\/index.php\/wp-json\/wp\/v2\/comments?post=1133"}],"version-history":[{"count":1,"href":"https:\/\/www.grieta.org.mx\/index.php\/wp-json\/wp\/v2\/posts\/1133\/revisions"}],"predecessor-version":[{"id":12714,"href":"https:\/\/www.grieta.org.mx\/index.php\/wp-json\/wp\/v2\/posts\/1133\/revisions\/12714"}],"wp:featuredmedia":[{"embeddable":true,"href":"https:\/\/www.grieta.org.mx\/index.php\/wp-json\/wp\/v2\/media\/21928"}],"wp:attachment":[{"href":"https:\/\/www.grieta.org.mx\/index.php\/wp-json\/wp\/v2\/media?parent=1133"}],"wp:term":[{"taxonomy":"category","embeddable":true,"href":"https:\/\/www.grieta.org.mx\/index.php\/wp-json\/wp\/v2\/categories?post=1133"},{"taxonomy":"post_tag","embeddable":true,"href":"https:\/\/www.grieta.org.mx\/index.php\/wp-json\/wp\/v2\/tags?post=1133"}],"curies":[{"name":"wp","href":"https:\/\/api.w.org\/{rel}","templated":true}]}}