{"id":11323,"date":"2016-04-23T02:24:23","date_gmt":"2016-04-23T02:24:23","guid":{"rendered":"http:\/\/www.grieta.org.mx\/?p=11323"},"modified":"2016-04-28T02:43:40","modified_gmt":"2016-04-28T02:43:40","slug":"ejidatarios-paran-obras-del-naicm-en-atenco","status":"publish","type":"post","link":"https:\/\/www.grieta.org.mx\/index.php\/2016\/04\/23\/ejidatarios-paran-obras-del-naicm-en-atenco\/","title":{"rendered":"Ejidatarios paran obras del NAICM en Atenco"},"content":{"rendered":"<p>San Salvador Atenco, M\u00e9x., 23 de abril de 2016.- Integrantes del Frente de Pueblos en Defensa de la Tierra (FPDT) de San Salvador Atenco, pararon las obras de construcci\u00f3n de la Autopista Pir\u00e1mides -Texcoco que forma parte del equipamiento del nuevo Aeropuerto Internacional de la Ciudad de M\u00e9xico y obligaron a trabajadores a retirar las m\u00e1quinas con las que laboran adem\u00e1s del material. Los campesinos del FPDT efectuaron una jornada para quitar las estacas que top\u00f3grafos han colocado para la construcci\u00f3n del NAICM; y durante su recorrido en el ejido de Tocuila, detectaron que trabajadores descargaban cascajos y tend\u00edan una malla por el trazo que recorrer\u00e1 dicha carretera.<\/p>\n<p>    Los ejidatarios retuvieron 4 m\u00e1quinas, entre ellas un trascabo y una aplanadora, adem\u00e1s de que impidieron que unos 15 camiones de volteo depositaron el cascajo en el \u00e1rea. Machete en mano, los atenquences detuvieron las obras de la autopista que comenzaron ayer por la noche en los ejidos de Tocuila colindantes con la autopista Pe\u00f1on-Texcoco. Ah\u00ed los trabajadores ya hab\u00edan tendido sobre terrenos ejidales m\u00e1s de 400 metros de tela-malla y cascajo para la cimentaci\u00f3n de la vialidad; obras que ha decir de los ejidatarios son ilegales, porque cuentan con un amparo para evitar que se realice cualquier trabajo de construcci\u00f3n en esas tierras.<\/p>\n<p>    Durante varios minutos, la situaci\u00f3n se torn\u00f3 tensa por el riesgo de enfrentamiento entre ejidatarios y trabajadores; sin embargo, \u00e9stos \u00faltimos, que dijeron pertenecer a la concesionaria Pinfra determinaron retirar la maquinaria y parte de material. La autopista Pir\u00e1mides- Texcoco prev\u00e9 conectar las Autoistas M\u00e9xico-Piramides y Pe\u00f1on Texcoco adem\u00e1s del corredor M\u00e9xico-Tuxpan con el nuevo Aeropuerto de la Ciudad de M\u00e9xico. Sus obras comenzaron hace m\u00e1s de a\u00f1o y medio y seg\u00fan las autoridades constar\u00e1 de 17 kil\u00f3metros, 4 de los cuales ya fueron construidos y se encuentran ya en operaci\u00f3n, sin embargo de los 13 kil\u00f3metros se prev\u00e9 a trav\u00e9s de los ejidos de Tocuila, la Magdalena, Francisco I Madero, Atenco, Acuexcomac, y Nexquipayac.<\/p>\n<p><a href=\"http:\/\/www.la-verdad.com.mx\/ejidatarios-paran-obras-naicm-atenco-67201.html\" target=\"_blank\">http:\/\/www.la-verdad.com.mx\/ejidatarios-paran-obras-naicm-atenco-67201.html<\/a><\/p>\n","protected":false},"excerpt":{"rendered":"<p>San Salvador Atenco, M\u00e9x., 23 de abril de 2016.- Integrantes del Frente de Pueblos en Defensa de la Tierra (FPDT) de San Salvador Atenco, pararon las obras de construcci\u00f3n de &hellip; <a href=\"https:\/\/www.grieta.org.mx\/index.php\/2016\/04\/23\/ejidatarios-paran-obras-del-naicm-en-atenco\/\" class=\"more-link\">Leer m\u00e1s<\/a><\/p>\n","protected":false},"author":2,"featured_media":21928,"comment_status":"closed","ping_status":"closed","sticky":false,"template":"","format":"standard","meta":{"ngg_post_thumbnail":0,"_jetpack_newsletter_access":"","_jetpack_dont_email_post_to_subs":false,"_jetpack_newsletter_tier_id":0,"_jetpack_memberships_contains_paywalled_content":false,"_jetpack_memberships_contains_paid_content":false,"footnotes":""},"categories":[80],"tags":[143,97,92],"class_list":["post-11323","post","type-post","status-publish","format-standard","has-post-thumbnail","hentry","category-cintillo","tag-aeropuerto-de-la-ciudad-de-mexico","tag-comunicaciones-y-transportes","tag-estado-de-mexico","entry"],"jetpack_featured_media_url":"https:\/\/www.grieta.org.mx\/wp-content\/uploads\/2018\/03\/14524434_1106112876131411_958039263622046936_o.jpg","jetpack_sharing_enabled":true,"jetpack_shortlink":"https:\/\/wp.me\/p7ZJR4-2WD","jetpack_likes_enabled":false,"jetpack-related-posts":[{"id":25758,"url":"https:\/\/www.grieta.org.mx\/index.php\/2018\/08\/23\/tierra-si-aviones-no-la-exigencia-de-atenco-ante-consulta-por-el-naim\/","url_meta":{"origin":11323,"position":0},"title":"\u201cTierra s\u00ed, aviones no\u201d, la exigencia de Atenco ante consulta por el NAIM","author":"grieta","date":"23 agosto, 2018","format":false,"excerpt":"PROCESO CIUDAD DE M\u00c9XICO (apro).- Ejidatarios de Atenco se manifestaron en la capital, de nueva cuenta, para expresar su repudio al Nuevo Aeropuerto Internacional de M\u00e9xico (NAIM). ttps:\/\/www.proceso.com.mx\/548135\/tierra-si-aviones-no-la-exigencia-de-atenco-ante-consulta-por-el-naim","rel":"","context":"En &quot;CINTILLO&quot;","block_context":{"text":"CINTILLO","link":"https:\/\/www.grieta.org.mx\/index.php\/category\/cintillo\/"},"img":{"alt_text":"","src":"https:\/\/i0.wp.com\/www.grieta.org.mx\/wp-content\/uploads\/2018\/08\/230818-atenco-as1-1078x719.jpg?resize=350%2C200&ssl=1","width":350,"height":200,"srcset":"https:\/\/i0.wp.com\/www.grieta.org.mx\/wp-content\/uploads\/2018\/08\/230818-atenco-as1-1078x719.jpg?resize=350%2C200&ssl=1 1x, https:\/\/i0.wp.com\/www.grieta.org.mx\/wp-content\/uploads\/2018\/08\/230818-atenco-as1-1078x719.jpg?resize=525%2C300&ssl=1 1.5x, https:\/\/i0.wp.com\/www.grieta.org.mx\/wp-content\/uploads\/2018\/08\/230818-atenco-as1-1078x719.jpg?resize=700%2C400&ssl=1 2x, https:\/\/i0.wp.com\/www.grieta.org.mx\/wp-content\/uploads\/2018\/08\/230818-atenco-as1-1078x719.jpg?resize=1050%2C600&ssl=1 3x"},"classes":[]},{"id":1053,"url":"https:\/\/www.grieta.org.mx\/index.php\/2016\/08\/22\/despojo-de-tierra-por-nuevo-aeropuerto-en-el-edomex\/","url_meta":{"origin":11323,"position":1},"title":"Despojo de tierra por nuevo aeropuerto en el Edomex","author":"grieta","date":"22 agosto, 2016","format":false,"excerpt":"22\/08\/16. Exigen destituir al comisariado de Tocuila por desalojo contra FPDTRegeneraci\u00f3n 19\/08\/16. Grupo de choque desmantela plant\u00f3n de ejidatarios del FPDT en TocuilaReporteros en Movimiento 19\/08\/16. Golpeadores agreden a pedradas a reporteros en la zona del conflicto en el ejido de TocuilaReporteros en Movimiento 19\/08\/16. Agreden golpeadores a ejidatarios en\u2026","rel":"","context":"En &quot;Estado de M\u00e9xico&quot;","block_context":{"text":"Estado de M\u00e9xico","link":"https:\/\/www.grieta.org.mx\/index.php\/category\/noticias-nacionales\/estado-de-mexico\/"},"img":{"alt_text":"","src":"https:\/\/i0.wp.com\/www.grieta.org.mx\/wp-content\/uploads\/2018\/03\/14524434_1106112876131411_958039263622046936_o.jpg?resize=350%2C200&ssl=1","width":350,"height":200,"srcset":"https:\/\/i0.wp.com\/www.grieta.org.mx\/wp-content\/uploads\/2018\/03\/14524434_1106112876131411_958039263622046936_o.jpg?resize=350%2C200&ssl=1 1x, https:\/\/i0.wp.com\/www.grieta.org.mx\/wp-content\/uploads\/2018\/03\/14524434_1106112876131411_958039263622046936_o.jpg?resize=525%2C300&ssl=1 1.5x, https:\/\/i0.wp.com\/www.grieta.org.mx\/wp-content\/uploads\/2018\/03\/14524434_1106112876131411_958039263622046936_o.jpg?resize=700%2C400&ssl=1 2x"},"classes":[]},{"id":12981,"url":"https:\/\/www.grieta.org.mx\/index.php\/2016\/05\/24\/otra-agresion-mas-contra-el-pueblo-de-atenco-expulsan-y-golpean-a-defensores-e-instalan-malla-y-postes-en-150-hectareas\/","url_meta":{"origin":11323,"position":2},"title":"Otra agresi\u00f3n m\u00e1s contra el pueblo de Atenco; expulsan y golpean a defensores e instalan malla y postes en 150 hect\u00e1reas","author":"grieta","date":"24 mayo, 2016","format":false,"excerpt":"Por ayer se report\u00f3 que los elementos de la fuerza p\u00fablica, en esta ocasi\u00f3n los polic\u00edas federales y el cuerpo de Guardias de Seguridad del Estado de M\u00e9xico tomaron el control de los terrenos de ejidales Atenco y Nexquipayac para resguardar a los trabajadores que participan en la construcci\u00f3n del\u2026","rel":"","context":"En &quot;CINTILLO&quot;","block_context":{"text":"CINTILLO","link":"https:\/\/www.grieta.org.mx\/index.php\/category\/cintillo\/"},"img":{"alt_text":"","src":"https:\/\/i0.wp.com\/www.grieta.org.mx\/wp-content\/uploads\/2018\/03\/14524434_1106112876131411_958039263622046936_o.jpg?resize=350%2C200&ssl=1","width":350,"height":200,"srcset":"https:\/\/i0.wp.com\/www.grieta.org.mx\/wp-content\/uploads\/2018\/03\/14524434_1106112876131411_958039263622046936_o.jpg?resize=350%2C200&ssl=1 1x, https:\/\/i0.wp.com\/www.grieta.org.mx\/wp-content\/uploads\/2018\/03\/14524434_1106112876131411_958039263622046936_o.jpg?resize=525%2C300&ssl=1 1.5x, https:\/\/i0.wp.com\/www.grieta.org.mx\/wp-content\/uploads\/2018\/03\/14524434_1106112876131411_958039263622046936_o.jpg?resize=700%2C400&ssl=1 2x"},"classes":[]},{"id":20225,"url":"https:\/\/www.grieta.org.mx\/index.php\/2016\/08\/22\/exigen-destituir-al-comisariado-de-tocuila-por-desalojo-contra-fpdt\/","url_meta":{"origin":11323,"position":3},"title":"Exigen destituir al comisariado de Tocuila por desalojo contra FPDT","author":"grieta","date":"22 agosto, 2016","format":false,"excerpt":"Integrantes del Frente de Pueblos en Defensa de la Tierra (FPDT) demandaron la destituci\u00f3n del presidente del comisariado ejidal, Humberto Lizalde, a quien responsabilizan de haber encabezado a un grupo de golpeadores que desalojaron el campamento de campesinos opositores a las obras del nuevo Aeropuerto Internacional de la Ciudad de\u2026","rel":"","context":"En &quot;CINTILLO&quot;","block_context":{"text":"CINTILLO","link":"https:\/\/www.grieta.org.mx\/index.php\/category\/cintillo\/"},"img":{"alt_text":"","src":"https:\/\/i0.wp.com\/www.grieta.org.mx\/wp-content\/uploads\/2018\/03\/14524434_1106112876131411_958039263622046936_o.jpg?resize=350%2C200&ssl=1","width":350,"height":200,"srcset":"https:\/\/i0.wp.com\/www.grieta.org.mx\/wp-content\/uploads\/2018\/03\/14524434_1106112876131411_958039263622046936_o.jpg?resize=350%2C200&ssl=1 1x, https:\/\/i0.wp.com\/www.grieta.org.mx\/wp-content\/uploads\/2018\/03\/14524434_1106112876131411_958039263622046936_o.jpg?resize=525%2C300&ssl=1 1.5x, https:\/\/i0.wp.com\/www.grieta.org.mx\/wp-content\/uploads\/2018\/03\/14524434_1106112876131411_958039263622046936_o.jpg?resize=700%2C400&ssl=1 2x"},"classes":[]},{"id":10589,"url":"https:\/\/www.grieta.org.mx\/index.php\/2016\/04\/12\/alerta-por-incursion-del-ejercito-en-atenco\/","url_meta":{"origin":11323,"position":4},"title":"Alerta por incursi\u00f3n del Ej\u00e9rcito en Atenco","author":"grieta","date":"12 abril, 2016","format":false,"excerpt":"Perseo Greco Ciudad de M\u00e9xico. El lunes 11 de abril, habitantes de la comunidad de San Crist\u00f3bal Nexquip\u00e1yac en el Estado de M\u00e9xico denunciaron la presencia de personas ajenas a esta comunidad, resguardados por elementos de la Secretar\u00eda de la Defensa Nacional (Sedena), en terrenos ejidales de San Salvador Atenco.\u2026","rel":"","context":"En &quot;CINTILLO&quot;","block_context":{"text":"CINTILLO","link":"https:\/\/www.grieta.org.mx\/index.php\/category\/cintillo\/"},"img":{"alt_text":"","src":"https:\/\/i0.wp.com\/www.grieta.org.mx\/wp-content\/uploads\/2018\/03\/14524434_1106112876131411_958039263622046936_o.jpg?resize=350%2C200&ssl=1","width":350,"height":200,"srcset":"https:\/\/i0.wp.com\/www.grieta.org.mx\/wp-content\/uploads\/2018\/03\/14524434_1106112876131411_958039263622046936_o.jpg?resize=350%2C200&ssl=1 1x, https:\/\/i0.wp.com\/www.grieta.org.mx\/wp-content\/uploads\/2018\/03\/14524434_1106112876131411_958039263622046936_o.jpg?resize=525%2C300&ssl=1 1.5x, https:\/\/i0.wp.com\/www.grieta.org.mx\/wp-content\/uploads\/2018\/03\/14524434_1106112876131411_958039263622046936_o.jpg?resize=700%2C400&ssl=1 2x"},"classes":[]},{"id":20038,"url":"https:\/\/www.grieta.org.mx\/index.php\/2016\/08\/19\/golpeadores-agreden-a-pedradas-a-reporteros-en-la-zona-del-conflicto-en-el-ejido-de-tocuila\/","url_meta":{"origin":11323,"position":5},"title":"Grupo de choque desmantela plant\u00f3n de ejidatarios del FPDT en Tocuila","author":"grieta","date":"19 agosto, 2016","format":false,"excerpt":"Marcos Santiago Texcoco, M\u00e9x. Apoyados por un grupo de presuntos golpeadores, personal de la empresas Lince y Cypsa Vise, que pretenden construir la autopista Pir\u00e1mides-Texcoco del Nuevo Aeropuerto Internacional de la Ciudad de M\u00e9xico (NAICM), desmantelaron parte del plant\u00f3n en los ejidos de Tocuila, que mantienen desde abril integrantes del\u2026","rel":"","context":"En &quot;CINTILLO&quot;","block_context":{"text":"CINTILLO","link":"https:\/\/www.grieta.org.mx\/index.php\/category\/cintillo\/"},"img":{"alt_text":"","src":"https:\/\/i0.wp.com\/www.grieta.org.mx\/wp-content\/uploads\/2018\/03\/14524434_1106112876131411_958039263622046936_o.jpg?resize=350%2C200&ssl=1","width":350,"height":200,"srcset":"https:\/\/i0.wp.com\/www.grieta.org.mx\/wp-content\/uploads\/2018\/03\/14524434_1106112876131411_958039263622046936_o.jpg?resize=350%2C200&ssl=1 1x, https:\/\/i0.wp.com\/www.grieta.org.mx\/wp-content\/uploads\/2018\/03\/14524434_1106112876131411_958039263622046936_o.jpg?resize=525%2C300&ssl=1 1.5x, https:\/\/i0.wp.com\/www.grieta.org.mx\/wp-content\/uploads\/2018\/03\/14524434_1106112876131411_958039263622046936_o.jpg?resize=700%2C400&ssl=1 2x"},"classes":[]}],"_links":{"self":[{"href":"https:\/\/www.grieta.org.mx\/index.php\/wp-json\/wp\/v2\/posts\/11323","targetHints":{"allow":["GET"]}}],"collection":[{"href":"https:\/\/www.grieta.org.mx\/index.php\/wp-json\/wp\/v2\/posts"}],"about":[{"href":"https:\/\/www.grieta.org.mx\/index.php\/wp-json\/wp\/v2\/types\/post"}],"author":[{"embeddable":true,"href":"https:\/\/www.grieta.org.mx\/index.php\/wp-json\/wp\/v2\/users\/2"}],"replies":[{"embeddable":true,"href":"https:\/\/www.grieta.org.mx\/index.php\/wp-json\/wp\/v2\/comments?post=11323"}],"version-history":[{"count":1,"href":"https:\/\/www.grieta.org.mx\/index.php\/wp-json\/wp\/v2\/posts\/11323\/revisions"}],"predecessor-version":[{"id":11328,"href":"https:\/\/www.grieta.org.mx\/index.php\/wp-json\/wp\/v2\/posts\/11323\/revisions\/11328"}],"wp:featuredmedia":[{"embeddable":true,"href":"https:\/\/www.grieta.org.mx\/index.php\/wp-json\/wp\/v2\/media\/21928"}],"wp:attachment":[{"href":"https:\/\/www.grieta.org.mx\/index.php\/wp-json\/wp\/v2\/media?parent=11323"}],"wp:term":[{"taxonomy":"category","embeddable":true,"href":"https:\/\/www.grieta.org.mx\/index.php\/wp-json\/wp\/v2\/categories?post=11323"},{"taxonomy":"post_tag","embeddable":true,"href":"https:\/\/www.grieta.org.mx\/index.php\/wp-json\/wp\/v2\/tags?post=11323"}],"curies":[{"name":"wp","href":"https:\/\/api.w.org\/{rel}","templated":true}]}}