{"id":11313,"date":"2016-04-25T11:27:10","date_gmt":"2016-04-25T11:27:10","guid":{"rendered":"http:\/\/www.grieta.org.mx\/?p=11313"},"modified":"2016-04-27T11:44:45","modified_gmt":"2016-04-27T11:44:45","slug":"movilizacion-contra-la-violencia-hacia-las-mujeres-en-guanajuato","status":"publish","type":"post","link":"https:\/\/www.grieta.org.mx\/index.php\/2016\/04\/25\/movilizacion-contra-la-violencia-hacia-las-mujeres-en-guanajuato\/","title":{"rendered":"Movilizaci\u00f3n contra la violencia hacia las mujeres en Guanajuato"},"content":{"rendered":"<p><strong>25\/04\/2016. <\/strong><a href=\"http:\/\/www.grieta.org.mx\/index.php\/2016\/04\/25\/marcha-contra-la-violencia-hacia-las-mujeres-en-guanajuato\/\">Marcha contra la violencia hacia las mujeres en Guanajuato<\/a><br  \/><em>Zona Franca<\/em><br  \/><\/p>\n","protected":false},"excerpt":{"rendered":"<p>25\/04\/2016. Marcha contra la violencia hacia las mujeres en GuanajuatoZona Franca<\/p>\n","protected":false},"author":2,"featured_media":21928,"comment_status":"closed","ping_status":"closed","sticky":false,"template":"","format":"standard","meta":{"ngg_post_thumbnail":0,"_jetpack_newsletter_access":"","_jetpack_dont_email_post_to_subs":false,"_jetpack_newsletter_tier_id":0,"_jetpack_memberships_contains_paywalled_content":false,"_jetpack_memberships_contains_paid_content":false,"footnotes":""},"categories":[17,2],"tags":[],"class_list":["post-11313","post","type-post","status-publish","format-standard","has-post-thumbnail","hentry","category-guanajuato","category-noticias-nacionales","entry"],"jetpack_featured_media_url":"https:\/\/www.grieta.org.mx\/wp-content\/uploads\/2018\/03\/14524434_1106112876131411_958039263622046936_o.jpg","jetpack_sharing_enabled":true,"jetpack_shortlink":"https:\/\/wp.me\/p7ZJR4-2Wt","jetpack_likes_enabled":false,"jetpack-related-posts":[{"id":29255,"url":"https:\/\/www.grieta.org.mx\/index.php\/2019\/02\/19\/tiene-violencia-hacia-la-mujer-su-pico-mas-alto-de-los-ultimos-anos-estado-de-mexico-veracruz-guanajuato\/","url_meta":{"origin":11313,"position":0},"title":"Tiene violencia hacia la mujer su pico m\u00e1s alto de los \u00faltimos a\u00f1os (Estado de M\u00e9xico, Veracruz, Guanajuato)","author":"grieta","date":"19 febrero, 2019","format":false,"excerpt":"Redacci\u00f3n SDP Noticias, 19 de Febrero de 2019. Tania Reneaum, directora de Amnist\u00eda Internacional M\u00e9xico, quien sostiene que el problema es la impunidad. M\u00e9xico.- La violencia hacia las mujeres ha repuntado con nueve asesinadas al d\u00eda. No han funcionado las Alertas de Violencia de G\u00e9nero Contra las Mujeres. Tampoco la\u2026","rel":"","context":"En &quot;CINTILLO&quot;","block_context":{"text":"CINTILLO","link":"https:\/\/www.grieta.org.mx\/index.php\/category\/cintillo\/"},"img":{"alt_text":"","src":"https:\/\/i0.wp.com\/www.grieta.org.mx\/wp-content\/uploads\/2019\/02\/0803_marcha-contra-la-violencia-hacia-las-mujeres_620x350.jpg?resize=350%2C200&ssl=1","width":350,"height":200,"srcset":"https:\/\/i0.wp.com\/www.grieta.org.mx\/wp-content\/uploads\/2019\/02\/0803_marcha-contra-la-violencia-hacia-las-mujeres_620x350.jpg?resize=350%2C200&ssl=1 1x, https:\/\/i0.wp.com\/www.grieta.org.mx\/wp-content\/uploads\/2019\/02\/0803_marcha-contra-la-violencia-hacia-las-mujeres_620x350.jpg?resize=525%2C300&ssl=1 1.5x"},"classes":[]},{"id":65277,"url":"https:\/\/www.grieta.org.mx\/index.php\/2022\/04\/24\/marchan-en-guanajuato-contra-violencia-y-feminicidios\/","url_meta":{"origin":11313,"position":1},"title":"Marchan en Guanajuato contra violencia y feminicidios","author":"grieta","date":"24 abril, 2022","format":false,"excerpt":"Andr\u00e9s Guardiola\/Corresponsal en Guanajuato | 24-04-2022 Exc\u00e9lsior Cientos de mujeres, familias y colectivos feministas marcharon a trav\u00e9s de las calles del centro de Le\u00f3n y se plantaron a la puerta de Palacio Municipal para protestar contra las desapariciones y la violencia machista que prevalecen no solamente en Guanajuato, sino en\u2026","rel":"","context":"En &quot;Feminicidios en Guanajuato&quot;","block_context":{"text":"Feminicidios en Guanajuato","link":"https:\/\/www.grieta.org.mx\/index.php\/category\/noticias-nacionales\/guanajuato\/feminicidios-en-guanajuato\/"},"img":{"alt_text":"","src":"https:\/\/i0.wp.com\/www.grieta.org.mx\/wp-content\/uploads\/2022\/09\/2748399.jpg?resize=350%2C200&ssl=1","width":350,"height":200,"srcset":"https:\/\/i0.wp.com\/www.grieta.org.mx\/wp-content\/uploads\/2022\/09\/2748399.jpg?resize=350%2C200&ssl=1 1x, https:\/\/i0.wp.com\/www.grieta.org.mx\/wp-content\/uploads\/2022\/09\/2748399.jpg?resize=525%2C300&ssl=1 1.5x, https:\/\/i0.wp.com\/www.grieta.org.mx\/wp-content\/uploads\/2022\/09\/2748399.jpg?resize=700%2C400&ssl=1 2x"},"classes":[]},{"id":19918,"url":"https:\/\/www.grieta.org.mx\/index.php\/2016\/09\/01\/violencia-contra-las-mujeres-en-guanajuato\/","url_meta":{"origin":11313,"position":2},"title":"Violencia contra las mujeres en Guanajuato","author":"grieta","date":"1 septiembre, 2016","format":false,"excerpt":"03\/09\/16. Da a luz ni\u00f1a de 15 a\u00f1os \u00a1en sala de espera de hospital! am Irapuato 01\/09\/16. Imponen 4 a\u00f1os y 6 meses de prisi\u00f3n al agresor de \u201cLucero\u201d Proceso 13\/08\/16. Comprueban abusos de polic\u00edas a jovencitas am Le\u00f3n","rel":"","context":"En &quot;CINTILLO&quot;","block_context":{"text":"CINTILLO","link":"https:\/\/www.grieta.org.mx\/index.php\/category\/cintillo\/"},"img":{"alt_text":"","src":"https:\/\/i0.wp.com\/www.grieta.org.mx\/wp-content\/uploads\/2018\/03\/14524434_1106112876131411_958039263622046936_o.jpg?resize=350%2C200&ssl=1","width":350,"height":200,"srcset":"https:\/\/i0.wp.com\/www.grieta.org.mx\/wp-content\/uploads\/2018\/03\/14524434_1106112876131411_958039263622046936_o.jpg?resize=350%2C200&ssl=1 1x, https:\/\/i0.wp.com\/www.grieta.org.mx\/wp-content\/uploads\/2018\/03\/14524434_1106112876131411_958039263622046936_o.jpg?resize=525%2C300&ssl=1 1.5x, https:\/\/i0.wp.com\/www.grieta.org.mx\/wp-content\/uploads\/2018\/03\/14524434_1106112876131411_958039263622046936_o.jpg?resize=700%2C400&ssl=1 2x"},"classes":[]},{"id":31171,"url":"https:\/\/www.grieta.org.mx\/index.php\/2019\/02\/27\/guanajuato-es-el-estado-con-mas-violencia-familiar\/","url_meta":{"origin":11313,"position":3},"title":"Guanajuato es el estado con m\u00e1s violencia familiar","author":"grieta","date":"27 febrero, 2019","format":false,"excerpt":"Por Newsweek San Luis Potos\u00ed 27 de febrero, 2019 La violencia familiar es un asunto preocupante en Guanajuato. Las recientes cifras del Secretariado Ejecutivo del Sistema Nacional de Seguridad P\u00fablica indican que durante enero nuestra entidad registr\u00f3 el mayor n\u00famero de llamadas de emergencia relacionadas con violencia familiar a nivel\u2026","rel":"","context":"En &quot;CINTILLO&quot;","block_context":{"text":"CINTILLO","link":"https:\/\/www.grieta.org.mx\/index.php\/category\/cintillo\/"},"img":{"alt_text":"","src":"https:\/\/i0.wp.com\/www.grieta.org.mx\/wp-content\/uploads\/2019\/03\/child-1439468_960_720-750x530.jpg?resize=350%2C200&ssl=1","width":350,"height":200,"srcset":"https:\/\/i0.wp.com\/www.grieta.org.mx\/wp-content\/uploads\/2019\/03\/child-1439468_960_720-750x530.jpg?resize=350%2C200&ssl=1 1x, https:\/\/i0.wp.com\/www.grieta.org.mx\/wp-content\/uploads\/2019\/03\/child-1439468_960_720-750x530.jpg?resize=525%2C300&ssl=1 1.5x, https:\/\/i0.wp.com\/www.grieta.org.mx\/wp-content\/uploads\/2019\/03\/child-1439468_960_720-750x530.jpg?resize=700%2C400&ssl=1 2x"},"classes":[]},{"id":31275,"url":"https:\/\/www.grieta.org.mx\/index.php\/2019\/03\/27\/prevalece-violencia-contra-las-mujeres-en-guanajuato-se-cometen-47-feminicidios-en-2019\/","url_meta":{"origin":11313,"position":4},"title":"Prevalece violencia contra las mujeres en Guanajuato; se cometen 47 feminicidios en 2019","author":"grieta","date":"27 marzo, 2019","format":false,"excerpt":"Jorge Hernandez, Zona Franca, 27 de marzo de 2019 Le\u00f3n, Gto. Este 2019 ha sido el a\u00f1o m\u00e1s violento para las mujeres ya que el estado de Guanajuato, ocupa el segundo lugar con mayor n\u00famero de asesinatos dolosos femeninos. Datos de la informaci\u00f3n sobre violencia contra las mujeres del Centro\u2026","rel":"","context":"En &quot;CINTILLO&quot;","block_context":{"text":"CINTILLO","link":"https:\/\/www.grieta.org.mx\/index.php\/category\/cintillo\/"},"img":{"alt_text":"","src":"https:\/\/i0.wp.com\/www.grieta.org.mx\/wp-content\/uploads\/2019\/03\/hom-dol-2019.jpg?resize=350%2C200&ssl=1","width":350,"height":200,"srcset":"https:\/\/i0.wp.com\/www.grieta.org.mx\/wp-content\/uploads\/2019\/03\/hom-dol-2019.jpg?resize=350%2C200&ssl=1 1x, https:\/\/i0.wp.com\/www.grieta.org.mx\/wp-content\/uploads\/2019\/03\/hom-dol-2019.jpg?resize=525%2C300&ssl=1 1.5x, https:\/\/i0.wp.com\/www.grieta.org.mx\/wp-content\/uploads\/2019\/03\/hom-dol-2019.jpg?resize=700%2C400&ssl=1 2x"},"classes":[]},{"id":5900,"url":"https:\/\/www.grieta.org.mx\/index.php\/2015\/09\/20\/marchan-en-guanajuato-exigiendo-poner-fin-a-violencia-contra-las-mujeres\/","url_meta":{"origin":11313,"position":5},"title":"Marchan en Guanajuato exigiendo poner fin a violencia contra las mujeres","author":"grieta","date":"20 septiembre, 2015","format":false,"excerpt":"Le\u00f3n, Gto. Cuatro ciudades guanajuatenses se unieron a una sola voz para exigir se ponga fin a los feminicidios y recordar a las v\u00edctimas de este delito. Distintas organizaciones de la sociedad civil, familiares de las mujeres asesinadas y ciudadanos en general se reunieron en punto de las cinco de\u2026","rel":"","context":"En &quot;CINTILLO&quot;","block_context":{"text":"CINTILLO","link":"https:\/\/www.grieta.org.mx\/index.php\/category\/cintillo\/"},"img":{"alt_text":"","src":"https:\/\/i0.wp.com\/www.grieta.org.mx\/wp-content\/uploads\/2018\/03\/14524434_1106112876131411_958039263622046936_o.jpg?resize=350%2C200&ssl=1","width":350,"height":200,"srcset":"https:\/\/i0.wp.com\/www.grieta.org.mx\/wp-content\/uploads\/2018\/03\/14524434_1106112876131411_958039263622046936_o.jpg?resize=350%2C200&ssl=1 1x, https:\/\/i0.wp.com\/www.grieta.org.mx\/wp-content\/uploads\/2018\/03\/14524434_1106112876131411_958039263622046936_o.jpg?resize=525%2C300&ssl=1 1.5x, https:\/\/i0.wp.com\/www.grieta.org.mx\/wp-content\/uploads\/2018\/03\/14524434_1106112876131411_958039263622046936_o.jpg?resize=700%2C400&ssl=1 2x"},"classes":[]}],"_links":{"self":[{"href":"https:\/\/www.grieta.org.mx\/index.php\/wp-json\/wp\/v2\/posts\/11313","targetHints":{"allow":["GET"]}}],"collection":[{"href":"https:\/\/www.grieta.org.mx\/index.php\/wp-json\/wp\/v2\/posts"}],"about":[{"href":"https:\/\/www.grieta.org.mx\/index.php\/wp-json\/wp\/v2\/types\/post"}],"author":[{"embeddable":true,"href":"https:\/\/www.grieta.org.mx\/index.php\/wp-json\/wp\/v2\/users\/2"}],"replies":[{"embeddable":true,"href":"https:\/\/www.grieta.org.mx\/index.php\/wp-json\/wp\/v2\/comments?post=11313"}],"version-history":[{"count":1,"href":"https:\/\/www.grieta.org.mx\/index.php\/wp-json\/wp\/v2\/posts\/11313\/revisions"}],"predecessor-version":[{"id":11318,"href":"https:\/\/www.grieta.org.mx\/index.php\/wp-json\/wp\/v2\/posts\/11313\/revisions\/11318"}],"wp:featuredmedia":[{"embeddable":true,"href":"https:\/\/www.grieta.org.mx\/index.php\/wp-json\/wp\/v2\/media\/21928"}],"wp:attachment":[{"href":"https:\/\/www.grieta.org.mx\/index.php\/wp-json\/wp\/v2\/media?parent=11313"}],"wp:term":[{"taxonomy":"category","embeddable":true,"href":"https:\/\/www.grieta.org.mx\/index.php\/wp-json\/wp\/v2\/categories?post=11313"},{"taxonomy":"post_tag","embeddable":true,"href":"https:\/\/www.grieta.org.mx\/index.php\/wp-json\/wp\/v2\/tags?post=11313"}],"curies":[{"name":"wp","href":"https:\/\/api.w.org\/{rel}","templated":true}]}}