{"id":11312,"date":"2016-04-25T11:24:58","date_gmt":"2016-04-25T11:24:58","guid":{"rendered":"http:\/\/www.grieta.org.mx\/?p=11312"},"modified":"2016-04-27T11:39:48","modified_gmt":"2016-04-27T11:39:48","slug":"marcha-contra-la-violencia-hacia-las-mujeres-en-guanajuato","status":"publish","type":"post","link":"https:\/\/www.grieta.org.mx\/index.php\/2016\/04\/25\/marcha-contra-la-violencia-hacia-las-mujeres-en-guanajuato\/","title":{"rendered":"Marcha contra la violencia hacia las mujeres en Guanajuato"},"content":{"rendered":"<p>Redacci\u00f3n, Guanajuato.<\/p>\n<p>Este domingo miles de mujeres en todo el pa\u00eds marcharon y levantaron la voz contra la violencia machista, pues de acuerdo con el Observatorio Ciudadano Nacional del Feminicidio (OCNF), en M\u00e9xico hay un promedio de 7 mujeres asesinadas al d\u00eda.<\/p>\n<p>En diferentes municipios, las mujeres se dieron cita al mediod\u00eda, donde con pancartas y batucadas iniciaron las marcha.<\/p>\n<p><strong>250 en Le\u00f3n<\/strong><\/p>\n<p><img loading=\"lazy\" decoding=\"async\" data-attachment-id=\"11316\" data-permalink=\"https:\/\/www.grieta.org.mx\/index.php\/2016\/04\/25\/marcha-contra-la-violencia-hacia-las-mujeres-en-guanajuato\/marcha-3\/\" data-orig-file=\"https:\/\/www.grieta.org.mx\/wp-content\/uploads\/2016\/04\/Marcha.png\" data-orig-size=\"768,568\" data-comments-opened=\"0\" data-image-meta=\"{&quot;aperture&quot;:&quot;0&quot;,&quot;credit&quot;:&quot;&quot;,&quot;camera&quot;:&quot;&quot;,&quot;caption&quot;:&quot;&quot;,&quot;created_timestamp&quot;:&quot;0&quot;,&quot;copyright&quot;:&quot;&quot;,&quot;focal_length&quot;:&quot;0&quot;,&quot;iso&quot;:&quot;0&quot;,&quot;shutter_speed&quot;:&quot;0&quot;,&quot;title&quot;:&quot;&quot;,&quot;orientation&quot;:&quot;0&quot;}\" data-image-title=\"Marcha\" data-image-description=\"\" data-image-caption=\"\" data-medium-file=\"https:\/\/www.grieta.org.mx\/wp-content\/uploads\/2016\/04\/Marcha-300x222.png\" data-large-file=\"https:\/\/www.grieta.org.mx\/wp-content\/uploads\/2016\/04\/Marcha.png\" src=\"http:\/\/www.grieta.org.mx\/wp-content\/uploads\/2016\/04\/Marcha.png\" alt=\"Marcha\" width=\"768\" height=\"568\" class=\"alignnone size-full wp-image-11316\" srcset=\"https:\/\/www.grieta.org.mx\/wp-content\/uploads\/2016\/04\/Marcha.png 768w, https:\/\/www.grieta.org.mx\/wp-content\/uploads\/2016\/04\/Marcha-300x222.png 300w\" sizes=\"auto, (max-width: 768px) 100vw, 768px\" \/><\/p>\n<p>\u201cNo, no, no\u2026 no me da la gana, ser asesinada porque dice que me ama\u201d, \u201cs\u00ed s\u00ed, s\u00ed\u2026 s\u00ed me da la gana, de ser una mujer libre y empoderada\u201d, gritaron las m\u00e1s de 250 mujeres que marcharon hoy domingo en contra de \u201clas violencias machistas\u201d en la ciudad de Le\u00f3n.<\/p>\n<p>En medio de tambores, cantos y consignas, la marcha arranc\u00f3 aproximadamente a la 1 de la tarde en el Arco de la Calzada Ni\u00f1os H\u00e9roes.<\/p>\n<p>A su arribo a la presidencia, exigieron detener el hostigamiento de la polic\u00eda contra las ind\u00edgenas y urgieron a la Universidad de Guanajuato a tomar medidas sobre el acoso del personal de la instituci\u00f3n en contra de las estudiantes.<\/p>\n<p>De forma en\u00e9rgica, las mujeres congregadas se expresaron en contra del machismo y la discriminaci\u00f3n.<\/p>\n<p>\u201cMachistas cabrones\u2026 a los tiburones\u201d, \u201csaquen sus doctrinas\u2026 de nuestra vaginas\u201d, \u201clas mujeres que caminan para adelante\u2026 y el machismo que camina para atr\u00e1s\u201d, dec\u00edan, en una protesta que se distingui\u00f3 por la alegr\u00eda y la convicci\u00f3n de sus participantes.<\/p>\n<p>\u201cSon muchas las violencias por las que las mujeres salimos hoy a visibilizar como una forma de indignaci\u00f3n colectiva\u201d, dijo \u00c1ngeles L\u00f3pez, representante del Centro de Derechos Humanos Victoria D\u00edaz en Le\u00f3n.<\/p>\n<p>\u201cLa situaci\u00f3n es muy preocupante, no solo a nivel estado, tambi\u00e9n a nivel municipal; a pesar de los avances reformativos que obligan a los funcionarios a promover el derecho de las mujeres no existe una normativa para sancionar el acoso callejero, el acoso en el transporte p\u00fablico;<\/p>\n<p>    no se termina de armonizar una legislaci\u00f3n que garantice una vida libre de violencia; hay acoso laboral en el trabajo, hay acoso en muchas instituciones\u2026 son muchas las violencias que tenemos que enfrentar\u201d, asegur\u00f3.<\/p>\n<p>Respecto a la medida tomada por el Ayuntamiento de Le\u00f3n de reservar la parte delantera de los vagones del Optibus para las mujeres con el lema \u201cadelante es tu derecho, atr\u00e1s es tu decisi\u00f3n\u201d, \u00c1ngeles L\u00f3pez explic\u00f3 aun cuando es una medida insuficiente es el comienzo de una acci\u00f3n afirmativa por parte de las autoridades.<\/p>\n<p>\u201cHay que decir que todas la pol\u00edticas p\u00fablicas se basan en el autocuidado y esta no es la excepci\u00f3n, no me atrever\u00eda a llamarla pol\u00edtica p\u00fablica. El estado est\u00e1 obligado a implementar lo que se llaman acciones afirmativas,  \u00e9sta podr\u00eda ser el inicio de una acci\u00f3n afirmativa, para reservar vagones de transporte donde las mujeres puedan sentirse seguras, pero por s\u00ed solo no es suficiente, porque sigue recayendo sobre la base del autocuidado\u201d.<\/p>\n<p><img loading=\"lazy\" decoding=\"async\" data-attachment-id=\"11314\" data-permalink=\"https:\/\/www.grieta.org.mx\/index.php\/2016\/04\/25\/marcha-contra-la-violencia-hacia-las-mujeres-en-guanajuato\/marcha-2\/\" data-orig-file=\"https:\/\/www.grieta.org.mx\/wp-content\/uploads\/2016\/04\/Marcha-2.png\" data-orig-size=\"768,572\" data-comments-opened=\"0\" data-image-meta=\"{&quot;aperture&quot;:&quot;0&quot;,&quot;credit&quot;:&quot;&quot;,&quot;camera&quot;:&quot;&quot;,&quot;caption&quot;:&quot;&quot;,&quot;created_timestamp&quot;:&quot;0&quot;,&quot;copyright&quot;:&quot;&quot;,&quot;focal_length&quot;:&quot;0&quot;,&quot;iso&quot;:&quot;0&quot;,&quot;shutter_speed&quot;:&quot;0&quot;,&quot;title&quot;:&quot;&quot;,&quot;orientation&quot;:&quot;0&quot;}\" data-image-title=\"Marcha 2\" data-image-description=\"\" data-image-caption=\"\" data-medium-file=\"https:\/\/www.grieta.org.mx\/wp-content\/uploads\/2016\/04\/Marcha-2-300x223.png\" data-large-file=\"https:\/\/www.grieta.org.mx\/wp-content\/uploads\/2016\/04\/Marcha-2.png\" src=\"http:\/\/www.grieta.org.mx\/wp-content\/uploads\/2016\/04\/Marcha-2.png\" alt=\"Marcha 2\" width=\"768\" height=\"572\" class=\"alignnone size-full wp-image-11314\" srcset=\"https:\/\/www.grieta.org.mx\/wp-content\/uploads\/2016\/04\/Marcha-2.png 768w, https:\/\/www.grieta.org.mx\/wp-content\/uploads\/2016\/04\/Marcha-2-300x223.png 300w\" sizes=\"auto, (max-width: 768px) 100vw, 768px\" \/><\/p>\n<p>Al respecto, en la marcha, una de las consignas estaba dedicada a la \u201coruga\u201d.<\/p>\n<p>    \u201cEn la oruga te deslindas, a decir que es mi derecho, pero cuando yo decido, te me impones por culero\u201d.<\/p>\n<p><iframe loading=\"lazy\" width=\"500\" height=\"281\" src=\"https:\/\/www.youtube.com\/embed\/tmEQgq7hGwI\" frameborder=\"0\" allowfullscreen><\/iframe><\/p>\n<p><strong>Detener acoso en la Universidad<\/strong><\/p>\n<p>En su arribo a la presidencia municipal, algunas de las integrantes de la marcha expusieron los motivos de la manifestaci\u00f3n y la situaci\u00f3n de violencia de g\u00e9nero que se ha incrementado en el pa\u00eds.<\/p>\n<p>\u201cDemandamos a los hostigamientos por parte de polic\u00edas a nuestras compa\u00f1eras ind\u00edgenas y jornaleras, que se nos respeten y reconozcan los derechos humanos\u2026<\/p>\n<p>    Reclamamos a las autoridades de la Universidad de Guanajuato, tomar una postura activa a favor de los derechos de las mujeres para frenar los casos de abuso y hostigamiento sexual por parte del personal de la universidad hacia las alumnas\u201d, expresaron.<\/p>\n<p>En relaci\u00f3n con la situaci\u00f3n de Le\u00f3n, las mujeres fueron enf\u00e1ticas en su demanda por detener la violencia de g\u00e9nero.<\/p>\n<p>\u201cAqu\u00ed en Le\u00f3n queremos decir basta de golpes, basta de asesinatos, basta de desapariciones, basta de impunidad, basta de injusticia, basta de tener miedo por ser mujeres, nunca m\u00e1s seremos v\u00edctimas de su violencia machista\u201d.<\/p>\n<p>\u201cEn nuestro pa\u00eds muchas mujeres est\u00e1 sufriendo de malos tratos; esto tiene que cambiar, tenemos que organizarnos y combatir la opresi\u00f3n para que as\u00ed todas juntas podamos vivir mejor, los malos tratos, los golpes ya no los queremos ver, yo quiero una vida nueva que sea digna de mi ser\u201d.<\/p>\n<p>Finalmente, expresaron \u201csalimos juntas, porque juntas queremos cambios, porque juntas hacemos comunidad, porque juntas hacemos fuerza, porque juntas con los compa\u00f1eros haremos de esta utop\u00eda de la igualdad algo real, porque las mujeres que vienen no necesiten levantar la voz\u201d.<\/p>\n<p><strong>100 en Guanajuato<\/strong><\/p>\n<p>Cerca de cien personas, la mayor\u00eda mujeres participaron en la marcha Movilizaci\u00f3n Nacional #Vivas nos Queremos, la que inici\u00f3 frente a Palacio de Gobierno del Estado y concluy\u00f3 en la explanada de la Alh\u00f3ndiga de Granaditas.<\/p>\n<p>La marcha se realiz\u00f3 sin incidentes, concluyendo minutos despu\u00e9s de las 14:00 horas, al frente se portaba una manta en la que se se\u00f1alaba \u201cNo + Violencia, El Machismo Mata; Vivas nos Queremos\u201d.<\/p>\n<p>\u201cNi Santas, Ni Putas, Solo Mujeres, se se\u00f1alaba en una de los carteles que portaban las manifestantes\u201d; \u201cQuien no se mueve no siente las cadenas, no fue la falda, no fue el lugar, no fue la hora, nada justifica una agresi\u00f3n sexual\u201d, se se\u00f1alaba en otra pancarta.<\/p>\n<p>La mayor\u00eda de quienes participaron en la marcha contra el machismo lo hicieron vistiendo prendas de color morado, en una manifestaci\u00f3n ruidosa, que llam\u00f3 la atenci\u00f3n de quienes se encontraron a su paso, muchos tomando fotograf\u00edas y videos.<\/p>\n<p>Solo un integrante del ayuntamiento participo en la marcha, del que no se menciona su nombre, porque se recomend\u00f3 a los medios de informaci\u00f3n, que no se entrevistara a actores pol\u00edticos y que se priorizara visibilizar a las mujeres participantes.<\/p>\n<p>La violencia contra las mujeres es un problema grave que cuesta la vida de siete mujeres todos los d\u00edas, por favor no reproduzcan el machismo, se pidi\u00f3 a los representes de los medios de comunicaci\u00f3n.<\/p>\n<p>Al final de la marcha las personas participantes se sentaron en las escalinatas de la explanada de la Alh\u00f3ndiga de Granaditas, y se denunciaron la falta de pol\u00edticas efectivas para combatir con efectividad la violencia de g\u00e9nero.<\/p>\n<p>Las personas que se manifestaron llamaron la atenci\u00f3n, pues a pesar de que el grupo de persona que se manifest\u00f3 no fue muy numeroso, lo hizo con tal energ\u00eda que despert\u00f3 el inter\u00e9s de los peatones.<\/p>\n<p><iframe loading=\"lazy\" width=\"500\" height=\"281\" src=\"https:\/\/www.youtube.com\/embed\/_xIlGqFRSUI\" frameborder=\"0\" allowfullscreen><\/iframe><\/p>\n<p><a href=\"http:\/\/zonafranca.mx\/marchan-mas-250-leonesas-la-violencia-genero\/\" target=\"_blank\">http:\/\/zonafranca.mx\/marchan-mas-250-leonesas-la-violencia-genero\/<\/a><\/p>\n","protected":false},"excerpt":{"rendered":"<p>Redacci\u00f3n, Guanajuato. Este domingo miles de mujeres en todo el pa\u00eds marcharon y levantaron la voz contra la violencia machista, pues de acuerdo con el Observatorio Ciudadano Nacional del Feminicidio &hellip; <a href=\"https:\/\/www.grieta.org.mx\/index.php\/2016\/04\/25\/marcha-contra-la-violencia-hacia-las-mujeres-en-guanajuato\/\" class=\"more-link\">Leer m\u00e1s<\/a><\/p>\n","protected":false},"author":2,"featured_media":21928,"comment_status":"closed","ping_status":"closed","sticky":false,"template":"","format":"standard","meta":{"ngg_post_thumbnail":0,"_jetpack_newsletter_access":"","_jetpack_dont_email_post_to_subs":false,"_jetpack_newsletter_tier_id":0,"_jetpack_memberships_contains_paywalled_content":false,"_jetpack_memberships_contains_paid_content":false,"footnotes":""},"categories":[80],"tags":[],"class_list":["post-11312","post","type-post","status-publish","format-standard","has-post-thumbnail","hentry","category-cintillo","entry"],"jetpack_featured_media_url":"https:\/\/www.grieta.org.mx\/wp-content\/uploads\/2018\/03\/14524434_1106112876131411_958039263622046936_o.jpg","jetpack_sharing_enabled":true,"jetpack_shortlink":"https:\/\/wp.me\/p7ZJR4-2Ws","jetpack_likes_enabled":false,"jetpack-related-posts":[{"id":65277,"url":"https:\/\/www.grieta.org.mx\/index.php\/2022\/04\/24\/marchan-en-guanajuato-contra-violencia-y-feminicidios\/","url_meta":{"origin":11312,"position":0},"title":"Marchan en Guanajuato contra violencia y feminicidios","author":"grieta","date":"24 abril, 2022","format":false,"excerpt":"Andr\u00e9s Guardiola\/Corresponsal en Guanajuato | 24-04-2022 Exc\u00e9lsior Cientos de mujeres, familias y colectivos feministas marcharon a trav\u00e9s de las calles del centro de Le\u00f3n y se plantaron a la puerta de Palacio Municipal para protestar contra las desapariciones y la violencia machista que prevalecen no solamente en Guanajuato, sino en\u2026","rel":"","context":"En &quot;Feminicidios en Guanajuato&quot;","block_context":{"text":"Feminicidios en Guanajuato","link":"https:\/\/www.grieta.org.mx\/index.php\/category\/noticias-nacionales\/guanajuato\/feminicidios-en-guanajuato\/"},"img":{"alt_text":"","src":"https:\/\/i0.wp.com\/www.grieta.org.mx\/wp-content\/uploads\/2022\/09\/2748399.jpg?resize=350%2C200&ssl=1","width":350,"height":200,"srcset":"https:\/\/i0.wp.com\/www.grieta.org.mx\/wp-content\/uploads\/2022\/09\/2748399.jpg?resize=350%2C200&ssl=1 1x, https:\/\/i0.wp.com\/www.grieta.org.mx\/wp-content\/uploads\/2022\/09\/2748399.jpg?resize=525%2C300&ssl=1 1.5x, https:\/\/i0.wp.com\/www.grieta.org.mx\/wp-content\/uploads\/2022\/09\/2748399.jpg?resize=700%2C400&ssl=1 2x"},"classes":[]},{"id":11313,"url":"https:\/\/www.grieta.org.mx\/index.php\/2016\/04\/25\/movilizacion-contra-la-violencia-hacia-las-mujeres-en-guanajuato\/","url_meta":{"origin":11312,"position":1},"title":"Movilizaci\u00f3n contra la violencia hacia las mujeres en Guanajuato","author":"grieta","date":"25 abril, 2016","format":false,"excerpt":"25\/04\/2016. Marcha contra la violencia hacia las mujeres en GuanajuatoZona Franca","rel":"","context":"En &quot;Guanajuato&quot;","block_context":{"text":"Guanajuato","link":"https:\/\/www.grieta.org.mx\/index.php\/category\/noticias-nacionales\/guanajuato\/"},"img":{"alt_text":"","src":"https:\/\/i0.wp.com\/www.grieta.org.mx\/wp-content\/uploads\/2018\/03\/14524434_1106112876131411_958039263622046936_o.jpg?resize=350%2C200&ssl=1","width":350,"height":200,"srcset":"https:\/\/i0.wp.com\/www.grieta.org.mx\/wp-content\/uploads\/2018\/03\/14524434_1106112876131411_958039263622046936_o.jpg?resize=350%2C200&ssl=1 1x, https:\/\/i0.wp.com\/www.grieta.org.mx\/wp-content\/uploads\/2018\/03\/14524434_1106112876131411_958039263622046936_o.jpg?resize=525%2C300&ssl=1 1.5x, https:\/\/i0.wp.com\/www.grieta.org.mx\/wp-content\/uploads\/2018\/03\/14524434_1106112876131411_958039263622046936_o.jpg?resize=700%2C400&ssl=1 2x"},"classes":[]},{"id":30914,"url":"https:\/\/www.grieta.org.mx\/index.php\/2019\/03\/08\/mujeres-de-nl-se-suman-al-8m-y-marchan-por-las-calles-del-centro-nuevo-leon\/","url_meta":{"origin":11312,"position":2},"title":"Mujeres de NL se suman al #8M y marchan por las calles del centro (Nuevo Le\u00f3n)","author":"grieta","date":"8 marzo, 2019","format":false,"excerpt":"Redacci\u00f3n Posta Marcharon y pidieron se respeten sus derechos NUEVO LE\u00d3N.- En punto de las 8 de la noche miles de mujeres marcharon por las calles del centro de Monterrey demandando sus derechos, conmemorando el 8M D\u00eda Internacional de la Mujer. Diferentes colectivos organizaron la marcha por los derechos de\u2026","rel":"","context":"En &quot;CINTILLO&quot;","block_context":{"text":"CINTILLO","link":"https:\/\/www.grieta.org.mx\/index.php\/category\/cintillo\/"},"img":{"alt_text":"","src":"https:\/\/i0.wp.com\/www.grieta.org.mx\/wp-content\/uploads\/2019\/03\/Mujeres-de-NL-se-suman-al-8M-y-marchan-por-las-calles-del-centro-nl-mzo.jpg?resize=350%2C200&ssl=1","width":350,"height":200,"srcset":"https:\/\/i0.wp.com\/www.grieta.org.mx\/wp-content\/uploads\/2019\/03\/Mujeres-de-NL-se-suman-al-8M-y-marchan-por-las-calles-del-centro-nl-mzo.jpg?resize=350%2C200&ssl=1 1x, https:\/\/i0.wp.com\/www.grieta.org.mx\/wp-content\/uploads\/2019\/03\/Mujeres-de-NL-se-suman-al-8M-y-marchan-por-las-calles-del-centro-nl-mzo.jpg?resize=525%2C300&ssl=1 1.5x"},"classes":[]},{"id":5904,"url":"https:\/\/www.grieta.org.mx\/index.php\/2015\/07\/19\/mujeres-en-guanajuato-marchan-en-contra-de-la-violencia-de-genero\/","url_meta":{"origin":11312,"position":3},"title":"Mujeres en Guanajuato marchan en contra de la violencia de g\u00e9nero","author":"grieta","date":"19 julio, 2015","format":false,"excerpt":"Andrea Murillo, Le\u00f3n, Gto. \u201cAlerta, Alerta, Alerta\u201d gritaban treinta mujeres ayer en la \u20183a. Marcha de las Putas\u2019. Respeto y Alerta de G\u00e9nero es lo que piden estas mujeres para que no se normalice ni se haga cotidiano la violencia y los feminicidios en el estado de Guanajuato. \u201cQueremos y\u2026","rel":"","context":"En &quot;CINTILLO&quot;","block_context":{"text":"CINTILLO","link":"https:\/\/www.grieta.org.mx\/index.php\/category\/cintillo\/"},"img":{"alt_text":"","src":"https:\/\/i0.wp.com\/www.grieta.org.mx\/wp-content\/uploads\/2018\/03\/14524434_1106112876131411_958039263622046936_o.jpg?resize=350%2C200&ssl=1","width":350,"height":200,"srcset":"https:\/\/i0.wp.com\/www.grieta.org.mx\/wp-content\/uploads\/2018\/03\/14524434_1106112876131411_958039263622046936_o.jpg?resize=350%2C200&ssl=1 1x, https:\/\/i0.wp.com\/www.grieta.org.mx\/wp-content\/uploads\/2018\/03\/14524434_1106112876131411_958039263622046936_o.jpg?resize=525%2C300&ssl=1 1.5x, https:\/\/i0.wp.com\/www.grieta.org.mx\/wp-content\/uploads\/2018\/03\/14524434_1106112876131411_958039263622046936_o.jpg?resize=700%2C400&ssl=1 2x"},"classes":[]},{"id":30546,"url":"https:\/\/www.grieta.org.mx\/index.php\/2019\/03\/12\/mujeres-toman-las-calles-de-guanajuato-capital-y-celaya-exigen-respeto-a-sus-derechos\/","url_meta":{"origin":11312,"position":4},"title":"Mujeres toman las calles de Guanajuato capital y Celaya, exigen respeto a sus derechos","author":"grieta","date":"12 marzo, 2019","format":false,"excerpt":"Decenas de mujeres en Guanajuato capital y Celaya tomaron las calles para manifestarse en conmemoraci\u00f3n del D\u00eda Internacional de la Mujer. Tere Segura\/Luis Garc\u00eda\/ Zona Franca, 08 de marzo de 2019 Guanajuato\/Celaya, Gto. Decenas de mujeres marcharon por las principales calles de la capital del estado, para exigir el respeto\u2026","rel":"","context":"En &quot;CINTILLO&quot;","block_context":{"text":"CINTILLO","link":"https:\/\/www.grieta.org.mx\/index.php\/category\/cintillo\/"},"img":{"alt_text":"","src":"https:\/\/i0.wp.com\/www.grieta.org.mx\/wp-content\/uploads\/2019\/03\/manifestacion-3-1.jpg?resize=350%2C200&ssl=1","width":350,"height":200,"srcset":"https:\/\/i0.wp.com\/www.grieta.org.mx\/wp-content\/uploads\/2019\/03\/manifestacion-3-1.jpg?resize=350%2C200&ssl=1 1x, https:\/\/i0.wp.com\/www.grieta.org.mx\/wp-content\/uploads\/2019\/03\/manifestacion-3-1.jpg?resize=525%2C300&ssl=1 1.5x, https:\/\/i0.wp.com\/www.grieta.org.mx\/wp-content\/uploads\/2019\/03\/manifestacion-3-1.jpg?resize=700%2C400&ssl=1 2x"},"classes":[]},{"id":65776,"url":"https:\/\/www.grieta.org.mx\/index.php\/2022\/10\/27\/justicia-para-alma-paola-feministas-alistan-marcha-en-guanajuato-y-moroleon\/","url_meta":{"origin":11312,"position":5},"title":"Justicia para Alma Paola: Feministas alistan marcha en Guanajuato y Morole\u00f3n","author":"grieta","date":"27 octubre, 2022","format":false,"excerpt":"Ivonne Ortiz, 27 de octubre de 2022 Le\u00f3n. \u2013 El hallazgo del cuerpo de Alma Paola Zavala Rodr\u00edguez, de 25 a\u00f1os, indign\u00f3 a las colectivas feministas, quienes pedir\u00e1n que su muerte no quede impune. Por ello alistan marchas en Guanajuato capital y Morole\u00f3n, para este s\u00e1bado. La colectiva feminista Hilanderas\u2026","rel":"","context":"En &quot;Feminicidios&quot;","block_context":{"text":"Feminicidios","link":"https:\/\/www.grieta.org.mx\/index.php\/category\/temas-nacionales\/feminicidios\/"},"img":{"alt_text":"","src":"https:\/\/i0.wp.com\/www.grieta.org.mx\/wp-content\/uploads\/2022\/11\/Justicia-para-Alma-Paola.webp?resize=350%2C200&ssl=1","width":350,"height":200,"srcset":"https:\/\/i0.wp.com\/www.grieta.org.mx\/wp-content\/uploads\/2022\/11\/Justicia-para-Alma-Paola.webp?resize=350%2C200&ssl=1 1x, https:\/\/i0.wp.com\/www.grieta.org.mx\/wp-content\/uploads\/2022\/11\/Justicia-para-Alma-Paola.webp?resize=525%2C300&ssl=1 1.5x, https:\/\/i0.wp.com\/www.grieta.org.mx\/wp-content\/uploads\/2022\/11\/Justicia-para-Alma-Paola.webp?resize=700%2C400&ssl=1 2x, https:\/\/i0.wp.com\/www.grieta.org.mx\/wp-content\/uploads\/2022\/11\/Justicia-para-Alma-Paola.webp?resize=1050%2C600&ssl=1 3x"},"classes":[]}],"_links":{"self":[{"href":"https:\/\/www.grieta.org.mx\/index.php\/wp-json\/wp\/v2\/posts\/11312","targetHints":{"allow":["GET"]}}],"collection":[{"href":"https:\/\/www.grieta.org.mx\/index.php\/wp-json\/wp\/v2\/posts"}],"about":[{"href":"https:\/\/www.grieta.org.mx\/index.php\/wp-json\/wp\/v2\/types\/post"}],"author":[{"embeddable":true,"href":"https:\/\/www.grieta.org.mx\/index.php\/wp-json\/wp\/v2\/users\/2"}],"replies":[{"embeddable":true,"href":"https:\/\/www.grieta.org.mx\/index.php\/wp-json\/wp\/v2\/comments?post=11312"}],"version-history":[{"count":1,"href":"https:\/\/www.grieta.org.mx\/index.php\/wp-json\/wp\/v2\/posts\/11312\/revisions"}],"predecessor-version":[{"id":11322,"href":"https:\/\/www.grieta.org.mx\/index.php\/wp-json\/wp\/v2\/posts\/11312\/revisions\/11322"}],"wp:featuredmedia":[{"embeddable":true,"href":"https:\/\/www.grieta.org.mx\/index.php\/wp-json\/wp\/v2\/media\/21928"}],"wp:attachment":[{"href":"https:\/\/www.grieta.org.mx\/index.php\/wp-json\/wp\/v2\/media?parent=11312"}],"wp:term":[{"taxonomy":"category","embeddable":true,"href":"https:\/\/www.grieta.org.mx\/index.php\/wp-json\/wp\/v2\/categories?post=11312"},{"taxonomy":"post_tag","embeddable":true,"href":"https:\/\/www.grieta.org.mx\/index.php\/wp-json\/wp\/v2\/tags?post=11312"}],"curies":[{"name":"wp","href":"https:\/\/api.w.org\/{rel}","templated":true}]}}