{"id":11299,"date":"2016-04-25T05:39:02","date_gmt":"2016-04-25T05:39:02","guid":{"rendered":"http:\/\/www.grieta.org.mx\/?p=11299"},"modified":"2016-04-27T05:43:54","modified_gmt":"2016-04-27T05:43:54","slug":"la-ciudad-de-mexico-se-pinta-de-violeta","status":"publish","type":"post","link":"https:\/\/www.grieta.org.mx\/index.php\/2016\/04\/25\/la-ciudad-de-mexico-se-pinta-de-violeta\/","title":{"rendered":"La Ciudad de M\u00e9xico se pinta de Violeta"},"content":{"rendered":"<h1 class=\"page-header\"><\/h1>\n<section id=\"block-system-main\" class=\"block block-system clearfix\">\n<div class=\"panel-bootstrap panels-bootstrap-3\">\n<div id=\"panel-bootstrap-row-main\" class=\"row panels-bootstrap-row-3-main\">\n<div id=\"panel-bootstrap-column-main-column\" class=\"panels-bootstrap-column col-xs-12 col-sm-12 col-md-12 col-lg-12 panels-bootstrap-column-3-main-column\">\n<div id=\"panel-bootstrap-region-center\" class=\"panels-bootstrap-region-3-center\">\n<div class=\"panel-pane pane-entity-field pane-node-field-balazo nota-balazo\">\n<div class=\"pane-content\">\n<div class=\"field field-name-field-balazo field-type-text field-label-hidden\">\n<div class=\"field-items\">\n<div class=\"field-item even\">\n<div class=\"field-item even\">Paco Dorado<\/div>\n<div class=\"field-item odd\">Eduardo Blas Covarrubias<\/div>\n<div class=\"field-item even\">Citlali T\u00e9llez<\/div>\n<div class=\"field-item even\"><\/div>\n<p>Aby D\u00edaz\u2022 Miles de mujeres protestan por violencias machistas<\/p>\n<\/div>\n<\/div>\n<\/div>\n<\/div>\n<\/div>\n<div class=\"panel-pane pane-entity-field pane-node-field-op-author nota-autor\"><\/div>\n<div class=\"panel-pane pane-entity-field pane-node-body nota-body\">\n<div class=\"pane-content\">\n<div class=\"field field-name-body field-type-text-with-summary field-label-hidden\">\n<div class=\"field-items\">\n<div class=\"field-item even\">\n<p>Este domingo se realiz\u00f3 la Primera Movilizaci\u00f3n Nacional en Contra de las Violencias Machistas en alrededor de 25 ciudades en todo el pa\u00eds; Guadalajara, Ciudad Ju\u00e1rez, Oaxaca y Toluca fueron solo algunas de ellas. En el \u00e1rea metropolitana las colectivas salieron en caravana desde Ecatepec hacia la Ciudad de M\u00e9xico, para realizar una caminata del Monumento a la Revoluci\u00f3n y hasta La Victoria Alada o \u00c1ngel de la Independencia.<\/p>\n<p>Alrededor de la once de la ma\u00f1ana las congregaciones se dieron cita en la Explanada Municipal de Ecatepec. M\u00e1s de mil mujeres repudiaron la violencia feminicida, las desapariciones de mujeres y el acoso en las calles mediante un posicionamiento en conjunto. Manifestaron que la acci\u00f3n surgi\u00f3 por el hartazgo que sienten debido a las omisiones, las complicidades del gobierno y la indiferencia social ante estas violencias. Exigieron construir un cambio definitivo en la estructura social y de gobierno.<\/p>\n<p>Aseguraron que durante el 2014 se reportaron 800 mujeres asesinadas violentamente, solo el 18% fue tipificado como intento de feminicidio, acusando al Gobernador del Estado de M\u00e9xico, Eruviel \u00c1vila de utilizar la solicitud de la Alerta de Violencia de G\u00e9nero como un &#8220;bot\u00edn&#8221; pol\u00edtico&#8221;.<\/p>\n<p>Por su parte Irinea Buend\u00eda, madre de Mariana Lima, v\u00edctima de feminicidio en Chimalhuac\u00e1n hace 6 a\u00f1os, invit\u00f3 a todas las mujeres a romper el silencio, &#8220;porque ya basta de que los hombres mis\u00f3ginos violentos, perversos y cobardes sigan atosigando y sigan violentando a las mujeres de la manera m\u00e1s ruin&#8221;.\u00a0 Exigi\u00f3 a los hombres el respeto a los derechos humanos de las mujeres y un trato igualitario, porque hombres y mujeres &#8220;somos iguales en derechos&#8221;. &#8220;No queremos seguir aguantando toda esa violencia feminicida, as\u00ed es como han aparecido mujeres asesinadas en las calles, descuartizadas, ahorcadas, quemadas, lapidadas y dem\u00e1s formas que se les ocurre a los mis\u00f3ginos&#8221;, asegur\u00f3.<\/p>\n<p>Terminado el pronunciamiento se dirigieron en caravana de autom\u00f3viles, bicicletas, autobuses y en el transporte p\u00fablico al metro Indios Verdes en la frontera con la Ciudad de M\u00e9xico, lugar donde m\u00e1s acosos reciben en su vida cotidiana; &#8220;con falda o pantal\u00f3n, resp\u00e9tame cabr\u00f3n,&#8221; gritaban en consignas mientras que durante el camino algunos transe\u00fantes y automovilistas se solidarizaron con el movimiento.<\/p>\n<p>El Reporte Nacional de Movilidad Urbana de M\u00e9xico 2014-2015 de la Organizaci\u00f3n de las Naciones Unidas (ONU) apunta que nueve de cada diez mujeres han sufrido alg\u00fan tipo de acoso o agresi\u00f3n verbal mientras se trasladaban en alguno de los medios de transporte p\u00fablico de la Ciudad de M\u00e9xico.<\/p>\n<p>La marcha parti\u00f3 del Monumento a la Revoluci\u00f3n a la Victoria Alada \u00f3 \u00c1ngel de la Independencia, de acuerdo a las organizadoras, ah\u00ed ya sumaron m\u00e1s de 10 mil las mujeres participantes incluyendo hombres solidarios que a su vez hac\u00edan escuchar su preocupaci\u00f3n a la violencia hacia las mujeres.<\/p>\n<p>Los primeros contingentes los formaron exclusivamente mujeres a ritmo de los tambores de la &#8220;vulvatucada&#8221;, se vivi\u00f3 un ambiente de fiesta, de libertad entre manada, como ellas mismas se suelen decir. Gritaban &#8220;si tocas a una, respondemos todas&#8221; y se sintieron protegidas mientras anduvieron sobre la Avenida Reforma para llegar al \u00c1ngel.<\/p>\n<p>Ya en la Victoria Alada hicieron una quema simb\u00f3lica del violador, no sin antes desahogar toda la furia y la rabia guardada destroz\u00e1ndolo a machetazos y palos como a una pi\u00f1ata mientras las protestas siguieron.<\/p>\n<p>Norma Andrade, madre de Lilia Alejandra Garc\u00eda, v\u00edctima de feminicidio en Ciudad Ju\u00e1rez asegur\u00f3 que el mensaje de hartazgo y la exigencia de tener las calles libres de violencia y de acoso era para el gobierno, porque deja libres a los agresores, pero tambi\u00e9n para la sociedad, para que &#8220;sepan que ya no estamos dispuestas a que nos sigan acosando&#8221;, aseguro.<\/p>\n<p>Es la primera vez que las mujeres se unen para hacer sentir su rabia guardada por mucho tiempo, es la primera vez que las ciudades se llenan de color violeta, un violeta de esperanza en el cambio de la mentalidad machista que hemos aprendido desde peque\u00f1os y que debemos disentir, rechazar, arrancar de nuestro entorno para relacionarnos con todas y todos desde otra perspectiva. Una perspectiva m\u00e1s violeta, m\u00e1s libre de acosos y de violencias.<\/p>\n<p>&nbsp;<\/p>\n<div class=\"media media-element-container media-default\">\n<div id=\"file-4883\" class=\"file file-image file-image-jpeg\">\n<div class=\"content\"><img loading=\"lazy\" decoding=\"async\" class=\"media-element file-default img-responsive\" src=\"http:\/\/www.somoselmedio.org\/sites\/default\/files\/Citla.jpg\" alt=\"\" width=\"1200\" height=\"900\" \/><\/div>\n<\/div>\n<\/div>\n<p>Foto: Citlali Tellez<\/p>\n<div class=\"media media-element-container media-default\">\n<div id=\"file-4884\" class=\"file file-image file-image-jpeg\">\n<div class=\"content\"><img loading=\"lazy\" decoding=\"async\" class=\"media-element file-default img-responsive\" src=\"http:\/\/www.somoselmedio.org\/sites\/default\/files\/aby%202.jpg\" alt=\"\" width=\"1200\" height=\"800\" \/><\/div>\n<\/div>\n<\/div>\n<p>Foto: Aby D\u00edas\/Somoselmedio.org<\/p>\n<div class=\"media media-element-container media-default\">\n<div id=\"file-4885\" class=\"file file-image file-image-jpeg\">\n<div class=\"content\"><img loading=\"lazy\" decoding=\"async\" class=\"media-element file-default img-responsive\" src=\"http:\/\/www.somoselmedio.org\/sites\/default\/files\/aby%201.jpg\" alt=\"\" width=\"1200\" height=\"800\" \/><\/div>\n<\/div>\n<\/div>\n<p>Foto: Aby D\u00edaz\/Somoselmedio.org<\/p>\n<div class=\"media media-element-container media-default\">\n<div id=\"file-4886\" class=\"file file-image file-image-jpeg\">\n<div class=\"content\"><img loading=\"lazy\" decoding=\"async\" class=\"media-element file-default img-responsive\" src=\"http:\/\/www.somoselmedio.org\/sites\/default\/files\/%2324A%20Feministas-7.jpg\" alt=\"\" width=\"1200\" height=\"763\" \/><\/div>\n<\/div>\n<\/div>\n<p>Foto: Eduardo Blas\/Somoselmedio.org<\/p>\n<div class=\"media media-element-container media-default\">\n<div id=\"file-4887\" class=\"file file-image file-image-jpeg\">\n<div class=\"content\"><img loading=\"lazy\" decoding=\"async\" class=\"media-element file-default img-responsive\" src=\"http:\/\/www.somoselmedio.org\/sites\/default\/files\/%2324A%20Feministas-16.jpg\" alt=\"\" width=\"1200\" height=\"808\" \/><\/div>\n<\/div>\n<\/div>\n<p>Foto: Eduardo Blas\/Somoselmedio.org<\/p>\n<div class=\"media media-element-container media-default\">\n<div id=\"file-4889\" class=\"file file-image file-image-jpeg\">\n<div class=\"content\"><img loading=\"lazy\" decoding=\"async\" class=\"media-element file-default img-responsive\" src=\"http:\/\/www.somoselmedio.org\/sites\/default\/files\/%2324A%20Feministas-19.jpg\" alt=\"\" width=\"1200\" height=\"795\" \/><\/div>\n<\/div>\n<\/div>\n<p>Foto: Eduardo Blas\/Somoselmedio.org<\/p>\n<div class=\"media media-element-container media-default\">\n<div id=\"file-4890\" class=\"file file-image file-image-jpeg\">\n<div class=\"content\"><img loading=\"lazy\" decoding=\"async\" class=\"media-element file-default img-responsive\" src=\"http:\/\/www.somoselmedio.org\/sites\/default\/files\/%2324A%20Feministas-18.jpg\" alt=\"\" width=\"1200\" height=\"822\" \/><\/div>\n<\/div>\n<\/div>\n<p>Foto: Eduardo Blas\/Somoselmedio.org<\/p>\n<div class=\"media media-element-container media-default\">\n<div id=\"file-4891\" class=\"file file-image file-image-jpeg\">\n<div class=\"content\"><img loading=\"lazy\" decoding=\"async\" class=\"media-element file-default img-responsive\" src=\"http:\/\/www.somoselmedio.org\/sites\/default\/files\/%2324A%20Feministas%20Eduardo.jpg\" alt=\"\" width=\"1200\" height=\"795\" \/><\/div>\n<\/div>\n<\/div>\n<p>Foto: Eduardo Blas\/Somoselmedio.org<\/p>\n<div class=\"media media-element-container media-default\">\n<div id=\"file-4892\" class=\"file file-image file-image-jpeg\">\n<div class=\"content\"><img loading=\"lazy\" decoding=\"async\" class=\"media-element file-default img-responsive\" src=\"http:\/\/www.somoselmedio.org\/sites\/default\/files\/%2324A%20Feministas.jpg\" alt=\"\" width=\"1200\" height=\"795\" \/><\/div>\n<\/div>\n<\/div>\n<p>Foto: Eduardo Blas\/Somoselmedio.org<\/p>\n<\/div>\n<p><a href=\"http:\/\/www.somoselmedio.org\/content\/la-ciudad-de-m%C3%A9xico-se-pinta-de-violeta\">http:\/\/www.somoselmedio.org\/content\/la-ciudad-de-m%C3%A9xico-se-pinta-de-violeta<\/a><\/p>\n<\/div>\n<\/div>\n<\/div>\n<\/div>\n<\/div>\n<\/div>\n<\/div>\n<\/div>\n<\/section>\n","protected":false},"excerpt":{"rendered":"<p>Paco Dorado Eduardo Blas Covarrubias Citlali T\u00e9llez Aby D\u00edaz\u2022 Miles de mujeres protestan por violencias machistas Este domingo se realiz\u00f3 la Primera Movilizaci\u00f3n Nacional en Contra de las Violencias Machistas &hellip; <a href=\"https:\/\/www.grieta.org.mx\/index.php\/2016\/04\/25\/la-ciudad-de-mexico-se-pinta-de-violeta\/\" class=\"more-link\">Leer m\u00e1s<\/a><\/p>\n","protected":false},"author":2,"featured_media":21928,"comment_status":"closed","ping_status":"closed","sticky":false,"template":"","format":"standard","meta":{"ngg_post_thumbnail":0,"_jetpack_newsletter_access":"","_jetpack_dont_email_post_to_subs":false,"_jetpack_newsletter_tier_id":0,"_jetpack_memberships_contains_paywalled_content":false,"_jetpack_memberships_contains_paid_content":false,"footnotes":""},"categories":[598,80],"tags":[94],"class_list":["post-11299","post","type-post","status-publish","format-standard","has-post-thumbnail","hentry","category-cdmx","category-cintillo","tag-violencia-contra-mujeres","entry"],"jetpack_featured_media_url":"https:\/\/www.grieta.org.mx\/wp-content\/uploads\/2018\/03\/14524434_1106112876131411_958039263622046936_o.jpg","jetpack_sharing_enabled":true,"jetpack_shortlink":"https:\/\/wp.me\/p7ZJR4-2Wf","jetpack_likes_enabled":false,"jetpack-related-posts":[{"id":22172,"url":"https:\/\/www.grieta.org.mx\/index.php\/2018\/03\/19\/sin-mujeres-no-hay-revolucion-documental-sobre-el-primer-encuentro-internacional-de-mujeres-que-luchan\/","url_meta":{"origin":11299,"position":0},"title":"&#8220;Sin Mujeres no hay Revoluci\u00f3n&#8221; Documental sobre el Primer Encuentro Internacional de Mujeres que Luchan","author":"Admin","date":"19 marzo, 2018","format":false,"excerpt":"https:\/\/www.facebook.com\/Somoselmedio\/videos\/1490806874351725\/ Somos el Medio http:\/\/somoselmedio.org\/article\/m%C3%A1s-de-6-mil-mujeres%C2%A0de-38%C2%A0pa%C3%ADses-participaron-en-el-primer-encuentro-de-mujeres","rel":"","context":"En &quot;CINTILLO&quot;","block_context":{"text":"CINTILLO","link":"https:\/\/www.grieta.org.mx\/index.php\/category\/cintillo\/"},"img":{"alt_text":"","src":"https:\/\/i0.wp.com\/www.grieta.org.mx\/wp-content\/uploads\/2018\/03\/Captura-de-pantalla-2018-03-20-a-las-14.42.48.png?resize=350%2C200&ssl=1","width":350,"height":200,"srcset":"https:\/\/i0.wp.com\/www.grieta.org.mx\/wp-content\/uploads\/2018\/03\/Captura-de-pantalla-2018-03-20-a-las-14.42.48.png?resize=350%2C200&ssl=1 1x, https:\/\/i0.wp.com\/www.grieta.org.mx\/wp-content\/uploads\/2018\/03\/Captura-de-pantalla-2018-03-20-a-las-14.42.48.png?resize=525%2C300&ssl=1 1.5x, https:\/\/i0.wp.com\/www.grieta.org.mx\/wp-content\/uploads\/2018\/03\/Captura-de-pantalla-2018-03-20-a-las-14.42.48.png?resize=700%2C400&ssl=1 2x"},"classes":[]},{"id":60463,"url":"https:\/\/www.grieta.org.mx\/index.php\/2021\/07\/13\/cerraremos-el-ano-con-el-doble-de-mujeres-asesinadas-en-2020-feministas-michoacan\/","url_meta":{"origin":11299,"position":1},"title":"Cerraremos el a\u00f1o con el doble de mujeres asesinadas en 2020: feministas (Michoac\u00e1n)","author":"grieta","date":"13 julio, 2021","format":false,"excerpt":"Por Karla Garc\u00eda - 13 - julio - 2021. CB Televisi\u00f3n. Morelia, Michoac\u00e1n.- A causa de los recientes casos de violencia hacia las mujeres en todo el estado de Michoac\u00e1n, feministas han realizado actividades de protesta en exigencia de una soluci\u00f3n. A trav\u00e9s de un comunicado, las colectivas feministas resaltaron\u2026","rel":"","context":"En &quot;CINTILLO&quot;","block_context":{"text":"CINTILLO","link":"https:\/\/www.grieta.org.mx\/index.php\/category\/cintillo\/"},"img":{"alt_text":"","src":"https:\/\/i0.wp.com\/www.grieta.org.mx\/wp-content\/uploads\/2021\/07\/Captura-de-pantalla-2021-07-15-a-las-18.35.31.png?resize=350%2C200&ssl=1","width":350,"height":200,"srcset":"https:\/\/i0.wp.com\/www.grieta.org.mx\/wp-content\/uploads\/2021\/07\/Captura-de-pantalla-2021-07-15-a-las-18.35.31.png?resize=350%2C200&ssl=1 1x, https:\/\/i0.wp.com\/www.grieta.org.mx\/wp-content\/uploads\/2021\/07\/Captura-de-pantalla-2021-07-15-a-las-18.35.31.png?resize=525%2C300&ssl=1 1.5x, https:\/\/i0.wp.com\/www.grieta.org.mx\/wp-content\/uploads\/2021\/07\/Captura-de-pantalla-2021-07-15-a-las-18.35.31.png?resize=700%2C400&ssl=1 2x, https:\/\/i0.wp.com\/www.grieta.org.mx\/wp-content\/uploads\/2021\/07\/Captura-de-pantalla-2021-07-15-a-las-18.35.31.png?resize=1050%2C600&ssl=1 3x"},"classes":[]},{"id":38742,"url":"https:\/\/www.grieta.org.mx\/index.php\/2019\/08\/18\/mujeres-protestan-en-la-plaza-del-15-hidalgo-en-victoria-tamaulipas\/","url_meta":{"origin":11299,"position":2},"title":"Mujeres protestan en la plaza del 15 Hidalgo en Victoria (Tamaulipas)","author":"grieta","date":"18 agosto, 2019","format":false,"excerpt":"Cd Victoria Tamaulipas.- Cerca de 50 mujeres llevaron a cabo una protesta de manera pac\u00edfica en la plaza del 15 Hidalgo, en Ciudad Victoria. Despu\u00e9s de agruparse en Palacio de Gobierno, el grupo de mujeres camin\u00f3 hasta la calle 17 y siguieron la calle Hidalgo hasta la Plaza del 8,\u2026","rel":"","context":"En &quot;CINTILLO&quot;","block_context":{"text":"CINTILLO","link":"https:\/\/www.grieta.org.mx\/index.php\/category\/cintillo\/"},"img":{"alt_text":"","src":"https:\/\/i0.wp.com\/www.grieta.org.mx\/wp-content\/uploads\/2019\/09\/WhatsApp-Image-2019-08-18-at-18.09.49.jpeg?resize=350%2C200&ssl=1","width":350,"height":200,"srcset":"https:\/\/i0.wp.com\/www.grieta.org.mx\/wp-content\/uploads\/2019\/09\/WhatsApp-Image-2019-08-18-at-18.09.49.jpeg?resize=350%2C200&ssl=1 1x, https:\/\/i0.wp.com\/www.grieta.org.mx\/wp-content\/uploads\/2019\/09\/WhatsApp-Image-2019-08-18-at-18.09.49.jpeg?resize=525%2C300&ssl=1 1.5x, https:\/\/i0.wp.com\/www.grieta.org.mx\/wp-content\/uploads\/2019\/09\/WhatsApp-Image-2019-08-18-at-18.09.49.jpeg?resize=700%2C400&ssl=1 2x"},"classes":[]},{"id":40667,"url":"https:\/\/www.grieta.org.mx\/index.php\/2019\/10\/14\/mujeres-desaparecidas-colima-segundo-lugar-nacional\/","url_meta":{"origin":11299,"position":3},"title":"Mujeres desaparecidas, Colima segundo lugar nacional","author":"grieta","date":"14 octubre, 2019","format":false,"excerpt":"Foto: Diario Avanzada Heidi de Le\u00f3n Guti\u00e9rrez \/ Diario Avazada Colima, M\u00e9xico, Avanzada (14\/10\/2019).- Pese a tener una poblaci\u00f3n de apenas 750 mil habitantes, Colima es el segundo estado con la tasa m\u00e1s alta de mujeres desaparecidas en el pa\u00eds; \u00a0s\u00f3lo\u00a0es superado por Tamaulipas, de acuerdo a los Registros Nacional\u2026","rel":"","context":"En &quot;Colima&quot;","block_context":{"text":"Colima","link":"https:\/\/www.grieta.org.mx\/index.php\/category\/noticias-nacionales\/colima\/"},"img":{"alt_text":"","src":"https:\/\/i0.wp.com\/www.grieta.org.mx\/wp-content\/uploads\/2019\/10\/AF754938-40DD-400C-9775-74821642E6F1.jpeg?resize=350%2C200&ssl=1","width":350,"height":200,"srcset":"https:\/\/i0.wp.com\/www.grieta.org.mx\/wp-content\/uploads\/2019\/10\/AF754938-40DD-400C-9775-74821642E6F1.jpeg?resize=350%2C200&ssl=1 1x, https:\/\/i0.wp.com\/www.grieta.org.mx\/wp-content\/uploads\/2019\/10\/AF754938-40DD-400C-9775-74821642E6F1.jpeg?resize=525%2C300&ssl=1 1.5x, https:\/\/i0.wp.com\/www.grieta.org.mx\/wp-content\/uploads\/2019\/10\/AF754938-40DD-400C-9775-74821642E6F1.jpeg?resize=700%2C400&ssl=1 2x, https:\/\/i0.wp.com\/www.grieta.org.mx\/wp-content\/uploads\/2019\/10\/AF754938-40DD-400C-9775-74821642E6F1.jpeg?resize=1050%2C600&ssl=1 3x"},"classes":[]},{"id":53998,"url":"https:\/\/www.grieta.org.mx\/index.php\/2020\/10\/05\/realizan-feministas-nueva-manifestacion-en-mazatlan-sinaloa\/","url_meta":{"origin":11299,"position":4},"title":"Realizan feministas nueva manifestaci\u00f3n en Mazatl\u00e1n (Sinaloa)","author":"grieta","date":"5 octubre, 2020","format":false,"excerpt":"BEBATE\/\u00a0JOS\u00c9 LUIS RODR\u00cdGUEZ GALARZA\u00a0Y\u00a0V\u00cdCTOR HUGO TORRES DELGADO Realizan mujeres feministas nueva manifestaci\u00f3n en Mazatl\u00e1n\u00a0| Foto: V\u00edctor Torres Realizan mujeres feministas nueva manifestaci\u00f3n en Mazatl\u00e1n\u00a0| Foto: V\u00edctor Torres Realizan mujeres feministas nueva manifestaci\u00f3n en Mazatl\u00e1n\u00a0| Foto: V\u00edctor Torres Realizan mujeres feministas nueva manifestaci\u00f3n en Mazatl\u00e1n Realizan mujeres feministas nueva manifestaci\u00f3n en\u2026","rel":"","context":"En &quot;CINTILLO&quot;","block_context":{"text":"CINTILLO","link":"https:\/\/www.grieta.org.mx\/index.php\/category\/cintillo\/"},"img":{"alt_text":"","src":"https:\/\/i0.wp.com\/www.grieta.org.mx\/wp-content\/uploads\/2020\/10\/Foto.jpg?resize=350%2C200&ssl=1","width":350,"height":200,"srcset":"https:\/\/i0.wp.com\/www.grieta.org.mx\/wp-content\/uploads\/2020\/10\/Foto.jpg?resize=350%2C200&ssl=1 1x, https:\/\/i0.wp.com\/www.grieta.org.mx\/wp-content\/uploads\/2020\/10\/Foto.jpg?resize=525%2C300&ssl=1 1.5x, https:\/\/i0.wp.com\/www.grieta.org.mx\/wp-content\/uploads\/2020\/10\/Foto.jpg?resize=700%2C400&ssl=1 2x"},"classes":[]},{"id":30027,"url":"https:\/\/www.grieta.org.mx\/index.php\/2019\/02\/28\/mujeres-demandan-que-cese-la-violencia-de-genero-en-guerrero\/","url_meta":{"origin":11299,"position":5},"title":"Mujeres demandan que cese la violencia de g\u00e9nero en Guerrero","author":"grieta","date":"28 febrero, 2019","format":false,"excerpt":"Abel Miranda Ayala \/ El Sol de Acapulco Organizaciones dedicadas a la defensa de los derechos de las mujeres, exigieron a los gobiernos Federal, Estatal y Municipales que generen pol\u00edticas p\u00fablicas para detener el fen\u00f3meno de la violencia y asesinatos contra mujeres, pues nuestro estado es el que presenta la\u2026","rel":"","context":"En &quot;CINTILLO&quot;","block_context":{"text":"CINTILLO","link":"https:\/\/www.grieta.org.mx\/index.php\/category\/cintillo\/"},"img":{"alt_text":"","src":"https:\/\/i0.wp.com\/www.grieta.org.mx\/wp-content\/uploads\/2019\/03\/organizaciones-defensa-derechos-humanos-mujeres.jpg?resize=350%2C200&ssl=1","width":350,"height":200,"srcset":"https:\/\/i0.wp.com\/www.grieta.org.mx\/wp-content\/uploads\/2019\/03\/organizaciones-defensa-derechos-humanos-mujeres.jpg?resize=350%2C200&ssl=1 1x, https:\/\/i0.wp.com\/www.grieta.org.mx\/wp-content\/uploads\/2019\/03\/organizaciones-defensa-derechos-humanos-mujeres.jpg?resize=525%2C300&ssl=1 1.5x, https:\/\/i0.wp.com\/www.grieta.org.mx\/wp-content\/uploads\/2019\/03\/organizaciones-defensa-derechos-humanos-mujeres.jpg?resize=700%2C400&ssl=1 2x"},"classes":[]}],"_links":{"self":[{"href":"https:\/\/www.grieta.org.mx\/index.php\/wp-json\/wp\/v2\/posts\/11299","targetHints":{"allow":["GET"]}}],"collection":[{"href":"https:\/\/www.grieta.org.mx\/index.php\/wp-json\/wp\/v2\/posts"}],"about":[{"href":"https:\/\/www.grieta.org.mx\/index.php\/wp-json\/wp\/v2\/types\/post"}],"author":[{"embeddable":true,"href":"https:\/\/www.grieta.org.mx\/index.php\/wp-json\/wp\/v2\/users\/2"}],"replies":[{"embeddable":true,"href":"https:\/\/www.grieta.org.mx\/index.php\/wp-json\/wp\/v2\/comments?post=11299"}],"version-history":[{"count":1,"href":"https:\/\/www.grieta.org.mx\/index.php\/wp-json\/wp\/v2\/posts\/11299\/revisions"}],"predecessor-version":[{"id":11301,"href":"https:\/\/www.grieta.org.mx\/index.php\/wp-json\/wp\/v2\/posts\/11299\/revisions\/11301"}],"wp:featuredmedia":[{"embeddable":true,"href":"https:\/\/www.grieta.org.mx\/index.php\/wp-json\/wp\/v2\/media\/21928"}],"wp:attachment":[{"href":"https:\/\/www.grieta.org.mx\/index.php\/wp-json\/wp\/v2\/media?parent=11299"}],"wp:term":[{"taxonomy":"category","embeddable":true,"href":"https:\/\/www.grieta.org.mx\/index.php\/wp-json\/wp\/v2\/categories?post=11299"},{"taxonomy":"post_tag","embeddable":true,"href":"https:\/\/www.grieta.org.mx\/index.php\/wp-json\/wp\/v2\/tags?post=11299"}],"curies":[{"name":"wp","href":"https:\/\/api.w.org\/{rel}","templated":true}]}}