{"id":11240,"date":"2016-04-22T01:55:55","date_gmt":"2016-04-22T01:55:55","guid":{"rendered":"http:\/\/www.grieta.org.mx\/?p=11240"},"modified":"2016-04-27T02:58:33","modified_gmt":"2016-04-27T02:58:33","slug":"protestan-por-expulsion-de-4-estudiantes","status":"publish","type":"post","link":"https:\/\/www.grieta.org.mx\/index.php\/2016\/04\/22\/protestan-por-expulsion-de-4-estudiantes\/","title":{"rendered":"Protestan por expulsi\u00f3n de 4 estudiantes"},"content":{"rendered":"<p>TORRE\u00d3N, COAH.-<\/p>\n<p><strong>La Federaci\u00f3n Nacional de Estudiantes Revolucionarios Rafael Ram\u00edrez (FNERRR), realiz\u00f3 el jueves una manifestaci\u00f3n a las afueras del edificio del Poder Judicial de la Federaci\u00f3n en Torre\u00f3n.<\/strong><\/p>\n<p>Fueron alrededor de 60 j\u00f3venes, miembros de la FNERRR, quienes rodearon los accesos del inmueble a modo de protesta, se quejaron de la expulsi\u00f3n &#8221; arbitraria&#8221; de cuatro alumnos de la Universidad Aut\u00f3noma Agraria Antonio Narro (UAAAN) Torre\u00f3n, hechos ocurridos durante el a\u00f1o pasado.<\/p>\n<p>La movilizaci\u00f3n inici\u00f3 en punto de las once de la ma\u00f1ana y finaliz\u00f3 a la una de la tarde, no se registraron incidentes violentos o da\u00f1os en los alrededores, esto a pesar de la intensidad en las exigencias.<\/p>\n<p><strong>HABR\u00c1 M\u00c1S PROTESTAS<\/strong><\/p>\n<p>Los quejosos detallaron que las acciones de resistencia se mantendr\u00e1n durante el resto del a\u00f1o y en diferentes puntos de la regi\u00f3n, pues tienen el objetivo de llamar la atenci\u00f3n de las autoridades para encontrar una soluci\u00f3n.<\/p>\n<p>Buscan que los alumnos que fueron expulsados, regresen a las aulas sin represalias de parte de la Universidad, o que al menos &#8220;se mejoren las condiciones de libertad de expresi\u00f3n y pensamiento&#8221; en la misma UAAAN Torre\u00f3n.<\/p>\n<p><strong>Organizados<\/strong><\/p>\n<p>Arman protesta estudiantil.<\/p>\n<p>? J\u00f3venes se quejan de la expulsi\u00f3n de 4 j\u00f3venes de la UAAAN Torre\u00f3n.<\/p>\n<p>? Aseguran que protestas seguir\u00e1n en los pr\u00f3ximos meses.<\/p>\n<p>? Son miembros de la FNERRR en la regi\u00f3n.<\/p>\n<p><a href=\"https:\/\/www.elsiglodetorreon.com.mx\/noticia\/1217325.protestan-por-expulsion-de-4-estudiantes.html\" target=\"_blank\">https:\/\/www.elsiglodetorreon.com.mx\/noticia\/1217325.protestan-por-expulsion-de-4-estudiantes.html<\/a><\/p>\n","protected":false},"excerpt":{"rendered":"<p>TORRE\u00d3N, COAH.- La Federaci\u00f3n Nacional de Estudiantes Revolucionarios Rafael Ram\u00edrez (FNERRR), realiz\u00f3 el jueves una manifestaci\u00f3n a las afueras del edificio del Poder Judicial de la Federaci\u00f3n en Torre\u00f3n. Fueron &hellip; <a href=\"https:\/\/www.grieta.org.mx\/index.php\/2016\/04\/22\/protestan-por-expulsion-de-4-estudiantes\/\" class=\"more-link\">Leer m\u00e1s<\/a><\/p>\n","protected":false},"author":2,"featured_media":21928,"comment_status":"closed","ping_status":"closed","sticky":false,"template":"","format":"standard","meta":{"ngg_post_thumbnail":0,"_jetpack_newsletter_access":"","_jetpack_dont_email_post_to_subs":false,"_jetpack_newsletter_tier_id":0,"_jetpack_memberships_contains_paywalled_content":false,"_jetpack_memberships_contains_paid_content":false,"footnotes":""},"categories":[80,250],"tags":[238,183,261],"class_list":["post-11240","post","type-post","status-publish","format-standard","has-post-thumbnail","hentry","category-cintillo","category-coahuila","tag-estudiantes","tag-manifestacion","tag-torreon","entry"],"jetpack_featured_media_url":"https:\/\/www.grieta.org.mx\/wp-content\/uploads\/2018\/03\/14524434_1106112876131411_958039263622046936_o.jpg","jetpack_sharing_enabled":true,"jetpack_shortlink":"https:\/\/wp.me\/p7ZJR4-2Vi","jetpack_likes_enabled":false,"jetpack-related-posts":[{"id":11244,"url":"https:\/\/www.grieta.org.mx\/index.php\/2016\/04\/27\/protestas-estudiantiles-en-coahuila\/","url_meta":{"origin":11240,"position":0},"title":"Protestas estudiantiles en Coahuila","author":"grieta","date":"27 abril, 2016","format":false,"excerpt":"22\/04\/16. Protestan por expulsi\u00f3n de 4 estudiantes El Siglo de Torre\u00f3n","rel":"","context":"En &quot;Coahuila&quot;","block_context":{"text":"Coahuila","link":"https:\/\/www.grieta.org.mx\/index.php\/category\/noticias-nacionales\/coahuila\/"},"img":{"alt_text":"","src":"https:\/\/i0.wp.com\/www.grieta.org.mx\/wp-content\/uploads\/2018\/03\/14524434_1106112876131411_958039263622046936_o.jpg?resize=350%2C200&ssl=1","width":350,"height":200,"srcset":"https:\/\/i0.wp.com\/www.grieta.org.mx\/wp-content\/uploads\/2018\/03\/14524434_1106112876131411_958039263622046936_o.jpg?resize=350%2C200&ssl=1 1x, https:\/\/i0.wp.com\/www.grieta.org.mx\/wp-content\/uploads\/2018\/03\/14524434_1106112876131411_958039263622046936_o.jpg?resize=525%2C300&ssl=1 1.5x, https:\/\/i0.wp.com\/www.grieta.org.mx\/wp-content\/uploads\/2018\/03\/14524434_1106112876131411_958039263622046936_o.jpg?resize=700%2C400&ssl=1 2x"},"classes":[]},{"id":50597,"url":"https:\/\/www.grieta.org.mx\/index.php\/2020\/06\/09\/protestan-pacificamente-para-solidarizarse-con-manifestantes-detenidos-en-torreon-coahuila\/","url_meta":{"origin":11240,"position":1},"title":"Protestan pac\u00edficamente para solidarizarse con manifestantes detenidos en Torre\u00f3n (Coahuila)","author":"grieta","date":"9 junio, 2020","format":false,"excerpt":"Exigieron que se respete el derecho a la libre expresi\u00f3n y manifestaci\u00f3n Mary V\u00e1zquez\/ EL SIGLO DE TORRE\u00d6N Simpatizantes del colectivo \"Anarkos Laguneros\" realizaron una manifestaci\u00f3n pacifica al pie de la Presidencia Municipal, en protesta por las detenciones realizadas el pasado domingo, en donde siete j\u00f3venes, entre ellos dos menores\u2026","rel":"","context":"En &quot;CINTILLO&quot;","block_context":{"text":"CINTILLO","link":"https:\/\/www.grieta.org.mx\/index.php\/category\/cintillo\/"},"img":{"alt_text":"","src":"https:\/\/i0.wp.com\/www.grieta.org.mx\/wp-content\/uploads\/2020\/06\/1315893.jpeg?resize=350%2C200&ssl=1","width":350,"height":200,"srcset":"https:\/\/i0.wp.com\/www.grieta.org.mx\/wp-content\/uploads\/2020\/06\/1315893.jpeg?resize=350%2C200&ssl=1 1x, https:\/\/i0.wp.com\/www.grieta.org.mx\/wp-content\/uploads\/2020\/06\/1315893.jpeg?resize=525%2C300&ssl=1 1.5x, https:\/\/i0.wp.com\/www.grieta.org.mx\/wp-content\/uploads\/2020\/06\/1315893.jpeg?resize=700%2C400&ssl=1 2x"},"classes":[]},{"id":6641,"url":"https:\/\/www.grieta.org.mx\/index.php\/2016\/09\/11\/reforma-educativa-y-evaluacion-al-desempeno-en-coahuila\/","url_meta":{"origin":11240,"position":2},"title":"Movilizaciones contra la Reforma educativa y evaluaci\u00f3n magisterial en Coahuila","author":"grieta","date":"11 septiembre, 2016","format":false,"excerpt":"11\/09\/16. Ser\u00e1 voluntaria en Coahuila la evaluaci\u00f3n docente Vanguardia 26\/07\/16. Marchan maestros de G\u00f3mez Palacio a Torre\u00f3n GalaTv Laguna 20\/07\/16. Maestros \u2018toman\u2019 caseta (Torre\u00f3n) El Siglo de Torre\u00f3n 12\/07\/16. Maestros toman caseta de autopista a Saltillo El Sampetrino 07\/07\/16. Marchan maestros de Matamoros contra Reforma Educativa El Siglo de Torre\u00f3n\u2026","rel":"","context":"En &quot;Coahuila&quot;","block_context":{"text":"Coahuila","link":"https:\/\/www.grieta.org.mx\/index.php\/category\/noticias-nacionales\/coahuila\/"},"img":{"alt_text":"","src":"https:\/\/i0.wp.com\/www.grieta.org.mx\/wp-content\/uploads\/2018\/03\/14524434_1106112876131411_958039263622046936_o.jpg?resize=350%2C200&ssl=1","width":350,"height":200,"srcset":"https:\/\/i0.wp.com\/www.grieta.org.mx\/wp-content\/uploads\/2018\/03\/14524434_1106112876131411_958039263622046936_o.jpg?resize=350%2C200&ssl=1 1x, https:\/\/i0.wp.com\/www.grieta.org.mx\/wp-content\/uploads\/2018\/03\/14524434_1106112876131411_958039263622046936_o.jpg?resize=525%2C300&ssl=1 1.5x, https:\/\/i0.wp.com\/www.grieta.org.mx\/wp-content\/uploads\/2018\/03\/14524434_1106112876131411_958039263622046936_o.jpg?resize=700%2C400&ssl=1 2x"},"classes":[]},{"id":17342,"url":"https:\/\/www.grieta.org.mx\/index.php\/2014\/10\/27\/normalistas-toman-medios-de-comunicacion-y-casetas-en-durango\/","url_meta":{"origin":11240,"position":3},"title":"Normalistas toman medios de comunicaci\u00f3n y casetas en Durango","author":"grieta","date":"27 octubre, 2014","format":false,"excerpt":"Gabriela Gallegos \/ Corresponsal DURANGO.- Desde las 4:00 horas de este lunes, estudiantes de la Normal Rural J. Guadalupe Aguilera tomaron de manera sorpresiva y pac\u00edfica dos televisoras locales y una estaci\u00f3n de radio, adem\u00e1s de dos casetas, de la Autopista Durango-Mazatl\u00e1n y de la Durango-Torre\u00f3n. Tambi\u00e9n anunciaron una gran\u2026","rel":"","context":"En &quot;CINTILLO&quot;","block_context":{"text":"CINTILLO","link":"https:\/\/www.grieta.org.mx\/index.php\/category\/cintillo\/"},"img":{"alt_text":"","src":"https:\/\/i0.wp.com\/www.grieta.org.mx\/wp-content\/uploads\/2018\/03\/14524434_1106112876131411_958039263622046936_o.jpg?resize=350%2C200&ssl=1","width":350,"height":200,"srcset":"https:\/\/i0.wp.com\/www.grieta.org.mx\/wp-content\/uploads\/2018\/03\/14524434_1106112876131411_958039263622046936_o.jpg?resize=350%2C200&ssl=1 1x, https:\/\/i0.wp.com\/www.grieta.org.mx\/wp-content\/uploads\/2018\/03\/14524434_1106112876131411_958039263622046936_o.jpg?resize=525%2C300&ssl=1 1.5x, https:\/\/i0.wp.com\/www.grieta.org.mx\/wp-content\/uploads\/2018\/03\/14524434_1106112876131411_958039263622046936_o.jpg?resize=700%2C400&ssl=1 2x"},"classes":[]},{"id":23126,"url":"https:\/\/www.grieta.org.mx\/index.php\/2018\/05\/10\/marcha-grupo-vida-por-sus-desaparecidos-en-el-dia-de-las-madres-torreon-coahuila\/","url_meta":{"origin":11240,"position":4},"title":"Marcha grupo Vida por sus desaparecidos en el D\u00eda de las Madres (Torre\u00f3n, Coahuila)","author":"grieta","date":"10 mayo, 2018","format":false,"excerpt":"El contingente camin\u00f3 en sentido contrario por la avenida Ju\u00e1rez. (EL SIGLO DE TORRE\u00d3N) Como desde hace cinco a\u00f1os, el grupo V\u00edctimas por sus Derechos en Acci\u00f3n (Vida), realiza su marcha de familiares de personas desaparecidas en el D\u00eda de las Madres. Guadalupe Miranda\/El Siglo Coahuila El contingente conformado por\u2026","rel":"","context":"En &quot;CINTILLO&quot;","block_context":{"text":"CINTILLO","link":"https:\/\/www.grieta.org.mx\/index.php\/category\/cintillo\/"},"img":{"alt_text":"","src":"https:\/\/i0.wp.com\/www.grieta.org.mx\/wp-content\/uploads\/2018\/05\/Marchan-madre-Torre%C3%B3n.jpeg?resize=350%2C200&ssl=1","width":350,"height":200,"srcset":"https:\/\/i0.wp.com\/www.grieta.org.mx\/wp-content\/uploads\/2018\/05\/Marchan-madre-Torre%C3%B3n.jpeg?resize=350%2C200&ssl=1 1x, https:\/\/i0.wp.com\/www.grieta.org.mx\/wp-content\/uploads\/2018\/05\/Marchan-madre-Torre%C3%B3n.jpeg?resize=525%2C300&ssl=1 1.5x, https:\/\/i0.wp.com\/www.grieta.org.mx\/wp-content\/uploads\/2018\/05\/Marchan-madre-Torre%C3%B3n.jpeg?resize=700%2C400&ssl=1 2x, https:\/\/i0.wp.com\/www.grieta.org.mx\/wp-content\/uploads\/2018\/05\/Marchan-madre-Torre%C3%B3n.jpeg?resize=1050%2C600&ssl=1 3x"},"classes":[]},{"id":3029,"url":"https:\/\/www.grieta.org.mx\/index.php\/2016\/02\/17\/maestros-rechazan-sindicato-blanco-en-utt\/","url_meta":{"origin":11240,"position":5},"title":"Maestros rechazan sindicato \u2018blanco\u2019 en UTT","author":"grieta","date":"17 febrero, 2016","format":false,"excerpt":"TORRE\u00d3N, COAH.- Docentes se manifestaron a las afueras de la rector\u00eda de la Universidad Tecnol\u00f3gica de Torre\u00f3n (UTT) para denunciar el rechazo a la conformaci\u00f3n de un sindicato \u201cblanco\u201d, promovido por las autoridades del plantel y para pedir la restituci\u00f3n de cinco de sus compa\u00f1eros . La manifestaci\u00f3n comenz\u00f3 poco\u2026","rel":"","context":"En &quot;CINTILLO&quot;","block_context":{"text":"CINTILLO","link":"https:\/\/www.grieta.org.mx\/index.php\/category\/cintillo\/"},"img":{"alt_text":"","src":"https:\/\/i0.wp.com\/www.grieta.org.mx\/wp-content\/uploads\/2018\/03\/14524434_1106112876131411_958039263622046936_o.jpg?resize=350%2C200&ssl=1","width":350,"height":200,"srcset":"https:\/\/i0.wp.com\/www.grieta.org.mx\/wp-content\/uploads\/2018\/03\/14524434_1106112876131411_958039263622046936_o.jpg?resize=350%2C200&ssl=1 1x, https:\/\/i0.wp.com\/www.grieta.org.mx\/wp-content\/uploads\/2018\/03\/14524434_1106112876131411_958039263622046936_o.jpg?resize=525%2C300&ssl=1 1.5x, https:\/\/i0.wp.com\/www.grieta.org.mx\/wp-content\/uploads\/2018\/03\/14524434_1106112876131411_958039263622046936_o.jpg?resize=700%2C400&ssl=1 2x"},"classes":[]}],"_links":{"self":[{"href":"https:\/\/www.grieta.org.mx\/index.php\/wp-json\/wp\/v2\/posts\/11240","targetHints":{"allow":["GET"]}}],"collection":[{"href":"https:\/\/www.grieta.org.mx\/index.php\/wp-json\/wp\/v2\/posts"}],"about":[{"href":"https:\/\/www.grieta.org.mx\/index.php\/wp-json\/wp\/v2\/types\/post"}],"author":[{"embeddable":true,"href":"https:\/\/www.grieta.org.mx\/index.php\/wp-json\/wp\/v2\/users\/2"}],"replies":[{"embeddable":true,"href":"https:\/\/www.grieta.org.mx\/index.php\/wp-json\/wp\/v2\/comments?post=11240"}],"version-history":[{"count":1,"href":"https:\/\/www.grieta.org.mx\/index.php\/wp-json\/wp\/v2\/posts\/11240\/revisions"}],"predecessor-version":[{"id":11243,"href":"https:\/\/www.grieta.org.mx\/index.php\/wp-json\/wp\/v2\/posts\/11240\/revisions\/11243"}],"wp:featuredmedia":[{"embeddable":true,"href":"https:\/\/www.grieta.org.mx\/index.php\/wp-json\/wp\/v2\/media\/21928"}],"wp:attachment":[{"href":"https:\/\/www.grieta.org.mx\/index.php\/wp-json\/wp\/v2\/media?parent=11240"}],"wp:term":[{"taxonomy":"category","embeddable":true,"href":"https:\/\/www.grieta.org.mx\/index.php\/wp-json\/wp\/v2\/categories?post=11240"},{"taxonomy":"post_tag","embeddable":true,"href":"https:\/\/www.grieta.org.mx\/index.php\/wp-json\/wp\/v2\/tags?post=11240"}],"curies":[{"name":"wp","href":"https:\/\/api.w.org\/{rel}","templated":true}]}}