{"id":1115,"date":"2016-01-12T14:48:35","date_gmt":"2016-01-12T14:48:35","guid":{"rendered":"http:\/\/50.22.11.12\/~grietaor\/?p=1115"},"modified":"2016-03-03T14:49:22","modified_gmt":"2016-03-03T14:49:22","slug":"peligran-los-recursos-naturales-del-nevado-de-toluca","status":"publish","type":"post","link":"https:\/\/www.grieta.org.mx\/index.php\/2016\/01\/12\/peligran-los-recursos-naturales-del-nevado-de-toluca\/","title":{"rendered":"Peligran los recursos naturales del Nevado de Toluca"},"content":{"rendered":"<p><strong>12\/01\/16. <\/strong><a href=\"http:\/\/grieta.org.mx\/index.php\/2016\/01\/12\/tlacotepec-a-la-defensa-del-agua-y-de-los-bosques-del-nevado-de-toluca\/\">Tlacotepec, a la defensa del agua y de los bosques del Nevado de Toluca<\/a><br  \/><em>Animal Pol\u00edtico<\/em><br  \/><br \/>\n<strong>25\/11\/15. <\/strong><a href=\"http:\/\/grieta.org.mx\/index.php\/2015\/11\/25\/desecha-corte-dictamen-contra-decreto-presidencial-en-nevado-de-toluca\/\">Desecha Corte dictamen contra decreto presidencial en Nevado de Toluca<\/a><br  \/><em>La Jornada<\/em><br  \/><br \/>\n<strong>16\/11\/15. <\/strong><a href=\"http:\/\/grieta.org.mx\/index.php\/2015\/11\/16\/alertan-privatizacion-inminente-de-el-nevado\/\">Alertan privatizaci\u00f3n inminente de &#8220;El Nevado&#8221;<\/a><br  \/><em>Alfa Diario<\/em><br  \/><br \/>\n<strong>26\/10\/15. <\/strong><a href=\"http:\/\/grieta.org.mx\/index.php\/2015\/10\/26\/por-que-el-nevado-de-toluca\/\">\u00bfPor qu\u00e9 el Nevado de Toluca?<\/a><br  \/><em>Noticias del Centro<\/em><br  \/><br \/>\n<strong>20\/10\/15. <\/strong><a href=\"http:\/\/grieta.org.mx\/index.php\/2015\/10\/20\/la-proxima-semana-la-suprema-corte-definira-el-futuro-del-nevado-de-toluca\/\">La pr\u00f3xima semana, la Suprema Corte definir\u00e1 el futuro del Nevado de Toluca<\/a><br  \/><em>Animal Pol\u00edtico<\/em><br  \/><br \/>\n<strong>17\/10\/15. <\/strong><a href=\"http:\/\/grieta.org.mx\/index.php\/2015\/10\/17\/oculta-probosque-datos-sobre-plaga-en-el-nevado\/\">Oculta PROBOSQUE datos sobre plaga en el Nevado<\/a><br  \/><em>Noticias del Centro<\/em><br  \/><br \/>\n<strong>02\/10\/13. <\/strong><a href=\"http:\/\/grieta.org.mx\/index.php\/2013\/10\/02\/epn-cancela-proteccion-al-nevado-de-toluca-otorgada-por-lazaro-cardenas\/\">EPN cancela protecci\u00f3n al Nevado de Toluca otorgada por L\u00e1zaro C\u00e1rdenas<\/a><br  \/><em>Animal Pol\u00edtico<\/em><br  \/><\/p>\n","protected":false},"excerpt":{"rendered":"<p>12\/01\/16. Tlacotepec, a la defensa del agua y de los bosques del Nevado de TolucaAnimal Pol\u00edtico 25\/11\/15. Desecha Corte dictamen contra decreto presidencial en Nevado de TolucaLa Jornada 16\/11\/15. Alertan &hellip; <a href=\"https:\/\/www.grieta.org.mx\/index.php\/2016\/01\/12\/peligran-los-recursos-naturales-del-nevado-de-toluca\/\" class=\"more-link\">Leer m\u00e1s<\/a><\/p>\n","protected":false},"author":2,"featured_media":21928,"comment_status":"closed","ping_status":"open","sticky":false,"template":"","format":"standard","meta":{"ngg_post_thumbnail":0,"_jetpack_newsletter_access":"","_jetpack_dont_email_post_to_subs":false,"_jetpack_newsletter_tier_id":0,"_jetpack_memberships_contains_paywalled_content":false,"_jetpack_memberships_contains_paid_content":false,"footnotes":""},"categories":[43,16],"tags":[],"class_list":["post-1115","post","type-post","status-publish","format-standard","has-post-thumbnail","hentry","category-areas-naturales-protegidas","category-estado-de-mexico","entry"],"jetpack_featured_media_url":"https:\/\/www.grieta.org.mx\/wp-content\/uploads\/2018\/03\/14524434_1106112876131411_958039263622046936_o.jpg","jetpack_sharing_enabled":true,"jetpack_shortlink":"https:\/\/wp.me\/p7ZJR4-hZ","jetpack_likes_enabled":false,"jetpack-related-posts":[{"id":31392,"url":"https:\/\/www.grieta.org.mx\/index.php\/2019\/03\/25\/legalizacion-de-la-tala-en-el-nevado-de-toluca-coincide-con-la-reduccion-de-la-mariposa-monarca\/","url_meta":{"origin":1115,"position":0},"title":"Legalizaci\u00f3n de la tala en el Nevado de Toluca coincide con la reducci\u00f3n de la mariposa monarca","author":"grieta","date":"25 marzo, 2019","format":false,"excerpt":"Paris Mart\u00ednez\/Animal Pol\u00edtico Luego de que entre 2013 y 2014 se autorizara la tala comercial en una zona del Nevado de Toluca, se registr\u00f3 el nivel m\u00e1s bajo de mariposas monarca que llegaron a hibernar al lugar. El pasado 31 de enero de 2019, el gobierno federal encabezado por el\u2026","rel":"","context":"En &quot;CINTILLO&quot;","block_context":{"text":"CINTILLO","link":"https:\/\/www.grieta.org.mx\/index.php\/category\/cintillo\/"},"img":{"alt_text":"","src":"https:\/\/i0.wp.com\/www.grieta.org.mx\/wp-content\/uploads\/2018\/03\/14524434_1106112876131411_958039263622046936_o.jpg?resize=350%2C200&ssl=1","width":350,"height":200,"srcset":"https:\/\/i0.wp.com\/www.grieta.org.mx\/wp-content\/uploads\/2018\/03\/14524434_1106112876131411_958039263622046936_o.jpg?resize=350%2C200&ssl=1 1x, https:\/\/i0.wp.com\/www.grieta.org.mx\/wp-content\/uploads\/2018\/03\/14524434_1106112876131411_958039263622046936_o.jpg?resize=525%2C300&ssl=1 1.5x, https:\/\/i0.wp.com\/www.grieta.org.mx\/wp-content\/uploads\/2018\/03\/14524434_1106112876131411_958039263622046936_o.jpg?resize=700%2C400&ssl=1 2x"},"classes":[]},{"id":1108,"url":"https:\/\/www.grieta.org.mx\/index.php\/2015\/10\/20\/la-proxima-semana-la-suprema-corte-definira-el-futuro-del-nevado-de-toluca\/","url_meta":{"origin":1115,"position":1},"title":"La pr\u00f3xima semana, la Suprema Corte definir\u00e1 el futuro del Nevado de Toluca","author":"grieta","date":"20 octubre, 2015","format":false,"excerpt":"La Suprema Corte de Justicia de la Naci\u00f3n anunci\u00f3 que el pr\u00f3ximo 28 de octubre iniciar\u00e1 el an\u00e1lisis del decreto presidencial mediante el cual, en 2013, se retir\u00f3 el estatus de Parque Nacional al Nevado de Toluca, legaliz\u00e1ndose as\u00ed la explotaci\u00f3n de los recursos naturales de esta reserva natural. La\u2026","rel":"","context":"En &quot;CINTILLO&quot;","block_context":{"text":"CINTILLO","link":"https:\/\/www.grieta.org.mx\/index.php\/category\/cintillo\/"},"img":{"alt_text":"","src":"https:\/\/i0.wp.com\/www.grieta.org.mx\/wp-content\/uploads\/2018\/03\/14524434_1106112876131411_958039263622046936_o.jpg?resize=350%2C200&ssl=1","width":350,"height":200,"srcset":"https:\/\/i0.wp.com\/www.grieta.org.mx\/wp-content\/uploads\/2018\/03\/14524434_1106112876131411_958039263622046936_o.jpg?resize=350%2C200&ssl=1 1x, https:\/\/i0.wp.com\/www.grieta.org.mx\/wp-content\/uploads\/2018\/03\/14524434_1106112876131411_958039263622046936_o.jpg?resize=525%2C300&ssl=1 1.5x, https:\/\/i0.wp.com\/www.grieta.org.mx\/wp-content\/uploads\/2018\/03\/14524434_1106112876131411_958039263622046936_o.jpg?resize=700%2C400&ssl=1 2x"},"classes":[]},{"id":1103,"url":"https:\/\/www.grieta.org.mx\/index.php\/2015\/10\/26\/por-que-el-nevado-de-toluca\/","url_meta":{"origin":1115,"position":2},"title":"\u00bfPor qu\u00e9 el Nevado de Toluca?","author":"grieta","date":"26 octubre, 2015","format":false,"excerpt":"Daniela Bautista Montes de Oca El ex gobernador del Estado de M\u00e9xico y actual Presidente de la Republica Enrique Pe\u00f1a Nieto, en 2013 le cambio al Nevado de Toluca el estatus de parque nacional a zona de protecci\u00f3n de flora y fauna es decir, la protecci\u00f3n oficial decretada por L\u00e1zaro\u2026","rel":"","context":"En &quot;CINTILLO&quot;","block_context":{"text":"CINTILLO","link":"https:\/\/www.grieta.org.mx\/index.php\/category\/cintillo\/"},"img":{"alt_text":"","src":"https:\/\/i0.wp.com\/www.grieta.org.mx\/wp-content\/uploads\/2018\/03\/14524434_1106112876131411_958039263622046936_o.jpg?resize=350%2C200&ssl=1","width":350,"height":200,"srcset":"https:\/\/i0.wp.com\/www.grieta.org.mx\/wp-content\/uploads\/2018\/03\/14524434_1106112876131411_958039263622046936_o.jpg?resize=350%2C200&ssl=1 1x, https:\/\/i0.wp.com\/www.grieta.org.mx\/wp-content\/uploads\/2018\/03\/14524434_1106112876131411_958039263622046936_o.jpg?resize=525%2C300&ssl=1 1.5x, https:\/\/i0.wp.com\/www.grieta.org.mx\/wp-content\/uploads\/2018\/03\/14524434_1106112876131411_958039263622046936_o.jpg?resize=700%2C400&ssl=1 2x"},"classes":[]},{"id":1110,"url":"https:\/\/www.grieta.org.mx\/index.php\/2013\/10\/02\/epn-cancela-proteccion-al-nevado-de-toluca-otorgada-por-lazaro-cardenas\/","url_meta":{"origin":1115,"position":3},"title":"EPN cancela protecci\u00f3n al Nevado de Toluca otorgada por L\u00e1zaro C\u00e1rdenas","author":"grieta","date":"2 octubre, 2013","format":false,"excerpt":"Paris Mart\u00ednez A trav\u00e9s de un decreto publicado ayer, 1 de octubre, en el Diario Oficial de la Federaci\u00f3n, el presidente Enrique Pe\u00f1a Nieto cancel\u00f3 el estatus de Parque Nacional otorgado por L\u00e1zaro C\u00e1rdenas al Nevado de Toluca, que desde 1936 prohib\u00eda cualquier tipo de explotaci\u00f3n de los recursos de\u2026","rel":"","context":"En &quot;CINTILLO&quot;","block_context":{"text":"CINTILLO","link":"https:\/\/www.grieta.org.mx\/index.php\/category\/cintillo\/"},"img":{"alt_text":"","src":"https:\/\/i0.wp.com\/www.grieta.org.mx\/wp-content\/uploads\/2018\/03\/14524434_1106112876131411_958039263622046936_o.jpg?resize=350%2C200&ssl=1","width":350,"height":200,"srcset":"https:\/\/i0.wp.com\/www.grieta.org.mx\/wp-content\/uploads\/2018\/03\/14524434_1106112876131411_958039263622046936_o.jpg?resize=350%2C200&ssl=1 1x, https:\/\/i0.wp.com\/www.grieta.org.mx\/wp-content\/uploads\/2018\/03\/14524434_1106112876131411_958039263622046936_o.jpg?resize=525%2C300&ssl=1 1.5x, https:\/\/i0.wp.com\/www.grieta.org.mx\/wp-content\/uploads\/2018\/03\/14524434_1106112876131411_958039263622046936_o.jpg?resize=700%2C400&ssl=1 2x"},"classes":[]},{"id":1101,"url":"https:\/\/www.grieta.org.mx\/index.php\/2015\/11\/25\/desecha-corte-dictamen-contra-decreto-presidencial-en-nevado-de-toluca\/","url_meta":{"origin":1115,"position":4},"title":"Desecha Corte dictamen contra decreto presidencial en Nevado de Toluca","author":"grieta","date":"25 noviembre, 2015","format":false,"excerpt":"Jes\u00fas Aranda M\u00e9xico, DF. La segunda sala de la Suprema Corte de Justicia de la Naci\u00f3n (SCJN) desech\u00f3 el dictamen que amparaba a una quejosa en contra del decreto presidencial que modific\u00f3 el estatus del Parque Nacional \u201cNevado de Toluca\u201d y lo convirti\u00f3 en \u00c1rea de Protecci\u00f3n de Flora y\u2026","rel":"","context":"En &quot;CINTILLO&quot;","block_context":{"text":"CINTILLO","link":"https:\/\/www.grieta.org.mx\/index.php\/category\/cintillo\/"},"img":{"alt_text":"","src":"https:\/\/i0.wp.com\/www.grieta.org.mx\/wp-content\/uploads\/2018\/03\/14524434_1106112876131411_958039263622046936_o.jpg?resize=350%2C200&ssl=1","width":350,"height":200,"srcset":"https:\/\/i0.wp.com\/www.grieta.org.mx\/wp-content\/uploads\/2018\/03\/14524434_1106112876131411_958039263622046936_o.jpg?resize=350%2C200&ssl=1 1x, https:\/\/i0.wp.com\/www.grieta.org.mx\/wp-content\/uploads\/2018\/03\/14524434_1106112876131411_958039263622046936_o.jpg?resize=525%2C300&ssl=1 1.5x, https:\/\/i0.wp.com\/www.grieta.org.mx\/wp-content\/uploads\/2018\/03\/14524434_1106112876131411_958039263622046936_o.jpg?resize=700%2C400&ssl=1 2x"},"classes":[]},{"id":1102,"url":"https:\/\/www.grieta.org.mx\/index.php\/2015\/11\/16\/alertan-privatizacion-inminente-de-el-nevado\/","url_meta":{"origin":1115,"position":5},"title":"Alertan privatizaci\u00f3n inminente de \u201cEl Nevado\u201d","author":"grieta","date":"16 noviembre, 2015","format":false,"excerpt":"Jhuisepf Abiudh Garc\u00eda Dos a\u00f1os despu\u00e9s de la recategorizaci\u00f3n de \u201cEl Nevado de Toluca\u201d, nadie conoce los resultados del dise\u00f1o del plan de manejo por parte de los gobiernos para salvar el \u00e1rea de protecci\u00f3n de flora y fauna, revelaron integrantes del Movimiento Ecologista del Estado de M\u00e9xico. \u201cEl gobierno\u2026","rel":"","context":"En &quot;CINTILLO&quot;","block_context":{"text":"CINTILLO","link":"https:\/\/www.grieta.org.mx\/index.php\/category\/cintillo\/"},"img":{"alt_text":"","src":"https:\/\/i0.wp.com\/www.grieta.org.mx\/wp-content\/uploads\/2018\/03\/14524434_1106112876131411_958039263622046936_o.jpg?resize=350%2C200&ssl=1","width":350,"height":200,"srcset":"https:\/\/i0.wp.com\/www.grieta.org.mx\/wp-content\/uploads\/2018\/03\/14524434_1106112876131411_958039263622046936_o.jpg?resize=350%2C200&ssl=1 1x, https:\/\/i0.wp.com\/www.grieta.org.mx\/wp-content\/uploads\/2018\/03\/14524434_1106112876131411_958039263622046936_o.jpg?resize=525%2C300&ssl=1 1.5x, https:\/\/i0.wp.com\/www.grieta.org.mx\/wp-content\/uploads\/2018\/03\/14524434_1106112876131411_958039263622046936_o.jpg?resize=700%2C400&ssl=1 2x"},"classes":[]}],"_links":{"self":[{"href":"https:\/\/www.grieta.org.mx\/index.php\/wp-json\/wp\/v2\/posts\/1115","targetHints":{"allow":["GET"]}}],"collection":[{"href":"https:\/\/www.grieta.org.mx\/index.php\/wp-json\/wp\/v2\/posts"}],"about":[{"href":"https:\/\/www.grieta.org.mx\/index.php\/wp-json\/wp\/v2\/types\/post"}],"author":[{"embeddable":true,"href":"https:\/\/www.grieta.org.mx\/index.php\/wp-json\/wp\/v2\/users\/2"}],"replies":[{"embeddable":true,"href":"https:\/\/www.grieta.org.mx\/index.php\/wp-json\/wp\/v2\/comments?post=1115"}],"version-history":[{"count":1,"href":"https:\/\/www.grieta.org.mx\/index.php\/wp-json\/wp\/v2\/posts\/1115\/revisions"}],"predecessor-version":[{"id":1117,"href":"https:\/\/www.grieta.org.mx\/index.php\/wp-json\/wp\/v2\/posts\/1115\/revisions\/1117"}],"wp:featuredmedia":[{"embeddable":true,"href":"https:\/\/www.grieta.org.mx\/index.php\/wp-json\/wp\/v2\/media\/21928"}],"wp:attachment":[{"href":"https:\/\/www.grieta.org.mx\/index.php\/wp-json\/wp\/v2\/media?parent=1115"}],"wp:term":[{"taxonomy":"category","embeddable":true,"href":"https:\/\/www.grieta.org.mx\/index.php\/wp-json\/wp\/v2\/categories?post=1115"},{"taxonomy":"post_tag","embeddable":true,"href":"https:\/\/www.grieta.org.mx\/index.php\/wp-json\/wp\/v2\/tags?post=1115"}],"curies":[{"name":"wp","href":"https:\/\/api.w.org\/{rel}","templated":true}]}}