{"id":11062,"date":"2016-01-22T02:47:28","date_gmt":"2016-01-22T02:47:28","guid":{"rendered":"http:\/\/www.grieta.org.mx\/?p=11062"},"modified":"2016-04-26T02:56:59","modified_gmt":"2016-04-26T02:56:59","slug":"cuartel-militar-en-chilapa-y-mas-efectivos-para-el-estado-segob","status":"publish","type":"post","link":"https:\/\/www.grieta.org.mx\/index.php\/2016\/01\/22\/cuartel-militar-en-chilapa-y-mas-efectivos-para-el-estado-segob\/","title":{"rendered":"Cuartel militar en Chilapa y m\u00e1s efectivos para el estado: SEGOB"},"content":{"rendered":"<p>El Sur<\/p>\n<p>Carlos Navarro Romero<\/p>\n<p>El secretario de Gobernaci\u00f3n encabez\u00f3 ayer en esa ciudad la reuni\u00f3n del gabinete federal de seguridad. Dice que el secretario de Seguridad de Acapulco, Francisco Sandoval, present\u00f3 un t\u00edtulo ap\u00f3crifo para acceder al cargo y se niega a certificarse. En Teloloapan, Zitlala y Chilapa habr\u00e1 un reforzamiento de la vigilancia. Ser\u00e1n contratados m\u00e1s polic\u00edas estatales y ser\u00e1n capacitados por el Ej\u00e9rcito.<\/p>\n<p>El gabinete de seguridad nacional, que sesion\u00f3 ayer en Chilapa y por tercera ocasi\u00f3n en Guerrero encabezado por el secretario de Gobernaci\u00f3n, Miguel \u00c1ngel Osorio Chong, inform\u00f3 que se enviar\u00e1n m\u00e1s militares a los municipios de Teloloapan, Zitlala y Chilapa para reforzar la seguridad.<br \/>\nAdem\u00e1s, anunci\u00f3 que en Chilapa se construir\u00e1 un cuartel del Ej\u00e9rcito para que exista presencia permanente de las fuerzas castrenses.<\/p>\n<p>Osorio Chong manifest\u00f3 tambi\u00e9n que impulsar la Polic\u00eda Estatal \u00danica servir\u00e1 para que no existan mandos policiacos como el secretario de Seguridad P\u00fablica de Acapulco, Francisco Sandoval V\u00e1zquez, de quien dijo present\u00f3 un t\u00edtulo ap\u00f3crifo y se ha negado a certificarse.<\/p>\n<p>Se inform\u00f3 tambi\u00e9n que se emitir\u00e1 una convocatoria para contratar m\u00e1s polic\u00edas en el estado y que ser\u00e1n capacitados por el Ej\u00e9rcito.<\/p>\n<p>Este jueves el gabinete de seguridad nacional sesion\u00f3 en el restaurante Casa Pilla, que se encuentra en el centro de Chilapa.<\/p>\n<p>La reuni\u00f3n fue encabezada por Osorio Chong y el gobernador H\u00e9ctor Astudillo Flores.<\/p>\n<p>Asistieron tambi\u00e9n el secretario de la Defensa, Salvador Cienfuegos; el de la Marina, Vidal Francisco Sober\u00f3n; la procuradora Arely G\u00f3mez, y el comisionado Nacional de Seguridad, Renato Sales Heredia.<\/p>\n<p>Del encuentro fue sacado el alcalde de ese municipio, el priista Jes\u00fas Parra Garc\u00eda, quien hab\u00eda entrado al restaurante pero minutos despu\u00e9s abandon\u00f3 el lugar a petici\u00f3n de las autoridades federales.<\/p>\n<p>En la \u00faltima reuni\u00f3n del gabinete de seguridad en Guerrero, el 9 de diciembre pasado en un sal\u00f3n del Grand Hotel de Acapulco, Osorio Chong adelant\u00f3 que el grupo estar\u00eda cada mes en el estado para evaluar y corregir las estrategias.<br \/>\nY en su reciente visita al puerto el 12 de enero, el presidente Enrique Pe\u00f1a Nieto se comprometi\u00f3 a revertir la inseguridad en el estado y ratific\u00f3 que el gabinete se reunir\u00eda \u201ccon las autoridades locales al menos una vez cada mes\u201d para hacer un balance en las distintas regiones.<\/p>\n<p>La sesi\u00f3n de ayer comenz\u00f3 aproximadamente a la 1:30 de la tarde y concluy\u00f3 hora y media despu\u00e9s.<br \/>\nNo hubo acceso a reporteros y s\u00f3lo se permiti\u00f3 la entrada por unos minutos a los fot\u00f3grafos de prensa.<\/p>\n<p>Estrategia como en Michoac\u00e1n y Tamaulipas<\/p>\n<p>Al concluir, todo el gabinete de seguridad nacional, encabezado por Osorio Chong y el gobernador, dieron una conferencia de prensa de poco m\u00e1s de 18 minutos en los que informaron de los acuerdos que asumieron en el encuentro.<br \/>\nA modo de introducci\u00f3n, Astudillo Flores record\u00f3 que era la tercera ocasi\u00f3n que el gabinete de seguridad nacional sesionaba en Guerrero y la cuarta en la que las autoridades federales se reun\u00edan para analizar la situaci\u00f3n de Guerrero.<\/p>\n<p>Despu\u00e9s, el secretario de Gobernaci\u00f3n inform\u00f3 que la estrategia de seguridad en el estado es similar a lo que se hizo en Michoac\u00e1n y Tamaulipas, estados afectados por el crimen organizado y donde tambi\u00e9n se realizaban reuniones regionales.<\/p>\n<p>Aunque aclar\u00f3 que las medidas de seguridad son para las siete regiones de la entidad, dijo que ayer se trat\u00f3 de manera particular el caso de Zitlala, Chilapa y Teloloapan, municipios a los que, anunci\u00f3, ser\u00e1n enviados m\u00e1s militares.<\/p>\n<p>Coment\u00f3 que no se ha pedido la salida de las fuerzas federales de estos municipios y por el contrario, la petici\u00f3n de comisarios, alcaldes y ciudadanos ha sido el reforzamiento de la seguridad, y mostr\u00f3 oficios en los que presuntamente hab\u00eda firmas en las que diferentes sectores solicitaban m\u00e1s apoyo a la federaci\u00f3n.<br \/>\nEn el caso de Chilapa indic\u00f3 que se construir\u00e1 un cuartel militar para que haya presencia permanente del Ej\u00e9rcito en este lugar y los municipios que lo rodean, como Zitlala.<\/p>\n<p>Especific\u00f3 que la construcci\u00f3n de este cuartel se realizar\u00e1 con dinero del gobierno federal y del estado.<br \/>\nAdelant\u00f3 que el gobierno del estado emitir\u00e1 una convocatoria para contratar m\u00e1s polic\u00edas que ser\u00e1n capacitados por el Ej\u00e9rcito, \u201cpara que sean polic\u00edas con capacidades para resguardar a la poblaci\u00f3n, esto se har\u00e1 pr\u00e1cticamente ya, es un muy buen anuncio, habr\u00e1 la preparaci\u00f3n que requiere el reto de Guerrero\u201d.<br \/>\nMenos secuestros en 2015<\/p>\n<p>En su intervenci\u00f3n, el secretario de Gobernaci\u00f3n reiter\u00f3 que desde hace tres a\u00f1os, pero principalmente en el 2015, los delitos en Guerrero disminuyeron, sobre todo el secuestro que, asegur\u00f3, se redujo en un 30 por ciento en comparaci\u00f3n con el 2014.<\/p>\n<p>\u201cSe est\u00e1 fortaleciendo la agencia antisecuestros y hay el compromiso de atenderlo, en segundo lugar el saldo, que aunque ya se dijo hay que repetirlo, en el periodo vacacional (de diciembre), no s\u00f3lo en Acapulco fue positivo respecto a que no sucedieron situaciones que lastimaran o ahuyentaran a turistas nacionales o internacionales\u201d, expres\u00f3.<\/p>\n<p>Indic\u00f3 que los buenos resultados en las vacaciones decembrinas no son producto s\u00f3lo del operativo que se implement\u00f3 para atender ese periodo, sino a que hay presencia permanente de las fuerzas federales.<br \/>\n\u201cSe apoya no s\u00f3lo la Costera, sino las zonas altas donde se han disminuido los homicidios, se sigue apoyando para dar las facilidades y protecci\u00f3n a estudiantes para ir a clases y no solamente se hace en Aca-pulco, tambi\u00e9n en muchos municipios del estado donde hubo amenazas o donde se solicit\u00f3 la presencia por parte de maestros\u201d, explic\u00f3.<br \/>\nDe los homicidios coment\u00f3 que tambi\u00e9n se han reducido, y record\u00f3 que en el 2012 fueron asesinadas 2 mil personas, un a\u00f1o despu\u00e9s hubo 800 v\u00edctimas menos, mientras que en el 2014 la cifra se redujo a mil 200 homicidios relacionados con la delincuencia organizada.<\/p>\n<p>En la conferencia de prensa s\u00f3lo se permitieron cuatro preguntas de al secretario de Gobernaci\u00f3n.<br \/>\nLa primera fue respecto a las acciones emprendidas por el gobierno federal para atender a las familias de las personas que desaparecieron en Chilapa en mayo del a\u00f1o pasado, tras la irrupci\u00f3n de hombres armados en la cabecera.<br \/>\nAl respecto el funcionario federal coment\u00f3 que el gobierno del estado est\u00e1 brindando la atenci\u00f3n a los familiares de las v\u00edctimas y dijo que concluyendo la conferencia el gabinete de seguridad nacional se reunir\u00eda con ellos para \u201cenfrentar las dificultades y ver c\u00f3mo encontramos una soluci\u00f3n, vamos a mostrar todo el respaldo y todo el apoyo para saber qu\u00e9 sucedi\u00f3\u201d.<\/p>\n<p>Otro reportero le pregunt\u00f3 sobre la Polic\u00eda \u00danica Estatal y la desconfianza que hab\u00edan manifestado algunos alcaldes, como el de Acapulco, Evodio Vel\u00e1zquez Aguirre, al Mando \u00danico y que ha motivado cr\u00edticas de otros partidos como Movimiento Ciudadano.<\/p>\n<p>Al respecto indic\u00f3 que los gobernadores que impulsar\u00e1n la creaci\u00f3n de esa nueva corporaci\u00f3n cuentan con todo el respaldo del gobierno federal; adem\u00e1s dijo que con la creaci\u00f3n de la polic\u00eda \u00fanica estatal se pasar\u00e1 de mil 800 cuerpos de seguridad a uno solo por estado.<\/p>\n<p>\u201cEs pasar de mil 800 corporaciones dispersas, no siempre capacitadas, no siempre respet\u00e1ndose los controles de confianza, algunos casos detectados que no pasaron y siguen en su funci\u00f3n, hay muchos factores por lo que creemos necesaria la polic\u00eda \u00fanica\u201d, dijo.<\/p>\n<p>Asegur\u00f3 que la mayor\u00eda de los alcaldes en Guerrero apoyan la Polic\u00eda Estatal \u00danica.<\/p>\n<p>Defiende la polic\u00eda estatal \u00fanica<\/p>\n<p>Osorio manifest\u00f3 tambi\u00e9n que impulsar la Polic\u00eda Estatal \u00danica servir\u00e1 para que no existan mandos como el secretario de Seguridad P\u00fablica de Acapulco, Francisco Sandoval V\u00e1zquez, de quien dijo que present\u00f3 un t\u00edtulo ap\u00f3crifo y se ha negado a certificarse.<\/p>\n<p>Adem\u00e1s inform\u00f3 que se emitir\u00e1 una convocatoria para contratar m\u00e1s polic\u00edas en el estado y que ser\u00e1n capacitados por el Ej\u00e9rcito, a fin de que cuenten con el perfil y la preparaci\u00f3n adecuada.<br \/>\nComent\u00f3 que el secretario de Seguridad P\u00fablica de Acapulco, Francisco Sandoval V\u00e1zquez, se ha negado a certificarse, e incluso que para ocupar el cargo que actualmente ejerce present\u00f3 una certificaci\u00f3n que se le realiz\u00f3 cuando era \u201cel segundo al mando\u201d.<\/p>\n<p>\u201cSi me refiere a Acapulco, es el mejor ejemplo para decirles lo que puede suceder, hay un secretario de seguridad municipal que no se ha presentado a hacer ning\u00fan control de confianza, se presenta a pedir ser el mando a partir de un examen que se le hizo en otro encargo\u201d, precis\u00f3.<\/p>\n<p>Dijo que todos los que est\u00e1n al frente de las direcciones y secretar\u00edas de seguridad deben certificarse, e incluso se les da la oportunidad de ir a Puebla a una escuela de mandos para hacerlo, pero coment\u00f3 que Sandoval V\u00e1zquez se ha negado.<\/p>\n<p>\u201cEl propio secretario de seguridad de este municipio fue y present\u00f3 un t\u00edtulo ap\u00f3crifo, y entonces la polic\u00eda estatal, la Secretar\u00eda de Seguridad P\u00fablica estatal le manifest\u00f3 que quedaba sin efecto el control de confianza que present\u00f3 y que se le practic\u00f3 cuando estaba de segundo al mando en Acapulco, eso es lo que queremos evitar, queremos mejores controles y queremos que tengan mayor proximidad con la poblaci\u00f3n\u201d, dijo.<\/p>\n<p>De la situaci\u00f3n en Tierra Ca-liente, principalmente en Arcelia y Ajuchitl\u00e1n, municipios en los que se registraron por lo menos 30 secuestros en los \u00faltimos d\u00edas, el funcionario dijo que aunque en su intervenci\u00f3n se enfoc\u00f3 solamente en Zitlala, Teloloapan y Chilapa, la estrategia incluye tambi\u00e9n esa regi\u00f3n.<\/p>\n<p>La \u00faltima pregunta fue sobre la autodefensa que surgi\u00f3 en el municipio de Teloloapan para combatir la ola de violencia y de la nota que se public\u00f3 en el peri\u00f3dico Milenio ayer, en la que se informaba que empresarios de Chilpancingo se armaron desde diciembre de 2015.<\/p>\n<p>Osorio Chong dijo que existe un marco legal para estos grupos que ya es analizado por las autoridades. Expres\u00f3 que la ley \u201csi bien permite este tipo de organizaciones tambi\u00e9n limita su campo de actuaci\u00f3n\u201d.<\/p>\n<p>Adem\u00e1s asegur\u00f3 que las autoridades har\u00e1n su trabajo para que la poblaci\u00f3n no tenga que recurrir a este tipo de medidas.<\/p>\n<p>De la situaci\u00f3n que enfrentan los empresarios capitalinos, dijo que la ley permite a los ciudadanos protegerse, pero advirti\u00f3 que no se permitir\u00e1 la portaci\u00f3n de armas de fuego en la v\u00eda p\u00fablica.<br \/>\nAstudillo explica su reuni\u00f3n con diplom\u00e1ticos de EU.<\/p>\n<p>Por su parte, el gobernador Astudillo inform\u00f3 de su reuni\u00f3n del mi\u00e9rcoles con diplom\u00e1ticos de Estados Uni-dos, luego de la alerta que emiti\u00f3 ese pa\u00eds para que sus ciudadanos eviten viajar por carretera a Guerrero.<br \/>\n\u201cFue una reuni\u00f3n interesante, tuvimos una amplia conversaci\u00f3n, en t\u00e9rminos de conversaci\u00f3n y no de explicaci\u00f3n, de todo lo que se ha hecho y sucedido\u201d, dijo.<\/p>\n<p>Indic\u00f3 que la reuni\u00f3n que sostuvo con representantes del gobierno de Estados Unidos sirvi\u00f3 para explicarles lo que se est\u00e1 haciendo en materia de seguridad p\u00fablica, pero neg\u00f3 que con eso rindiera cuentas a los diplom\u00e1ticos de Washington.<\/p>\n<p>Este mi\u00e9rcoles, Astudillo se reuni\u00f3 con el c\u00f3nsul general de Estados Unidos, Hugo Rodr\u00edguez, y el consejero pol\u00edtico de la embajada en M\u00e9xico, Colin Crosbt.<\/p>\n<p>Astudillo abund\u00f3 que en la reuni\u00f3n dijo qu\u00e9 se ha hecho frente a lo que ha sucedido y en todos los territorios, \u201cen los que normalmente llega turismo norteamericano; cu\u00e1les son las actividades de seguridad. Quiero manifestarles que el c\u00f3nsul general, as\u00ed como el consejero pol\u00edtico, expresaron el reconocimiento a una serie de acciones\u201d.<br \/>\nY agreg\u00f3: \u201ctuve la oportunidad de hablar con ellos antes de ser gobernador; es la cuarta reuni\u00f3n con ellos. Tienen una visi\u00f3n muy clara de que lo est\u00e1 pasando en Guerrero y todo lo que se est\u00e1 haciendo para enfrentar la situaci\u00f3n de violencia\u201d.<\/p>\n<p>http:\/\/suracapulco.mx\/1\/un-cuartel-militar-en-chilapa-y-mas-efectivos-federales-anuncia-osorio-chong-para-el-estado\/<\/p>\n","protected":false},"excerpt":{"rendered":"<p>El Sur Carlos Navarro Romero El secretario de Gobernaci\u00f3n encabez\u00f3 ayer en esa ciudad la reuni\u00f3n del gabinete federal de seguridad. Dice que el secretario de Seguridad de Acapulco, Francisco &hellip; <a href=\"https:\/\/www.grieta.org.mx\/index.php\/2016\/01\/22\/cuartel-militar-en-chilapa-y-mas-efectivos-para-el-estado-segob\/\" class=\"more-link\">Leer m\u00e1s<\/a><\/p>\n","protected":false},"author":2,"featured_media":21928,"comment_status":"closed","ping_status":"closed","sticky":false,"template":"","format":"standard","meta":{"ngg_post_thumbnail":0,"_jetpack_newsletter_access":"","_jetpack_dont_email_post_to_subs":false,"_jetpack_newsletter_tier_id":0,"_jetpack_memberships_contains_paywalled_content":false,"_jetpack_memberships_contains_paid_content":false,"footnotes":""},"categories":[80],"tags":[568,614],"class_list":["post-11062","post","type-post","status-publish","format-standard","has-post-thumbnail","hentry","category-cintillo","tag-chilapa","tag-militarizacion","entry"],"jetpack_featured_media_url":"https:\/\/www.grieta.org.mx\/wp-content\/uploads\/2018\/03\/14524434_1106112876131411_958039263622046936_o.jpg","jetpack_sharing_enabled":true,"jetpack_shortlink":"https:\/\/wp.me\/p7ZJR4-2Sq","jetpack_likes_enabled":false,"jetpack-related-posts":[{"id":12586,"url":"https:\/\/www.grieta.org.mx\/index.php\/2016\/05\/08\/lanzan-despliegue-aereo-y-militar-en-chilapa-y-zitlala\/","url_meta":{"origin":11062,"position":0},"title":"Lanzan despliegue a\u00e9reo y militar en Chilapa y Zitlala","author":"grieta","date":"8 mayo, 2016","format":false,"excerpt":"El Sur Anarsis Pacheco P\u00f3lito y Luis Daniel Nava Lanzan un despliegue a\u00e9reo y terrestre para evitar el regreso del grupo Paz y Justicia. Al menos 12 helic\u00f3pteros y una avioneta de la Marina sobrevolaron ayer por cuatro horas la cabecera de Chilapa y sus alrededores y el gobernador H\u00e9ctor\u2026","rel":"","context":"En &quot;CINTILLO&quot;","block_context":{"text":"CINTILLO","link":"https:\/\/www.grieta.org.mx\/index.php\/category\/cintillo\/"},"img":{"alt_text":"","src":"https:\/\/i0.wp.com\/www.grieta.org.mx\/wp-content\/uploads\/2018\/03\/14524434_1106112876131411_958039263622046936_o.jpg?resize=350%2C200&ssl=1","width":350,"height":200,"srcset":"https:\/\/i0.wp.com\/www.grieta.org.mx\/wp-content\/uploads\/2018\/03\/14524434_1106112876131411_958039263622046936_o.jpg?resize=350%2C200&ssl=1 1x, https:\/\/i0.wp.com\/www.grieta.org.mx\/wp-content\/uploads\/2018\/03\/14524434_1106112876131411_958039263622046936_o.jpg?resize=525%2C300&ssl=1 1.5x, https:\/\/i0.wp.com\/www.grieta.org.mx\/wp-content\/uploads\/2018\/03\/14524434_1106112876131411_958039263622046936_o.jpg?resize=700%2C400&ssl=1 2x"},"classes":[]},{"id":12564,"url":"https:\/\/www.grieta.org.mx\/index.php\/2016\/06\/08\/los-desaparecidos-de-chilapa\/","url_meta":{"origin":11062,"position":1},"title":"Desaparecidos Guerrero","author":"grieta","date":"8 junio, 2016","format":false,"excerpt":"Desaparecidos de Chilapa 08\/06\/16. Siempre Vivos anuncia reinicio de b\u00fasqueda de fosas en Chilapa Bajo Palabra 26\/05\/16. Nadie detiene a Ardillos y Rojos, que tienen postrada Chilapa Proceso 20\/05\/16. Colectivo Siempre Vivos de Chilapa extender\u00e1 b\u00fasqueda de fosas El Faro 15\/05\/16. Chilapa huele a miedo y corrupci\u00f3n, Los Otros Desaparecidos\u2026","rel":"","context":"En &quot;Desaparecidos&quot;","block_context":{"text":"Desaparecidos","link":"https:\/\/www.grieta.org.mx\/index.php\/category\/temas-nacionales\/desaparecidos\/"},"img":{"alt_text":"","src":"https:\/\/i0.wp.com\/www.grieta.org.mx\/wp-content\/uploads\/2018\/03\/14524434_1106112876131411_958039263622046936_o.jpg?resize=350%2C200&ssl=1","width":350,"height":200,"srcset":"https:\/\/i0.wp.com\/www.grieta.org.mx\/wp-content\/uploads\/2018\/03\/14524434_1106112876131411_958039263622046936_o.jpg?resize=350%2C200&ssl=1 1x, https:\/\/i0.wp.com\/www.grieta.org.mx\/wp-content\/uploads\/2018\/03\/14524434_1106112876131411_958039263622046936_o.jpg?resize=525%2C300&ssl=1 1.5x, https:\/\/i0.wp.com\/www.grieta.org.mx\/wp-content\/uploads\/2018\/03\/14524434_1106112876131411_958039263622046936_o.jpg?resize=700%2C400&ssl=1 2x"},"classes":[]},{"id":12691,"url":"https:\/\/www.grieta.org.mx\/index.php\/2016\/05\/11\/familiares-de-victimas-alistan-busqueda-de-desaparecidos-de-chilapa-y-zitlala\/","url_meta":{"origin":11062,"position":2},"title":"Familiares de v\u00edctimas alistan b\u00fasqueda de desaparecidos de Chilapa y Zitlala","author":"grieta","date":"11 mayo, 2016","format":false,"excerpt":"\u00a0 \u00a0 \u00a0 \u00a0 \u00a0 \u00a0 \u00a0 \u00a0 \u00a0 \u00a0 Funcionarios de la CNDH imparten taller a familiares de desaparecidos. Foto: Germ\u00e1n Canseco Proceso Ezequiel Flores Contreras Chilapa (apro). Funcionarios de la Comisi\u00f3n Nacional de Derechos Humanos (CNDH) imparten un taller a familiares de desaparecidos, previo a una b\u00fasqueda ciudadana\u2026","rel":"","context":"En &quot;CINTILLO&quot;","block_context":{"text":"CINTILLO","link":"https:\/\/www.grieta.org.mx\/index.php\/category\/cintillo\/"},"img":{"alt_text":"","src":"https:\/\/i0.wp.com\/www.grieta.org.mx\/wp-content\/uploads\/2018\/03\/14524434_1106112876131411_958039263622046936_o.jpg?resize=350%2C200&ssl=1","width":350,"height":200,"srcset":"https:\/\/i0.wp.com\/www.grieta.org.mx\/wp-content\/uploads\/2018\/03\/14524434_1106112876131411_958039263622046936_o.jpg?resize=350%2C200&ssl=1 1x, https:\/\/i0.wp.com\/www.grieta.org.mx\/wp-content\/uploads\/2018\/03\/14524434_1106112876131411_958039263622046936_o.jpg?resize=525%2C300&ssl=1 1.5x, https:\/\/i0.wp.com\/www.grieta.org.mx\/wp-content\/uploads\/2018\/03\/14524434_1106112876131411_958039263622046936_o.jpg?resize=700%2C400&ssl=1 2x"},"classes":[]},{"id":12580,"url":"https:\/\/www.grieta.org.mx\/index.php\/2016\/05\/09\/tras-civiles-que-irrumpieron-en-zitlala-estan-los-ardillos-obispo-rangel\/","url_meta":{"origin":11062,"position":3},"title":"Tras civiles que irrumpieron en Zitlala est\u00e1n Los Ardillos, obispo Rangel","author":"grieta","date":"9 mayo, 2016","format":false,"excerpt":"El Sur Alfonso Mar\u00edn, Su intenci\u00f3n es \u201cir apoder\u00e1ndose de estos territorios para ir ganando terreno a otros narcotraficantes\u201d, se\u00f1ala el responsable de la di\u00f3cesis de Chilpancingo. Se\u00f1ala no obstante que gracias al dominio de ese grupo en Chilapa en lugar de Los Rojos, \u201clas cosas est\u00e1n m\u00e1s tranquilas\u201d. El\u2026","rel":"","context":"En &quot;CINTILLO&quot;","block_context":{"text":"CINTILLO","link":"https:\/\/www.grieta.org.mx\/index.php\/category\/cintillo\/"},"img":{"alt_text":"","src":"https:\/\/i0.wp.com\/www.grieta.org.mx\/wp-content\/uploads\/2018\/03\/14524434_1106112876131411_958039263622046936_o.jpg?resize=350%2C200&ssl=1","width":350,"height":200,"srcset":"https:\/\/i0.wp.com\/www.grieta.org.mx\/wp-content\/uploads\/2018\/03\/14524434_1106112876131411_958039263622046936_o.jpg?resize=350%2C200&ssl=1 1x, https:\/\/i0.wp.com\/www.grieta.org.mx\/wp-content\/uploads\/2018\/03\/14524434_1106112876131411_958039263622046936_o.jpg?resize=525%2C300&ssl=1 1.5x, https:\/\/i0.wp.com\/www.grieta.org.mx\/wp-content\/uploads\/2018\/03\/14524434_1106112876131411_958039263622046936_o.jpg?resize=700%2C400&ssl=1 2x"},"classes":[]},{"id":12688,"url":"https:\/\/www.grieta.org.mx\/index.php\/2016\/05\/10\/ejercito-y-pf-no-los-ardillos-bajaron-el-crimen-en-chilapa-responde-astudillo-al-obispo-rangel\/","url_meta":{"origin":11062,"position":4},"title":"Ej\u00e9rcito y PF, no Los Ardillos, bajaron el crimen en Chilapa, responde Astudillo al obispo Rangel","author":"grieta","date":"10 mayo, 2016","format":false,"excerpt":"El Sur Abel Salgado El gobernador H\u00e9ctor Astudillo Flores defendi\u00f3 la presencia del Ej\u00e9rcito y la Polic\u00eda Federal (PF) en Chilapa y dijo que con ellos han disminuido los \u201ccr\u00edmenes dolosos\u201d, adem\u00e1s de que inhibieron que se repitieran hechos de violencia. Con relaci\u00f3n a la declaraci\u00f3n del obispo de la\u2026","rel":"","context":"En &quot;CINTILLO&quot;","block_context":{"text":"CINTILLO","link":"https:\/\/www.grieta.org.mx\/index.php\/category\/cintillo\/"},"img":{"alt_text":"","src":"https:\/\/i0.wp.com\/www.grieta.org.mx\/wp-content\/uploads\/2018\/03\/14524434_1106112876131411_958039263622046936_o.jpg?resize=350%2C200&ssl=1","width":350,"height":200,"srcset":"https:\/\/i0.wp.com\/www.grieta.org.mx\/wp-content\/uploads\/2018\/03\/14524434_1106112876131411_958039263622046936_o.jpg?resize=350%2C200&ssl=1 1x, https:\/\/i0.wp.com\/www.grieta.org.mx\/wp-content\/uploads\/2018\/03\/14524434_1106112876131411_958039263622046936_o.jpg?resize=525%2C300&ssl=1 1.5x, https:\/\/i0.wp.com\/www.grieta.org.mx\/wp-content\/uploads\/2018\/03\/14524434_1106112876131411_958039263622046936_o.jpg?resize=700%2C400&ssl=1 2x"},"classes":[]},{"id":12588,"url":"https:\/\/www.grieta.org.mx\/index.php\/2016\/05\/09\/a-un-ano-falta-atencion-a-desaparecidos-y-a-sus-familiares-senalan-ong\/","url_meta":{"origin":11062,"position":5},"title":"A un a\u00f1o, falta atenci\u00f3n a desaparecidos y a sus familiares, se\u00f1alan ONG","author":"grieta","date":"9 mayo, 2016","format":false,"excerpt":"El Sur Lourdes Ch\u00e1vez Chilpancingo. ONG de derechos humanos del estado y del pa\u00eds condenaron la falta de voluntad de los gobiernos para dar con el paradero de 16 desaparecidos en Chilapa hace un a\u00f1o, en manos del grupo de civiles armados autodenominado Comunitarios por La Paz y la Justicia,\u2026","rel":"","context":"En &quot;CINTILLO&quot;","block_context":{"text":"CINTILLO","link":"https:\/\/www.grieta.org.mx\/index.php\/category\/cintillo\/"},"img":{"alt_text":"","src":"https:\/\/i0.wp.com\/www.grieta.org.mx\/wp-content\/uploads\/2018\/03\/14524434_1106112876131411_958039263622046936_o.jpg?resize=350%2C200&ssl=1","width":350,"height":200,"srcset":"https:\/\/i0.wp.com\/www.grieta.org.mx\/wp-content\/uploads\/2018\/03\/14524434_1106112876131411_958039263622046936_o.jpg?resize=350%2C200&ssl=1 1x, https:\/\/i0.wp.com\/www.grieta.org.mx\/wp-content\/uploads\/2018\/03\/14524434_1106112876131411_958039263622046936_o.jpg?resize=525%2C300&ssl=1 1.5x, https:\/\/i0.wp.com\/www.grieta.org.mx\/wp-content\/uploads\/2018\/03\/14524434_1106112876131411_958039263622046936_o.jpg?resize=700%2C400&ssl=1 2x"},"classes":[]}],"_links":{"self":[{"href":"https:\/\/www.grieta.org.mx\/index.php\/wp-json\/wp\/v2\/posts\/11062","targetHints":{"allow":["GET"]}}],"collection":[{"href":"https:\/\/www.grieta.org.mx\/index.php\/wp-json\/wp\/v2\/posts"}],"about":[{"href":"https:\/\/www.grieta.org.mx\/index.php\/wp-json\/wp\/v2\/types\/post"}],"author":[{"embeddable":true,"href":"https:\/\/www.grieta.org.mx\/index.php\/wp-json\/wp\/v2\/users\/2"}],"replies":[{"embeddable":true,"href":"https:\/\/www.grieta.org.mx\/index.php\/wp-json\/wp\/v2\/comments?post=11062"}],"version-history":[{"count":1,"href":"https:\/\/www.grieta.org.mx\/index.php\/wp-json\/wp\/v2\/posts\/11062\/revisions"}],"predecessor-version":[{"id":11069,"href":"https:\/\/www.grieta.org.mx\/index.php\/wp-json\/wp\/v2\/posts\/11062\/revisions\/11069"}],"wp:featuredmedia":[{"embeddable":true,"href":"https:\/\/www.grieta.org.mx\/index.php\/wp-json\/wp\/v2\/media\/21928"}],"wp:attachment":[{"href":"https:\/\/www.grieta.org.mx\/index.php\/wp-json\/wp\/v2\/media?parent=11062"}],"wp:term":[{"taxonomy":"category","embeddable":true,"href":"https:\/\/www.grieta.org.mx\/index.php\/wp-json\/wp\/v2\/categories?post=11062"},{"taxonomy":"post_tag","embeddable":true,"href":"https:\/\/www.grieta.org.mx\/index.php\/wp-json\/wp\/v2\/tags?post=11062"}],"curies":[{"name":"wp","href":"https:\/\/api.w.org\/{rel}","templated":true}]}}