{"id":1104,"date":"2016-01-12T14:39:02","date_gmt":"2016-01-12T14:39:02","guid":{"rendered":"http:\/\/50.22.11.12\/~grietaor\/?p=1104"},"modified":"2016-03-03T14:40:58","modified_gmt":"2016-03-03T14:40:58","slug":"tlacotepec-a-la-defensa-del-agua-y-de-los-bosques-del-nevado-de-toluca","status":"publish","type":"post","link":"https:\/\/www.grieta.org.mx\/index.php\/2016\/01\/12\/tlacotepec-a-la-defensa-del-agua-y-de-los-bosques-del-nevado-de-toluca\/","title":{"rendered":"Tlacotepec, a la defensa del agua y de los bosques del Nevado de Toluca"},"content":{"rendered":"<p>Par\u00eds Mart\u00ednez<\/p>\n<p>Tlacotepec es un pueblo enclavado en las faldas del Nevado de Toluca, junto al cerro de Tepeyolulco, con una larga historia de rebeld\u00eda: entre 1475 y 1480, sus primeros habitantes, matlazincas, lucharon contra los aztecas, cuando \u00e9stos comenzaron la expansi\u00f3n de su imperio hacia el valle en donde hoy se asienta la capital del Estado de M\u00e9xico; y 40 a\u00f1os despu\u00e9s, en 1521, lucharon contra los espa\u00f1oles, que luego de barrer a los aztecas, continuaron con los pueblos cercanos al valle de M\u00e9xico.<\/p>\n<p>Despu\u00e9s, durante la Revoluci\u00f3n, Tlacotepec luch\u00f3 con Zapata por recuperar las tierras de la comunidad que, en el porfiriato, les fueron arrebatadas por grandes hacendados; y cuando Porfirio D\u00edaz fue derrocado, Tlacotepec sigui\u00f3 luchando, por varias d\u00e9cadas m\u00e1s, hasta que la ley reconoci\u00f3 a sus pobladores como \u00fanicos due\u00f1os de las tierras que reclamaban de forma ancestral.<\/p>\n<p>Hoy, habitantes de Santiago Tlacotepec luchan nuevamente por esas tierras, que comprenden cerca de 6 mil hect\u00e1reas, la mitad de las cuales son bosques, amenazados, a su juicio, por el decreto del presidente Enrique Pe\u00f1a Nieto que, en 2013, legaliz\u00f3 la tala y otras actividades productivas en el Nevado de Toluca.<\/p>\n<p>\u201cSiempre hemos sido un pueblo que se defiende \u2013dice Daniel, un joven que, junto a otros universitarios, ejidatarios, comuneros y vecinos, integraron un comit\u00e9 civil contra el decreto presidencial de 2013\u2013. Los antiguos contaban de sus luchas para defender las tierras del pueblo, el agua del pueblo; e igual hicieron nuestros abuelos, luego nuestros padres, y hoy nos toca a nosotros. Y nuestra forma de luchar, ahorita, es informar: porque esto del decreto lo hicieron las autoridades en lo oscurito, sin avisarle a nadie, y aunque han pasado m\u00e1s de dos a\u00f1os, la gran mayor\u00eda de los habitantes de Tlacotepec no saben que el monte est\u00e1 amenazado.\u201d<\/p>\n<p>Y las formas de informar, destaca, son muchas: en octubre organizaron un foro local, al que acudieron m\u00e1s de 700 moradores de Tlacotepec, en diciembre emprendieron una colecta de firmas, en papel y por change.org, para exigir a la Suprema Corte de Justicia de la Naci\u00f3n que revoque el decreto de Pe\u00f1a Nieto, y para este a\u00f1o, adelanta, \u201cestamos organizando nuevos foros, el pr\u00f3ximo tal vez para febrero, con la participaci\u00f3n de cient\u00edficos que van a explicar a los pobladores los riesgos de que se abra el Nevado de Toluca a la explotaci\u00f3n forestal; y, a\u00fan sin fecha, tenemos planeada tambi\u00e9n una protesta pac\u00edfica, en la Ciudad de M\u00e9xico, ya sea en Los Pinos o en la Corte, para hacernos ver.\u201d<\/p>\n<p>El recurso sagrado<\/p>\n<p>Cuentan las leyendas locales que el primer morador de lo que hoy se conoce como Santiago Tlacotepec fue un antiguo matlazinca que subi\u00f3 al cerro de Tepeyolulco, para pedir a los dioses que lo moraban que le permitieran construir su casa en ese lugar, en donde crecen bien el ma\u00edz y los magueyes.<\/p>\n<p>Se trata de un cerro escalonado, con terrazas artificiales que datan de la \u00e9poca prehisp\u00e1nica, en las que a\u00fan se siembra ma\u00edz.<\/p>\n<p>\u201cExiste la leyenda \u2013narra Erik Hern\u00e1ndez, cronista de Tlacotepec\u2013, de que abajo de ese cerro hay una pir\u00e1mide escondida.\u201d<\/p>\n<p>Daniel completa el mito: \u201cSe dice que los m\u00e1s viejos abuelos cubrieron la pir\u00e1mide con sus ayates, y luego le echaron tierra encima.\u201d<\/p>\n<p>Hace una d\u00e9cada, de hecho, un morador que realizaba obras en su vivienda encontr\u00f3 una pieza de cer\u00e1mica prehisp\u00e1nica, cuya decoraci\u00f3n da muestra de la antig\u00fcedad de este mito.<\/p>\n<p>Tal como explica el cronsita de la comunidad, el cerro de Tepeyolulco, hoy m\u00e1s conocido como cerro de Tlacotepec, es un espacio ritual, en el que durante la \u00e9poca prehisp\u00e1nica se realizaban ceremonias relacionadas con el agua, como elemento sagrado, generador de vida.<\/p>\n<p>Incluso, subraya, otras leyendas locales aseguran que desde la cueva que existe en su lado poniente se puede acceder a un r\u00edo subterr\u00e1neo.<\/p>\n<p>\u201cAl entrar \u2013se\u00f1alan los testimonios recuperados por el cronista del pueblo\u2013 se escucha c\u00f3mo baja (el agua) con mucha fuerza, adem\u00e1s, dentro de \u00e9l hay un jard\u00edn lleno de \u00e1rboles frutales de las mejores rutas, pero tambi\u00e9n en \u00e9l se encuentran fuerzas del mal y, por eso, si entras, seguro no sales.\u201d<\/p>\n<p>Pieza prehisp\u00e1nica recuperada por pobladores de Tlacotepec, cuya decoraci\u00f3n muestra el cerro de Tepeyolulco, con una pir\u00e1mide en su interior. \/\/ Foto: Paris Mart\u00ednez.<\/p>\n<p>Independientemente de la veracidad de estas leyendas, se\u00f1ala \u00c9rik, lo que \u00e9stas dejan ver es que el agua es un elemento cuya importancia vital reconocen los moradores de Tlacotepec, desde su fundaci\u00f3n y, a\u00fan en el presente, manantiales como los que cita el mito, que brotan de peque\u00f1as cuevas en las faldas del Nevado de Toluca, siguen abasteciendo de agua pura no s\u00f3lo a Tlacotepec, sino a todas las comunidades de la zona, y m\u00e1s all\u00e1.<\/p>\n<p>De hecho, destaca, a\u00fan despu\u00e9s de la Conquista, en este y en otros poblados se mantuvo la tradici\u00f3n de, cada a\u00f1o, acudir a celebrar actos de consagraci\u00f3n \u2013ahora bajo el rito cat\u00f3lico\u2013 en estos manantiales, una costumbre que se mantiene hasta el d\u00eda de hoy.<\/p>\n<p>La cadenita\u2026<\/p>\n<p>Todo es como una \u201ccadenita\u201d, explica Alejandro Alberto Ortega, presidente del Consejo de Vigilancia de Bienes Comunales de Santiago Tlacotepec. \u201cEl agua nace del subsuelo, pero, \u00bfc\u00f3mo lleg\u00f3 ah\u00ed? Pues llega por infiltraci\u00f3n: es el agua que escurre por las laderas del monte (el Nevado de Toluca), y que va filtr\u00e1ndose por la tierra. Y, \u00bfc\u00f3mo lleg\u00f3 el agua al Nevado? Lleg\u00f3 atra\u00edda por los bosques, en forma de nubes, que hacen la nieve de la punta o que cae en forma de gotas.\u201d<\/p>\n<p>Todo, pues, es como una cadenita.<\/p>\n<p>Desde los a\u00f1os 80, explica Alejandro, la gente de Tlacotepec comenz\u00f3 a tomar conciencia del valor de los recursos naturales de la zona. \u201cSiempre hemos sabido que el monte es nuestra subsistencia, pero antes, por la pobreza, no hab\u00eda otra forma de subsistir: la madera era el recurso para todo, para construir, para calentarse, para cocinar, y tambi\u00e9n la gente cazaba para comer\u2026 y sab\u00edamos que le hac\u00edamos da\u00f1o al monte, pero no ten\u00edamos otra opci\u00f3n, no era para hacernos ricos, era para vivir.\u201d<\/p>\n<p>Por eso, explica, cuando Tlacotepec qued\u00f3 integrado a la zona metropolitana de Toluca \u2013de la cual se haya a 9 kil\u00f3metros de distancia\u2013, la gente pudo encontrar otras formas de subsistir, y los \u201cmonteros\u201d, pr\u00e1cticamente desaparecieron en esta zona.<\/p>\n<p>En los bosques que est\u00e1n dentro de las tierras comunales de Tlacotepec, explica, desde hace m\u00e1s de 30 a\u00f1os dej\u00f3 de haber tala, se delimitaron zonas de pastoreo fuera del bosque, para quienes ejercen la ganader\u00eda, y no se abrieron m\u00e1s campos de cultivo.<\/p>\n<p>Por el contrario, explica Alejandro, a\u00f1o con a\u00f1o, por iniciativa propia, los moradores han realizado labores de reforestaci\u00f3n y de vigilancia, ya que sus tierras, hasta hace algunos a\u00f1os, a\u00fan eran invadidas por ganaderos, que llevaban a sus vacas a pastar a zonas que ya hab\u00edan sido restauradas ambientalmente.<\/p>\n<p>Parado junto a un oyamel centenario, con una circunferencia de 5 metros en su base, Alejandro habla con humildad y embelezo.<\/p>\n<p>\u201cDesde que se hizo la recategorizaci\u00f3n (es decir, cuando el Nevado de Toluca perdi\u00f3 la categor\u00eda de parque nacional) ellos (las autoridades) nos dicen que hay que hacer el aprovechamiento maderable, pero si ahorita tiramos este \u00e1rbol, \u00bfcu\u00e1ndo volver\u00edamos a tener un \u00e1rbol como \u00e9ste? Yo creo que esto no nada m\u00e1s lo debe defender la comunidad de Tlacotepec, sino todas las comunidades aleda\u00f1as al Nevado, y a la mejor hasta (las comunidades) nacionales e internacionales\u201d.<\/p>\n<p>Su observaci\u00f3n, sencilla y clara, resume una realidad compleja: efectivamente, con el agua que se infiltra a trav\u00e9s de la capa boscosa del Nevado de Toluca no s\u00f3lo se abastece a las comunidades asentadas en sus faldas, sino a todo el Valle de Toluca.<\/p>\n<p>Sus afluentes, adem\u00e1s, las cuencas del r\u00edo Balsas y el r\u00edo Lerma que, a su vez, llevan agua al Valle de M\u00e9xico y al norte de Guerrero.<\/p>\n<p>El valor estrat\u00e9gico del Nevado de Toluca fue lo que, en 1936, llev\u00f3 al entonces presidente de la Rep\u00fablica, L\u00e1zaro C\u00e1rdenas, a declararlo como Parque Nacional, con lo que quedaron prohibidas todo tipo de actividades extractivas y productivas, reserva que fue anulada en 2013.<\/p>\n<div class=\"jetpack-video-wrapper\"><iframe loading=\"lazy\" title=\"Santiago Tlacotepec, un pueblo en defensa del Nevado de Toluca\" width=\"1170\" height=\"658\" src=\"https:\/\/www.youtube.com\/embed\/fxWqkZxYxno?feature=oembed\" frameborder=\"0\" allow=\"accelerometer; autoplay; clipboard-write; encrypted-media; gyroscope; picture-in-picture\" allowfullscreen><\/iframe><\/div>\n<p>Ep\u00edlogo: qu\u00e9 sigue\u2026<\/p>\n<p>\u201cHacernos visibles\u201d es la meta del comit\u00e9 civil de Tlacotepec, explica Daniel Carrillo. Y esto implica, detalla, no s\u00f3lo informar y hacer del conocimiento p\u00fablico la importancia del Nevado de Toluca para la subsistencia, sino tambi\u00e9n hacer valer su voz, como hijos de Tlacotepec.<\/p>\n<p>\u201cAdem\u00e1s de las acciones de difusi\u00f3n, entre las que est\u00e1 tambi\u00e9n la realizaci\u00f3n de un documental, tenemos la meta de que se revise el padr\u00f3n de comuneros, y poder registrarnos como tales aqu\u00e9llos que tenemos derecho a serlo\u201d, ya que, remat\u00f3, esto podr\u00eda abrir la puerta para iniciar nuevos amparos contra el decreto del presidente Pe\u00f1a Nieto.<\/p>\n<p>En la actualidad, la Suprema Corte mantiene en su agenda la discusi\u00f3n de un amparo contra la recategorizaci\u00f3n del Nevado de Toluca, bajo la tesis de que dicha medida presidencial podr\u00eda afectar los derechos humanos de los mexicanos.<\/p>\n<p><a href=\"http:\/\/www.animalpolitico.com\/2016\/01\/tlacotepec-a-la-defensa-del-agua-y-de-los-bosques-del-nevado-de-toluca\/\" target=\"_blank\">www.animalpolitico.com\/2016\/01\/tlacotepec-a-la-defensa-del-agua-y-de-los-bosques-del-nevado-de-toluca\/<\/a><\/p>\n","protected":false},"excerpt":{"rendered":"<p>Par\u00eds Mart\u00ednez Tlacotepec es un pueblo enclavado en las faldas del Nevado de Toluca, junto al cerro de Tepeyolulco, con una larga historia de rebeld\u00eda: entre 1475 y 1480, sus &hellip; <a href=\"https:\/\/www.grieta.org.mx\/index.php\/2016\/01\/12\/tlacotepec-a-la-defensa-del-agua-y-de-los-bosques-del-nevado-de-toluca\/\" class=\"more-link\">Leer m\u00e1s<\/a><\/p>\n","protected":false},"author":2,"featured_media":21928,"comment_status":"closed","ping_status":"open","sticky":false,"template":"","format":"standard","meta":{"ngg_post_thumbnail":0,"_jetpack_newsletter_access":"","_jetpack_dont_email_post_to_subs":false,"_jetpack_newsletter_tier_id":0,"_jetpack_memberships_contains_paywalled_content":false,"_jetpack_memberships_contains_paid_content":false,"footnotes":""},"categories":[80],"tags":[154,92],"class_list":["post-1104","post","type-post","status-publish","format-standard","has-post-thumbnail","hentry","category-cintillo","tag-areas-naturales-protegidas","tag-estado-de-mexico","entry"],"jetpack_featured_media_url":"https:\/\/www.grieta.org.mx\/wp-content\/uploads\/2018\/03\/14524434_1106112876131411_958039263622046936_o.jpg","jetpack_sharing_enabled":true,"jetpack_shortlink":"https:\/\/wp.me\/p7ZJR4-hO","jetpack_likes_enabled":false,"jetpack-related-posts":[{"id":1115,"url":"https:\/\/www.grieta.org.mx\/index.php\/2016\/01\/12\/peligran-los-recursos-naturales-del-nevado-de-toluca\/","url_meta":{"origin":1104,"position":0},"title":"Peligran los recursos naturales del Nevado de Toluca","author":"grieta","date":"12 enero, 2016","format":false,"excerpt":"12\/01\/16. Tlacotepec, a la defensa del agua y de los bosques del Nevado de TolucaAnimal Pol\u00edtico 25\/11\/15. Desecha Corte dictamen contra decreto presidencial en Nevado de TolucaLa Jornada 16\/11\/15. Alertan privatizaci\u00f3n inminente de \"El Nevado\"Alfa Diario 26\/10\/15. \u00bfPor qu\u00e9 el Nevado de Toluca?Noticias del Centro 20\/10\/15. La pr\u00f3xima semana, la\u2026","rel":"","context":"En &quot;\u00c1reas naturales protegidas&quot;","block_context":{"text":"\u00c1reas naturales protegidas","link":"https:\/\/www.grieta.org.mx\/index.php\/category\/megaproyectos\/areas-naturales-protegidas\/"},"img":{"alt_text":"","src":"https:\/\/i0.wp.com\/www.grieta.org.mx\/wp-content\/uploads\/2018\/03\/14524434_1106112876131411_958039263622046936_o.jpg?resize=350%2C200&ssl=1","width":350,"height":200,"srcset":"https:\/\/i0.wp.com\/www.grieta.org.mx\/wp-content\/uploads\/2018\/03\/14524434_1106112876131411_958039263622046936_o.jpg?resize=350%2C200&ssl=1 1x, https:\/\/i0.wp.com\/www.grieta.org.mx\/wp-content\/uploads\/2018\/03\/14524434_1106112876131411_958039263622046936_o.jpg?resize=525%2C300&ssl=1 1.5x, https:\/\/i0.wp.com\/www.grieta.org.mx\/wp-content\/uploads\/2018\/03\/14524434_1106112876131411_958039263622046936_o.jpg?resize=700%2C400&ssl=1 2x"},"classes":[]},{"id":1108,"url":"https:\/\/www.grieta.org.mx\/index.php\/2015\/10\/20\/la-proxima-semana-la-suprema-corte-definira-el-futuro-del-nevado-de-toluca\/","url_meta":{"origin":1104,"position":1},"title":"La pr\u00f3xima semana, la Suprema Corte definir\u00e1 el futuro del Nevado de Toluca","author":"grieta","date":"20 octubre, 2015","format":false,"excerpt":"La Suprema Corte de Justicia de la Naci\u00f3n anunci\u00f3 que el pr\u00f3ximo 28 de octubre iniciar\u00e1 el an\u00e1lisis del decreto presidencial mediante el cual, en 2013, se retir\u00f3 el estatus de Parque Nacional al Nevado de Toluca, legaliz\u00e1ndose as\u00ed la explotaci\u00f3n de los recursos naturales de esta reserva natural. La\u2026","rel":"","context":"En &quot;CINTILLO&quot;","block_context":{"text":"CINTILLO","link":"https:\/\/www.grieta.org.mx\/index.php\/category\/cintillo\/"},"img":{"alt_text":"","src":"https:\/\/i0.wp.com\/www.grieta.org.mx\/wp-content\/uploads\/2018\/03\/14524434_1106112876131411_958039263622046936_o.jpg?resize=350%2C200&ssl=1","width":350,"height":200,"srcset":"https:\/\/i0.wp.com\/www.grieta.org.mx\/wp-content\/uploads\/2018\/03\/14524434_1106112876131411_958039263622046936_o.jpg?resize=350%2C200&ssl=1 1x, https:\/\/i0.wp.com\/www.grieta.org.mx\/wp-content\/uploads\/2018\/03\/14524434_1106112876131411_958039263622046936_o.jpg?resize=525%2C300&ssl=1 1.5x, https:\/\/i0.wp.com\/www.grieta.org.mx\/wp-content\/uploads\/2018\/03\/14524434_1106112876131411_958039263622046936_o.jpg?resize=700%2C400&ssl=1 2x"},"classes":[]},{"id":49237,"url":"https:\/\/www.grieta.org.mx\/index.php\/2020\/05\/13\/indigenas-chatinos-clausuran-hospital-comunitario-de-tlacotepec-y-exigen-cambio-del-personal-medico-oaxaca\/","url_meta":{"origin":1104,"position":2},"title":"Ind\u00edgenas Chatinos clausuran Hospital Comunitario de Tlacotepec y exigen cambio del personal m\u00e9dico (Oaxaca)","author":"grieta","date":"13 mayo, 2020","format":false,"excerpt":"P\u00e1gina 3 \/ Pedro Mat\u00edas. En plena pandemia llevan varias semanas en paro laboral y discriminan a pacientes por hablar su lengua originaria Piden intervenci\u00f3n de la Defensor\u00eda para que garanticen su derecho a la salud de 30 mil chatinos OAXACA, Oax.- Autoridades municipales de San Jacinto Tlacotepec y Santa\u2026","rel":"","context":"En &quot;CINTILLO&quot;","block_context":{"text":"CINTILLO","link":"https:\/\/www.grieta.org.mx\/index.php\/category\/cintillo\/"},"img":{"alt_text":"","src":"https:\/\/i0.wp.com\/www.grieta.org.mx\/wp-content\/uploads\/2020\/05\/Hospital-Comunitario-de-Tlacotepec.jpeg?resize=350%2C200&ssl=1","width":350,"height":200,"srcset":"https:\/\/i0.wp.com\/www.grieta.org.mx\/wp-content\/uploads\/2020\/05\/Hospital-Comunitario-de-Tlacotepec.jpeg?resize=350%2C200&ssl=1 1x, https:\/\/i0.wp.com\/www.grieta.org.mx\/wp-content\/uploads\/2020\/05\/Hospital-Comunitario-de-Tlacotepec.jpeg?resize=525%2C300&ssl=1 1.5x, https:\/\/i0.wp.com\/www.grieta.org.mx\/wp-content\/uploads\/2020\/05\/Hospital-Comunitario-de-Tlacotepec.jpeg?resize=700%2C400&ssl=1 2x"},"classes":[]},{"id":31392,"url":"https:\/\/www.grieta.org.mx\/index.php\/2019\/03\/25\/legalizacion-de-la-tala-en-el-nevado-de-toluca-coincide-con-la-reduccion-de-la-mariposa-monarca\/","url_meta":{"origin":1104,"position":3},"title":"Legalizaci\u00f3n de la tala en el Nevado de Toluca coincide con la reducci\u00f3n de la mariposa monarca","author":"grieta","date":"25 marzo, 2019","format":false,"excerpt":"Paris Mart\u00ednez\/Animal Pol\u00edtico Luego de que entre 2013 y 2014 se autorizara la tala comercial en una zona del Nevado de Toluca, se registr\u00f3 el nivel m\u00e1s bajo de mariposas monarca que llegaron a hibernar al lugar. El pasado 31 de enero de 2019, el gobierno federal encabezado por el\u2026","rel":"","context":"En &quot;CINTILLO&quot;","block_context":{"text":"CINTILLO","link":"https:\/\/www.grieta.org.mx\/index.php\/category\/cintillo\/"},"img":{"alt_text":"","src":"https:\/\/i0.wp.com\/www.grieta.org.mx\/wp-content\/uploads\/2018\/03\/14524434_1106112876131411_958039263622046936_o.jpg?resize=350%2C200&ssl=1","width":350,"height":200,"srcset":"https:\/\/i0.wp.com\/www.grieta.org.mx\/wp-content\/uploads\/2018\/03\/14524434_1106112876131411_958039263622046936_o.jpg?resize=350%2C200&ssl=1 1x, https:\/\/i0.wp.com\/www.grieta.org.mx\/wp-content\/uploads\/2018\/03\/14524434_1106112876131411_958039263622046936_o.jpg?resize=525%2C300&ssl=1 1.5x, https:\/\/i0.wp.com\/www.grieta.org.mx\/wp-content\/uploads\/2018\/03\/14524434_1106112876131411_958039263622046936_o.jpg?resize=700%2C400&ssl=1 2x"},"classes":[]},{"id":1101,"url":"https:\/\/www.grieta.org.mx\/index.php\/2015\/11\/25\/desecha-corte-dictamen-contra-decreto-presidencial-en-nevado-de-toluca\/","url_meta":{"origin":1104,"position":4},"title":"Desecha Corte dictamen contra decreto presidencial en Nevado de Toluca","author":"grieta","date":"25 noviembre, 2015","format":false,"excerpt":"Jes\u00fas Aranda M\u00e9xico, DF. La segunda sala de la Suprema Corte de Justicia de la Naci\u00f3n (SCJN) desech\u00f3 el dictamen que amparaba a una quejosa en contra del decreto presidencial que modific\u00f3 el estatus del Parque Nacional \u201cNevado de Toluca\u201d y lo convirti\u00f3 en \u00c1rea de Protecci\u00f3n de Flora y\u2026","rel":"","context":"En &quot;CINTILLO&quot;","block_context":{"text":"CINTILLO","link":"https:\/\/www.grieta.org.mx\/index.php\/category\/cintillo\/"},"img":{"alt_text":"","src":"https:\/\/i0.wp.com\/www.grieta.org.mx\/wp-content\/uploads\/2018\/03\/14524434_1106112876131411_958039263622046936_o.jpg?resize=350%2C200&ssl=1","width":350,"height":200,"srcset":"https:\/\/i0.wp.com\/www.grieta.org.mx\/wp-content\/uploads\/2018\/03\/14524434_1106112876131411_958039263622046936_o.jpg?resize=350%2C200&ssl=1 1x, https:\/\/i0.wp.com\/www.grieta.org.mx\/wp-content\/uploads\/2018\/03\/14524434_1106112876131411_958039263622046936_o.jpg?resize=525%2C300&ssl=1 1.5x, https:\/\/i0.wp.com\/www.grieta.org.mx\/wp-content\/uploads\/2018\/03\/14524434_1106112876131411_958039263622046936_o.jpg?resize=700%2C400&ssl=1 2x"},"classes":[]},{"id":1110,"url":"https:\/\/www.grieta.org.mx\/index.php\/2013\/10\/02\/epn-cancela-proteccion-al-nevado-de-toluca-otorgada-por-lazaro-cardenas\/","url_meta":{"origin":1104,"position":5},"title":"EPN cancela protecci\u00f3n al Nevado de Toluca otorgada por L\u00e1zaro C\u00e1rdenas","author":"grieta","date":"2 octubre, 2013","format":false,"excerpt":"Paris Mart\u00ednez A trav\u00e9s de un decreto publicado ayer, 1 de octubre, en el Diario Oficial de la Federaci\u00f3n, el presidente Enrique Pe\u00f1a Nieto cancel\u00f3 el estatus de Parque Nacional otorgado por L\u00e1zaro C\u00e1rdenas al Nevado de Toluca, que desde 1936 prohib\u00eda cualquier tipo de explotaci\u00f3n de los recursos de\u2026","rel":"","context":"En &quot;CINTILLO&quot;","block_context":{"text":"CINTILLO","link":"https:\/\/www.grieta.org.mx\/index.php\/category\/cintillo\/"},"img":{"alt_text":"","src":"https:\/\/i0.wp.com\/www.grieta.org.mx\/wp-content\/uploads\/2018\/03\/14524434_1106112876131411_958039263622046936_o.jpg?resize=350%2C200&ssl=1","width":350,"height":200,"srcset":"https:\/\/i0.wp.com\/www.grieta.org.mx\/wp-content\/uploads\/2018\/03\/14524434_1106112876131411_958039263622046936_o.jpg?resize=350%2C200&ssl=1 1x, https:\/\/i0.wp.com\/www.grieta.org.mx\/wp-content\/uploads\/2018\/03\/14524434_1106112876131411_958039263622046936_o.jpg?resize=525%2C300&ssl=1 1.5x, https:\/\/i0.wp.com\/www.grieta.org.mx\/wp-content\/uploads\/2018\/03\/14524434_1106112876131411_958039263622046936_o.jpg?resize=700%2C400&ssl=1 2x"},"classes":[]}],"_links":{"self":[{"href":"https:\/\/www.grieta.org.mx\/index.php\/wp-json\/wp\/v2\/posts\/1104","targetHints":{"allow":["GET"]}}],"collection":[{"href":"https:\/\/www.grieta.org.mx\/index.php\/wp-json\/wp\/v2\/posts"}],"about":[{"href":"https:\/\/www.grieta.org.mx\/index.php\/wp-json\/wp\/v2\/types\/post"}],"author":[{"embeddable":true,"href":"https:\/\/www.grieta.org.mx\/index.php\/wp-json\/wp\/v2\/users\/2"}],"replies":[{"embeddable":true,"href":"https:\/\/www.grieta.org.mx\/index.php\/wp-json\/wp\/v2\/comments?post=1104"}],"version-history":[{"count":1,"href":"https:\/\/www.grieta.org.mx\/index.php\/wp-json\/wp\/v2\/posts\/1104\/revisions"}],"predecessor-version":[{"id":1105,"href":"https:\/\/www.grieta.org.mx\/index.php\/wp-json\/wp\/v2\/posts\/1104\/revisions\/1105"}],"wp:featuredmedia":[{"embeddable":true,"href":"https:\/\/www.grieta.org.mx\/index.php\/wp-json\/wp\/v2\/media\/21928"}],"wp:attachment":[{"href":"https:\/\/www.grieta.org.mx\/index.php\/wp-json\/wp\/v2\/media?parent=1104"}],"wp:term":[{"taxonomy":"category","embeddable":true,"href":"https:\/\/www.grieta.org.mx\/index.php\/wp-json\/wp\/v2\/categories?post=1104"},{"taxonomy":"post_tag","embeddable":true,"href":"https:\/\/www.grieta.org.mx\/index.php\/wp-json\/wp\/v2\/tags?post=1104"}],"curies":[{"name":"wp","href":"https:\/\/api.w.org\/{rel}","templated":true}]}}