{"id":10752,"date":"2016-04-22T03:36:47","date_gmt":"2016-04-22T03:36:47","guid":{"rendered":"http:\/\/www.grieta.org.mx\/?p=10752"},"modified":"2016-04-24T03:41:31","modified_gmt":"2016-04-24T03:41:31","slug":"en-solo-15-dias-en-veracruz-brigada-de-busqueda-de-desaparecidos-encontro-15-fosas","status":"publish","type":"post","link":"https:\/\/www.grieta.org.mx\/index.php\/2016\/04\/22\/en-solo-15-dias-en-veracruz-brigada-de-busqueda-de-desaparecidos-encontro-15-fosas\/","title":{"rendered":"En s\u00f3lo 15 d\u00edas en Veracruz, Brigada de b\u00fasqueda de desaparecidos encontr\u00f3 15 fosas"},"content":{"rendered":"<p>Manu Ureste<\/p>\n<p>La Brigada Nacional de B\u00fasqueda de familiares de personas desaparecidas inform\u00f3 la tarde de este viernes que, en tan solo 15 d\u00edas de trabajo en diferentes lugares del estado de Veracruz, localiz\u00f3 15 fosas clandestinas con restos humanos, muchos de ellos calcinados.<\/p>\n<p>La Brigada se\u00f1al\u00f3 que los hallazgos de estas fosas se dieron en dos lugares distintos: el primero, en San Rafael Caler\u00eda, una comunidad rural que pertenece al municipio de C\u00f3rdoba, en el centro de la entidad. En este lugar, el 15 de abril la Brigada hall\u00f3 hasta 11 puntos con restos calcinados y fragmentados, como r\u00f3tulas, huesos del cr\u00e1neo, y dientes.<\/p>\n<p>El segundo hallazgo se produjo hace tan solo dos d\u00edas en Amatl\u00e1n de los Reyes, municipio pr\u00e1cticamente conurbado a C\u00f3rdoba, en la zona cafetalera del estado. En esta localidad, la Brigada encontr\u00f3 varios pozos tapados, que escond\u00edan m\u00faltiples restos humanos, entre ellos f\u00e9mures, r\u00f3tulas, y huesos de costilla. Asimismo, encontraron muchos restos de \u201cropa quemada\u201d.<\/p>\n<p>No obstante, la Brigada no pudo especificar a cu\u00e1ntas personas podr\u00edan corresponder esos fragmentos.<\/p>\n<p>\u201cEn Veracruz cocinaban a nuestros familiares, por eso es dif\u00edcil decirles a cu\u00e1ntos mataron en estas fosas. Qui\u00e9n sabe cu\u00e1ntas personas se hayan consumidos en esos montoncitos de huesos\u201d, dijo Mario Vergara, de la organizaci\u00f3n Los otros desaparecidos de Iguala, e integrante de la Brigada, quien adem\u00e1s inform\u00f3 que los restos hallados \u201cya est\u00e1n a cargo (de los peritos) de la Fiscal\u00eda de Veracruz\u201d para su identificaci\u00f3n.<\/p>\n<p>\u201cPor c\u00f3mo trabajan autoridades de Veracruz, muchos estar\u00e1n desaparecidos toda la vida\u201d<\/p>\n<p>Sin embargo, Vergara critic\u00f3 que la Fiscal\u00eda veracruzana les ha fallado, ya que consideran que la dependencia busc\u00f3 desacreditarlos con un comunicado en el que apuntaban, a las pocas horas de que los medios dieran cuenta del primer hallazgo en San Rafael Caler\u00eda, que los restos no eran huesos, sino pedazos de madera y de ropa.<\/p>\n<p>Por ello, la Brigada exigi\u00f3 que sean peritos de la Procuradur\u00eda General de la Rep\u00fablica (PGR) quienes, con la supervisi\u00f3n de peritos independientes del Equipo de Antropolog\u00eda Forense argentino, analicen los restos.<\/p>\n<p>\u201cPorque por la manera en c\u00f3mo trabajan las autoridades en Veracruz, muchos van a estar desaparecidos toda la vida\u201d, lament\u00f3 Vergara.<\/p>\n<p>Rosa Neris, activista sinaloense y miembro de la Brigada de B\u00fasqueda, dijo que los hallazgos de 15 fosas en 15 d\u00edas en Veracruz evidencian \u201cla falta de voluntad\u201d del gobierno veracruzano para buscar a los desaparecidos en la entidad.<\/p>\n<p>\u201cBastaron solo algunas horas para recibir informaci\u00f3n sobre diferentes fosas clandestinas\u201d, remarc\u00f3 Neris, quien insisti\u00f3 que sin la ayuda de ninguna autoridad est\u00e1n encontrado restos de personas desaparecidas. \u201cCon voluntad s\u00ed podemos encontrar a nuestros familiares\u201d, subray\u00f3.<\/p>\n<p>Asimismo, la Brigada record\u00f3 que solicit\u00f3 mecanismos de seguridad para poder realizar las labores de b\u00fasqueda con garant\u00edas, sin que ninguna instancia a nivel federal ni estatal les diera una respuesta. Tan s\u00f3lo dos elementos de la Polic\u00eda Federal resguardaron a \u201ca m\u00e1s de 50 brigadistas\u201d.<\/p>\n<p>\u201cEl estado mexicano ni busca a los desaparecidos, ni ayuda a que los busquemos\u201d, critic\u00f3 Mario Vergara.<\/p>\n<p>Por otra parte, Juan Carlos Trujillo, coordinador de la Red Enlaces, inform\u00f3 que durante su estancia en Amatl\u00e1n documentaron 40 casos de familiares de personas desaparecidas \u2013en su mayor\u00eda v\u00edctimas de desaparici\u00f3n forzada a manos, presuntamente, de polic\u00edas estatales-, \u201cque por miedo u omisi\u00f3n de las autoridades no hab\u00edan tenido la oportunidad de recibir asesor\u00eda, presionar o avanzar en sus investigaciones o, en algunos casos, interponer la denuncia de tales hechos\u201d.<\/p>\n<p>Trujillo tambi\u00e9n se\u00f1al\u00f3 que ya han recibido peticiones desde seis puntos diferentes de la Rep\u00fablica, para que la Brigada busque a personas desaparecidas. \u201cEn los pr\u00f3ximos d\u00edas, antes de que termine este mes, tomaremos una decisi\u00f3n para salir en una nueva misi\u00f3n\u201d, anunci\u00f3 el activista.<\/p>\n<p>Cabe recordar que el pasado 9 de abril, asociaciones de familiares de personas desaparecidas y organizaciones de expertos crearon la primera Brigada Nacional de B\u00fasqueda de personas desaparecidas y su primera misi\u00f3n es encontrar fosas clandestinas en Veracruz.<\/p>\n<p><a href=\"http:\/\/www.animalpolitico.com\/2016\/04\/en-solo-15-dias-en-veracruz-brigada-de-busqueda-de-desaparecidos-encontro-15-fosas-con-restos-calcinados\/\" target=\"_blank\">http:\/\/www.animalpolitico.com\/2016\/04\/en-solo-15-dias-en-veracruz-brigada-de-busqueda-de-desaparecidos-encontro-15-fosas-con-restos-calcinados\/<\/a><\/p>\n","protected":false},"excerpt":{"rendered":"<p>Manu Ureste La Brigada Nacional de B\u00fasqueda de familiares de personas desaparecidas inform\u00f3 la tarde de este viernes que, en tan solo 15 d\u00edas de trabajo en diferentes lugares del &hellip; <a href=\"https:\/\/www.grieta.org.mx\/index.php\/2016\/04\/22\/en-solo-15-dias-en-veracruz-brigada-de-busqueda-de-desaparecidos-encontro-15-fosas\/\" class=\"more-link\">Leer m\u00e1s<\/a><\/p>\n","protected":false},"author":2,"featured_media":21928,"comment_status":"closed","ping_status":"closed","sticky":false,"template":"","format":"standard","meta":{"ngg_post_thumbnail":0,"_jetpack_newsletter_access":"","_jetpack_dont_email_post_to_subs":false,"_jetpack_newsletter_tier_id":0,"_jetpack_memberships_contains_paywalled_content":false,"_jetpack_memberships_contains_paid_content":false,"footnotes":""},"categories":[80,257],"tags":[613,121],"class_list":["post-10752","post","type-post","status-publish","format-standard","has-post-thumbnail","hentry","category-cintillo","category-veracruz","tag-brigada-nacional-de-busqueda","tag-desaparecidos","entry"],"jetpack_featured_media_url":"https:\/\/www.grieta.org.mx\/wp-content\/uploads\/2018\/03\/14524434_1106112876131411_958039263622046936_o.jpg","jetpack_sharing_enabled":true,"jetpack_shortlink":"https:\/\/wp.me\/p7ZJR4-2Nq","jetpack_likes_enabled":false,"jetpack-related-posts":[{"id":10560,"url":"https:\/\/www.grieta.org.mx\/index.php\/2016\/09\/12\/desaparecidos-en-veracruz\/","url_meta":{"origin":10752,"position":0},"title":"Desaparecidos en Veracruz","author":"grieta","date":"12 septiembre, 2016","format":false,"excerpt":"El Colectivo Solecito Veracruzano contin\u00faa labores de b\u00fasqueda de desaparecidos 12\/09\/16. Mujeres que buscan fosas acusan que Fiscal\u00eda de Veracruz entorpece su b\u00fasqueda Animal Pol\u00edtico 29\/08\/16. Un narcocementerio llamado Veracruz Proceso 15\/08\/16. Encuentran 37 fosas clandestinas en ocho d\u00edas en Veracruz El Financiero 15\/08\/16. Encuentran fosas clandestinas en Veracruz, suman\u2026","rel":"","context":"En &quot;Desaparecidos&quot;","block_context":{"text":"Desaparecidos","link":"https:\/\/www.grieta.org.mx\/index.php\/category\/temas-nacionales\/desaparecidos\/"},"img":{"alt_text":"","src":"https:\/\/i0.wp.com\/www.grieta.org.mx\/wp-content\/uploads\/2018\/03\/14524434_1106112876131411_958039263622046936_o.jpg?resize=350%2C200&ssl=1","width":350,"height":200,"srcset":"https:\/\/i0.wp.com\/www.grieta.org.mx\/wp-content\/uploads\/2018\/03\/14524434_1106112876131411_958039263622046936_o.jpg?resize=350%2C200&ssl=1 1x, https:\/\/i0.wp.com\/www.grieta.org.mx\/wp-content\/uploads\/2018\/03\/14524434_1106112876131411_958039263622046936_o.jpg?resize=525%2C300&ssl=1 1.5x, https:\/\/i0.wp.com\/www.grieta.org.mx\/wp-content\/uploads\/2018\/03\/14524434_1106112876131411_958039263622046936_o.jpg?resize=700%2C400&ssl=1 2x"},"classes":[]},{"id":10563,"url":"https:\/\/www.grieta.org.mx\/index.php\/2016\/04\/08\/crean-la-brigada-nacional-de-busqueda-de-desaparecidos-su-primera-mision-sera-en-veracruz\/","url_meta":{"origin":10752,"position":1},"title":"Crean la Brigada Nacional de B\u00fasqueda de desaparecidos; su primera misi\u00f3n ser\u00e1 en Veracruz","author":"grieta","date":"8 abril, 2016","format":false,"excerpt":"Los brigadistas partir\u00e1n este s\u00e1bado 9 de abril hacia el municipio de Amatl\u00e1n de los Reyes, en Veracruz, para comenzar con la b\u00fasqueda de fosas clandestinas; piden el apoyo de la sociedad para saber d\u00f3nde buscar. https:\/\/youtu.be\/Bgb-okYdbZY Asociaciones de familiares de personas desaparecidas y organizaciones de expertos crearon la primera\u2026","rel":"","context":"En &quot;CINTILLO&quot;","block_context":{"text":"CINTILLO","link":"https:\/\/www.grieta.org.mx\/index.php\/category\/cintillo\/"},"img":{"alt_text":"","src":"https:\/\/i0.wp.com\/www.grieta.org.mx\/wp-content\/uploads\/2018\/03\/14524434_1106112876131411_958039263622046936_o.jpg?resize=350%2C200&ssl=1","width":350,"height":200,"srcset":"https:\/\/i0.wp.com\/www.grieta.org.mx\/wp-content\/uploads\/2018\/03\/14524434_1106112876131411_958039263622046936_o.jpg?resize=350%2C200&ssl=1 1x, https:\/\/i0.wp.com\/www.grieta.org.mx\/wp-content\/uploads\/2018\/03\/14524434_1106112876131411_958039263622046936_o.jpg?resize=525%2C300&ssl=1 1.5x, https:\/\/i0.wp.com\/www.grieta.org.mx\/wp-content\/uploads\/2018\/03\/14524434_1106112876131411_958039263622046936_o.jpg?resize=700%2C400&ssl=1 2x"},"classes":[]},{"id":10571,"url":"https:\/\/www.grieta.org.mx\/index.php\/2016\/04\/17\/veracruz-apesta-a-temor-y-fosas-venimos-a-romper-con-eso-brigada-nacional-de-busqueda\/","url_meta":{"origin":10752,"position":2},"title":"Veracruz apesta a temor y fosas; venimos a romper con eso: Brigada Nacional de B\u00fasqueda","author":"grieta","date":"17 abril, 2016","format":false,"excerpt":"Labores de b\u00fasqueda son no s\u00f3lo de fieles cat\u00f3licos sino de todo aquel que sufra por alguna desaparici\u00f3n: Juan Carlos Trujillo Roc\u00edo Arroyo Veracruz apesta a temor y a fosas, la Brigada Nacional de B\u00fasqueda de Familiares vino a romper con esto, advirti\u00f3 Juan Carlos Trujillo, integrante de la Red\u2026","rel":"","context":"En &quot;CINTILLO&quot;","block_context":{"text":"CINTILLO","link":"https:\/\/www.grieta.org.mx\/index.php\/category\/cintillo\/"},"img":{"alt_text":"","src":"https:\/\/i0.wp.com\/www.grieta.org.mx\/wp-content\/uploads\/2018\/03\/14524434_1106112876131411_958039263622046936_o.jpg?resize=350%2C200&ssl=1","width":350,"height":200,"srcset":"https:\/\/i0.wp.com\/www.grieta.org.mx\/wp-content\/uploads\/2018\/03\/14524434_1106112876131411_958039263622046936_o.jpg?resize=350%2C200&ssl=1 1x, https:\/\/i0.wp.com\/www.grieta.org.mx\/wp-content\/uploads\/2018\/03\/14524434_1106112876131411_958039263622046936_o.jpg?resize=525%2C300&ssl=1 1.5x, https:\/\/i0.wp.com\/www.grieta.org.mx\/wp-content\/uploads\/2018\/03\/14524434_1106112876131411_958039263622046936_o.jpg?resize=700%2C400&ssl=1 2x"},"classes":[]},{"id":45648,"url":"https:\/\/www.grieta.org.mx\/index.php\/2020\/02\/26\/familias-de-desaparecidos-denuncian-campos-de-exterminio-en-veracruz\/","url_meta":{"origin":10752,"position":3},"title":"Familias de desaparecidos denuncian campos de exterminio en Veracruz","author":"Admin","date":"26 febrero, 2020","format":false,"excerpt":"Eliana Gilet \/ Sputnik News La quinta Brigada Nacional de B\u00fasqueda de personas desaparecidas en M\u00e9xico trabaj\u00f3 durante 15 d\u00edas en la zona norte del estado de Veracruz, particularmente afectado por la reiterada comisi\u00f3n de este delito de lesa humanidad, es decir, que no prescribe y que siempre puede ser\u2026","rel":"","context":"En &quot;CINTILLO&quot;","block_context":{"text":"CINTILLO","link":"https:\/\/www.grieta.org.mx\/index.php\/category\/cintillo\/"},"img":{"alt_text":"","src":"https:\/\/i0.wp.com\/www.grieta.org.mx\/wp-content\/uploads\/2020\/03\/Screenshot_2020-03-06-Familias-de-desaparecidos-denuncian-campos-de-exterminio-en-Veracruz.png?resize=350%2C200&ssl=1","width":350,"height":200,"srcset":"https:\/\/i0.wp.com\/www.grieta.org.mx\/wp-content\/uploads\/2020\/03\/Screenshot_2020-03-06-Familias-de-desaparecidos-denuncian-campos-de-exterminio-en-Veracruz.png?resize=350%2C200&ssl=1 1x, https:\/\/i0.wp.com\/www.grieta.org.mx\/wp-content\/uploads\/2020\/03\/Screenshot_2020-03-06-Familias-de-desaparecidos-denuncian-campos-de-exterminio-en-Veracruz.png?resize=525%2C300&ssl=1 1.5x, https:\/\/i0.wp.com\/www.grieta.org.mx\/wp-content\/uploads\/2020\/03\/Screenshot_2020-03-06-Familias-de-desaparecidos-denuncian-campos-de-exterminio-en-Veracruz.png?resize=700%2C400&ssl=1 2x, https:\/\/i0.wp.com\/www.grieta.org.mx\/wp-content\/uploads\/2020\/03\/Screenshot_2020-03-06-Familias-de-desaparecidos-denuncian-campos-de-exterminio-en-Veracruz.png?resize=1050%2C600&ssl=1 3x"},"classes":[]},{"id":16688,"url":"https:\/\/www.grieta.org.mx\/index.php\/2016\/07\/14\/llega-la-segunda-etapa-de-la-brigada-de-busqueda-de-desaparecidos\/","url_meta":{"origin":10752,"position":4},"title":"Llega la segunda etapa de la Brigada de B\u00fasqueda de Desaparecidos","author":"Admin","date":"14 julio, 2016","format":false,"excerpt":"Piden a la ciudadan\u00eda de Amatl\u00e1n y C\u00f3rdoba que los apoyen donando algunas herramientas, que les ayudar\u00e1n a trabajar en el campo C\u00e9sar Estrada C\u00f3rdoba, Ver.\u2013 Del 15 al 29 del presente mes arribar\u00e1 a la entidad la segunda etapa de la Brigada Nacional de B\u00fasqueda de Personas Desaparecidas en\u2026","rel":"","context":"En &quot;CINTILLO&quot;","block_context":{"text":"CINTILLO","link":"https:\/\/www.grieta.org.mx\/index.php\/category\/cintillo\/"},"img":{"alt_text":"","src":"https:\/\/i0.wp.com\/www.grieta.org.mx\/wp-content\/uploads\/2018\/03\/14524434_1106112876131411_958039263622046936_o.jpg?resize=350%2C200&ssl=1","width":350,"height":200,"srcset":"https:\/\/i0.wp.com\/www.grieta.org.mx\/wp-content\/uploads\/2018\/03\/14524434_1106112876131411_958039263622046936_o.jpg?resize=350%2C200&ssl=1 1x, https:\/\/i0.wp.com\/www.grieta.org.mx\/wp-content\/uploads\/2018\/03\/14524434_1106112876131411_958039263622046936_o.jpg?resize=525%2C300&ssl=1 1.5x, https:\/\/i0.wp.com\/www.grieta.org.mx\/wp-content\/uploads\/2018\/03\/14524434_1106112876131411_958039263622046936_o.jpg?resize=700%2C400&ssl=1 2x"},"classes":[]},{"id":18516,"url":"https:\/\/www.grieta.org.mx\/index.php\/2016\/08\/01\/concluye-brigada-nacional-de-busqueda-de-desaparecidos-sin-confianza-alguna-en-sus-gobiernos\/","url_meta":{"origin":10752,"position":5},"title":"Concluye Brigada Nacional de B\u00fasqueda de Desaparecidos, sin confianza alguna en sus gobiernos","author":"grieta","date":"1 agosto, 2016","format":false,"excerpt":"Rodrigo Islas Brito\/RIOaxaca. Oaxaca de Ju\u00e1rez. Despu\u00e9s de poco m\u00e1s de diez d\u00edas de labores de b\u00fasqueda la Segunda Brigada Nacional de B\u00fasqueda de Personas Desaparecidas dej\u00f3 estado de Veracruz subrayando que fueron las condiciones de la actual crisis humanitaria por la que pasa M\u00e9xico, que ha permitido la desaparici\u00f3n\u2026","rel":"","context":"En &quot;CINTILLO&quot;","block_context":{"text":"CINTILLO","link":"https:\/\/www.grieta.org.mx\/index.php\/category\/cintillo\/"},"img":{"alt_text":"","src":"https:\/\/i0.wp.com\/www.grieta.org.mx\/wp-content\/uploads\/2018\/03\/14524434_1106112876131411_958039263622046936_o.jpg?resize=350%2C200&ssl=1","width":350,"height":200,"srcset":"https:\/\/i0.wp.com\/www.grieta.org.mx\/wp-content\/uploads\/2018\/03\/14524434_1106112876131411_958039263622046936_o.jpg?resize=350%2C200&ssl=1 1x, https:\/\/i0.wp.com\/www.grieta.org.mx\/wp-content\/uploads\/2018\/03\/14524434_1106112876131411_958039263622046936_o.jpg?resize=525%2C300&ssl=1 1.5x, https:\/\/i0.wp.com\/www.grieta.org.mx\/wp-content\/uploads\/2018\/03\/14524434_1106112876131411_958039263622046936_o.jpg?resize=700%2C400&ssl=1 2x"},"classes":[]}],"_links":{"self":[{"href":"https:\/\/www.grieta.org.mx\/index.php\/wp-json\/wp\/v2\/posts\/10752","targetHints":{"allow":["GET"]}}],"collection":[{"href":"https:\/\/www.grieta.org.mx\/index.php\/wp-json\/wp\/v2\/posts"}],"about":[{"href":"https:\/\/www.grieta.org.mx\/index.php\/wp-json\/wp\/v2\/types\/post"}],"author":[{"embeddable":true,"href":"https:\/\/www.grieta.org.mx\/index.php\/wp-json\/wp\/v2\/users\/2"}],"replies":[{"embeddable":true,"href":"https:\/\/www.grieta.org.mx\/index.php\/wp-json\/wp\/v2\/comments?post=10752"}],"version-history":[{"count":1,"href":"https:\/\/www.grieta.org.mx\/index.php\/wp-json\/wp\/v2\/posts\/10752\/revisions"}],"predecessor-version":[{"id":10754,"href":"https:\/\/www.grieta.org.mx\/index.php\/wp-json\/wp\/v2\/posts\/10752\/revisions\/10754"}],"wp:featuredmedia":[{"embeddable":true,"href":"https:\/\/www.grieta.org.mx\/index.php\/wp-json\/wp\/v2\/media\/21928"}],"wp:attachment":[{"href":"https:\/\/www.grieta.org.mx\/index.php\/wp-json\/wp\/v2\/media?parent=10752"}],"wp:term":[{"taxonomy":"category","embeddable":true,"href":"https:\/\/www.grieta.org.mx\/index.php\/wp-json\/wp\/v2\/categories?post=10752"},{"taxonomy":"post_tag","embeddable":true,"href":"https:\/\/www.grieta.org.mx\/index.php\/wp-json\/wp\/v2\/tags?post=10752"}],"curies":[{"name":"wp","href":"https:\/\/api.w.org\/{rel}","templated":true}]}}