{"id":10739,"date":"2016-05-31T23:45:06","date_gmt":"2016-05-31T23:45:06","guid":{"rendered":"http:\/\/www.grieta.org.mx\/?p=10739"},"modified":"2016-06-02T03:05:45","modified_gmt":"2016-06-02T03:05:45","slug":"desalojo-de-puestos-de-trabajo-de-comerciantes-en-la-ciudad-de-mexico","status":"publish","type":"post","link":"https:\/\/www.grieta.org.mx\/index.php\/2016\/05\/31\/desalojo-de-puestos-de-trabajo-de-comerciantes-en-la-ciudad-de-mexico\/","title":{"rendered":"Desalojos de comerciantes en la Ciudad de M\u00e9xico"},"content":{"rendered":"<p><strong>31\/05\/16. <\/strong><a href=\"http:\/\/www.grieta.org.mx\/index.php\/2016\/05\/31\/denuncian-comerciantes-caceria-para-quitarlos-del-paradero-de-cu\/\" target=\"_blank\">Denuncian comerciantes cacer\u00eda para quitarlos del paradero de CU<\/a><br \/><em>La Jornada<\/em><br  \/><\/p>\n<p><strong>11\/05\/16. <\/strong><a href=\"http:\/\/www.grieta.org.mx\/index.php\/2016\/05\/11\/crean-frente-contra-obras-en-paradero-chapultepec\/\" target=\"_blank\">Crean frente contra obras en paradero Chapultepec<\/a><br \/><em>El Universal<\/em><br  \/><\/p>\n<p><strong>04\/05\/16. <\/strong><a href=\"http:\/\/www.grieta.org.mx\/index.php\/2016\/05\/04\/se-enfrentan-granaderos-y-comerciantes-frente-al-zocalo-cdmx\/\" target=\"_blank\">Se enfrentan granaderos y comerciantes frente al Z\u00f3calo (CDMX)<\/a><br \/><em>Cr\u00f3nica del Poder<\/em><br  \/><\/p>\n<p><strong>03\/05\/16. <\/strong><a href=\"http:\/\/www.grieta.org.mx\/index.php\/2016\/05\/03\/retiran-ambulantes-del-paradero-metro-chapultepec-ssp-cdmx-vigila-la-zona\/\" target=\"_blank\">Retiran ambulantes del paradero Metro Chapultepec; SSP-CDMX vigila la zona<\/a><br \/><em>24 Horas<\/em><br  \/><\/p>\n<p><strong>28\/04\/16. <\/strong><a href=\"http:\/\/www.grieta.org.mx\/index.php\/2016\/04\/28\/represion-contra-locatarios-del-mercado-de-jamaiquita\/\" target=\"_blank\">Represi\u00f3n contra locatarios del mercado de Jamaiquita<\/a><br \/><em>Noticias de abajo<\/em><br  \/><\/p>\n<p><strong>22\/04\/16. <\/strong><a href=\"http:\/\/www.grieta.org.mx\/index.php\/2016\/04\/22\/granaderos-agreden-durante-la-madrugada-a-vecinos-de-la-delegacion-iztacalco\/\" target=\"_blank\">Granaderos agreden durante la madrugada a vecinos de la delegaci\u00f3n Iztacalco<\/a><br \/><em>Somos el medio<\/em><br  \/><\/p>\n<p><strong>20\/04\/16. <\/strong><a href=\"http:\/\/www.grieta.org.mx\/index.php\/2016\/04\/20\/despojan-a-20-locatarios-de-espacios-y-mercancia\/\" target=\"_blank\">Despojan a 20 locatarios de espacios y mercanc\u00eda<\/a><br \/><em>La Jornada<\/em><br  \/><\/p>\n<p><strong>19\/04\/16. <\/strong><a href=\"http:\/\/www.grieta.org.mx\/index.php\/2016\/04\/19\/protestan-locatarios-del-mercado-rio-frio-por-desalojo\/\" target=\"_blank\">Protestan locatarios del mercado R\u00edo Fr\u00edo por desalojo<\/a><br \/><em>El big data<\/em><br  \/><\/p>\n","protected":false},"excerpt":{"rendered":"<p>31\/05\/16. Denuncian comerciantes cacer\u00eda para quitarlos del paradero de CULa Jornada 11\/05\/16. Crean frente contra obras en paradero ChapultepecEl Universal 04\/05\/16. Se enfrentan granaderos y comerciantes frente al Z\u00f3calo (CDMX)Cr\u00f3nica &hellip; <a href=\"https:\/\/www.grieta.org.mx\/index.php\/2016\/05\/31\/desalojo-de-puestos-de-trabajo-de-comerciantes-en-la-ciudad-de-mexico\/\" class=\"more-link\">Leer m\u00e1s<\/a><\/p>\n","protected":false},"author":2,"featured_media":21928,"comment_status":"closed","ping_status":"closed","sticky":false,"template":"","format":"standard","meta":{"ngg_post_thumbnail":0,"_jetpack_newsletter_access":"","_jetpack_dont_email_post_to_subs":false,"_jetpack_newsletter_tier_id":0,"_jetpack_memberships_contains_paywalled_content":false,"_jetpack_memberships_contains_paid_content":false,"footnotes":""},"categories":[14,2],"tags":[],"class_list":["post-10739","post","type-post","status-publish","format-standard","has-post-thumbnail","hentry","category-ciudad-de-mexico","category-noticias-nacionales","entry"],"jetpack_featured_media_url":"https:\/\/www.grieta.org.mx\/wp-content\/uploads\/2018\/03\/14524434_1106112876131411_958039263622046936_o.jpg","jetpack_sharing_enabled":true,"jetpack_shortlink":"https:\/\/wp.me\/p7ZJR4-2Nd","jetpack_likes_enabled":false,"jetpack-related-posts":[{"id":12271,"url":"https:\/\/www.grieta.org.mx\/index.php\/2016\/05\/04\/se-enfrentan-granaderos-y-comerciantes-frente-al-zocalo-cdmx\/","url_meta":{"origin":10739,"position":0},"title":"Se enfrentan granaderos y comerciantes frente al Z\u00f3calo (CDMX)","author":"grieta","date":"4 mayo, 2016","format":false,"excerpt":"Elementos del cuerpo de Granaderos de la Secretar\u00eda de Seguridad P\u00fablica (SSP) capitalina se enfrentaron esta ma\u00f1ana con comerciantes del Bosque de Arag\u00f3n y del paradero del Metro Chapultepec sobre la avenida 20 de Noviembre, frente al Z\u00f3calo de la Ciudad de M\u00e9xico. FOTO: Karla Mora | 24 HORAS Los\u2026","rel":"","context":"En &quot;cdmx&quot;","block_context":{"text":"cdmx","link":"https:\/\/www.grieta.org.mx\/index.php\/category\/cdmx\/"},"img":{"alt_text":"","src":"https:\/\/i0.wp.com\/www.grieta.org.mx\/wp-content\/uploads\/2018\/03\/14524434_1106112876131411_958039263622046936_o.jpg?resize=350%2C200&ssl=1","width":350,"height":200,"srcset":"https:\/\/i0.wp.com\/www.grieta.org.mx\/wp-content\/uploads\/2018\/03\/14524434_1106112876131411_958039263622046936_o.jpg?resize=350%2C200&ssl=1 1x, https:\/\/i0.wp.com\/www.grieta.org.mx\/wp-content\/uploads\/2018\/03\/14524434_1106112876131411_958039263622046936_o.jpg?resize=525%2C300&ssl=1 1.5x, https:\/\/i0.wp.com\/www.grieta.org.mx\/wp-content\/uploads\/2018\/03\/14524434_1106112876131411_958039263622046936_o.jpg?resize=700%2C400&ssl=1 2x"},"classes":[]},{"id":12278,"url":"https:\/\/www.grieta.org.mx\/index.php\/2016\/05\/03\/retiran-ambulantes-del-paradero-metro-chapultepec-ssp-cdmx-vigila-la-zona\/","url_meta":{"origin":10739,"position":1},"title":"Retiran ambulantes del paradero Metro Chapultepec; SSP-CDMX vigila la zona","author":"grieta","date":"3 mayo, 2016","format":false,"excerpt":"La acci\u00f3n se debe a obras de remodelaci\u00f3n y construcci\u00f3n del nuevo Cetram Foto: Cuartoscuro Polic\u00edas capitalinos fueron desplegados en el per\u00edmetro conformado por Chapultepec, Circuito Interior, Lieja y Reforma, a fin de vigilar que las inmediaciones de la estaci\u00f3n Chapultepec del metro se mantenga libre de vendedores ambulantes. La\u2026","rel":"","context":"En &quot;cdmx&quot;","block_context":{"text":"cdmx","link":"https:\/\/www.grieta.org.mx\/index.php\/category\/cdmx\/"},"img":{"alt_text":"","src":"https:\/\/i0.wp.com\/www.grieta.org.mx\/wp-content\/uploads\/2018\/03\/14524434_1106112876131411_958039263622046936_o.jpg?resize=350%2C200&ssl=1","width":350,"height":200,"srcset":"https:\/\/i0.wp.com\/www.grieta.org.mx\/wp-content\/uploads\/2018\/03\/14524434_1106112876131411_958039263622046936_o.jpg?resize=350%2C200&ssl=1 1x, https:\/\/i0.wp.com\/www.grieta.org.mx\/wp-content\/uploads\/2018\/03\/14524434_1106112876131411_958039263622046936_o.jpg?resize=525%2C300&ssl=1 1.5x, https:\/\/i0.wp.com\/www.grieta.org.mx\/wp-content\/uploads\/2018\/03\/14524434_1106112876131411_958039263622046936_o.jpg?resize=700%2C400&ssl=1 2x"},"classes":[]},{"id":13398,"url":"https:\/\/www.grieta.org.mx\/index.php\/2016\/05\/31\/denuncian-comerciantes-caceria-para-quitarlos-del-paradero-de-cu\/","url_meta":{"origin":10739,"position":2},"title":"Denuncian comerciantes cacer\u00eda para quitarlos del paradero de CU","author":"grieta","date":"31 mayo, 2016","format":false,"excerpt":"Laura G\u00f3mez Flores Quieren desaparecernos para expropiar y erigir un Cetram y una plaza, se\u00f1alan Acusan a Mauricio Toledo y al titular de Coyoac\u00e1n del auge de construcciones Alumnos y profesores del Instituto Coapa, el cual fue clausurado, exigieron \u201caulas, educaci\u00f3n y cultura, no m\u00e1s centros comerciales, torres inmobiliarias y\u2026","rel":"","context":"En &quot;cdmx&quot;","block_context":{"text":"cdmx","link":"https:\/\/www.grieta.org.mx\/index.php\/category\/cdmx\/"},"img":{"alt_text":"","src":"https:\/\/i0.wp.com\/www.grieta.org.mx\/wp-content\/uploads\/2018\/03\/14524434_1106112876131411_958039263622046936_o.jpg?resize=350%2C200&ssl=1","width":350,"height":200,"srcset":"https:\/\/i0.wp.com\/www.grieta.org.mx\/wp-content\/uploads\/2018\/03\/14524434_1106112876131411_958039263622046936_o.jpg?resize=350%2C200&ssl=1 1x, https:\/\/i0.wp.com\/www.grieta.org.mx\/wp-content\/uploads\/2018\/03\/14524434_1106112876131411_958039263622046936_o.jpg?resize=525%2C300&ssl=1 1.5x, https:\/\/i0.wp.com\/www.grieta.org.mx\/wp-content\/uploads\/2018\/03\/14524434_1106112876131411_958039263622046936_o.jpg?resize=700%2C400&ssl=1 2x"},"classes":[]},{"id":52942,"url":"https:\/\/www.grieta.org.mx\/index.php\/2020\/08\/29\/comerciantes-de-la-cdmx-organizan-tricicleteada-contra-la-criminalizacion-del-trabajo-informal\/","url_meta":{"origin":10739,"position":3},"title":"Comerciantes de la CdMx organizan \u201ctricicleteada\u201d contra la criminalizaci\u00f3n del trabajo informal","author":"grieta","date":"29 agosto, 2020","format":false,"excerpt":"Comerciantes organizan tricicleteada. Foto: Mario Jasso, Cuartoscuro Sin Embargo La movilizaci\u00f3n surge a ra\u00edz de los hechos ocurridos el pasado 15 de agosto, en el que autoridades capitalinas confiscaron m\u00e1s de 140 triciclos de los vendedores de comida en las colonias Polanco y Granada, de la Alcald\u00eda Miguel Hidalgo. Ciudad\u2026","rel":"","context":"En &quot;CINTILLO&quot;","block_context":{"text":"CINTILLO","link":"https:\/\/www.grieta.org.mx\/index.php\/category\/cintillo\/"},"img":{"alt_text":"","src":"https:\/\/i0.wp.com\/www.grieta.org.mx\/wp-content\/uploads\/2020\/09\/Comerciantes-de-la-CdMx-organizan-tricicleteada-contra-la-criminalizacion-del-trabajo-informal-cdmx-sep.jpg?resize=350%2C200&ssl=1","width":350,"height":200,"srcset":"https:\/\/i0.wp.com\/www.grieta.org.mx\/wp-content\/uploads\/2020\/09\/Comerciantes-de-la-CdMx-organizan-tricicleteada-contra-la-criminalizacion-del-trabajo-informal-cdmx-sep.jpg?resize=350%2C200&ssl=1 1x, https:\/\/i0.wp.com\/www.grieta.org.mx\/wp-content\/uploads\/2020\/09\/Comerciantes-de-la-CdMx-organizan-tricicleteada-contra-la-criminalizacion-del-trabajo-informal-cdmx-sep.jpg?resize=525%2C300&ssl=1 1.5x, https:\/\/i0.wp.com\/www.grieta.org.mx\/wp-content\/uploads\/2020\/09\/Comerciantes-de-la-CdMx-organizan-tricicleteada-contra-la-criminalizacion-del-trabajo-informal-cdmx-sep.jpg?resize=700%2C400&ssl=1 2x, https:\/\/i0.wp.com\/www.grieta.org.mx\/wp-content\/uploads\/2020\/09\/Comerciantes-de-la-CdMx-organizan-tricicleteada-contra-la-criminalizacion-del-trabajo-informal-cdmx-sep.jpg?resize=1050%2C600&ssl=1 3x"},"classes":[]},{"id":61549,"url":"https:\/\/www.grieta.org.mx\/index.php\/2021\/08\/26\/comerciantes-inconformes-por-reordenamiento-frente-a-mercado-hidalgo-en-celaya-guanajuato\/","url_meta":{"origin":10739,"position":4},"title":"Comerciantes, inconformes por reordenamiento frente a Mercado Hidalgo, en Celaya (Guanajuato)","author":"grieta","date":"26 agosto, 2021","format":false,"excerpt":"Ricardo Aguilar, Zona Franca agosto 26, 2021 Celaya; Gto.- El reordenamiento de los comerciantes ambulantes lleg\u00f3 ahora a la zona frente al Mercado Hidalgo en el Boulevard Adolfo L\u00f3pez Mateos, donde se tiene detectados 24 puestos, de los cuales 12 no tienen permiso y los otros exceden su metraje. Lograr\u2026","rel":"","context":"En &quot;CINTILLO&quot;","block_context":{"text":"CINTILLO","link":"https:\/\/www.grieta.org.mx\/index.php\/category\/cintillo\/"},"img":{"alt_text":"","src":"https:\/\/i0.wp.com\/www.grieta.org.mx\/wp-content\/uploads\/2021\/09\/unnamed-2-10.jpg?resize=350%2C200&ssl=1","width":350,"height":200},"classes":[]},{"id":12282,"url":"https:\/\/www.grieta.org.mx\/index.php\/2016\/05\/11\/crean-frente-contra-obras-en-paradero-chapultepec\/","url_meta":{"origin":10739,"position":5},"title":"Crean frente contra obras en paradero Chapultepec","author":"grieta","date":"11 mayo, 2016","format":false,"excerpt":"Vecinos informaron que en la zona se construir\u00e1n dos torres, un edificio de 41 niveles para oficina y otro de 16 para uso mixto; adem\u00e1s de un centro comercial de tres niveles. Vecinos de las delegaciones Cuauht\u00e9moc y Miguel Hidalgo formaron un frente en Defensa del Bosque de Chapultepec para\u2026","rel":"","context":"En &quot;cdmx&quot;","block_context":{"text":"cdmx","link":"https:\/\/www.grieta.org.mx\/index.php\/category\/cdmx\/"},"img":{"alt_text":"","src":"https:\/\/i0.wp.com\/www.grieta.org.mx\/wp-content\/uploads\/2018\/03\/14524434_1106112876131411_958039263622046936_o.jpg?resize=350%2C200&ssl=1","width":350,"height":200,"srcset":"https:\/\/i0.wp.com\/www.grieta.org.mx\/wp-content\/uploads\/2018\/03\/14524434_1106112876131411_958039263622046936_o.jpg?resize=350%2C200&ssl=1 1x, https:\/\/i0.wp.com\/www.grieta.org.mx\/wp-content\/uploads\/2018\/03\/14524434_1106112876131411_958039263622046936_o.jpg?resize=525%2C300&ssl=1 1.5x, https:\/\/i0.wp.com\/www.grieta.org.mx\/wp-content\/uploads\/2018\/03\/14524434_1106112876131411_958039263622046936_o.jpg?resize=700%2C400&ssl=1 2x"},"classes":[]}],"_links":{"self":[{"href":"https:\/\/www.grieta.org.mx\/index.php\/wp-json\/wp\/v2\/posts\/10739","targetHints":{"allow":["GET"]}}],"collection":[{"href":"https:\/\/www.grieta.org.mx\/index.php\/wp-json\/wp\/v2\/posts"}],"about":[{"href":"https:\/\/www.grieta.org.mx\/index.php\/wp-json\/wp\/v2\/types\/post"}],"author":[{"embeddable":true,"href":"https:\/\/www.grieta.org.mx\/index.php\/wp-json\/wp\/v2\/users\/2"}],"replies":[{"embeddable":true,"href":"https:\/\/www.grieta.org.mx\/index.php\/wp-json\/wp\/v2\/comments?post=10739"}],"version-history":[{"count":1,"href":"https:\/\/www.grieta.org.mx\/index.php\/wp-json\/wp\/v2\/posts\/10739\/revisions"}],"predecessor-version":[{"id":13417,"href":"https:\/\/www.grieta.org.mx\/index.php\/wp-json\/wp\/v2\/posts\/10739\/revisions\/13417"}],"wp:featuredmedia":[{"embeddable":true,"href":"https:\/\/www.grieta.org.mx\/index.php\/wp-json\/wp\/v2\/media\/21928"}],"wp:attachment":[{"href":"https:\/\/www.grieta.org.mx\/index.php\/wp-json\/wp\/v2\/media?parent=10739"}],"wp:term":[{"taxonomy":"category","embeddable":true,"href":"https:\/\/www.grieta.org.mx\/index.php\/wp-json\/wp\/v2\/categories?post=10739"},{"taxonomy":"post_tag","embeddable":true,"href":"https:\/\/www.grieta.org.mx\/index.php\/wp-json\/wp\/v2\/tags?post=10739"}],"curies":[{"name":"wp","href":"https:\/\/api.w.org\/{rel}","templated":true}]}}