{"id":10695,"date":"2016-04-13T14:27:52","date_gmt":"2016-04-13T14:27:52","guid":{"rendered":"http:\/\/www.grieta.org.mx\/?p=10695"},"modified":"2016-04-25T02:39:44","modified_gmt":"2016-04-25T02:39:44","slug":"ejercito-sitia-y-atemoriza-a-pobladores-en-balancan","status":"publish","type":"post","link":"https:\/\/www.grieta.org.mx\/index.php\/2016\/04\/13\/ejercito-sitia-y-atemoriza-a-pobladores-en-balancan\/","title":{"rendered":"Ej\u00e9rcito sitia y atemoriza a pobladores en Balanc\u00e1n"},"content":{"rendered":"<p>Jes\u00fas Buend\u00eda &#8211;<\/p>\n<p>Balanc\u00e1n, Tabasco<\/p>\n<p>Una cuadrilla de elementos del Ej\u00e9rcito Mexicano a bordo de un tractocami\u00f3n, fuertemente armados, junto con el agente del Ministerio P\u00fablico Federal destacamentado en Tenosique y personal de Comisi\u00f3n Federal de Electricidad (CFE) se introdujeron ayer al \u201cCampamento Sagarpa\u201d, para amedrentar con c\u00e1rcel a los usuarios que no realicen su contrato con la paraestatal.<\/p>\n<p>De acuerdo con las denuncias hechas en redes sociales y la voz propia de Carlos Valenzuela Cantellano, uno de sus habitantes, se trata de uno de los atropellos al m\u00e1s alto nivel con los que se pretende reprimir e intimidar para ser parte de un contrato comercial ventajoso para la CFE que resulta impagable para un alto porcentaje de los habitantes que son de bajos recursos econ\u00f3micos.<\/p>\n<p>El abuso de autoridad y amenazas con gente armada, se suscit\u00f3 este martes por la ma\u00f1ana en el campamento Sagarpa, ubicado a unos 70 kil\u00f3metros al este de Balanc\u00e1n, en donde un promedio de 35 familias que no tienen contrato de luz desde hace muchos a\u00f1os, sintieron con miedo la presencia de la \u201cLey mexicana\u201d.<\/p>\n<p>Junto con el Ej\u00e9rcito lleg\u00f3 una persona que se hizo pasar, sin mostrar credenciales, por el agente del Ministerio P\u00fablico Federal, adem\u00e1s de un trabajador de la Comisi\u00f3n Federal de Electricidad (CFE), quienes se acercaron a las casas, tocaron a las puertas y mostr\u00e1ndose detr\u00e1s de ellos al Ej\u00e9rcito les dijeron: \u201cTienes que hacer tu contrato con la CFE o van a ir a la c\u00e1rcel por sus adeudos\u201d.<\/p>\n<p>\u201cS\u00f3lo falta que pase lo que hicieron en Acteal o con los estudiantes de Michoac\u00e1n, en donde el Ej\u00e9rcito se vio involucrado, ahora resulta que se dedican a cobrar la luz del gobierno\u201d, precisa Carlos Valenzuela, un gestor local.<\/p>\n<p>Desconoce CFE presencia militar<\/p>\n<p>esconocemos por qu\u00e9 estaba ah\u00ed el Ej\u00e9rcito, el Ministerio P\u00fablico de la Federaci\u00f3n lleg\u00f3 a hacer una inspecci\u00f3n ocular por la denuncia que interpusimos a las 35 personas que habitan el conjunto habitacional del \u201cCampamento Sagarpa\u201d por el \u201crobo de luz\u201d, dijo a este medio informativo Jos\u00e9 Ram\u00f3n Olivo, jefe de Comunicaci\u00f3n Social de CFE, en el sureste de M\u00e9xico con sede en el estado de Oaxaca.<\/p>\n<p>Ram\u00f3n Olivo mencion\u00f3 que la postura de la Comisi\u00f3n Federal de Electricidad (CFE) es que en ning\u00fan momento solicitaron al ej\u00e9rcito para amedrentar. Son 35 personas que se les demand\u00f3 por robo de energ\u00eda y se les ha hecho la invitaci\u00f3n en repetidas veces para que se regularicen.<\/p>\n<p>V\u00eda telef\u00f3nica, el vocero de la CFE regi\u00f3n sureste, se\u00f1al\u00f3 que el personal de la paraestatal ha ido a ponerles un medidor para que queden en norma; sin embargo, las personas se han opuesto a esta disposici\u00f3n. (Jes\u00fas Buend\u00eda)<\/p>\n<p>C\u00d3MO<br \/>\nEl agente del MPF el \u00fanico que debi\u00f3 haber llegado para hacer la inspecci\u00f3n ocular para dar seguimiento a la demanda.<\/p>\n<p>CU\u00c1NDO<br \/>\nEn breve la CFE dar\u00e1 a conocer informes del adeudo, ya que las casas habitaci\u00f3n no cuentan con medidores.<\/p>\n<p>D\u00d3NDE<br \/>\nCFE inform\u00f3 de la forma irregular de los deudores al tomar la energ\u00eda, est\u00e1n en riesgo porque las instalaciones no son las correctas.<\/p>\n<p><a href=\"http:\/\/tabascohoy.com\/nota\/306842\/ejercito-sitia-y-atemoriza-a-pobladores-en-balancan\" target=\"_blank\">http:\/\/tabascohoy.com\/nota\/306842\/ejercito-sitia-y-atemoriza-a-pobladores-en-balancan<\/a><\/p>\n","protected":false},"excerpt":{"rendered":"<p>Jes\u00fas Buend\u00eda &#8211; Balanc\u00e1n, Tabasco Una cuadrilla de elementos del Ej\u00e9rcito Mexicano a bordo de un tractocami\u00f3n, fuertemente armados, junto con el agente del Ministerio P\u00fablico Federal destacamentado en Tenosique &hellip; <a href=\"https:\/\/www.grieta.org.mx\/index.php\/2016\/04\/13\/ejercito-sitia-y-atemoriza-a-pobladores-en-balancan\/\" class=\"more-link\">Leer m\u00e1s<\/a><\/p>\n","protected":false},"author":2,"featured_media":21928,"comment_status":"closed","ping_status":"closed","sticky":false,"template":"","format":"standard","meta":{"ngg_post_thumbnail":0,"_jetpack_newsletter_access":"","_jetpack_dont_email_post_to_subs":false,"_jetpack_newsletter_tier_id":0,"_jetpack_memberships_contains_paywalled_content":false,"_jetpack_memberships_contains_paid_content":false,"footnotes":""},"categories":[80,415],"tags":[291],"class_list":["post-10695","post","type-post","status-publish","format-standard","has-post-thumbnail","hentry","category-cintillo","category-tabasco","tag-cfe","entry"],"jetpack_featured_media_url":"https:\/\/www.grieta.org.mx\/wp-content\/uploads\/2018\/03\/14524434_1106112876131411_958039263622046936_o.jpg","jetpack_sharing_enabled":true,"jetpack_shortlink":"https:\/\/wp.me\/p7ZJR4-2Mv","jetpack_likes_enabled":false,"jetpack-related-posts":[{"id":10697,"url":"https:\/\/www.grieta.org.mx\/index.php\/2016\/04\/13\/conflictos-con-la-cfe-en-tabasco\/","url_meta":{"origin":10695,"position":0},"title":"Conflictos con la CFE en Tabasco","author":"grieta","date":"13 abril, 2016","format":false,"excerpt":"13\/04\/16. Ej\u00e9rcito sitia y atemoriza a pobladores en Balanc\u00e1nTabasco Hoy","rel":"","context":"En &quot;NOTICIAS NACIONALES&quot;","block_context":{"text":"NOTICIAS NACIONALES","link":"https:\/\/www.grieta.org.mx\/index.php\/category\/noticias-nacionales\/"},"img":{"alt_text":"","src":"https:\/\/i0.wp.com\/www.grieta.org.mx\/wp-content\/uploads\/2018\/03\/14524434_1106112876131411_958039263622046936_o.jpg?resize=350%2C200&ssl=1","width":350,"height":200,"srcset":"https:\/\/i0.wp.com\/www.grieta.org.mx\/wp-content\/uploads\/2018\/03\/14524434_1106112876131411_958039263622046936_o.jpg?resize=350%2C200&ssl=1 1x, https:\/\/i0.wp.com\/www.grieta.org.mx\/wp-content\/uploads\/2018\/03\/14524434_1106112876131411_958039263622046936_o.jpg?resize=525%2C300&ssl=1 1.5x, https:\/\/i0.wp.com\/www.grieta.org.mx\/wp-content\/uploads\/2018\/03\/14524434_1106112876131411_958039263622046936_o.jpg?resize=700%2C400&ssl=1 2x"},"classes":[]},{"id":51053,"url":"https:\/\/www.grieta.org.mx\/index.php\/2020\/05\/25\/tabasco-mujeres-costureras-se-declaran-en-resistencia-civil-contra-gobierno\/","url_meta":{"origin":10695,"position":1},"title":"Tabasco: mujeres costureras se declaran en \u201cresistencia civil\u201d contra gobierno","author":"grieta","date":"25 mayo, 2020","format":false,"excerpt":"Roberto Barbosa \/ La Silla Rota VILLAHERMOSA, Tabasco (La Silla Rota).- Un grupo de mujeres costureras, iracundas por \u201cel constante atropello\u201d de la Comisi\u00f3n Federal de Electricidad (CFE), se declararon en \u201cresistencia civil\u201d contra esa empresa y advirtieron a su paisano, el presidente Andr\u00e9s Manuel L\u00f3pez Obrador, que \u201ccorrer\u00e1 sangre\u201d\u2026","rel":"","context":"En &quot;CINTILLO&quot;","block_context":{"text":"CINTILLO","link":"https:\/\/www.grieta.org.mx\/index.php\/category\/cintillo\/"},"img":{"alt_text":"","src":"https:\/\/i0.wp.com\/www.grieta.org.mx\/wp-content\/uploads\/2020\/06\/mujerescfe-focus-0-0-983-557.jpg?resize=350%2C200&ssl=1","width":350,"height":200,"srcset":"https:\/\/i0.wp.com\/www.grieta.org.mx\/wp-content\/uploads\/2020\/06\/mujerescfe-focus-0-0-983-557.jpg?resize=350%2C200&ssl=1 1x, https:\/\/i0.wp.com\/www.grieta.org.mx\/wp-content\/uploads\/2020\/06\/mujerescfe-focus-0-0-983-557.jpg?resize=525%2C300&ssl=1 1.5x, https:\/\/i0.wp.com\/www.grieta.org.mx\/wp-content\/uploads\/2020\/06\/mujerescfe-focus-0-0-983-557.jpg?resize=700%2C400&ssl=1 2x"},"classes":[]},{"id":13502,"url":"https:\/\/www.grieta.org.mx\/index.php\/2016\/06\/02\/marchan-maestros-de-tres-municipios\/","url_meta":{"origin":10695,"position":2},"title":"Marchan maestros de tres municipios (Tabasco)","author":"grieta","date":"2 junio, 2016","format":false,"excerpt":"Unos 700 docentes de Balanc\u00e1n, Tacotalpa y Para\u00edso expresaron su rechazo a la reforma educativa. Jos\u00e9 El\u00edas Nazur Su\u00e1rez 02\/06\/2016 05:07 \/ Balanc\u00e1n, Tabasco Alrededor de 700 mentores de Balanc\u00e1n, Tacotalpa y Para\u00edso acompa\u00f1ados de padres de familias y alumnos marcharon por las calles de esta ciudad en consigna en\u2026","rel":"","context":"En &quot;CINTILLO&quot;","block_context":{"text":"CINTILLO","link":"https:\/\/www.grieta.org.mx\/index.php\/category\/cintillo\/"},"img":{"alt_text":"","src":"https:\/\/i0.wp.com\/www.grieta.org.mx\/wp-content\/uploads\/2018\/03\/14524434_1106112876131411_958039263622046936_o.jpg?resize=350%2C200&ssl=1","width":350,"height":200,"srcset":"https:\/\/i0.wp.com\/www.grieta.org.mx\/wp-content\/uploads\/2018\/03\/14524434_1106112876131411_958039263622046936_o.jpg?resize=350%2C200&ssl=1 1x, https:\/\/i0.wp.com\/www.grieta.org.mx\/wp-content\/uploads\/2018\/03\/14524434_1106112876131411_958039263622046936_o.jpg?resize=525%2C300&ssl=1 1.5x, https:\/\/i0.wp.com\/www.grieta.org.mx\/wp-content\/uploads\/2018\/03\/14524434_1106112876131411_958039263622046936_o.jpg?resize=700%2C400&ssl=1 2x"},"classes":[]},{"id":34206,"url":"https:\/\/www.grieta.org.mx\/index.php\/2019\/05\/18\/no-hay-chamba-aqui-nos-aguanta-le-dicen-a-amlo-11-mil-chontales-que-aun-se-resisten-a-pagar-luz-tabasco\/","url_meta":{"origin":10695,"position":3},"title":"No hay chamba, aqu\u00ed nos aguanta, le dicen a AMLO 11 mil chontales que a\u00fan se resisten a pagar luz (Tabasco)","author":"grieta","date":"18 mayo, 2019","format":false,"excerpt":"Redacci\u00f3n \/ Vanguardia Tras perder las elecciones para Gobernador de Tabasco con el izquierdista Partido de la Revoluci\u00f3n Democr\u00e1tica (PRD), L\u00f3pez Obrador moviliz\u00f3 a sus seguidores en la toma de pozos petroleros contra los da\u00f1os ambientales y en contra de las altas tarifas de la CFE en el estado. La\u2026","rel":"","context":"En &quot;CINTILLO&quot;","block_context":{"text":"CINTILLO","link":"https:\/\/www.grieta.org.mx\/index.php\/category\/cintillo\/"},"img":{"alt_text":"","src":"https:\/\/i0.wp.com\/www.grieta.org.mx\/wp-content\/uploads\/2019\/06\/cfe_maticos-cuartoscuro.jpg?resize=350%2C200&ssl=1","width":350,"height":200,"srcset":"https:\/\/i0.wp.com\/www.grieta.org.mx\/wp-content\/uploads\/2019\/06\/cfe_maticos-cuartoscuro.jpg?resize=350%2C200&ssl=1 1x, https:\/\/i0.wp.com\/www.grieta.org.mx\/wp-content\/uploads\/2019\/06\/cfe_maticos-cuartoscuro.jpg?resize=525%2C300&ssl=1 1.5x, https:\/\/i0.wp.com\/www.grieta.org.mx\/wp-content\/uploads\/2019\/06\/cfe_maticos-cuartoscuro.jpg?resize=700%2C400&ssl=1 2x, https:\/\/i0.wp.com\/www.grieta.org.mx\/wp-content\/uploads\/2019\/06\/cfe_maticos-cuartoscuro.jpg?resize=1050%2C600&ssl=1 3x, https:\/\/i0.wp.com\/www.grieta.org.mx\/wp-content\/uploads\/2019\/06\/cfe_maticos-cuartoscuro.jpg?resize=1400%2C800&ssl=1 4x"},"classes":[]},{"id":7031,"url":"https:\/\/www.grieta.org.mx\/index.php\/2015\/10\/06\/medicos-de-tabasco-marchan-y-exigen-justicia-para-su-companero-asesinado\/","url_meta":{"origin":10695,"position":4},"title":"M\u00e9dicos de Tabasco marchan y exigen justicia para su compa\u00f1ero asesinado","author":"grieta","date":"6 octubre, 2015","format":false,"excerpt":"06\/10\/15. Exigen justicia por crimen de m\u00e9dico en Balanc\u00e1nOro Negro","rel":"","context":"En &quot;NOTICIAS NACIONALES&quot;","block_context":{"text":"NOTICIAS NACIONALES","link":"https:\/\/www.grieta.org.mx\/index.php\/category\/noticias-nacionales\/"},"img":{"alt_text":"","src":"https:\/\/i0.wp.com\/www.grieta.org.mx\/wp-content\/uploads\/2018\/03\/14524434_1106112876131411_958039263622046936_o.jpg?resize=350%2C200&ssl=1","width":350,"height":200,"srcset":"https:\/\/i0.wp.com\/www.grieta.org.mx\/wp-content\/uploads\/2018\/03\/14524434_1106112876131411_958039263622046936_o.jpg?resize=350%2C200&ssl=1 1x, https:\/\/i0.wp.com\/www.grieta.org.mx\/wp-content\/uploads\/2018\/03\/14524434_1106112876131411_958039263622046936_o.jpg?resize=525%2C300&ssl=1 1.5x, https:\/\/i0.wp.com\/www.grieta.org.mx\/wp-content\/uploads\/2018\/03\/14524434_1106112876131411_958039263622046936_o.jpg?resize=700%2C400&ssl=1 2x"},"classes":[]},{"id":13818,"url":"https:\/\/www.grieta.org.mx\/index.php\/2016\/06\/06\/maestros-y-padres-marchan-en-balancan-y-macuspana\/","url_meta":{"origin":10695,"position":5},"title":"Maestros y padres marchan en Balanc\u00e1n y Macuspana","author":"grieta","date":"6 junio, 2016","format":false,"excerpt":"(Con informaci\u00f3n de Nazur Su\u00e1rez y Mario Alberto Mendoza) Maestros integrantes de la Coordinadora Estatal de Trabajadores de la Educaci\u00f3n de Tabasco (CETET) marchan esta ma\u00f1ana en el municipio de Balanc\u00e1n, mientras que en Macuspana lo hacen padres de familia en apoyo a los docentes en paro. En Balanc\u00e1n, padres\u2026","rel":"","context":"En &quot;CINTILLO&quot;","block_context":{"text":"CINTILLO","link":"https:\/\/www.grieta.org.mx\/index.php\/category\/cintillo\/"},"img":{"alt_text":"","src":"https:\/\/i0.wp.com\/www.grieta.org.mx\/wp-content\/uploads\/2018\/03\/14524434_1106112876131411_958039263622046936_o.jpg?resize=350%2C200&ssl=1","width":350,"height":200,"srcset":"https:\/\/i0.wp.com\/www.grieta.org.mx\/wp-content\/uploads\/2018\/03\/14524434_1106112876131411_958039263622046936_o.jpg?resize=350%2C200&ssl=1 1x, https:\/\/i0.wp.com\/www.grieta.org.mx\/wp-content\/uploads\/2018\/03\/14524434_1106112876131411_958039263622046936_o.jpg?resize=525%2C300&ssl=1 1.5x, https:\/\/i0.wp.com\/www.grieta.org.mx\/wp-content\/uploads\/2018\/03\/14524434_1106112876131411_958039263622046936_o.jpg?resize=700%2C400&ssl=1 2x"},"classes":[]}],"_links":{"self":[{"href":"https:\/\/www.grieta.org.mx\/index.php\/wp-json\/wp\/v2\/posts\/10695","targetHints":{"allow":["GET"]}}],"collection":[{"href":"https:\/\/www.grieta.org.mx\/index.php\/wp-json\/wp\/v2\/posts"}],"about":[{"href":"https:\/\/www.grieta.org.mx\/index.php\/wp-json\/wp\/v2\/types\/post"}],"author":[{"embeddable":true,"href":"https:\/\/www.grieta.org.mx\/index.php\/wp-json\/wp\/v2\/users\/2"}],"replies":[{"embeddable":true,"href":"https:\/\/www.grieta.org.mx\/index.php\/wp-json\/wp\/v2\/comments?post=10695"}],"version-history":[{"count":1,"href":"https:\/\/www.grieta.org.mx\/index.php\/wp-json\/wp\/v2\/posts\/10695\/revisions"}],"predecessor-version":[{"id":10927,"href":"https:\/\/www.grieta.org.mx\/index.php\/wp-json\/wp\/v2\/posts\/10695\/revisions\/10927"}],"wp:featuredmedia":[{"embeddable":true,"href":"https:\/\/www.grieta.org.mx\/index.php\/wp-json\/wp\/v2\/media\/21928"}],"wp:attachment":[{"href":"https:\/\/www.grieta.org.mx\/index.php\/wp-json\/wp\/v2\/media?parent=10695"}],"wp:term":[{"taxonomy":"category","embeddable":true,"href":"https:\/\/www.grieta.org.mx\/index.php\/wp-json\/wp\/v2\/categories?post=10695"},{"taxonomy":"post_tag","embeddable":true,"href":"https:\/\/www.grieta.org.mx\/index.php\/wp-json\/wp\/v2\/tags?post=10695"}],"curies":[{"name":"wp","href":"https:\/\/api.w.org\/{rel}","templated":true}]}}