{"id":10619,"date":"2015-10-15T01:41:49","date_gmt":"2015-10-15T01:41:49","guid":{"rendered":"http:\/\/www.grieta.org.mx\/?p=10619"},"modified":"2016-04-20T01:45:17","modified_gmt":"2016-04-20T01:45:17","slug":"alerta-llegada-de-bandas-que-atacan-a-migrantes","status":"publish","type":"post","link":"https:\/\/www.grieta.org.mx\/index.php\/2015\/10\/15\/alerta-llegada-de-bandas-que-atacan-a-migrantes\/","title":{"rendered":"\u201cAlerta llegada de bandas que atacan a migrantes\u201d"},"content":{"rendered":"<p>La Casa del Migrante no ten\u00eda identificados a grupos delictivos dedicados a extorsionar y secuestrar migrantes, dijo el director del albergue, Rub\u00e9n P\u00e9rez Ortiz.<\/p>\n<p>El tambi\u00e9n presb\u00edtero se\u00f1al\u00f3 lo anterior luego de que el procurador de Justicia del Estado, Federico Garza Herrera, inform\u00f3 la existencia de una investigaci\u00f3n ministerial para confirmar o descartar la presencia de agrupaciones de delincuentes que secuestran y extorsionan a las personas indocumentadas.<\/p>\n<p>Previo a la versi\u00f3n gubernamental, \u00d3scar Aguilar Inestroza, c\u00f3nsul de Honduras en San Luis Potos\u00ed, advirti\u00f3 la misma situaci\u00f3n tras el rescate de ocho de sus compatriotas en la delegaci\u00f3n de Villa de Pozos.<\/p>\n<p>P\u00e9rez Ortiz se\u00f1al\u00f3 que no hab\u00eda testimonios en la entidad, solo se ten\u00eda conocimiento de los referidos hechos en la frontera sur y en Tamaulipas, \u201cnos preocupa que esta mancha delictiva se extendi\u00f3 a San Luis Potos\u00ed\u201d.<\/p>\n<p>Adujo que desde el a\u00f1o antepasado se fueron incrementando los secuestros y extorsiones debido a la presencia de bandas del crimen en las inmediaciones de las v\u00edas y en la entrada de la ciudad, quienes observaban y vigilaban a los migrantes.<\/p>\n<p><a href=\"http:\/\/pulsoslp.com.mx\/2015\/10\/13\/alerta-llegada-de-bandas-que-atacan-a-migrantes\/\">pulsoslp.com.mx\/2015\/10\/13\/alerta-llegada-de-bandas-que-atacan-a-migrantes\/<\/a><\/p>\n","protected":false},"excerpt":{"rendered":"<p>La Casa del Migrante no ten\u00eda identificados a grupos delictivos dedicados a extorsionar y secuestrar migrantes, dijo el director del albergue, Rub\u00e9n P\u00e9rez Ortiz. El tambi\u00e9n presb\u00edtero se\u00f1al\u00f3 lo anterior &hellip; <a href=\"https:\/\/www.grieta.org.mx\/index.php\/2015\/10\/15\/alerta-llegada-de-bandas-que-atacan-a-migrantes\/\" class=\"more-link\">Leer m\u00e1s<\/a><\/p>\n","protected":false},"author":2,"featured_media":21928,"comment_status":"closed","ping_status":"closed","sticky":false,"template":"","format":"standard","meta":{"ngg_post_thumbnail":0,"_jetpack_newsletter_access":"","_jetpack_dont_email_post_to_subs":false,"_jetpack_newsletter_tier_id":0,"_jetpack_memberships_contains_paywalled_content":false,"_jetpack_memberships_contains_paid_content":false,"footnotes":""},"categories":[80,141],"tags":[158],"class_list":["post-10619","post","type-post","status-publish","format-standard","has-post-thumbnail","hentry","category-cintillo","category-san-luis-potosi","tag-migrantes","entry"],"jetpack_featured_media_url":"https:\/\/www.grieta.org.mx\/wp-content\/uploads\/2018\/03\/14524434_1106112876131411_958039263622046936_o.jpg","jetpack_sharing_enabled":true,"jetpack_shortlink":"https:\/\/wp.me\/p7ZJR4-2Lh","jetpack_likes_enabled":false,"jetpack-related-posts":[{"id":41759,"url":"https:\/\/www.grieta.org.mx\/index.php\/2019\/11\/19\/comision-de-busqueda-atiende-39-reportes-san-luis-potosi\/","url_meta":{"origin":10619,"position":0},"title":"Comisi\u00f3n de B\u00fasqueda atiende 39 reportes (San Luis Potos\u00ed)","author":"grieta","date":"19 noviembre, 2019","format":false,"excerpt":"29 son del caso Pirasol; hace 10 a\u00f1os que desapareci\u00f3 un autob\u00fas con trabajadores y siguen desaparecidos Mayra Trist\u00e1n\/El Sol de San Luis La Comisi\u00f3n Estatal de B\u00fasqueda tiene reporte de 39 personas desparecidas en San Luis Potos\u00ed, de las cuales, 10 son migrantes mexicanos y centroamericanos, inform\u00f3 Jes\u00fas Ju\u00e1rez\u2026","rel":"","context":"En &quot;CINTILLO&quot;","block_context":{"text":"CINTILLO","link":"https:\/\/www.grieta.org.mx\/index.php\/category\/cintillo\/"},"img":{"alt_text":"","src":"https:\/\/i0.wp.com\/www.grieta.org.mx\/wp-content\/uploads\/2019\/12\/desaparecidos.png?resize=350%2C200&ssl=1","width":350,"height":200,"srcset":"https:\/\/i0.wp.com\/www.grieta.org.mx\/wp-content\/uploads\/2019\/12\/desaparecidos.png?resize=350%2C200&ssl=1 1x, https:\/\/i0.wp.com\/www.grieta.org.mx\/wp-content\/uploads\/2019\/12\/desaparecidos.png?resize=525%2C300&ssl=1 1.5x, https:\/\/i0.wp.com\/www.grieta.org.mx\/wp-content\/uploads\/2019\/12\/desaparecidos.png?resize=700%2C400&ssl=1 2x"},"classes":[]},{"id":35779,"url":"https:\/\/www.grieta.org.mx\/index.php\/2019\/07\/03\/rescatan-durante-mayo-a-mas-de-400-migrantes-en-slp-san-luis-potosi\/","url_meta":{"origin":10619,"position":1},"title":"Rescatan durante mayo a m\u00e1s de 400 migrantes en SLP (San Luis Potos\u00ed)","author":"grieta","date":"3 julio, 2019","format":false,"excerpt":"Fotograf\u00eda: Pulso Martha Arriaga \/ Pulso Durante mayo, el Instituto Nacional de Migraci\u00f3n (INM) en San Luis Potos\u00ed rescat\u00f3 a 402 migrantes, mismos que fueron repatriados a pa\u00edses como Honduras, Guatemala y El Salvador. Yolanda Camacho Zapata, representante del INM, coment\u00f3 que la mayor\u00eda siguen siendo hondure\u00f1os que buscan llegar\u2026","rel":"","context":"En &quot;CINTILLO&quot;","block_context":{"text":"CINTILLO","link":"https:\/\/www.grieta.org.mx\/index.php\/category\/cintillo\/"},"img":{"alt_text":"","src":"https:\/\/i0.wp.com\/www.grieta.org.mx\/wp-content\/uploads\/2019\/07\/Rescatan-durante-mayo-a-m%C3%A1s-de-400-migrantes-en-SLP-jul.jpg?resize=350%2C200&ssl=1","width":350,"height":200,"srcset":"https:\/\/i0.wp.com\/www.grieta.org.mx\/wp-content\/uploads\/2019\/07\/Rescatan-durante-mayo-a-m%C3%A1s-de-400-migrantes-en-SLP-jul.jpg?resize=350%2C200&ssl=1 1x, https:\/\/i0.wp.com\/www.grieta.org.mx\/wp-content\/uploads\/2019\/07\/Rescatan-durante-mayo-a-m%C3%A1s-de-400-migrantes-en-SLP-jul.jpg?resize=525%2C300&ssl=1 1.5x"},"classes":[]},{"id":34046,"url":"https:\/\/www.grieta.org.mx\/index.php\/2019\/05\/30\/aseguran-a-85-migrantes-en-tamaulipas\/","url_meta":{"origin":10619,"position":2},"title":"Aseguran a 85 migrantes en Tamaulipas","author":"grieta","date":"30 mayo, 2019","format":false,"excerpt":"Antonio Hern\u00e1ndez \/ Milenio Salieron de Ciudad Valles, San Luis Potos\u00ed en un autob\u00fas for\u00e1neo con destino a Reynosa, frontera de Tamaulipas. Elementos de la Polic\u00eda Federal aseguraron a 85 indocumentados que viajaban en un autob\u00fas que ten\u00eda como destino llegar a Reynosa. Entre los migrantes hay ni\u00f1os de brazos,\u2026","rel":"","context":"En &quot;CINTILLO&quot;","block_context":{"text":"CINTILLO","link":"https:\/\/www.grieta.org.mx\/index.php\/category\/cintillo\/"},"img":{"alt_text":"","src":"https:\/\/i0.wp.com\/www.grieta.org.mx\/wp-content\/uploads\/2019\/06\/Aseguran-a-85-migrantes-en-Tamaulipas-jun.jpg?resize=350%2C200&ssl=1","width":350,"height":200,"srcset":"https:\/\/i0.wp.com\/www.grieta.org.mx\/wp-content\/uploads\/2019\/06\/Aseguran-a-85-migrantes-en-Tamaulipas-jun.jpg?resize=350%2C200&ssl=1 1x, https:\/\/i0.wp.com\/www.grieta.org.mx\/wp-content\/uploads\/2019\/06\/Aseguran-a-85-migrantes-en-Tamaulipas-jun.jpg?resize=525%2C300&ssl=1 1.5x, https:\/\/i0.wp.com\/www.grieta.org.mx\/wp-content\/uploads\/2019\/06\/Aseguran-a-85-migrantes-en-Tamaulipas-jun.jpg?resize=700%2C400&ssl=1 2x"},"classes":[]},{"id":10624,"url":"https:\/\/www.grieta.org.mx\/index.php\/2015\/10\/10\/rescatan-a-41-migrantes-en-san-luis-potosi\/","url_meta":{"origin":10619,"position":3},"title":"Rescatan a 41 migrantes en San Luis Potos\u00ed","author":"grieta","date":"10 octubre, 2015","format":false,"excerpt":"SAN LUIS POTOS\u00cd.- Polic\u00edas estatales y federales rescataron a 41 migrantes de nacionalidad centroamericana que estaban privados de su libertad y en condiciones de maltrato en una casa del municipio de Cerritos. Con el apoyo de param\u00e9dicos los elementos policiales bridaron auxilio a 27 hombres, 12 mujeres y 2 menores,\u2026","rel":"","context":"En &quot;CINTILLO&quot;","block_context":{"text":"CINTILLO","link":"https:\/\/www.grieta.org.mx\/index.php\/category\/cintillo\/"},"img":{"alt_text":"","src":"https:\/\/i0.wp.com\/www.grieta.org.mx\/wp-content\/uploads\/2018\/03\/14524434_1106112876131411_958039263622046936_o.jpg?resize=350%2C200&ssl=1","width":350,"height":200,"srcset":"https:\/\/i0.wp.com\/www.grieta.org.mx\/wp-content\/uploads\/2018\/03\/14524434_1106112876131411_958039263622046936_o.jpg?resize=350%2C200&ssl=1 1x, https:\/\/i0.wp.com\/www.grieta.org.mx\/wp-content\/uploads\/2018\/03\/14524434_1106112876131411_958039263622046936_o.jpg?resize=525%2C300&ssl=1 1.5x, https:\/\/i0.wp.com\/www.grieta.org.mx\/wp-content\/uploads\/2018\/03\/14524434_1106112876131411_958039263622046936_o.jpg?resize=700%2C400&ssl=1 2x"},"classes":[]},{"id":41768,"url":"https:\/\/www.grieta.org.mx\/index.php\/2019\/11\/20\/se-redujo-un-60-migracion-de-centroamericanos-por-slp\/","url_meta":{"origin":10619,"position":4},"title":"Se redujo un 60% migraci\u00f3n de centroamericanos por SLP","author":"grieta","date":"20 noviembre, 2019","format":false,"excerpt":"Coinciden c\u00f3nsules; la militarizaci\u00f3n de la frontera sur de M\u00e9xico ha inhibido el flujo migratorio Mayra Trist\u00e1n\/El Sol de San Luis Se ha reducido alrededor de un 60% el flujo migratorio de centroamericanos por San Luis Potos\u00ed a ra\u00edz de la militarizaci\u00f3n de la frontera sur de M\u00e9xico. El c\u00f3nsul\u2026","rel":"","context":"En &quot;CINTILLO&quot;","block_context":{"text":"CINTILLO","link":"https:\/\/www.grieta.org.mx\/index.php\/category\/cintillo\/"},"img":{"alt_text":"","src":"https:\/\/i0.wp.com\/www.grieta.org.mx\/wp-content\/uploads\/2019\/12\/migrantes-camion.png?resize=350%2C200&ssl=1","width":350,"height":200,"srcset":"https:\/\/i0.wp.com\/www.grieta.org.mx\/wp-content\/uploads\/2019\/12\/migrantes-camion.png?resize=350%2C200&ssl=1 1x, https:\/\/i0.wp.com\/www.grieta.org.mx\/wp-content\/uploads\/2019\/12\/migrantes-camion.png?resize=525%2C300&ssl=1 1.5x, https:\/\/i0.wp.com\/www.grieta.org.mx\/wp-content\/uploads\/2019\/12\/migrantes-camion.png?resize=700%2C400&ssl=1 2x"},"classes":[]},{"id":10617,"url":"https:\/\/www.grieta.org.mx\/index.php\/2015\/12\/30\/violencia-contra-migrantes-en-slp\/","url_meta":{"origin":10619,"position":5},"title":"Violencia contra migrantes en SLP","author":"grieta","date":"30 diciembre, 2015","format":false,"excerpt":"15\/10\/15. \u201cAlerta llegada de bandas que atacan a migrantes\u201dPulso SLP 10\/10\/15. Rescatan a 41 migrantes en San Luis Potos\u00edEl Mexicano","rel":"","context":"En &quot;San Luis Potos\u00ed&quot;","block_context":{"text":"San Luis Potos\u00ed","link":"https:\/\/www.grieta.org.mx\/index.php\/category\/noticias-nacionales\/san-luis-potosi\/"},"img":{"alt_text":"","src":"https:\/\/i0.wp.com\/www.grieta.org.mx\/wp-content\/uploads\/2018\/03\/14524434_1106112876131411_958039263622046936_o.jpg?resize=350%2C200&ssl=1","width":350,"height":200,"srcset":"https:\/\/i0.wp.com\/www.grieta.org.mx\/wp-content\/uploads\/2018\/03\/14524434_1106112876131411_958039263622046936_o.jpg?resize=350%2C200&ssl=1 1x, https:\/\/i0.wp.com\/www.grieta.org.mx\/wp-content\/uploads\/2018\/03\/14524434_1106112876131411_958039263622046936_o.jpg?resize=525%2C300&ssl=1 1.5x, https:\/\/i0.wp.com\/www.grieta.org.mx\/wp-content\/uploads\/2018\/03\/14524434_1106112876131411_958039263622046936_o.jpg?resize=700%2C400&ssl=1 2x"},"classes":[]}],"_links":{"self":[{"href":"https:\/\/www.grieta.org.mx\/index.php\/wp-json\/wp\/v2\/posts\/10619","targetHints":{"allow":["GET"]}}],"collection":[{"href":"https:\/\/www.grieta.org.mx\/index.php\/wp-json\/wp\/v2\/posts"}],"about":[{"href":"https:\/\/www.grieta.org.mx\/index.php\/wp-json\/wp\/v2\/types\/post"}],"author":[{"embeddable":true,"href":"https:\/\/www.grieta.org.mx\/index.php\/wp-json\/wp\/v2\/users\/2"}],"replies":[{"embeddable":true,"href":"https:\/\/www.grieta.org.mx\/index.php\/wp-json\/wp\/v2\/comments?post=10619"}],"version-history":[{"count":1,"href":"https:\/\/www.grieta.org.mx\/index.php\/wp-json\/wp\/v2\/posts\/10619\/revisions"}],"predecessor-version":[{"id":10620,"href":"https:\/\/www.grieta.org.mx\/index.php\/wp-json\/wp\/v2\/posts\/10619\/revisions\/10620"}],"wp:featuredmedia":[{"embeddable":true,"href":"https:\/\/www.grieta.org.mx\/index.php\/wp-json\/wp\/v2\/media\/21928"}],"wp:attachment":[{"href":"https:\/\/www.grieta.org.mx\/index.php\/wp-json\/wp\/v2\/media?parent=10619"}],"wp:term":[{"taxonomy":"category","embeddable":true,"href":"https:\/\/www.grieta.org.mx\/index.php\/wp-json\/wp\/v2\/categories?post=10619"},{"taxonomy":"post_tag","embeddable":true,"href":"https:\/\/www.grieta.org.mx\/index.php\/wp-json\/wp\/v2\/tags?post=10619"}],"curies":[{"name":"wp","href":"https:\/\/api.w.org\/{rel}","templated":true}]}}