{"id":10589,"date":"2016-04-12T23:48:06","date_gmt":"2016-04-12T23:48:06","guid":{"rendered":"http:\/\/www.grieta.org.mx\/?p=10589"},"modified":"2016-04-18T23:49:34","modified_gmt":"2016-04-18T23:49:34","slug":"alerta-por-incursion-del-ejercito-en-atenco","status":"publish","type":"post","link":"https:\/\/www.grieta.org.mx\/index.php\/2016\/04\/12\/alerta-por-incursion-del-ejercito-en-atenco\/","title":{"rendered":"Alerta por incursi\u00f3n del Ej\u00e9rcito en Atenco"},"content":{"rendered":"<p>Perseo Greco<\/p>\n<p>Ciudad de M\u00e9xico. El lunes 11 de abril, habitantes de la comunidad de San Crist\u00f3bal Nexquip\u00e1yac en el Estado de M\u00e9xico denunciaron la presencia de personas ajenas a esta comunidad, resguardados por elementos de la Secretar\u00eda de la Defensa Nacional (Sedena), en terrenos ejidales de San Salvador Atenco.<\/p>\n<p>Eran arquitectos y top\u00f3grafos, quienes realizaron mediciones en dichos terrenos. Los vecinos reportaron que llegaron en camionetas y con una tanqueta del Ej\u00e9rcito.<\/p>\n<p>Integrantes del Frente de Pueblos en Defensa de la Tierra (FPDT) tambi\u00e9n se percataron que en la zona poniente de este ejido en San Salvador Atenco hab\u00eda veh\u00edculos militares y elementos armados.<\/p>\n<p>Los militares bajaron de un convoy apuntando sus armas hacia los pobladores que demandaban una explicaci\u00f3n; al verse superados en numero optaron por retirarse.<\/p>\n<p>Esta &#8220;invasi\u00f3n&#8221; se dio por las obras de construcci\u00f3n del Nuevo Aeropuerto Internacional de la Ciudad de M\u00e9xico (NAICM), por el &#8220;aeropuerto de muerte&#8221; desde hace m\u00e1s de 15 a\u00f1os.<\/p>\n<p>&#8220;Se siguen manipulando las asambleas, a los comisariados ejidales para hacer uso de cambio de suelo, es decir, es una operaci\u00f3n legal e incluso sabemos que finalmente es legalizar el despojo y abrir una tremenda puerta para las trasnacionales y la compra de la tierra ejidal, una propiedad social, con esta nueva estrategia que ha estado y siguen impulsando los gobiernos en M\u00e9xico. Hacemos un llamado, ya que su presencia nos indigna, nos ofende y lo \u00fanico que hace es provocar, le apuestan a eso&#8221;: Am\u00e9rica Del Valle, integrante del FPDT.<\/p>\n<p>Los vecinos de Huatepec y Tepetzinco realizaron guardias y denunciaron que el 14 de abril detectaron \u201cgente ajena\u201d, pero ahora en la comunidad de San Miguel Tocuila que tambi\u00e9n pertenece al Municipio de Texcoco.<\/p>\n<p>Este 3 y 4 de mayo se cumplen 10 a\u00f1os de la &#8220;represi\u00f3n&#8221; en Atenco.<\/p>\n<p><a href=\"http:\/\/www.somoselmedio.org\/article\/alerta-por-incursi%C3%B3n-del-ej%C3%A9rcito-en-atenco\" target=\"_blank\">http:\/\/www.somoselmedio.org\/article\/alerta-por-incursi%C3%B3n-del-ej%C3%A9rcito-en-atenco<\/a><\/p>\n","protected":false},"excerpt":{"rendered":"<p>Perseo Greco Ciudad de M\u00e9xico. El lunes 11 de abril, habitantes de la comunidad de San Crist\u00f3bal Nexquip\u00e1yac en el Estado de M\u00e9xico denunciaron la presencia de personas ajenas a &hellip; <a href=\"https:\/\/www.grieta.org.mx\/index.php\/2016\/04\/12\/alerta-por-incursion-del-ejercito-en-atenco\/\" class=\"more-link\">Leer m\u00e1s<\/a><\/p>\n","protected":false},"author":2,"featured_media":21928,"comment_status":"closed","ping_status":"closed","sticky":false,"template":"","format":"standard","meta":{"ngg_post_thumbnail":0,"_jetpack_newsletter_access":"","_jetpack_dont_email_post_to_subs":false,"_jetpack_newsletter_tier_id":0,"_jetpack_memberships_contains_paywalled_content":false,"_jetpack_memberships_contains_paid_content":false,"footnotes":""},"categories":[80],"tags":[143,97,92],"class_list":["post-10589","post","type-post","status-publish","format-standard","has-post-thumbnail","hentry","category-cintillo","tag-aeropuerto-de-la-ciudad-de-mexico","tag-comunicaciones-y-transportes","tag-estado-de-mexico","entry"],"jetpack_featured_media_url":"https:\/\/www.grieta.org.mx\/wp-content\/uploads\/2018\/03\/14524434_1106112876131411_958039263622046936_o.jpg","jetpack_sharing_enabled":true,"jetpack_shortlink":"https:\/\/wp.me\/p7ZJR4-2KN","jetpack_likes_enabled":false,"jetpack-related-posts":[{"id":987,"url":"https:\/\/www.grieta.org.mx\/index.php\/2015\/11\/11\/atenco-continua-lucha-contra-aeropuerto-y-la-defensa-de-la-tierra-video\/","url_meta":{"origin":10589,"position":0},"title":"Atenco: contin\u00faa lucha contra aeropuerto y la defensa de la tierra (video)","author":"grieta","date":"11 noviembre, 2015","format":false,"excerpt":"En el municipio de Atenco, Estado de M\u00e9xico, pobladores del pueblo de San Crist\u00f3bal Nexquipayac contin\u00faan en lucha contra el despojo de sus tierras por la construcci\u00f3n del nuevo aeropuerto de la Ciudad de M\u00e9xico, un proyecto de Enrique Pe\u00f1a Nieto. www.laizquierdadiario.com.mx\/Atenco-continua-lucha-contra-aeropuerto-y-la-defensa-de-la-tierra","rel":"","context":"En &quot;CINTILLO&quot;","block_context":{"text":"CINTILLO","link":"https:\/\/www.grieta.org.mx\/index.php\/category\/cintillo\/"},"img":{"alt_text":"","src":"https:\/\/i0.wp.com\/www.grieta.org.mx\/wp-content\/uploads\/2018\/03\/14524434_1106112876131411_958039263622046936_o.jpg?resize=350%2C200&ssl=1","width":350,"height":200,"srcset":"https:\/\/i0.wp.com\/www.grieta.org.mx\/wp-content\/uploads\/2018\/03\/14524434_1106112876131411_958039263622046936_o.jpg?resize=350%2C200&ssl=1 1x, https:\/\/i0.wp.com\/www.grieta.org.mx\/wp-content\/uploads\/2018\/03\/14524434_1106112876131411_958039263622046936_o.jpg?resize=525%2C300&ssl=1 1.5x, https:\/\/i0.wp.com\/www.grieta.org.mx\/wp-content\/uploads\/2018\/03\/14524434_1106112876131411_958039263622046936_o.jpg?resize=700%2C400&ssl=1 2x"},"classes":[]},{"id":11323,"url":"https:\/\/www.grieta.org.mx\/index.php\/2016\/04\/23\/ejidatarios-paran-obras-del-naicm-en-atenco\/","url_meta":{"origin":10589,"position":1},"title":"Ejidatarios paran obras del NAICM en Atenco","author":"grieta","date":"23 abril, 2016","format":false,"excerpt":"San Salvador Atenco, M\u00e9x., 23 de abril de 2016.- Integrantes del Frente de Pueblos en Defensa de la Tierra (FPDT) de San Salvador Atenco, pararon las obras de construcci\u00f3n de la Autopista Pir\u00e1mides -Texcoco que forma parte del equipamiento del nuevo Aeropuerto Internacional de la Ciudad de M\u00e9xico y obligaron\u2026","rel":"","context":"En &quot;CINTILLO&quot;","block_context":{"text":"CINTILLO","link":"https:\/\/www.grieta.org.mx\/index.php\/category\/cintillo\/"},"img":{"alt_text":"","src":"https:\/\/i0.wp.com\/www.grieta.org.mx\/wp-content\/uploads\/2018\/03\/14524434_1106112876131411_958039263622046936_o.jpg?resize=350%2C200&ssl=1","width":350,"height":200,"srcset":"https:\/\/i0.wp.com\/www.grieta.org.mx\/wp-content\/uploads\/2018\/03\/14524434_1106112876131411_958039263622046936_o.jpg?resize=350%2C200&ssl=1 1x, https:\/\/i0.wp.com\/www.grieta.org.mx\/wp-content\/uploads\/2018\/03\/14524434_1106112876131411_958039263622046936_o.jpg?resize=525%2C300&ssl=1 1.5x, https:\/\/i0.wp.com\/www.grieta.org.mx\/wp-content\/uploads\/2018\/03\/14524434_1106112876131411_958039263622046936_o.jpg?resize=700%2C400&ssl=1 2x"},"classes":[]},{"id":12981,"url":"https:\/\/www.grieta.org.mx\/index.php\/2016\/05\/24\/otra-agresion-mas-contra-el-pueblo-de-atenco-expulsan-y-golpean-a-defensores-e-instalan-malla-y-postes-en-150-hectareas\/","url_meta":{"origin":10589,"position":2},"title":"Otra agresi\u00f3n m\u00e1s contra el pueblo de Atenco; expulsan y golpean a defensores e instalan malla y postes en 150 hect\u00e1reas","author":"grieta","date":"24 mayo, 2016","format":false,"excerpt":"Por ayer se report\u00f3 que los elementos de la fuerza p\u00fablica, en esta ocasi\u00f3n los polic\u00edas federales y el cuerpo de Guardias de Seguridad del Estado de M\u00e9xico tomaron el control de los terrenos de ejidales Atenco y Nexquipayac para resguardar a los trabajadores que participan en la construcci\u00f3n del\u2026","rel":"","context":"En &quot;CINTILLO&quot;","block_context":{"text":"CINTILLO","link":"https:\/\/www.grieta.org.mx\/index.php\/category\/cintillo\/"},"img":{"alt_text":"","src":"https:\/\/i0.wp.com\/www.grieta.org.mx\/wp-content\/uploads\/2018\/03\/14524434_1106112876131411_958039263622046936_o.jpg?resize=350%2C200&ssl=1","width":350,"height":200,"srcset":"https:\/\/i0.wp.com\/www.grieta.org.mx\/wp-content\/uploads\/2018\/03\/14524434_1106112876131411_958039263622046936_o.jpg?resize=350%2C200&ssl=1 1x, https:\/\/i0.wp.com\/www.grieta.org.mx\/wp-content\/uploads\/2018\/03\/14524434_1106112876131411_958039263622046936_o.jpg?resize=525%2C300&ssl=1 1.5x, https:\/\/i0.wp.com\/www.grieta.org.mx\/wp-content\/uploads\/2018\/03\/14524434_1106112876131411_958039263622046936_o.jpg?resize=700%2C400&ssl=1 2x"},"classes":[]},{"id":1004,"url":"https:\/\/www.grieta.org.mx\/index.php\/2015\/09\/05\/el-frente-de-pueblos-en-defensa-de-la-tierra-apoya-protesta-de-afectados-por-autopista-piramides-texcoco\/","url_meta":{"origin":10589,"position":3},"title":"El Frente de Pueblos en Defensa de la Tierra apoya protesta de afectados por autopista Pir\u00e1mides-Texcoco","author":"grieta","date":"5 septiembre, 2015","format":false,"excerpt":"Gloria Aguilar Mateos TEZOYUCA. M\u00e9x., 5 de septiembre del 2015.- ejidatarios de Tequisistl\u00e1n en Tezoyuca, protestaron con el apoyo del Frente de Pueblos en Defensa de la tierra (FPDT) por la expropiaci\u00f3n de sus terrenos para la construcci\u00f3n de la autopista Pir\u00e1mides Texcoco, que ser\u00e1 parte del la infraestructura carretera\u2026","rel":"","context":"En &quot;CINTILLO&quot;","block_context":{"text":"CINTILLO","link":"https:\/\/www.grieta.org.mx\/index.php\/category\/cintillo\/"},"img":{"alt_text":"","src":"https:\/\/i0.wp.com\/www.grieta.org.mx\/wp-content\/uploads\/2018\/03\/14524434_1106112876131411_958039263622046936_o.jpg?resize=350%2C200&ssl=1","width":350,"height":200,"srcset":"https:\/\/i0.wp.com\/www.grieta.org.mx\/wp-content\/uploads\/2018\/03\/14524434_1106112876131411_958039263622046936_o.jpg?resize=350%2C200&ssl=1 1x, https:\/\/i0.wp.com\/www.grieta.org.mx\/wp-content\/uploads\/2018\/03\/14524434_1106112876131411_958039263622046936_o.jpg?resize=525%2C300&ssl=1 1.5x, https:\/\/i0.wp.com\/www.grieta.org.mx\/wp-content\/uploads\/2018\/03\/14524434_1106112876131411_958039263622046936_o.jpg?resize=700%2C400&ssl=1 2x"},"classes":[]},{"id":25758,"url":"https:\/\/www.grieta.org.mx\/index.php\/2018\/08\/23\/tierra-si-aviones-no-la-exigencia-de-atenco-ante-consulta-por-el-naim\/","url_meta":{"origin":10589,"position":4},"title":"\u201cTierra s\u00ed, aviones no\u201d, la exigencia de Atenco ante consulta por el NAIM","author":"grieta","date":"23 agosto, 2018","format":false,"excerpt":"PROCESO CIUDAD DE M\u00c9XICO (apro).- Ejidatarios de Atenco se manifestaron en la capital, de nueva cuenta, para expresar su repudio al Nuevo Aeropuerto Internacional de M\u00e9xico (NAIM). ttps:\/\/www.proceso.com.mx\/548135\/tierra-si-aviones-no-la-exigencia-de-atenco-ante-consulta-por-el-naim","rel":"","context":"En &quot;CINTILLO&quot;","block_context":{"text":"CINTILLO","link":"https:\/\/www.grieta.org.mx\/index.php\/category\/cintillo\/"},"img":{"alt_text":"","src":"https:\/\/i0.wp.com\/www.grieta.org.mx\/wp-content\/uploads\/2018\/08\/230818-atenco-as1-1078x719.jpg?resize=350%2C200&ssl=1","width":350,"height":200,"srcset":"https:\/\/i0.wp.com\/www.grieta.org.mx\/wp-content\/uploads\/2018\/08\/230818-atenco-as1-1078x719.jpg?resize=350%2C200&ssl=1 1x, https:\/\/i0.wp.com\/www.grieta.org.mx\/wp-content\/uploads\/2018\/08\/230818-atenco-as1-1078x719.jpg?resize=525%2C300&ssl=1 1.5x, https:\/\/i0.wp.com\/www.grieta.org.mx\/wp-content\/uploads\/2018\/08\/230818-atenco-as1-1078x719.jpg?resize=700%2C400&ssl=1 2x, https:\/\/i0.wp.com\/www.grieta.org.mx\/wp-content\/uploads\/2018\/08\/230818-atenco-as1-1078x719.jpg?resize=1050%2C600&ssl=1 3x"},"classes":[]},{"id":27160,"url":"https:\/\/www.grieta.org.mx\/index.php\/2018\/10\/13\/interes-inmobiliario-el-verdadero-motor-del-nuevo-aeropuerto\/","url_meta":{"origin":10589,"position":5},"title":"Inter\u00e9s inmobiliario, el verdadero motor del nuevo aeropuerto (Estado de M\u00e9xico)","author":"grieta","date":"13 octubre, 2018","format":false,"excerpt":"Jenaro Villamil Hist\u00f3ricamente, detr\u00e1s de cada megadesarrollo erigido en M\u00e9xico subyace un turbio precedente de especulaci\u00f3n inmobiliaria, despojo de terrenos ejidales y todo tipo de violaciones a las leyes, entre ellas las ambientales. La corrupci\u00f3n de sucesivos gobiernos priistas y panistas, llevada a niveles ins\u00f3litos durante el de Enrique Pe\u00f1a\u2026","rel":"","context":"En &quot;CINTILLO&quot;","block_context":{"text":"CINTILLO","link":"https:\/\/www.grieta.org.mx\/index.php\/category\/cintillo\/"},"img":{"alt_text":"","src":"https:\/\/i0.wp.com\/www.grieta.org.mx\/wp-content\/uploads\/2018\/10\/maque-1078x659.jpg?resize=350%2C200&ssl=1","width":350,"height":200,"srcset":"https:\/\/i0.wp.com\/www.grieta.org.mx\/wp-content\/uploads\/2018\/10\/maque-1078x659.jpg?resize=350%2C200&ssl=1 1x, https:\/\/i0.wp.com\/www.grieta.org.mx\/wp-content\/uploads\/2018\/10\/maque-1078x659.jpg?resize=525%2C300&ssl=1 1.5x, https:\/\/i0.wp.com\/www.grieta.org.mx\/wp-content\/uploads\/2018\/10\/maque-1078x659.jpg?resize=700%2C400&ssl=1 2x, https:\/\/i0.wp.com\/www.grieta.org.mx\/wp-content\/uploads\/2018\/10\/maque-1078x659.jpg?resize=1050%2C600&ssl=1 3x"},"classes":[]}],"_links":{"self":[{"href":"https:\/\/www.grieta.org.mx\/index.php\/wp-json\/wp\/v2\/posts\/10589","targetHints":{"allow":["GET"]}}],"collection":[{"href":"https:\/\/www.grieta.org.mx\/index.php\/wp-json\/wp\/v2\/posts"}],"about":[{"href":"https:\/\/www.grieta.org.mx\/index.php\/wp-json\/wp\/v2\/types\/post"}],"author":[{"embeddable":true,"href":"https:\/\/www.grieta.org.mx\/index.php\/wp-json\/wp\/v2\/users\/2"}],"replies":[{"embeddable":true,"href":"https:\/\/www.grieta.org.mx\/index.php\/wp-json\/wp\/v2\/comments?post=10589"}],"version-history":[{"count":1,"href":"https:\/\/www.grieta.org.mx\/index.php\/wp-json\/wp\/v2\/posts\/10589\/revisions"}],"predecessor-version":[{"id":10590,"href":"https:\/\/www.grieta.org.mx\/index.php\/wp-json\/wp\/v2\/posts\/10589\/revisions\/10590"}],"wp:featuredmedia":[{"embeddable":true,"href":"https:\/\/www.grieta.org.mx\/index.php\/wp-json\/wp\/v2\/media\/21928"}],"wp:attachment":[{"href":"https:\/\/www.grieta.org.mx\/index.php\/wp-json\/wp\/v2\/media?parent=10589"}],"wp:term":[{"taxonomy":"category","embeddable":true,"href":"https:\/\/www.grieta.org.mx\/index.php\/wp-json\/wp\/v2\/categories?post=10589"},{"taxonomy":"post_tag","embeddable":true,"href":"https:\/\/www.grieta.org.mx\/index.php\/wp-json\/wp\/v2\/tags?post=10589"}],"curies":[{"name":"wp","href":"https:\/\/api.w.org\/{rel}","templated":true}]}}