{"id":10560,"date":"2016-09-12T13:51:45","date_gmt":"2016-09-12T18:51:45","guid":{"rendered":"http:\/\/www.grieta.org.mx\/?p=10560"},"modified":"2016-09-13T12:33:40","modified_gmt":"2016-09-13T17:33:40","slug":"desaparecidos-en-veracruz","status":"publish","type":"post","link":"https:\/\/www.grieta.org.mx\/index.php\/2016\/09\/12\/desaparecidos-en-veracruz\/","title":{"rendered":"Desaparecidos en Veracruz"},"content":{"rendered":"<hr \/>\n<p><subtit>El Colectivo Solecito Veracruzano contin\u00faa labores de b\u00fasqueda de desaparecidos<\/subtit><\/p>\n<hr \/>\n<p><strong>12\/09\/16. <\/strong><a href=\"http:\/\/www.grieta.org.mx\/index.php\/2016\/09\/12\/mujeres-que-buscan-fosas-acusan-que-fiscalia-de-veracruz-entorpece-su-busqueda\/\">Mujeres que buscan fosas acusan que Fiscal\u00eda de Veracruz entorpece su b\u00fasqueda<\/a><br \/>\n<em>Animal Pol\u00edtico<\/em><\/p>\n<p><strong>29\/08\/16. <\/strong><a href=\"http:\/\/www.grieta.org.mx\/index.php\/2016\/08\/29\/un-narcocementerio-llamado-veracruz\/\">Un narcocementerio llamado Veracruz<\/a><br \/>\n<em>Proceso<\/em><\/p>\n<p><strong>15\/08\/16. <\/strong><a href=\"http:\/\/www.grieta.org.mx\/index.php\/2016\/08\/15\/encuentran-37-fosas-clandestinas-en-ocho-dias-en-veracruz\/\">Encuentran 37 fosas clandestinas en ocho d\u00edas en Veracruz<\/a><br \/>\n<em>El Financiero<\/em><\/p>\n<p><strong>15\/08\/16. <\/strong><a href=\"http:\/\/www.grieta.org.mx\/index.php\/2016\/08\/15\/encuentran-fosas-clandestinas-en-veracruz-suman-38-hasta-ahora\/\">Encuentran fosas clandestinas en Veracruz, suman 38 hasta ahora<\/a><br \/>\n<em>Excelsior<\/em><\/p>\n<hr \/>\n<p><subtit>Brigada Nacional de B\u00fasqueda concluye labores de investigaci\u00f3n en Veracruz<\/subtit><\/p>\n<hr \/>\n<p><strong>01\/08\/16. <\/strong><a href=\"http:\/\/www.grieta.org.mx\/index.php\/2016\/08\/01\/concluye-brigada-nacional-de-busqueda-de-desaparecidos-sin-confianza-alguna-en-sus-gobiernos\/\">Concluye Brigada Nacional de B\u00fasqueda de Desaparecidos, sin confianza alguna en sus gobiernos<\/a><br \/>\n<em>RIOaxaca<\/em><\/p>\n<p><strong>31\/07\/16. <\/strong><a href=\"http:\/\/www.grieta.org.mx\/index.php\/2016\/07\/31\/brigada-por-desaparecidos-acusa-a-duarte-de-cruzarse-de-brazos-se-debe-castigar-al-estado-dicen\/\">Brigada por desaparecidos acusa a Duarte de cruzarse de brazos; se debe castigar al Estado, dicen<\/a><br \/>\n<em>Sin Embargo<\/em><\/p>\n<p><strong>14\/07\/16. <\/strong><a href=\"http:\/\/www.grieta.org.mx\/index.php\/2016\/07\/14\/llega-la-segunda-etapa-de-la-brigada-de-busqueda-de-desaparecidos\/\">Llega la segunda etapa de la Brigada de B\u00fasqueda de Desaparecidos<\/a><br \/>\n<em>Noreste<\/em><\/p>\n<p><strong>30\/04\/16. <\/strong><a href=\"http:\/\/www.grieta.org.mx\/index.php\/2016\/04\/30\/denuncia-brigada-de-busqueda-hostigamiento-de-policias-a-aracely-salcedo\/\">Denuncia Brigada de b\u00fasqueda hostigamiento de Polic\u00edas a Aracely Salcedo<\/a><br \/>\n<em>Proyecto 13<\/em><\/p>\n<p><strong>24\/04\/16. <\/strong><a href=\"http:\/\/www.grieta.org.mx\/index.php\/2016\/04\/24\/500-osamentas-despedazadas-por-maquinaria-cortante-en-la-ruta-de-la-muerte\/\">La brigada civil en Veracruz: 500 restos, 15 \u201ccocinas\u201d y m\u00e1quinas para triturar huesos\u2026 en 15 d\u00edas<\/a><br \/>\n<em>Blog Expediente MX<\/em><\/p>\n<p><strong>22\/04\/16. <\/strong><a href=\"http:\/\/www.grieta.org.mx\/index.php\/2016\/04\/22\/en-solo-15-dias-en-veracruz-brigada-de-busqueda-de-desaparecidos-encontro-15-fosas\/\">En s\u00f3lo 15 d\u00edas en Veracruz, Brigada de b\u00fasqueda de desaparecidos encontr\u00f3 15 fosas<\/a><br \/>\n<em>Animal Pol\u00edtico<\/em><\/p>\n<p><strong>21\/04\/16. <\/strong><a href=\"http:\/\/www.grieta.org.mx\/index.php\/2016\/04\/21\/el-dia-que-dios-lloro-en-veracruz\/\">El d\u00eda que Dios llor\u00f3 en Veracruz<\/a><br \/>\n<em>Pie de P\u00e1gina<\/em><\/p>\n<p><strong>17\/04\/16. <\/strong><a href=\"http:\/\/www.grieta.org.mx\/index.php\/2016\/04\/17\/veracruz-apesta-a-temor-y-fosas-venimos-a-romper-con-eso-brigada-nacional-de-busqueda\/\">Veracruz apesta a temor y fosas; venimos a romper con eso: Brigada Nacional de B\u00fasqueda<\/a><br \/>\n<em>Al Calor Pol\u00edtico<\/em><\/p>\n<p><strong>12\/04\/16. <\/strong><a href=\"http:\/\/www.grieta.org.mx\/index.php\/2016\/04\/12\/hallan-familiares-de-desaparecidos-ropa-con-aparentes-huellas-de-sangre-en-la-pochota\/\">Hallan familiares de desaparecidos ropa con aparentes huellas de sangre en \u201cLa Pochota\u201d<\/a><br \/>\n<em>Proyecto 13<\/em><\/p>\n<p><strong>08\/04\/16. <\/strong><a href=\"http:\/\/www.grieta.org.mx\/index.php\/2016\/04\/08\/crean-la-brigada-nacional-de-busqueda-de-desaparecidos-su-primera-mision-sera-en-veracruz\/\">Crean la Brigada Nacional de B\u00fasqueda de desaparecidos; su primera misi\u00f3n ser\u00e1 en Veracruz<\/a><br \/>\n<em>Animal Pol\u00edtico<\/em><\/p>\n<hr \/>\n<p><subtit>Asesinan a Jos\u00e9 de Jes\u00fas Jim\u00e9nez Gaona quien buscaba a su hija desaparecida<\/subtit><\/p>\n<hr \/>\n<p><strong>23\/06\/16. <\/strong><a href=\"http:\/\/www.grieta.org.mx\/index.php\/2016\/06\/23\/asesinan-a-jesus-jimenez-de-brigada-nacional-de-busqueda-de-desaparecidos\/\">Asesinan a Jes\u00fas Jim\u00e9nez de Brigada Nacional de B\u00fasqueda de desaparecidos<\/a><br \/>\n<em>Somos el medio<\/em><\/p>\n<p><strong>23\/06\/16. <\/strong><a href=\"http:\/\/www.grieta.org.mx\/index.php\/2016\/06\/23\/ejecutan-en-poza-rica-a-padre-activista-que-buscaba-a-su-hija-jenny-isabel-jimenez\/\">Ejecutan en Poza Rica a padre activista que buscaba a su hija, Jenny Isabel Jim\u00e9nez<\/a><br \/>\n<em>Plumas Libres<\/em><\/p>\n<hr \/>\n<p><subtit>Madres de desaparecidos marchan en Veracruz para exigir el regreso de sus hijos<\/subtit><\/p>\n<hr \/>\n<p><strong>10\/05\/16. <\/strong><a href=\"http:\/\/www.grieta.org.mx\/index.php\/2016\/05\/10\/marchan-madres-de-hijos-desaparecidos-en-veracruz\/\">Marchan madres de hijos desaparecidos en Veracruz<\/a><br \/>\n<em>El Universal<\/em><\/p>\n<hr \/>\n<p><subtit>Desaparecidos tres j\u00f3venes en Papantla, Veracruz<\/subtit><\/p>\n<hr \/>\n<p><strong>11\/04\/16. <\/strong><a href=\"http:\/\/www.grieta.org.mx\/index.php\/2016\/04\/11\/a-falta-de-resultados-padres-de-desaparecidos-en-papantla-piden-a-epn-que-busque-a-sus-hijos\/\">A falta de resultados, padres de desaparecidos en Papantla piden a EPN que busque a sus hijos<\/a><br \/>\n<em>Animal Pol\u00edtico<\/em><\/p>\n<p><strong>29\/03\/16. <\/strong><a href=\"http:\/\/grieta.org.mx\/index.php\/2016\/03\/29\/suman-8-policias-de-papantla-detenidos-por-presunto-vinculo-con-la-desaparicion-de-3-jovenes\/\">Suman 8 polic\u00edas de Papantla detenidos por presunto v\u00ednculo con la desaparici\u00f3n de 3 j\u00f3venes<\/a><br \/>\n<em>Animal Pol\u00edtico<\/em><\/p>\n<p><strong>25\/03\/16. <\/strong><a href=\"http:\/\/grieta.org.mx\/index.php\/2016\/03\/25\/ahora-es-en-papantla-3-jovenes-desaparecieron-hace-6-dias-se-los-llevaron-policias-padres\/\">Ahora es en Papantla: 3 j\u00f3venes desaparecieron hace 6 d\u00edas; se los llevaron polic\u00edas: padres<\/a><br \/>\n<em>Sin Embargo<\/em><\/p>\n<p><strong>25\/03\/16. <\/strong><a href=\"http:\/\/grieta.org.mx\/index.php\/2016\/03\/25\/nuevo-caso-de-jovenes-desaparecidos-en-veracruz-ahora-en-papantla\/\">Nuevo caso de j\u00f3venes desaparecidos en Veracruz, ahora en Papantla<\/a><br \/>\n<em>La Opini\u00f3n<\/em><\/p>\n<hr \/>\n<p><subtit>Desaparici\u00f3n de 5 j\u00f3venes en Tierra Blanca, Veracruz<\/subtit><\/p>\n<hr \/>\n<p><strong>09\/04\/16. <\/strong><a href=\"http:\/\/www.grieta.org.mx\/index.php\/2016\/04\/09\/no-se-levantara-planton-en-tierra-blanca-padre\/\">No se levantar\u00e1 plant\u00f3n en Tierra Blanca: padre<\/a><br \/>\n<em>Grupo F\u00f3rmula<\/em><\/p>\n<p><strong>17\/03\/16. <\/strong><a href=\"http:\/\/grieta.org.mx\/index.php\/2016\/03\/17\/padres-de-desaparecidos-en-tierra-blanca-confirman-muerte-de-uno-de-sus-hijos\/\">Padres de desaparecidos en Tierra Blanca confirman muerte de uno de sus hijos<\/a><br \/>\n<em>Proceso<\/em><\/p>\n<p><strong>02\/03\/16. <\/strong><a href=\"http:\/\/grieta.org.mx\/?p=4960&amp;preview=true\/\">Desaparecidos en Tierra Blanca fueron \u2018\u2018asesinados y triturados\u2019\u2019<\/a><br \/>\n<em>La Jornada<\/em><\/p>\n<p><strong>01\/03\/16. <\/strong><a href=\"http:\/\/grieta.org.mx\/index.php\/2016\/03\/01\/tierra-blanca-hoy-como-iguala-ayer-padres-piden-pruebas-de-que-sus-hijos-estan-muertos\/\">Tierra Blanca hoy, como Iguala ayer: padres piden pruebas de que sus hijos est\u00e1n muertos<\/a><br \/>\n<em>Sin Embargo<\/em><\/p>\n<p><strong>29\/02\/16. <\/strong><a href=\"http:\/\/grieta.org.mx\/index.php\/2016\/02\/29\/policia-detenido-confiesa-tortura-y-homicidio-de-los-5-jovenes-de-tierra-blanca-segun-autoridades\/\">Polic\u00eda detenido confiesa tortura y homicidio de los 5 j\u00f3venes de Tierra Blanca, seg\u00fan autoridades<\/a><br \/>\n<em>Animal Pol\u00edtico<\/em><\/p>\n<p><strong>08\/02\/16. <\/strong><a href=\"http:\/\/grieta.org.mx\/index.php\/2016\/02\/08\/hallan-restos-de-dos-de-los-cinco-jovenes-desaparecidos-en-tierra-blanca-veracruz\/\">Hallan restos de dos de los cinco j\u00f3venes desaparecidos en Tierra Blanca, Veracruz<\/a><br \/>\n<em>Animal Pol\u00edtico<\/em><\/p>\n<p><strong>08\/02\/16. <\/strong><a href=\"http:\/\/grieta.org.mx\/index.php\/2016\/02\/08\/desapariciones-en-veracruz-y-en-iguala-un-patron-comun\/\">Desapariciones en Veracruz y en Iguala: un patr\u00f3n com\u00fan<\/a><br \/>\n<em>Animal Pol\u00edtico<\/em><\/p>\n<p><strong>25\/01\/16. <\/strong><a href=\"http:\/\/grieta.org.mx\/index.php\/2016\/02\/25\/en-veracruz-no-hay-misioncumplida\/\">En Veracruz no hay #Misi\u00f3nCumplida<\/a><br \/>\n<em>Somos el Medio<\/em><\/p>\n<hr \/>\n<p><subtit>Levantan a cuatro j\u00f3venes en Coatzacoalcos, Veracruz<\/subtit><\/p>\n<hr \/>\n<p><strong>27\/03\/16. <\/strong><a href=\"http:\/\/www.grieta.org.mx\/index.php\/2016\/03\/27\/identifican-a-cuatro-cuerpos-del-basurero-de-minatitlan-eran-los-desaparecidos-de-coatzacoalcos\/\">Identifican a cuatro cuerpos del basurero de Minatitl\u00e1n eran los desaparecidos de Coatzacoalcos<\/a><br \/>\n<em>Noreste<\/em><\/p>\n<p><strong>25\/03\/16. <\/strong><a href=\"http:\/\/grieta.org.mx\/index.php\/2016\/03\/25\/otra-vez-veracruz-levantan-a-4-jovenes-y-sospechan-de-policia-o-ejercito\/\">Otra vez Veracruz: \u201cLevantan\u201d a 4 j\u00f3venes y sospechan de Polic\u00eda o Ej\u00e9rcito<\/a><br \/>\n<em>Proceso<\/em><\/p>\n","protected":false},"excerpt":{"rendered":"<p>El Colectivo Solecito Veracruzano contin\u00faa labores de b\u00fasqueda de desaparecidos 12\/09\/16. Mujeres que buscan fosas acusan que Fiscal\u00eda de Veracruz entorpece su b\u00fasqueda Animal Pol\u00edtico 29\/08\/16. Un narcocementerio llamado Veracruz &hellip; <a href=\"https:\/\/www.grieta.org.mx\/index.php\/2016\/09\/12\/desaparecidos-en-veracruz\/\" class=\"more-link\">Leer m\u00e1s<\/a><\/p>\n","protected":false},"author":2,"featured_media":21928,"comment_status":"closed","ping_status":"closed","sticky":false,"template":"","format":"standard","meta":{"ngg_post_thumbnail":0,"_jetpack_newsletter_access":"","_jetpack_dont_email_post_to_subs":false,"_jetpack_newsletter_tier_id":0,"_jetpack_memberships_contains_paywalled_content":false,"_jetpack_memberships_contains_paid_content":false,"footnotes":""},"categories":[87,2,35],"tags":[],"class_list":["post-10560","post","type-post","status-publish","format-standard","has-post-thumbnail","hentry","category-desaparecidos","category-noticias-nacionales","category-veracruz","entry"],"jetpack_featured_media_url":"https:\/\/www.grieta.org.mx\/wp-content\/uploads\/2018\/03\/14524434_1106112876131411_958039263622046936_o.jpg","jetpack_sharing_enabled":true,"jetpack_shortlink":"https:\/\/wp.me\/p7ZJR4-2Kk","jetpack_likes_enabled":false,"jetpack-related-posts":[{"id":31081,"url":"https:\/\/www.grieta.org.mx\/index.php\/2019\/03\/12\/buscan-fosas-clandestinas-a-lado-de-basurero-en-veracruz\/","url_meta":{"origin":10560,"position":0},"title":"Buscan fosas clandestinas a lado de basurero en Veracruz","author":"grieta","date":"12 marzo, 2019","format":false,"excerpt":"Redacci\u00f3n \/ 24morelos El Colectivo Solecito Veracruzano inform\u00f3 que se comenz\u00f3 la b\u00fasqueda de fosas clandestinas a un lado del basurero municipal de Veracruz conocida como \u201cKil\u00f3metro 13 y medio\u201d. Con esta, ser\u00edan ya tres b\u00fasquedas en esta zona. Familiares de desaparecidos declararon que el acceso se ha complicado ya\u2026","rel":"","context":"En &quot;CINTILLO&quot;","block_context":{"text":"CINTILLO","link":"https:\/\/www.grieta.org.mx\/index.php\/category\/cintillo\/"},"img":{"alt_text":"","src":"https:\/\/i0.wp.com\/www.grieta.org.mx\/wp-content\/uploads\/2019\/03\/fosas.png?resize=350%2C200&ssl=1","width":350,"height":200,"srcset":"https:\/\/i0.wp.com\/www.grieta.org.mx\/wp-content\/uploads\/2019\/03\/fosas.png?resize=350%2C200&ssl=1 1x, https:\/\/i0.wp.com\/www.grieta.org.mx\/wp-content\/uploads\/2019\/03\/fosas.png?resize=525%2C300&ssl=1 1.5x, https:\/\/i0.wp.com\/www.grieta.org.mx\/wp-content\/uploads\/2019\/03\/fosas.png?resize=700%2C400&ssl=1 2x"},"classes":[]},{"id":33177,"url":"https:\/\/www.grieta.org.mx\/index.php\/2019\/04\/29\/crece-a-43-fosas-en-cementerio-clandestino-en-veracruz\/","url_meta":{"origin":10560,"position":1},"title":"Crece a 43 fosas en cementerio clandestino en Veracruz","author":"grieta","date":"29 abril, 2019","format":false,"excerpt":"Redacci\u00f3n \/ Tabasco Hoy Se localiza en el municipio de \u00darsulo Galv\u00e1n, donde autoridades dedicar\u00e1n 15 d\u00edas al reconocimiento del predio. El n\u00famero de fosas localizadas en el cementerio clandestino \u201cEl Huapote\u201d, municipio de \u00darsulo Galv\u00e1n, subi\u00f3 de 36 a 43, durante la primera jornada de b\u00fasqueda que realizaron este\u2026","rel":"","context":"En &quot;CINTILLO&quot;","block_context":{"text":"CINTILLO","link":"https:\/\/www.grieta.org.mx\/index.php\/category\/cintillo\/"},"img":{"alt_text":"","src":"https:\/\/i0.wp.com\/www.grieta.org.mx\/wp-content\/uploads\/2019\/05\/direct-10.jpg?resize=350%2C200&ssl=1","width":350,"height":200,"srcset":"https:\/\/i0.wp.com\/www.grieta.org.mx\/wp-content\/uploads\/2019\/05\/direct-10.jpg?resize=350%2C200&ssl=1 1x, https:\/\/i0.wp.com\/www.grieta.org.mx\/wp-content\/uploads\/2019\/05\/direct-10.jpg?resize=525%2C300&ssl=1 1.5x, https:\/\/i0.wp.com\/www.grieta.org.mx\/wp-content\/uploads\/2019\/05\/direct-10.jpg?resize=700%2C400&ssl=1 2x"},"classes":[]},{"id":45506,"url":"https:\/\/www.grieta.org.mx\/index.php\/2020\/03\/03\/colectivo-de-puebla-si-encontro-a-desaparecidos-tras-intervenir-fosas-clandestinas-en-veracruz\/","url_meta":{"origin":10560,"position":2},"title":"Colectivo de Puebla s\u00ed encontr\u00f3 a desaparecidos tras intervenir fosas clandestinas en Veracruz","author":"Admin","date":"3 marzo, 2020","format":false,"excerpt":"Magarely Hern\u00e1ndez \/ P\u00e1gina Negra Tras intervenir fosas clandestinas en el estado de Veracruz, el colectivo \u201cVoz de los Desaparecidos\u201d de Puebla encontr\u00f3 restos de personas que podr\u00edan ser algunos poblanos buscados desde hace varios meses e incluso a\u00f1os. As\u00ed lo confirm\u00f3 a P\u00c1GINA NEGRA Mar\u00eda Luisa N\u00fa\u00f1ez, vocera del\u2026","rel":"","context":"En &quot;CINTILLO&quot;","block_context":{"text":"CINTILLO","link":"https:\/\/www.grieta.org.mx\/index.php\/category\/cintillo\/"},"img":{"alt_text":"","src":"https:\/\/i0.wp.com\/www.grieta.org.mx\/wp-content\/uploads\/2020\/03\/Captura-de-pantalla-2020-03-04-a-las-12.03.59-p.m..png?resize=350%2C200&ssl=1","width":350,"height":200,"srcset":"https:\/\/i0.wp.com\/www.grieta.org.mx\/wp-content\/uploads\/2020\/03\/Captura-de-pantalla-2020-03-04-a-las-12.03.59-p.m..png?resize=350%2C200&ssl=1 1x, https:\/\/i0.wp.com\/www.grieta.org.mx\/wp-content\/uploads\/2020\/03\/Captura-de-pantalla-2020-03-04-a-las-12.03.59-p.m..png?resize=525%2C300&ssl=1 1.5x"},"classes":[]},{"id":34584,"url":"https:\/\/www.grieta.org.mx\/index.php\/2019\/03\/14\/hallan-mas-fosas-en-rio-blanco-podria-haber-mas-cuerpos-veracruz\/","url_meta":{"origin":10560,"position":3},"title":"Hallan m\u00e1s fosas en R\u00edo Blanco; podr\u00eda haber m\u00e1s cuerpos (Veracruz)","author":"grieta","date":"14 marzo, 2019","format":false,"excerpt":"Patricia Libonatti \/ Quadrat\u00edn Veracruz R\u00cdO BLANCO, Ver., 14 de marzo de 2019.- Tras el hallazgo de cuatro cuerpos m\u00e1s, los trabajos de b\u00fasqueda continuar\u00e1n por tiempo indefinido en Los Arenales, de la colonia Venustiano Carranza de R\u00edo Blanco, ya que se han detectado otras fosas y el n\u00famero de\u2026","rel":"","context":"En &quot;CINTILLO&quot;","block_context":{"text":"CINTILLO","link":"https:\/\/www.grieta.org.mx\/index.php\/category\/cintillo\/"},"img":{"alt_text":"","src":"https:\/\/i0.wp.com\/www.grieta.org.mx\/wp-content\/uploads\/2019\/06\/7D578570-CCA7-4AE7-9153-960469383247-1160x700.jpeg?resize=350%2C200&ssl=1","width":350,"height":200,"srcset":"https:\/\/i0.wp.com\/www.grieta.org.mx\/wp-content\/uploads\/2019\/06\/7D578570-CCA7-4AE7-9153-960469383247-1160x700.jpeg?resize=350%2C200&ssl=1 1x, https:\/\/i0.wp.com\/www.grieta.org.mx\/wp-content\/uploads\/2019\/06\/7D578570-CCA7-4AE7-9153-960469383247-1160x700.jpeg?resize=525%2C300&ssl=1 1.5x, https:\/\/i0.wp.com\/www.grieta.org.mx\/wp-content\/uploads\/2019\/06\/7D578570-CCA7-4AE7-9153-960469383247-1160x700.jpeg?resize=700%2C400&ssl=1 2x, https:\/\/i0.wp.com\/www.grieta.org.mx\/wp-content\/uploads\/2019\/06\/7D578570-CCA7-4AE7-9153-960469383247-1160x700.jpeg?resize=1050%2C600&ssl=1 3x"},"classes":[]},{"id":10752,"url":"https:\/\/www.grieta.org.mx\/index.php\/2016\/04\/22\/en-solo-15-dias-en-veracruz-brigada-de-busqueda-de-desaparecidos-encontro-15-fosas\/","url_meta":{"origin":10560,"position":4},"title":"En s\u00f3lo 15 d\u00edas en Veracruz, Brigada de b\u00fasqueda de desaparecidos encontr\u00f3 15 fosas","author":"grieta","date":"22 abril, 2016","format":false,"excerpt":"Manu Ureste La Brigada Nacional de B\u00fasqueda de familiares de personas desaparecidas inform\u00f3 la tarde de este viernes que, en tan solo 15 d\u00edas de trabajo en diferentes lugares del estado de Veracruz, localiz\u00f3 15 fosas clandestinas con restos humanos, muchos de ellos calcinados. La Brigada se\u00f1al\u00f3 que los hallazgos\u2026","rel":"","context":"En &quot;CINTILLO&quot;","block_context":{"text":"CINTILLO","link":"https:\/\/www.grieta.org.mx\/index.php\/category\/cintillo\/"},"img":{"alt_text":"","src":"https:\/\/i0.wp.com\/www.grieta.org.mx\/wp-content\/uploads\/2018\/03\/14524434_1106112876131411_958039263622046936_o.jpg?resize=350%2C200&ssl=1","width":350,"height":200,"srcset":"https:\/\/i0.wp.com\/www.grieta.org.mx\/wp-content\/uploads\/2018\/03\/14524434_1106112876131411_958039263622046936_o.jpg?resize=350%2C200&ssl=1 1x, https:\/\/i0.wp.com\/www.grieta.org.mx\/wp-content\/uploads\/2018\/03\/14524434_1106112876131411_958039263622046936_o.jpg?resize=525%2C300&ssl=1 1.5x, https:\/\/i0.wp.com\/www.grieta.org.mx\/wp-content\/uploads\/2018\/03\/14524434_1106112876131411_958039263622046936_o.jpg?resize=700%2C400&ssl=1 2x"},"classes":[]},{"id":36340,"url":"https:\/\/www.grieta.org.mx\/index.php\/2019\/07\/02\/inician-trabajos-de-busqueda-de-cuerpos-en-mega-fosa-del-norte-de-veracruz\/","url_meta":{"origin":10560,"position":5},"title":"Inician trabajos de b\u00fasqueda de cuerpos en mega fosa del norte de Veracruz","author":"grieta","date":"2 julio, 2019","format":false,"excerpt":"Edgar \u00c1vila \/ El Universal -En los \u00faltimos ocho a\u00f1os suman de manera oficial al menos 601 fosas clandestinas en territorio veracruzano, con 518 cuerpos, 560 cr\u00e1neos y 53 mil 606 fragmentos de cuerpos de personas, tanto hombres, mujeres y ni\u00f1os Autoridades ministeriales, de manera conjunta con visitadores de derechos\u2026","rel":"","context":"En &quot;CINTILLO&quot;","block_context":{"text":"CINTILLO","link":"https:\/\/www.grieta.org.mx\/index.php\/category\/cintillo\/"},"img":{"alt_text":"","src":"https:\/\/i0.wp.com\/www.grieta.org.mx\/wp-content\/uploads\/2019\/07\/https-_www.eluniversal.com_.mx_sites_default_files_styles_f03-651x400_public_2019_07_02_fosas_univ.jpg-itokDIKFWbHf.jpg?resize=350%2C200&ssl=1","width":350,"height":200,"srcset":"https:\/\/i0.wp.com\/www.grieta.org.mx\/wp-content\/uploads\/2019\/07\/https-_www.eluniversal.com_.mx_sites_default_files_styles_f03-651x400_public_2019_07_02_fosas_univ.jpg-itokDIKFWbHf.jpg?resize=350%2C200&ssl=1 1x, https:\/\/i0.wp.com\/www.grieta.org.mx\/wp-content\/uploads\/2019\/07\/https-_www.eluniversal.com_.mx_sites_default_files_styles_f03-651x400_public_2019_07_02_fosas_univ.jpg-itokDIKFWbHf.jpg?resize=525%2C300&ssl=1 1.5x"},"classes":[]}],"_links":{"self":[{"href":"https:\/\/www.grieta.org.mx\/index.php\/wp-json\/wp\/v2\/posts\/10560","targetHints":{"allow":["GET"]}}],"collection":[{"href":"https:\/\/www.grieta.org.mx\/index.php\/wp-json\/wp\/v2\/posts"}],"about":[{"href":"https:\/\/www.grieta.org.mx\/index.php\/wp-json\/wp\/v2\/types\/post"}],"author":[{"embeddable":true,"href":"https:\/\/www.grieta.org.mx\/index.php\/wp-json\/wp\/v2\/users\/2"}],"replies":[{"embeddable":true,"href":"https:\/\/www.grieta.org.mx\/index.php\/wp-json\/wp\/v2\/comments?post=10560"}],"version-history":[{"count":1,"href":"https:\/\/www.grieta.org.mx\/index.php\/wp-json\/wp\/v2\/posts\/10560\/revisions"}],"predecessor-version":[{"id":21535,"href":"https:\/\/www.grieta.org.mx\/index.php\/wp-json\/wp\/v2\/posts\/10560\/revisions\/21535"}],"wp:featuredmedia":[{"embeddable":true,"href":"https:\/\/www.grieta.org.mx\/index.php\/wp-json\/wp\/v2\/media\/21928"}],"wp:attachment":[{"href":"https:\/\/www.grieta.org.mx\/index.php\/wp-json\/wp\/v2\/media?parent=10560"}],"wp:term":[{"taxonomy":"category","embeddable":true,"href":"https:\/\/www.grieta.org.mx\/index.php\/wp-json\/wp\/v2\/categories?post=10560"},{"taxonomy":"post_tag","embeddable":true,"href":"https:\/\/www.grieta.org.mx\/index.php\/wp-json\/wp\/v2\/tags?post=10560"}],"curies":[{"name":"wp","href":"https:\/\/api.w.org\/{rel}","templated":true}]}}