{"id":10531,"date":"2016-02-11T03:55:50","date_gmt":"2016-02-11T03:55:50","guid":{"rendered":"http:\/\/www.grieta.org.mx\/?p=10531"},"modified":"2016-04-17T04:05:09","modified_gmt":"2016-04-17T04:05:09","slug":"nuestra-lucha-va-mas-alla-de-una-casa-es-por-nuestra-historia-pedregales-de-coyoacan","status":"publish","type":"post","link":"https:\/\/www.grieta.org.mx\/index.php\/2016\/02\/11\/nuestra-lucha-va-mas-alla-de-una-casa-es-por-nuestra-historia-pedregales-de-coyoacan\/","title":{"rendered":"\u00abNuestra lucha va m\u00e1s all\u00e1 de una casa, es por nuestra historia\u00bb: Pedregales de Coyoac\u00e1n"},"content":{"rendered":"<p>Subversiones<\/p>\n<p>Por Heriberto Paredes\t<\/p>\n<p><img decoding=\"async\" data-attachment-id=\"10532\" data-permalink=\"https:\/\/www.grieta.org.mx\/index.php\/2016\/02\/11\/nuestra-lucha-va-mas-alla-de-una-casa-es-por-nuestra-historia-pedregales-de-coyoacan\/zod6c2a9258\/\" data-orig-file=\"https:\/\/www.grieta.org.mx\/wp-content\/uploads\/2016\/04\/zod6C2A9258.jpg\" data-orig-size=\"1070,713\" data-comments-opened=\"0\" data-image-meta=\"{&quot;aperture&quot;:&quot;9&quot;,&quot;credit&quot;:&quot;&quot;,&quot;camera&quot;:&quot;Canon EOS 5D Mark III&quot;,&quot;caption&quot;:&quot;&quot;,&quot;created_timestamp&quot;:&quot;1455111072&quot;,&quot;copyright&quot;:&quot;&quot;,&quot;focal_length&quot;:&quot;24&quot;,&quot;iso&quot;:&quot;100&quot;,&quot;shutter_speed&quot;:&quot;0.005&quot;,&quot;title&quot;:&quot;&quot;,&quot;orientation&quot;:&quot;0&quot;}\" data-image-title=\"zod6C2A9258\" data-image-description=\"\" data-image-caption=\"\" data-medium-file=\"https:\/\/www.grieta.org.mx\/wp-content\/uploads\/2016\/04\/zod6C2A9258-300x200.jpg\" data-large-file=\"https:\/\/www.grieta.org.mx\/wp-content\/uploads\/2016\/04\/zod6C2A9258-1024x682.jpg\" src=\"http:\/\/www.grieta.org.mx\/wp-content\/uploads\/2016\/04\/zod6C2A9258-1024x682.jpg\" alt=\"zod6C2A9258\" width=\"100%\" class=\"alignnone size-large wp-image-10532\" srcset=\"https:\/\/www.grieta.org.mx\/wp-content\/uploads\/2016\/04\/zod6C2A9258-1024x682.jpg 1024w, https:\/\/www.grieta.org.mx\/wp-content\/uploads\/2016\/04\/zod6C2A9258-300x200.jpg 300w, https:\/\/www.grieta.org.mx\/wp-content\/uploads\/2016\/04\/zod6C2A9258-768x512.jpg 768w, https:\/\/www.grieta.org.mx\/wp-content\/uploads\/2016\/04\/zod6C2A9258.jpg 1070w\" sizes=\"(max-width: 1024px) 100vw, 1024px\" \/><\/p>\n<p>Desde que el pasado 11 de enero, el jefe de gobierno de la Ciudad de M\u00e9xico, Miguel \u00c1ngel Mancera, anunci\u00f3 la cancelaci\u00f3n definitiva del proyecto \u00abCiudad del Futuro\u00bb en el terreno que ahora ocupa una planta asfaltadora, ubicada al sur de la ciudad en la colonia Santo Domingo, la lucha vecinal en apariencia hab\u00eda conseguido su principal objetivo. Desafortunadamente la situaci\u00f3n no ha sido tan f\u00e1cil y distintas problem\u00e1ticas contin\u00faan pendientes por resolverse; por otro lado, mujeres y hombres de distintas edades, habitantes de la zona conocida como Pedregales de Coyoac\u00e1n, mantienen una fuerte organizaci\u00f3n barrial que va m\u00e1s all\u00e1 de las fronteras de colonias. El objetivo no es s\u00f3lo la cancelaci\u00f3n aparente \u2013en los discursos pol\u00edticos\u2013 de los proyectos gentrificadores que ahora comienzan nuevamente a brotar en distintas zonas de la capital, es adem\u00e1s, ejercer una participaci\u00f3n decisiva en la planificaci\u00f3n, la transformaci\u00f3n y el mejoramiento de la urbe bajo otros principios que el mero progreso capitalista.<\/p>\n<p>Este 10 de febrero, poco m\u00e1s de 200 personas se reunieron afuera de la planta de asfalto en disputa, la cual, a pesar de las declaraciones del mandatario capitalino acerca de \u00aba sus altas emisiones contaminantes\u00bb no ha cesado funciones y mostraba una actividad bastante s\u00f3lida. El acto demostr\u00f3 que las colonias y los barrios que comprende esta regi\u00f3n al sur de la ciudad est\u00e1n unificadas y que hay una clara disposici\u00f3n y conciencia para mantener la lucha y la resistencia ante nuevas embestidas disfrazadas de proyectos sustentables o alternativas a lo ya cancelado p\u00fablicamente. Adem\u00e1s de las y los colonos, el acto de protesta cont\u00f3 con la solidaria presencia de una comisi\u00f3n de las familias de Ayotzinapa, una comisi\u00f3n del pueblo otom\u00ed de San Francisco Xoxhicuautla y diversas organizaciones estudiantiles.<\/p>\n<p><img decoding=\"async\" data-attachment-id=\"10533\" data-permalink=\"https:\/\/www.grieta.org.mx\/index.php\/2016\/02\/11\/nuestra-lucha-va-mas-alla-de-una-casa-es-por-nuestra-historia-pedregales-de-coyoacan\/zod6c2a9240\/\" data-orig-file=\"https:\/\/www.grieta.org.mx\/wp-content\/uploads\/2016\/04\/zod6C2A9240.jpg\" data-orig-size=\"1024,682\" data-comments-opened=\"0\" data-image-meta=\"{&quot;aperture&quot;:&quot;6.3&quot;,&quot;credit&quot;:&quot;&quot;,&quot;camera&quot;:&quot;Canon EOS 5D Mark III&quot;,&quot;caption&quot;:&quot;&quot;,&quot;created_timestamp&quot;:&quot;1455110065&quot;,&quot;copyright&quot;:&quot;&quot;,&quot;focal_length&quot;:&quot;85&quot;,&quot;iso&quot;:&quot;100&quot;,&quot;shutter_speed&quot;:&quot;0.005&quot;,&quot;title&quot;:&quot;&quot;,&quot;orientation&quot;:&quot;0&quot;}\" data-image-title=\"zod6C2A9240\" data-image-description=\"\" data-image-caption=\"\" data-medium-file=\"https:\/\/www.grieta.org.mx\/wp-content\/uploads\/2016\/04\/zod6C2A9240-300x200.jpg\" data-large-file=\"https:\/\/www.grieta.org.mx\/wp-content\/uploads\/2016\/04\/zod6C2A9240-1024x682.jpg\" src=\"http:\/\/www.grieta.org.mx\/wp-content\/uploads\/2016\/04\/zod6C2A9240-1024x682.jpg\" alt=\"zod6C2A9240\" width=\"100%\" class=\"alignnone size-large wp-image-10533\" srcset=\"https:\/\/www.grieta.org.mx\/wp-content\/uploads\/2016\/04\/zod6C2A9240.jpg 1024w, https:\/\/www.grieta.org.mx\/wp-content\/uploads\/2016\/04\/zod6C2A9240-300x200.jpg 300w, https:\/\/www.grieta.org.mx\/wp-content\/uploads\/2016\/04\/zod6C2A9240-768x512.jpg 768w\" sizes=\"(max-width: 1024px) 100vw, 1024px\" \/><br \/>\nFotograf\u00eda: Heriberto Paredes<\/p>\n<p>Mientras que Mancera afirm\u00f3 el pasado mes de enero que \u00ablamentablemente (el tema) lo han politizado, pero la idea o la intenci\u00f3n en esa zona primero es el cierre de un espacio contaminante de la ciudad, se tiene que cambiar a un proceso de modernizaci\u00f3n [\u2026] No me interesa entrar en esos debates pol\u00edticos, la intenci\u00f3n estaba clara, lo lamento en este momento por los vecinos, pero bueno, la intenci\u00f3n ah\u00ed ha quedado\u00bb, para las personas organizadas de los Pedregales la situaci\u00f3n no es tan maniquea, en primer lugar porque en los mismos dichos del mandatario existen contrasentidos, por ejemplo, la omisi\u00f3n que hace al no mencionar que \u00abCiudad del Futuro\u00bb, adem\u00e1s de un supuesto parque incluir\u00eda un desarrollo habitacional de lujo, la \u00abrehabilitaci\u00f3n de avenidas y centros comerciales\u00bb, as\u00ed como el aumento en los servicios b\u00e1sicos que la colonias han conseguido a base de mucho esfuerzo y resistencia en m\u00e1s de 40 a\u00f1os de vida.<\/p>\n<p>No se trata de la \u00abpolitizaci\u00f3n\u00bb del tema, se trata de un mero discurso que encubre, sobre todo, otras estrategias para que el proyecto se lleve a cabo y no existan mecanismos de participaci\u00f3n central de la poblaci\u00f3n en la toma de decisiones para proyectos de transformaci\u00f3n urbana. Para el jefe de gobierno es parte de una idea de modernizaci\u00f3n, para las y los habitantes es la defensa de la vida, del lugar en el que han construido no s\u00f3lo casas, tambi\u00e9n relaciones sociales, identidades, comunidad. Si un proyecto como \u00abCiudad del Futuro\u00bb se realizara, la fractura del tejido social que se ha construido a lo largo de 40 a\u00f1os, es una consecuencia inevitable. La gentrificaci\u00f3n, adem\u00e1s de consolidar beneficios para una cierta clase econ\u00f3mica tiene como correlato la destrucci\u00f3n de lo que antes ya exist\u00eda, sobre todo los proyectos de vida que permiten la reproducci\u00f3n de la misma bajo principios lejanos al mal del capitalismo.<\/p>\n<p><img decoding=\"async\" data-attachment-id=\"10534\" data-permalink=\"https:\/\/www.grieta.org.mx\/index.php\/2016\/02\/11\/nuestra-lucha-va-mas-alla-de-una-casa-es-por-nuestra-historia-pedregales-de-coyoacan\/zod6c2a9242\/\" data-orig-file=\"https:\/\/www.grieta.org.mx\/wp-content\/uploads\/2016\/04\/zod6C2A9242.jpg\" data-orig-size=\"1024,682\" data-comments-opened=\"0\" data-image-meta=\"{&quot;aperture&quot;:&quot;9&quot;,&quot;credit&quot;:&quot;&quot;,&quot;camera&quot;:&quot;Canon EOS 5D Mark III&quot;,&quot;caption&quot;:&quot;&quot;,&quot;created_timestamp&quot;:&quot;1455110094&quot;,&quot;copyright&quot;:&quot;&quot;,&quot;focal_length&quot;:&quot;40&quot;,&quot;iso&quot;:&quot;100&quot;,&quot;shutter_speed&quot;:&quot;0.00625&quot;,&quot;title&quot;:&quot;&quot;,&quot;orientation&quot;:&quot;0&quot;}\" data-image-title=\"zod6C2A9242\" data-image-description=\"\" data-image-caption=\"\" data-medium-file=\"https:\/\/www.grieta.org.mx\/wp-content\/uploads\/2016\/04\/zod6C2A9242-300x200.jpg\" data-large-file=\"https:\/\/www.grieta.org.mx\/wp-content\/uploads\/2016\/04\/zod6C2A9242-1024x682.jpg\" src=\"http:\/\/www.grieta.org.mx\/wp-content\/uploads\/2016\/04\/zod6C2A9242-1024x682.jpg\" alt=\"zod6C2A9242\" width=\"100%\" class=\"alignnone size-large wp-image-10534\" srcset=\"https:\/\/www.grieta.org.mx\/wp-content\/uploads\/2016\/04\/zod6C2A9242.jpg 1024w, https:\/\/www.grieta.org.mx\/wp-content\/uploads\/2016\/04\/zod6C2A9242-300x200.jpg 300w, https:\/\/www.grieta.org.mx\/wp-content\/uploads\/2016\/04\/zod6C2A9242-768x512.jpg 768w\" sizes=\"(max-width: 1024px) 100vw, 1024px\" \/><br \/>\nFotograf\u00eda: Heriberto Paredes<\/p>\n<p>El profesor Daniel, habitante de la colonia Ajusco, en los Pedregales de Coyoac\u00e1n, resalta una situaci\u00f3n compleja tras la aparente victoria: afirma que tras el anuncio de Mancera, el intento de MORENA, a trav\u00e9s de sus formas m\u00e1s oscuras de cooptaci\u00f3n, de apoderarse de la asamblea general barrial y de imponer rumbos, decisiones y l\u00edderes ha sido una constante. Obviamente, esto no es considerado por el funcionario como una \u00abpolitizaci\u00f3n\u00bb, por el contrario, ha permitido que incluso, este partido pol\u00edtico est\u00e9 intentado imponer una suerte de consulta ciudadana para decidir el rumbo de la planta de asfalto. \u00abPara las y los vecinos es preocupante que este partido haya aprendido de los errores ocurridos en la consulta del proyecto del Corredor Chapultepec y ahora quieran imponer una consulta ama\u00f1anada que beneficie a empresarios ajenos al lugar o nuevamente al gobierno\u00bb afirma el profesor.<\/p>\n<p>El otro riesgo que se\u00f1ala el colono de los Pedregales, reside sobre todo, en el encubrimiento que pueden tener empresas como la \u2014en un inicio\u2014 paraestatal \u00abCalidad de Vida, Progreso y Desarrollo para la Ciudad de M\u00e9xico\u00bb hoy ProCdMX, \u00abAgencia de Promoci\u00f3n de Inversiones y Desarrollo para la Ciudad de M\u00e9xico\u00bb empresa privada cuyo director general es el empresario Sim\u00f3n Levy-Dabbah, encubrimiento que permitir\u00eda la entrada de otras empresas, con otros directivos pero que al final de cuentas, revivieran el proyecto urbano que no cuenta con el respaldo de la poblaci\u00f3n. Por eso es que para las y los vecinos est\u00e1 muy claro que no van a permitir la entrada a \u00abempresas nacionales o extranjeras, prestanombres, partidos pol\u00edticos y agentes encubiertos que pretendan acabar con su espacio de vida\u00bb subray\u00f3 Daniel.<\/p>\n<p><img decoding=\"async\" data-attachment-id=\"10535\" data-permalink=\"https:\/\/www.grieta.org.mx\/index.php\/2016\/02\/11\/nuestra-lucha-va-mas-alla-de-una-casa-es-por-nuestra-historia-pedregales-de-coyoacan\/zod6c2a9246\/\" data-orig-file=\"https:\/\/www.grieta.org.mx\/wp-content\/uploads\/2016\/04\/zod6C2A9246.jpg\" data-orig-size=\"1024,682\" data-comments-opened=\"0\" data-image-meta=\"{&quot;aperture&quot;:&quot;10&quot;,&quot;credit&quot;:&quot;&quot;,&quot;camera&quot;:&quot;Canon EOS 5D Mark III&quot;,&quot;caption&quot;:&quot;&quot;,&quot;created_timestamp&quot;:&quot;1455110218&quot;,&quot;copyright&quot;:&quot;&quot;,&quot;focal_length&quot;:&quot;50&quot;,&quot;iso&quot;:&quot;100&quot;,&quot;shutter_speed&quot;:&quot;0.004&quot;,&quot;title&quot;:&quot;&quot;,&quot;orientation&quot;:&quot;0&quot;}\" data-image-title=\"zod6C2A9246\" data-image-description=\"\" data-image-caption=\"\" data-medium-file=\"https:\/\/www.grieta.org.mx\/wp-content\/uploads\/2016\/04\/zod6C2A9246-300x200.jpg\" data-large-file=\"https:\/\/www.grieta.org.mx\/wp-content\/uploads\/2016\/04\/zod6C2A9246-1024x682.jpg\" src=\"http:\/\/www.grieta.org.mx\/wp-content\/uploads\/2016\/04\/zod6C2A9246-1024x682.jpg\" alt=\"zod6C2A9246\" width=\"100%\" class=\"alignnone size-large wp-image-10535\" srcset=\"https:\/\/www.grieta.org.mx\/wp-content\/uploads\/2016\/04\/zod6C2A9246.jpg 1024w, https:\/\/www.grieta.org.mx\/wp-content\/uploads\/2016\/04\/zod6C2A9246-300x200.jpg 300w, https:\/\/www.grieta.org.mx\/wp-content\/uploads\/2016\/04\/zod6C2A9246-768x512.jpg 768w\" sizes=\"(max-width: 1024px) 100vw, 1024px\" \/><br \/>\nFotograf\u00eda: Heriberto Paredes<\/p>\n<p> El acto pol\u00edtico cultural se organiza r\u00e1pidamente, en cuanto se juntan las personas necesarias, se usan tres peque\u00f1os camiones y se cierra la circulaci\u00f3n de avenida del Im\u00e1n, justo frente a la puerta principal de la asfaltadora. En 15 minutos el sonido est\u00e1 casi listo y las tarimas para un escenario est\u00e1n listas. La gente se re\u00fane, la polic\u00eda de tr\u00e1nsito pasa a pedir datos y se aleja, en esta zona de la ciudad es la organizaci\u00f3n vecinal la que marca la pauta. En las presentaciones de las y los asistentes, un joven habitante de esta parte de los Pedregales explica en el micr\u00f3fono que \u00abesta lucha va m\u00e1s all\u00e1 de una casa o un terreno, esta lucha es por nuestra historia, porque nosotros s\u00ed sabemos de d\u00f3nde venimos y hacia d\u00f3nde queremos ir\u00bb. Sus palabras son claras: \u00abeste plant\u00f3n es contra la planta de asfalto, contra la privatizaci\u00f3n del agua, contra el gas Fenosa, contra la CFE [Comisi\u00f3n Federal de Electricidad], porque ellos ya nos quieren cobrar m\u00e1s sin que hayamos tenido siquiera un encuentro o algo\u00bb.<\/p>\n<p>El fr\u00edo baj\u00f3 y un sol ilumina a quienes esperan el inicio del evento. Justo antes de que las primeras inyecten de alegr\u00eda el ambiente, do\u00f1a Fili, una luchadora social con d\u00e9cadas de experiencia y de historia en la construcci\u00f3n de los Pedregales, toma el micr\u00f3fono a petici\u00f3n de la gente, quien le aplaude y luego la escucha con atenci\u00f3n:<\/p>\n<p>    \u00abEst\u00e1 aqu\u00ed nuestra piedra, lo que nos identifica. A veces hay que llevar unas joyas o un carro \u00faltimo modelo, o llevar la tarjeta con mucho dinero, pero aqu\u00ed lo que nos identifica es la piedra y por eso la vamos a defender, y por eso vamos a defender los Pedregales. Mostramos con esta solidaridad tan grande, que seguimos hermanando las luchas, nos hemos hermanado con Atenco, con Xochicuautla, con Francisco Mag\u00fa, con much\u00edsimas otras colonias hermanas, porque el gobierno s\u00f3lo tiene para nosotros el proyecto de muerte, de desgracia. Hoy los proyectos son de muerte. No podr\u00edamos estar exentos, por eso hoy, defender Pedregales, defender todo el territorio, porque son el territorio nacional. Qu\u00e9 bueno que est\u00e1n aqu\u00ed hermanas y hermanos, que lo sepa bien Mancera y que lo sepa el empresario Levy, que ya no estamos dispuestos a tolerar sus proyectos de muerte [\u2026] Estamos en contra tambi\u00e9n de las altas tarifas de la luz el\u00e9ctrica porque a CFE no le debemos nada, no firmamos nada con CFE, por lo tanto, no le debemos nada, y que agradezca que decimos que tarifa social, podr\u00edamos decir que no le vamos a pagar, porque los recursos naturales son de los mexicanos y estamos en esta defensa; tampoco al gas natural, porque jam\u00e1s se nos ha informado.\u00bb<\/p>\n<p><img decoding=\"async\" data-attachment-id=\"10536\" data-permalink=\"https:\/\/www.grieta.org.mx\/index.php\/2016\/02\/11\/nuestra-lucha-va-mas-alla-de-una-casa-es-por-nuestra-historia-pedregales-de-coyoacan\/zod6c2a9256\/\" data-orig-file=\"https:\/\/www.grieta.org.mx\/wp-content\/uploads\/2016\/04\/zod6C2A9256.jpg\" data-orig-size=\"695,493\" data-comments-opened=\"0\" data-image-meta=\"{&quot;aperture&quot;:&quot;8&quot;,&quot;credit&quot;:&quot;&quot;,&quot;camera&quot;:&quot;Canon EOS 5D Mark III&quot;,&quot;caption&quot;:&quot;&quot;,&quot;created_timestamp&quot;:&quot;1455110649&quot;,&quot;copyright&quot;:&quot;&quot;,&quot;focal_length&quot;:&quot;24&quot;,&quot;iso&quot;:&quot;100&quot;,&quot;shutter_speed&quot;:&quot;0.008&quot;,&quot;title&quot;:&quot;&quot;,&quot;orientation&quot;:&quot;0&quot;}\" data-image-title=\"zod6C2A9256\" data-image-description=\"\" data-image-caption=\"\" data-medium-file=\"https:\/\/www.grieta.org.mx\/wp-content\/uploads\/2016\/04\/zod6C2A9256-300x213.jpg\" data-large-file=\"https:\/\/www.grieta.org.mx\/wp-content\/uploads\/2016\/04\/zod6C2A9256.jpg\" src=\"http:\/\/www.grieta.org.mx\/wp-content\/uploads\/2016\/04\/zod6C2A9256.jpg\" alt=\"zod6C2A9256\" width=\"100%\" class=\"alignnone size-full wp-image-10536\" srcset=\"https:\/\/www.grieta.org.mx\/wp-content\/uploads\/2016\/04\/zod6C2A9256.jpg 695w, https:\/\/www.grieta.org.mx\/wp-content\/uploads\/2016\/04\/zod6C2A9256-300x213.jpg 300w\" sizes=\"(max-width: 695px) 100vw, 695px\" \/><br \/>\nFotograf\u00eda: Heriberto Paredes<\/p>\n<p>Antes de este evento, do\u00f1a Fili, otras compa\u00f1eras vecinas y do\u00f1a Bertha Nava, madre del normalista Julio C\u00e9sar Ram\u00edrez Nava, asesinado el 26 de septiembre de 2014, llevaron a cabo un ayuno a las afueras de la delegaci\u00f3n Coyoac\u00e1n. Una actividad pac\u00edfica, discreta pero sin embargo, muy emotiva en su composici\u00f3n de fuerza y dignidad. As\u00ed como otros pueblos en el pa\u00eds, quienes han visto crecer y consolidarse a estos Pedregales ofrecen su ofrenda de ayuno para mandar un mensaje de resistencia y de fortaleza contra los embates que pretenden despojarles de lo que tanto esfuerzo les ha costado a decenas de miles. Y con este ayuno, adem\u00e1s, se consolida la solidaridad de una mujer invencible como do\u00f1a Bertha, quien desde el asesinato impune de su hijo ha caminado el pa\u00eds entero levantando su voz y su ejemplo de lucha; el punto en com\u00fan es la necesidad y urgencia de justicia, de respeto, de calma, estas y otras luchas en el pa\u00eds se pueden identificar en la convicci\u00f3n de que una vida digna y justa es posible.<\/p>\n<p>Lo que el profesor Daniel y do\u00f1a Fili dejan en claro, es que los Pedregales de Coyoac\u00e1n est\u00e1n preparados para resistir y que es la organizaci\u00f3n popular la que va a determinar el rumbo que tomar\u00e1 esta lucha. Para la gente no hay posibilidad de que una consulta impuesta por partidos pol\u00edticos \u2013principalmente MORENA\u2013 o las ambiguas declaraciones de Miguel \u00c1ngel Mancera, determinen lo que suceder\u00e1 en el terreno de la planta de asfalto y en toda esta zona sur de la Ciudad de M\u00e9xico. Ante los proyectos de desarrollos habitacionales, reconstrucci\u00f3n de avenidas para privatizarlas, reforzamiento de centros comerciales y aumento en las tarifas de los servicios b\u00e1sicos, lo que puede ser considerada como la idea de modernizaci\u00f3n y progreso que se tiene desde el Estado, las y los habitantes luchan no para tener migajas de esto sino para fortalecer proyectos productivos realmente sustentables, por tener mayores espacios educativos, para que los servicios de agua, luz, gas lleguen a todo mundo, porque la seguridad sea una realidad m\u00e1s tangible en las calles, porque exista un verdadero tejido comunitario.<\/p>\n<p>Y con el acto popular suenan los primeros sones coste\u00f1os que vienen desde Guerrero para animar esta lucha y para anunciar que desde aquella tierra no s\u00f3lo hay dolor y muerte sin o color y vida, dignidad y lucha, algo que aqu\u00ed ha encontrado tambi\u00e9n un punto de anclaje.<\/p>\n<p><a href=\"http:\/\/subversiones.org\/archivos\/121170\" target=\"_blank\">http:\/\/subversiones.org\/archivos\/121170<\/a><\/p>\n","protected":false},"excerpt":{"rendered":"<p>Subversiones Por Heriberto Paredes Desde que el pasado 11 de enero, el jefe de gobierno de la Ciudad de M\u00e9xico, Miguel \u00c1ngel Mancera, anunci\u00f3 la cancelaci\u00f3n definitiva del proyecto \u00abCiudad &hellip; <a href=\"https:\/\/www.grieta.org.mx\/index.php\/2016\/02\/11\/nuestra-lucha-va-mas-alla-de-una-casa-es-por-nuestra-historia-pedregales-de-coyoacan\/\" class=\"more-link\">Leer m\u00e1s<\/a><\/p>\n","protected":false},"author":2,"featured_media":21928,"comment_status":"closed","ping_status":"closed","sticky":false,"template":"","format":"standard","meta":{"ngg_post_thumbnail":0,"_jetpack_newsletter_access":"","_jetpack_dont_email_post_to_subs":false,"_jetpack_newsletter_tier_id":0,"_jetpack_memberships_contains_paywalled_content":false,"_jetpack_memberships_contains_paid_content":false,"footnotes":""},"categories":[598,80],"tags":[611,612,610],"class_list":["post-10531","post","type-post","status-publish","format-standard","has-post-thumbnail","hentry","category-cdmx","category-cintillo","tag-ciudad-del-futuro","tag-coyoacan","tag-zodes","entry"],"jetpack_featured_media_url":"https:\/\/www.grieta.org.mx\/wp-content\/uploads\/2018\/03\/14524434_1106112876131411_958039263622046936_o.jpg","jetpack_sharing_enabled":true,"jetpack_shortlink":"https:\/\/wp.me\/p7ZJR4-2JR","jetpack_likes_enabled":false,"jetpack-related-posts":[{"id":10498,"url":"https:\/\/www.grieta.org.mx\/index.php\/2016\/09\/05\/movilizaciones-contra-zodes\/","url_meta":{"origin":10531,"position":0},"title":"Organizaci\u00f3n y movilizaciones contra ZODES en la Ciudad de M\u00e9xico","author":"grieta","date":"5 septiembre, 2016","format":false,"excerpt":"04\/09\/16. La lucha no es f\u00e1cil, nos estamos enfrentando al gran poder del dinero: colonos de pedregales Coyoac\u00e1nDesinform\u00e9monos 17\/02\/16. Vecinos de Coyoac\u00e1n rechazan consulta p\u00fablica sobre Planta de AsfaltoDesinform\u00e9monos 11\/02\/16. Nuestra lucha va m\u00e1s all\u00e1 de una casa, es por nuestra historia: Pedregales de Coyoac\u00e1nSubversiones 21\/01\/16. Contra el \"operativo rastrillo\"\u2026","rel":"","context":"En &quot;Ciudad de M\u00e9xico&quot;","block_context":{"text":"Ciudad de M\u00e9xico","link":"https:\/\/www.grieta.org.mx\/index.php\/category\/noticias-nacionales\/ciudad-de-mexico\/"},"img":{"alt_text":"","src":"https:\/\/i0.wp.com\/www.grieta.org.mx\/wp-content\/uploads\/2018\/03\/14524434_1106112876131411_958039263622046936_o.jpg?resize=350%2C200&ssl=1","width":350,"height":200,"srcset":"https:\/\/i0.wp.com\/www.grieta.org.mx\/wp-content\/uploads\/2018\/03\/14524434_1106112876131411_958039263622046936_o.jpg?resize=350%2C200&ssl=1 1x, https:\/\/i0.wp.com\/www.grieta.org.mx\/wp-content\/uploads\/2018\/03\/14524434_1106112876131411_958039263622046936_o.jpg?resize=525%2C300&ssl=1 1.5x, https:\/\/i0.wp.com\/www.grieta.org.mx\/wp-content\/uploads\/2018\/03\/14524434_1106112876131411_958039263622046936_o.jpg?resize=700%2C400&ssl=1 2x"},"classes":[]},{"id":11587,"url":"https:\/\/www.grieta.org.mx\/index.php\/2016\/04\/30\/planton-de-comunidades-pedregales-de-coyoacan-contra-los-proyectos-inmobiliarios\/","url_meta":{"origin":10531,"position":1},"title":"Plant\u00f3n de comunidades Pedregales de Coyoac\u00e1n, contra los proyectos inmobiliarios","author":"grieta","date":"30 abril, 2016","format":false,"excerpt":"Documental que describe la lucha de Comunidades de Pedregales de Coyoac\u00e1n, contra proyectos devastadores, que amenazan a todos los pueblos Pueblos y barrios de Coyoac\u00e1n, ente los que se encuentran La Candelaria, Santo Domingo, Santa \u00darsula, Los Reyes, adem\u00e1s de vecinxs de Iztacalco, Santa Fe y Magdalena Contreras, se unieron\u2026","rel":"","context":"En &quot;cdmx&quot;","block_context":{"text":"cdmx","link":"https:\/\/www.grieta.org.mx\/index.php\/category\/cdmx\/"},"img":{"alt_text":"","src":"https:\/\/i0.wp.com\/www.grieta.org.mx\/wp-content\/uploads\/2018\/03\/14524434_1106112876131411_958039263622046936_o.jpg?resize=350%2C200&ssl=1","width":350,"height":200,"srcset":"https:\/\/i0.wp.com\/www.grieta.org.mx\/wp-content\/uploads\/2018\/03\/14524434_1106112876131411_958039263622046936_o.jpg?resize=350%2C200&ssl=1 1x, https:\/\/i0.wp.com\/www.grieta.org.mx\/wp-content\/uploads\/2018\/03\/14524434_1106112876131411_958039263622046936_o.jpg?resize=525%2C300&ssl=1 1.5x, https:\/\/i0.wp.com\/www.grieta.org.mx\/wp-content\/uploads\/2018\/03\/14524434_1106112876131411_958039263622046936_o.jpg?resize=700%2C400&ssl=1 2x"},"classes":[]},{"id":16067,"url":"https:\/\/www.grieta.org.mx\/index.php\/2016\/07\/06\/los-pedregales-de-coyoacan-se-oponen-a-la-reforma-educativa\/","url_meta":{"origin":10531,"position":2},"title":"Los Pedregales de Coyoac\u00e1n se oponen a la reforma educativa","author":"grieta","date":"6 julio, 2016","format":false,"excerpt":"Madres de familia manifiestan su apoyo a las maestras y maestros Mi\u00e9rcoles 6 de julio de 2016 Madres de familia se manifiestan junto con sus hijas e hijos en varias de las escuelas en la colonia pedregal de Santo Domingo en apoyo a la lucha de las maestras y maestros.\u2026","rel":"","context":"En &quot;cdmx&quot;","block_context":{"text":"cdmx","link":"https:\/\/www.grieta.org.mx\/index.php\/category\/cdmx\/"},"img":{"alt_text":"","src":"https:\/\/i0.wp.com\/www.grieta.org.mx\/wp-content\/uploads\/2018\/03\/14524434_1106112876131411_958039263622046936_o.jpg?resize=350%2C200&ssl=1","width":350,"height":200,"srcset":"https:\/\/i0.wp.com\/www.grieta.org.mx\/wp-content\/uploads\/2018\/03\/14524434_1106112876131411_958039263622046936_o.jpg?resize=350%2C200&ssl=1 1x, https:\/\/i0.wp.com\/www.grieta.org.mx\/wp-content\/uploads\/2018\/03\/14524434_1106112876131411_958039263622046936_o.jpg?resize=525%2C300&ssl=1 1.5x, https:\/\/i0.wp.com\/www.grieta.org.mx\/wp-content\/uploads\/2018\/03\/14524434_1106112876131411_958039263622046936_o.jpg?resize=700%2C400&ssl=1 2x"},"classes":[]},{"id":21333,"url":"https:\/\/www.grieta.org.mx\/index.php\/2016\/09\/04\/la-lucha-no-es-facil-nos-estamos-enfrentando-al-gran-poder-del-dinero-colonos-de-pedregales-coyoacan\/","url_meta":{"origin":10531,"position":3},"title":"La lucha no es f\u00e1cil, nos estamos enfrentando al gran poder del dinero: colonos de pedregales Coyoac\u00e1n","author":"grieta","date":"4 septiembre, 2016","format":false,"excerpt":"Atziri \u00c1vila Ciudad de M\u00e9xico | Desinform\u00e9monos. Es el \u00faltimo d\u00eda de agosto, una mujer de la tercera edad llega con dos kilos de tortillas, otra m\u00e1s con un guisado y un hombre mayor con varios kilos de tunas mientras integrantes de la Asamblea General de los Pueblos, Barrios, Colonias\u2026","rel":"","context":"En &quot;CINTILLO&quot;","block_context":{"text":"CINTILLO","link":"https:\/\/www.grieta.org.mx\/index.php\/category\/cintillo\/"},"img":{"alt_text":"","src":"https:\/\/i0.wp.com\/www.grieta.org.mx\/wp-content\/uploads\/2018\/03\/14524434_1106112876131411_958039263622046936_o.jpg?resize=350%2C200&ssl=1","width":350,"height":200,"srcset":"https:\/\/i0.wp.com\/www.grieta.org.mx\/wp-content\/uploads\/2018\/03\/14524434_1106112876131411_958039263622046936_o.jpg?resize=350%2C200&ssl=1 1x, https:\/\/i0.wp.com\/www.grieta.org.mx\/wp-content\/uploads\/2018\/03\/14524434_1106112876131411_958039263622046936_o.jpg?resize=525%2C300&ssl=1 1.5x, https:\/\/i0.wp.com\/www.grieta.org.mx\/wp-content\/uploads\/2018\/03\/14524434_1106112876131411_958039263622046936_o.jpg?resize=700%2C400&ssl=1 2x"},"classes":[]},{"id":26442,"url":"https:\/\/www.grieta.org.mx\/index.php\/2018\/09\/15\/detiene-la-policia-de-la-ciudad-de-mexico-a-integrantes-de-la-asamblea-general-de-los-pueblos-barrios-y-colonias-de-coyoacan\/","url_meta":{"origin":10531,"position":4},"title":"Detiene la polic\u00eda de la Ciudad de M\u00e9xico a integrantes de la Asamblea General de los Pueblos, Barrios y Colonias de Coyoac\u00e1n","author":"grieta","date":"15 septiembre, 2018","format":false,"excerpt":"COLECTIVO GRIETA El d\u00eda de hoy, s\u00e1bado 15 de septiembre hacia las 10:30 hrs., polic\u00edas capitalinos detuvieron con lujo de violencia a Gustavo Rosas y Vicente Soria, defensores del manantial ubicado en el predio de Aztecas 215, donde la inmobiliaria \"Quiero Casa\" de los hermanos Shabot Cherem lleva dos a\u00f1os\u2026","rel":"","context":"En &quot;CINTILLO&quot;","block_context":{"text":"CINTILLO","link":"https:\/\/www.grieta.org.mx\/index.php\/category\/cintillo\/"},"img":{"alt_text":"","src":"https:\/\/i0.wp.com\/www.grieta.org.mx\/wp-content\/uploads\/2018\/03\/14524434_1106112876131411_958039263622046936_o.jpg?resize=350%2C200&ssl=1","width":350,"height":200,"srcset":"https:\/\/i0.wp.com\/www.grieta.org.mx\/wp-content\/uploads\/2018\/03\/14524434_1106112876131411_958039263622046936_o.jpg?resize=350%2C200&ssl=1 1x, https:\/\/i0.wp.com\/www.grieta.org.mx\/wp-content\/uploads\/2018\/03\/14524434_1106112876131411_958039263622046936_o.jpg?resize=525%2C300&ssl=1 1.5x, https:\/\/i0.wp.com\/www.grieta.org.mx\/wp-content\/uploads\/2018\/03\/14524434_1106112876131411_958039263622046936_o.jpg?resize=700%2C400&ssl=1 2x"},"classes":[]},{"id":10528,"url":"https:\/\/www.grieta.org.mx\/index.php\/2016\/02\/17\/vecinos-de-coyoacan-rechazan-consulta-publica-sobre-planta-de-asfalto\/","url_meta":{"origin":10531,"position":5},"title":"Vecinos de Coyoac\u00e1n rechazan consulta p\u00fablica sobre Planta de Asfalto","author":"grieta","date":"17 febrero, 2016","format":false,"excerpt":"Desinform\u00e9monos Eliana Gilet El rechazo fue un\u00e1nime. El S\u00e9ptimo encuentro de Asambleas de los Pedregales de Coyoac\u00e1n advirti\u00f3 el nuevo paso en la estrategia para revivir la pretensi\u00f3n privatizadora en la zona: llamar a una consulta p\u00fablica. El primer fin de semana de febrero cerca de 130 vecinos de los\u2026","rel":"","context":"En &quot;cdmx&quot;","block_context":{"text":"cdmx","link":"https:\/\/www.grieta.org.mx\/index.php\/category\/cdmx\/"},"img":{"alt_text":"","src":"https:\/\/i0.wp.com\/www.grieta.org.mx\/wp-content\/uploads\/2018\/03\/14524434_1106112876131411_958039263622046936_o.jpg?resize=350%2C200&ssl=1","width":350,"height":200,"srcset":"https:\/\/i0.wp.com\/www.grieta.org.mx\/wp-content\/uploads\/2018\/03\/14524434_1106112876131411_958039263622046936_o.jpg?resize=350%2C200&ssl=1 1x, https:\/\/i0.wp.com\/www.grieta.org.mx\/wp-content\/uploads\/2018\/03\/14524434_1106112876131411_958039263622046936_o.jpg?resize=525%2C300&ssl=1 1.5x, https:\/\/i0.wp.com\/www.grieta.org.mx\/wp-content\/uploads\/2018\/03\/14524434_1106112876131411_958039263622046936_o.jpg?resize=700%2C400&ssl=1 2x"},"classes":[]}],"_links":{"self":[{"href":"https:\/\/www.grieta.org.mx\/index.php\/wp-json\/wp\/v2\/posts\/10531","targetHints":{"allow":["GET"]}}],"collection":[{"href":"https:\/\/www.grieta.org.mx\/index.php\/wp-json\/wp\/v2\/posts"}],"about":[{"href":"https:\/\/www.grieta.org.mx\/index.php\/wp-json\/wp\/v2\/types\/post"}],"author":[{"embeddable":true,"href":"https:\/\/www.grieta.org.mx\/index.php\/wp-json\/wp\/v2\/users\/2"}],"replies":[{"embeddable":true,"href":"https:\/\/www.grieta.org.mx\/index.php\/wp-json\/wp\/v2\/comments?post=10531"}],"version-history":[{"count":1,"href":"https:\/\/www.grieta.org.mx\/index.php\/wp-json\/wp\/v2\/posts\/10531\/revisions"}],"predecessor-version":[{"id":10537,"href":"https:\/\/www.grieta.org.mx\/index.php\/wp-json\/wp\/v2\/posts\/10531\/revisions\/10537"}],"wp:featuredmedia":[{"embeddable":true,"href":"https:\/\/www.grieta.org.mx\/index.php\/wp-json\/wp\/v2\/media\/21928"}],"wp:attachment":[{"href":"https:\/\/www.grieta.org.mx\/index.php\/wp-json\/wp\/v2\/media?parent=10531"}],"wp:term":[{"taxonomy":"category","embeddable":true,"href":"https:\/\/www.grieta.org.mx\/index.php\/wp-json\/wp\/v2\/categories?post=10531"},{"taxonomy":"post_tag","embeddable":true,"href":"https:\/\/www.grieta.org.mx\/index.php\/wp-json\/wp\/v2\/tags?post=10531"}],"curies":[{"name":"wp","href":"https:\/\/api.w.org\/{rel}","templated":true}]}}