{"id":10479,"date":"2016-04-12T21:49:22","date_gmt":"2016-04-12T21:49:22","guid":{"rendered":"http:\/\/www.grieta.org.mx\/?p=10479"},"modified":"2016-04-16T21:55:17","modified_gmt":"2016-04-16T21:55:17","slug":"el-director-de-la-cfe-burla-a-mexicalenses","status":"publish","type":"post","link":"https:\/\/www.grieta.org.mx\/index.php\/2016\/04\/12\/el-director-de-la-cfe-burla-a-mexicalenses\/","title":{"rendered":"El director de la CFE burla a mexicalenses"},"content":{"rendered":"<p>Despu\u00e9s de mucha expectativa y esperar a\u00f1os por los ejidatarios afectados por las emanaciones de la Planta Geot\u00e9rmica de Cerro Prieto de la Comisi\u00f3n Federeal de Electricidad (CFE) en el Valle de Mexicali, de varias reuniones en el Cabildo de Mexicali y de una visita en diciembre pasado a las oficinas en la Ciudad de M\u00e9xico del director general de la CFE, Enrique Ochoa Reza, por fin, el 5 de abril pasado, el funcionario lleg\u00f3 a Mexicali.<\/p>\n<p>Sin embargo, la visita result\u00f3 frustrante porque se realiz\u00f3 en un ambiente muy controlado por la propia CFE, cuidando que nada ni nadie incomodara o cuestionara al visitante, evadiendo la asistencia de representantes de los derechos humanos e incluso de la prensa. S\u00f3lo estuvieron representantes del gobierno del estado, el alcalde de Mexicali, Jaime D\u00edaz Ochoa (a pesar de que como senador conoci\u00f3 de primera mano la problem\u00e1tica sin hacer nada al respecto, hasta la fecha); legisladoras y legisladores federales y locales, dos regidoras, el representante de los ejidatarios afectados, Ramiro Maga\u00f1a y el investigador sobre las emanaciones de la Geot\u00e9rmica, el Dr. Jes\u00fas Rom\u00e1n Calleros.<\/p>\n<p>Se lleg\u00f3 al extremo de impedir la asistencia a la reuni\u00f3n del principal promotor de esta visita y de las reuniones celebradas en el Cabildo de Mexicali, el ex regidor y hoy candidato del PEBC a una diputaci\u00f3n local, Jorge E. N\u00fa\u00f1ez. Como ya no es regidor, quiz\u00e1 se vet\u00f3 su participaci\u00f3n y otros aprovecharon la coyuntura para cosechar. Aqu\u00ed se cumpli\u00f3 el adagio de que \u201cnadie sabe para quien trabaja\u201d.<\/p>\n<p>As\u00ed, en lugar de avanzar en la resoluci\u00f3n del conflicto, lo terso, oficialista y c\u00f3modo de la reuni\u00f3n permiti\u00f3 a Enrique Ochoa manejar las cosas f\u00e1cilmente y cumplir con el objetivo de dejar una buena impresi\u00f3n de su visita sin resolver en esencia nada. Nadie abogo por Jorge N\u00fa\u00f1ez, nadie plante\u00f3 el problema como una violaci\u00f3n al derecho a la salud.<\/p>\n<p>Ochoa Reza desair\u00f3 el informe de la Profepa, que en el oficio PFBA-DBC-UDQ\/MX\/652\/2005 reconoce que la planta de la CFE infringe las regulaciones ambientales federales. No nos explicamos por qu\u00e9 entonces no ha interpuesta la denuncia correspondiente.<\/p>\n<p>Las investigaciones del Dr. Rom\u00e1n Calleros han comprobado la presencia de elementos t\u00f3xicos nocivos al ambiente, emanados de la Geot\u00e9mica, como son: Cadmio, Manganeso, Litio, Mercurio. Boro, Ars\u00e9nico, N\u00edquel, Sodio, Potasio y Sulfatos; que el residual gaseoso contiene compuestos qu\u00edmicos letales como son: \u00c1cido Sulfh\u00eddrico, Benceno, Tolueno, Xileno, Mon\u00f3xido de Carbono, Etano, Metano Hexano, Hidrogeno, Nitr\u00f3geno, Amoniaco, y que su presencia en el ambiente es de suma importancia, ya que son relacionados con enfermedades como asma bronquial, c\u00e1ncer de pulm\u00f3n y de piel, anemia, leucemia, sordera y perdida del olfato.<\/p>\n<p>El director de la CFE ha ignorado por completo estudios de alerg\u00f3logos pediatras, onc\u00f3logos especialistas en inmunoterapia y neum\u00f3logos de la localidad. Incluso, personal m\u00e9dico de la cl\u00ednica 5 del IMSS ubicada en el Ejido Nuevo Le\u00f3n, a unos dos km de la Planta Geot\u00e9rmica, asegura que se han incrementado en un 200 o 250 por ciento los casos de asma bronquial y de leucemia infantil de esa poblaci\u00f3n. Existe la propuesta, tanto por el Colegio de Pediatras como por el de Alerg\u00f3logos de Mexicali, para que las autoridades averig\u00fcen si los casos de leucemia y otro tipo de c\u00e1nceres se deben a la Geot\u00e9rmica de Cerro Prieto.<\/p>\n<p><img loading=\"lazy\" decoding=\"async\" data-attachment-id=\"10480\" data-permalink=\"https:\/\/www.grieta.org.mx\/index.php\/2016\/04\/12\/el-director-de-la-cfe-burla-a-mexicalenses\/geotermica-cerro-prieto-vapores\/\" data-orig-file=\"https:\/\/www.grieta.org.mx\/wp-content\/uploads\/2016\/04\/GEOTERMICA-CERRO-PRIETO-VAPORES.png\" data-orig-size=\"528,286\" data-comments-opened=\"0\" data-image-meta=\"{&quot;aperture&quot;:&quot;0&quot;,&quot;credit&quot;:&quot;&quot;,&quot;camera&quot;:&quot;&quot;,&quot;caption&quot;:&quot;&quot;,&quot;created_timestamp&quot;:&quot;0&quot;,&quot;copyright&quot;:&quot;&quot;,&quot;focal_length&quot;:&quot;0&quot;,&quot;iso&quot;:&quot;0&quot;,&quot;shutter_speed&quot;:&quot;0&quot;,&quot;title&quot;:&quot;&quot;,&quot;orientation&quot;:&quot;0&quot;}\" data-image-title=\"GEOTERMICA-CERRO-PRIETO-VAPORES\" data-image-description=\"\" data-image-caption=\"\" data-medium-file=\"https:\/\/www.grieta.org.mx\/wp-content\/uploads\/2016\/04\/GEOTERMICA-CERRO-PRIETO-VAPORES-300x163.png\" data-large-file=\"https:\/\/www.grieta.org.mx\/wp-content\/uploads\/2016\/04\/GEOTERMICA-CERRO-PRIETO-VAPORES.png\" src=\"http:\/\/www.grieta.org.mx\/wp-content\/uploads\/2016\/04\/GEOTERMICA-CERRO-PRIETO-VAPORES.png\" alt=\"GEOTERMICA-CERRO-PRIETO-VAPORES\" width=\"528\" height=\"286\" class=\"alignnone size-full wp-image-10480\" srcset=\"https:\/\/www.grieta.org.mx\/wp-content\/uploads\/2016\/04\/GEOTERMICA-CERRO-PRIETO-VAPORES.png 528w, https:\/\/www.grieta.org.mx\/wp-content\/uploads\/2016\/04\/GEOTERMICA-CERRO-PRIETO-VAPORES-300x163.png 300w\" sizes=\"auto, (max-width: 528px) 100vw, 528px\" \/><br \/>\nLa planta de la CFE en Cerro Prieto. Irresponsable actitud del gobierno federal (Archivo).<\/p>\n<p>Al parecer, de la visita todo qued\u00f3 en buenas intenciones y en promover otro estudio de impacto ambiental con investigadores de la UNAM, del Programa Universitario del Medio Ambiente que en el a\u00f1o 2012 hicieron lo mismo y determinaron la presencia de contaminaci\u00f3n, \u201cpero no a niveles que pongan en peligro a la poblaci\u00f3n de la entidad bajacaliforniana\u201d. O sea, ya sabemos que van a decir de nuevo. La investigaci\u00f3n dar\u00e1 tiempo a la CFE para seguir alargando el conflicto.<\/p>\n<p>Establecieron tambi\u00e9n que se va a promover otro estudio con un organismo \u201cinternacional\u201d. Y todos felices, al menos, entre los asistentes a la reuni\u00f3n, porque en el sal\u00f3n del Ejido Hidalgo los pobladores se quedaron esperando, enojados y frustrados, como siempre. Es como dicen por ah\u00ed, les dieron \u201catole con el dedo\u201d.<\/p>\n<p>El problema de la Geot\u00e9rmica es un asunto de derechos humanos que afecta a la poblaci\u00f3n de Mexicali y, principalmente, a su Valle: Violaciones al derecho a la vida, a la integridad f\u00edsica (salud), a un medio ambiente sustentable, al trabajo (de los ejidatarios), a la propiedad ejidal y, como colof\u00f3n, al derecho a la informaci\u00f3n, al negar el acceso a los periodistas a la citada reuni\u00f3n. Por eso era necesario que escucharan a los defensores de los derechos humanos, tanto de la CEDH como de la sociedad civil.<\/p>\n<p>La regidora Alicia Mart\u00ednez confirm\u00f3 la versi\u00f3n de que Ochoa Reza advirti\u00f3 que ante tanta contaminaci\u00f3n -como se ha denunciado a nivel local- y si no hay acuerdo, entonces habr\u00eda que cerrar la planta.<\/p>\n<p>Si el director de la CFE habla en serio, el discurso sobre cerrar la Planta de Cerro Prieto va en consonancia con la apertura de los mercados al capital privado, a las inversiones extranjeras. Con la producci\u00f3n de energ\u00eda el\u00e9ctrica por particulares, se demuestra qu\u00e9 tan poderosas son las trasnacionales que lograron con la Reforma Energ\u00e9tica el inicio del proceso de privatizaci\u00f3n de lo que era parte vital e hist\u00f3rica de nuestra soberan\u00eda: El petr\u00f3leo y la generaci\u00f3n de electricidad.<\/p>\n<p>Ah, pero eso s\u00ed, \u201cno se vender\u00e1 ni un s\u00f3lo tornillo de Pemex ni de la CFE\u201d.<\/p>\n<p><a href=\"http:\/\/www.4vientos.net\/?p=42598\" target=\"_blank\">http:\/\/www.4vientos.net\/?p=42598<\/a><\/p>\n","protected":false},"excerpt":{"rendered":"<p>Despu\u00e9s de mucha expectativa y esperar a\u00f1os por los ejidatarios afectados por las emanaciones de la Planta Geot\u00e9rmica de Cerro Prieto de la Comisi\u00f3n Federeal de Electricidad (CFE) en el &hellip; <a href=\"https:\/\/www.grieta.org.mx\/index.php\/2016\/04\/12\/el-director-de-la-cfe-burla-a-mexicalenses\/\" class=\"more-link\">Leer m\u00e1s<\/a><\/p>\n","protected":false},"author":2,"featured_media":21928,"comment_status":"closed","ping_status":"closed","sticky":false,"template":"","format":"standard","meta":{"ngg_post_thumbnail":0,"_jetpack_newsletter_access":"","_jetpack_dont_email_post_to_subs":false,"_jetpack_newsletter_tier_id":0,"_jetpack_memberships_contains_paywalled_content":false,"_jetpack_memberships_contains_paid_content":false,"footnotes":""},"categories":[80],"tags":[291],"class_list":["post-10479","post","type-post","status-publish","format-standard","has-post-thumbnail","hentry","category-cintillo","tag-cfe","entry"],"jetpack_featured_media_url":"https:\/\/www.grieta.org.mx\/wp-content\/uploads\/2018\/03\/14524434_1106112876131411_958039263622046936_o.jpg","jetpack_sharing_enabled":true,"jetpack_shortlink":"https:\/\/wp.me\/p7ZJR4-2J1","jetpack_likes_enabled":false,"jetpack-related-posts":[{"id":10475,"url":"https:\/\/www.grieta.org.mx\/index.php\/2016\/03\/31\/residentes-mantienen-bloqueo-parcial-en-la-planta-geotermica\/","url_meta":{"origin":10479,"position":0},"title":"Residentes mantienen bloqueo parcial en la planta geot\u00e9rmica","author":"grieta","date":"31 marzo, 2016","format":false,"excerpt":"Luego de cuatro d\u00edas de bloqueo, residentes de los ejidos Hidago, Morelia y Nuevo Le\u00f3n mantienen cerradas de manera parcial algunas entradas a la planta geot\u00e9rminca de Mexicali en espera de la visita del director general de la Comisi\u00f3n Federal de Electricidad, Enrique Ochoa Reza. Los habitantes del Valle de\u2026","rel":"","context":"En &quot;CINTILLO&quot;","block_context":{"text":"CINTILLO","link":"https:\/\/www.grieta.org.mx\/index.php\/category\/cintillo\/"},"img":{"alt_text":"","src":"https:\/\/i0.wp.com\/www.grieta.org.mx\/wp-content\/uploads\/2018\/03\/14524434_1106112876131411_958039263622046936_o.jpg?resize=350%2C200&ssl=1","width":350,"height":200,"srcset":"https:\/\/i0.wp.com\/www.grieta.org.mx\/wp-content\/uploads\/2018\/03\/14524434_1106112876131411_958039263622046936_o.jpg?resize=350%2C200&ssl=1 1x, https:\/\/i0.wp.com\/www.grieta.org.mx\/wp-content\/uploads\/2018\/03\/14524434_1106112876131411_958039263622046936_o.jpg?resize=525%2C300&ssl=1 1.5x, https:\/\/i0.wp.com\/www.grieta.org.mx\/wp-content\/uploads\/2018\/03\/14524434_1106112876131411_958039263622046936_o.jpg?resize=700%2C400&ssl=1 2x"},"classes":[]},{"id":6938,"url":"https:\/\/www.grieta.org.mx\/index.php\/2016\/01\/16\/vecinos-que-denuncian-despojo-y-contaminacion-por-geotermica-de-cfe-son-amenazados\/","url_meta":{"origin":10479,"position":1},"title":"Continua el conflicto entre vecinos de Mexicali y CFE por contaminaci\u00f3n de planta geot\u00e9rminca","author":"grieta","date":"16 enero, 2016","format":false,"excerpt":"12\/04\/16. El director de la CFE burla a mexicalenses 4 vientos 04\/04\/16. \u201cDefraudados\u201d bloquean instalaciones de la CFE Zeta Tijuana 31\/03\/16. Residentes mantienen bloqueo parcial en la planta geot\u00e9rmica Zeta Tijuana 16\/01\/16. Vecinos de la geot\u00e9rmica de Mexicali denuncian hostigamiento de la PGR Lindero Norte 18\/11\/15. Relacionan contaminaci\u00f3n por geot\u00e9rmica\u2026","rel":"","context":"En &quot;Baja California&quot;","block_context":{"text":"Baja California","link":"https:\/\/www.grieta.org.mx\/index.php\/category\/noticias-nacionales\/baja-california\/"},"img":{"alt_text":"","src":"https:\/\/i0.wp.com\/www.grieta.org.mx\/wp-content\/uploads\/2018\/03\/14524434_1106112876131411_958039263622046936_o.jpg?resize=350%2C200&ssl=1","width":350,"height":200,"srcset":"https:\/\/i0.wp.com\/www.grieta.org.mx\/wp-content\/uploads\/2018\/03\/14524434_1106112876131411_958039263622046936_o.jpg?resize=350%2C200&ssl=1 1x, https:\/\/i0.wp.com\/www.grieta.org.mx\/wp-content\/uploads\/2018\/03\/14524434_1106112876131411_958039263622046936_o.jpg?resize=525%2C300&ssl=1 1.5x, https:\/\/i0.wp.com\/www.grieta.org.mx\/wp-content\/uploads\/2018\/03\/14524434_1106112876131411_958039263622046936_o.jpg?resize=700%2C400&ssl=1 2x"},"classes":[]},{"id":10477,"url":"https:\/\/www.grieta.org.mx\/index.php\/2016\/04\/04\/defraudados-bloquean-instalaciones-de-la-cfe\/","url_meta":{"origin":10479,"position":2},"title":"\u201cDefraudados\u201d bloquean instalaciones de la CFE","author":"grieta","date":"4 abril, 2016","format":false,"excerpt":"Cientos de ejidatario colindante a la planta geot\u00e9rmica de Cerro Prieto tomaron las carreteras para impedir de manera parcial el acceso a las instalaciones de la Comisi\u00f3n Federal de Electricidad en protesta por la falta de respuesta del director general de la CFE, Enrique Ochoa Reza, quien les hab\u00eda prometido\u2026","rel":"","context":"En &quot;CINTILLO&quot;","block_context":{"text":"CINTILLO","link":"https:\/\/www.grieta.org.mx\/index.php\/category\/cintillo\/"},"img":{"alt_text":"","src":"https:\/\/i0.wp.com\/www.grieta.org.mx\/wp-content\/uploads\/2018\/03\/14524434_1106112876131411_958039263622046936_o.jpg?resize=350%2C200&ssl=1","width":350,"height":200,"srcset":"https:\/\/i0.wp.com\/www.grieta.org.mx\/wp-content\/uploads\/2018\/03\/14524434_1106112876131411_958039263622046936_o.jpg?resize=350%2C200&ssl=1 1x, https:\/\/i0.wp.com\/www.grieta.org.mx\/wp-content\/uploads\/2018\/03\/14524434_1106112876131411_958039263622046936_o.jpg?resize=525%2C300&ssl=1 1.5x, https:\/\/i0.wp.com\/www.grieta.org.mx\/wp-content\/uploads\/2018\/03\/14524434_1106112876131411_958039263622046936_o.jpg?resize=700%2C400&ssl=1 2x"},"classes":[]},{"id":6963,"url":"https:\/\/www.grieta.org.mx\/index.php\/2015\/10\/12\/residentes-del-valle-de-mexicali-bloquean-accesos-a-geotermica\/","url_meta":{"origin":10479,"position":3},"title":"Residentes del Valle de Mexicali bloquean accesos a Geot\u00e9rmica","author":"grieta","date":"12 octubre, 2015","format":false,"excerpt":"Lindero Norte, Mexicali, B.C. Residentes de al menos tres ejidos del Valle de Mexicali se manifestaron a las afueras de la Geot\u00e9rmica de Cerro Prieto y bloquearon los accesos a la planta, que es administrada por la Comisi\u00f3n Federal de Electricidad (CFE). Desde las primeras horas de este lunes, m\u00e1s\u2026","rel":"","context":"En &quot;CINTILLO&quot;","block_context":{"text":"CINTILLO","link":"https:\/\/www.grieta.org.mx\/index.php\/category\/cintillo\/"},"img":{"alt_text":"","src":"https:\/\/i0.wp.com\/www.grieta.org.mx\/wp-content\/uploads\/2018\/03\/14524434_1106112876131411_958039263622046936_o.jpg?resize=350%2C200&ssl=1","width":350,"height":200,"srcset":"https:\/\/i0.wp.com\/www.grieta.org.mx\/wp-content\/uploads\/2018\/03\/14524434_1106112876131411_958039263622046936_o.jpg?resize=350%2C200&ssl=1 1x, https:\/\/i0.wp.com\/www.grieta.org.mx\/wp-content\/uploads\/2018\/03\/14524434_1106112876131411_958039263622046936_o.jpg?resize=525%2C300&ssl=1 1.5x, https:\/\/i0.wp.com\/www.grieta.org.mx\/wp-content\/uploads\/2018\/03\/14524434_1106112876131411_958039263622046936_o.jpg?resize=700%2C400&ssl=1 2x"},"classes":[]},{"id":6946,"url":"https:\/\/www.grieta.org.mx\/index.php\/2015\/11\/16\/ejidatarios-denuncian-intento-de-extorsion-del-alcalde-de-mexicali\/","url_meta":{"origin":10479,"position":4},"title":"Ejidatarios denuncian intento de extorsi\u00f3n del alcalde de Mexicali","author":"grieta","date":"16 noviembre, 2015","format":false,"excerpt":"Jorge Heras. Mexicali, B.C. Ejidatarios que exigen una indemnizaci\u00f3n de la Comisi\u00f3n Federal de Electricidad (CFE) por la contaminaci\u00f3n de sus tierras, generada por la planta geot\u00e9rmica en la delegaci\u00f3n Cerro Prieto, acusan al presidente municipal de Mexicali, Jaime D\u00edaz Ochoa, de pedirles por las gestiones realizadas el 10 por\u2026","rel":"","context":"En &quot;CINTILLO&quot;","block_context":{"text":"CINTILLO","link":"https:\/\/www.grieta.org.mx\/index.php\/category\/cintillo\/"},"img":{"alt_text":"","src":"https:\/\/i0.wp.com\/www.grieta.org.mx\/wp-content\/uploads\/2018\/03\/14524434_1106112876131411_958039263622046936_o.jpg?resize=350%2C200&ssl=1","width":350,"height":200,"srcset":"https:\/\/i0.wp.com\/www.grieta.org.mx\/wp-content\/uploads\/2018\/03\/14524434_1106112876131411_958039263622046936_o.jpg?resize=350%2C200&ssl=1 1x, https:\/\/i0.wp.com\/www.grieta.org.mx\/wp-content\/uploads\/2018\/03\/14524434_1106112876131411_958039263622046936_o.jpg?resize=525%2C300&ssl=1 1.5x, https:\/\/i0.wp.com\/www.grieta.org.mx\/wp-content\/uploads\/2018\/03\/14524434_1106112876131411_958039263622046936_o.jpg?resize=700%2C400&ssl=1 2x"},"classes":[]},{"id":6961,"url":"https:\/\/www.grieta.org.mx\/index.php\/2015\/10\/20\/continua-bloqueo-en-la-geotermica\/","url_meta":{"origin":10479,"position":5},"title":"Contin\u00faa bloqueo en la Geot\u00e9rmica","author":"grieta","date":"20 octubre, 2015","format":false,"excerpt":"Laura Elena Aguayo, Mexicali, B.C. Debido a la resistencia de dar marcha atr\u00e1s a la manifestaci\u00f3n activa para exigir la indemnizaci\u00f3n de residentes aleda\u00f1os a la planta Geot\u00e9rmica de la CFE, centenas de personas se han visto afectadas por las presiones para que dejen accesar a empleados de la paraestatal\u2026","rel":"","context":"En &quot;CINTILLO&quot;","block_context":{"text":"CINTILLO","link":"https:\/\/www.grieta.org.mx\/index.php\/category\/cintillo\/"},"img":{"alt_text":"","src":"https:\/\/i0.wp.com\/www.grieta.org.mx\/wp-content\/uploads\/2018\/03\/14524434_1106112876131411_958039263622046936_o.jpg?resize=350%2C200&ssl=1","width":350,"height":200,"srcset":"https:\/\/i0.wp.com\/www.grieta.org.mx\/wp-content\/uploads\/2018\/03\/14524434_1106112876131411_958039263622046936_o.jpg?resize=350%2C200&ssl=1 1x, https:\/\/i0.wp.com\/www.grieta.org.mx\/wp-content\/uploads\/2018\/03\/14524434_1106112876131411_958039263622046936_o.jpg?resize=525%2C300&ssl=1 1.5x, https:\/\/i0.wp.com\/www.grieta.org.mx\/wp-content\/uploads\/2018\/03\/14524434_1106112876131411_958039263622046936_o.jpg?resize=700%2C400&ssl=1 2x"},"classes":[]}],"_links":{"self":[{"href":"https:\/\/www.grieta.org.mx\/index.php\/wp-json\/wp\/v2\/posts\/10479","targetHints":{"allow":["GET"]}}],"collection":[{"href":"https:\/\/www.grieta.org.mx\/index.php\/wp-json\/wp\/v2\/posts"}],"about":[{"href":"https:\/\/www.grieta.org.mx\/index.php\/wp-json\/wp\/v2\/types\/post"}],"author":[{"embeddable":true,"href":"https:\/\/www.grieta.org.mx\/index.php\/wp-json\/wp\/v2\/users\/2"}],"replies":[{"embeddable":true,"href":"https:\/\/www.grieta.org.mx\/index.php\/wp-json\/wp\/v2\/comments?post=10479"}],"version-history":[{"count":1,"href":"https:\/\/www.grieta.org.mx\/index.php\/wp-json\/wp\/v2\/posts\/10479\/revisions"}],"predecessor-version":[{"id":10481,"href":"https:\/\/www.grieta.org.mx\/index.php\/wp-json\/wp\/v2\/posts\/10479\/revisions\/10481"}],"wp:featuredmedia":[{"embeddable":true,"href":"https:\/\/www.grieta.org.mx\/index.php\/wp-json\/wp\/v2\/media\/21928"}],"wp:attachment":[{"href":"https:\/\/www.grieta.org.mx\/index.php\/wp-json\/wp\/v2\/media?parent=10479"}],"wp:term":[{"taxonomy":"category","embeddable":true,"href":"https:\/\/www.grieta.org.mx\/index.php\/wp-json\/wp\/v2\/categories?post=10479"},{"taxonomy":"post_tag","embeddable":true,"href":"https:\/\/www.grieta.org.mx\/index.php\/wp-json\/wp\/v2\/tags?post=10479"}],"curies":[{"name":"wp","href":"https:\/\/api.w.org\/{rel}","templated":true}]}}