{"id":10193,"date":"2016-04-12T23:46:53","date_gmt":"2016-04-12T23:46:53","guid":{"rendered":"http:\/\/www.grieta.org.mx\/?p=10193"},"modified":"2018-06-08T13:28:11","modified_gmt":"2018-06-08T18:28:11","slug":"ignoran-7-mil-denuncias-por-tajamar","status":"publish","type":"post","link":"https:\/\/www.grieta.org.mx\/index.php\/2016\/04\/12\/ignoran-7-mil-denuncias-por-tajamar\/","title":{"rendered":"Ignoran 7 mil denuncias por Tajamar"},"content":{"rendered":"<p>Por ISELA SERRANO<br \/>\nSiguen sin salvaguardar el ecosistema que permanece vivo<\/p>\n<p>El \u201cMovimiento Salvemos Manglar Tajamar\u201d dio a conocer que, a pesar de que existen m\u00e1s de 7 mil denuncias ciudadanas contra el ecocidio cometido en Canc\u00fan el 16 de enero, la autoridad ambiental no ha actuado para salvaguardar el ecosistema que permanece vivo en la zona e incluso se opone a hacer p\u00fablicas las inspecciones realizadas.<\/p>\n<p>\u201cLa solicitud fue negada no obstante se solicita acceso a nombre de m\u00e1s de 7 mil personas que figuran como denunciantes, m\u00e1s de 7 mil denuncias sin ning\u00fan resultado, ni respuesta eficaz por parte de la Procuradur\u00eda Federal de Protecci\u00f3n al Ambiente (Profepa)\u201d, expres\u00f3 el colectivo, al referirse a las inspecciones de Profepa en agosto, septiembre, octubre y los d\u00edas 26, 27 y 28 de enero de 2016. <\/p>\n<p>El movimiento explic\u00f3 que tampoco ha sido atendida la exigencia ciudadana para que Profepa ejecute acciones necesarias de preservaci\u00f3n al ecosistema, no solo porque el manglar est\u00e1 vivo y tambi\u00e9n las especies que ah\u00ed habitan, como el caso de cocodrilos, aves, peces y garzas blancas que sobrevivieron a la devastaci\u00f3n.<\/p>\n<p>Esto a pesar de que el Art\u00edculo 3, fracci\u00f3n XXV de la LGEEPA, establece que la Profepa debe mantener las condiciones que propicien la evoluci\u00f3n y continuidad de los ecosistemas y h\u00e1bitat naturales, as\u00ed como conservar las poblaciones viables de especies en sus entornos naturales y los componentes de la biodiversidad fuera de su h\u00e1bitat natural.  <\/p>\n<p>No hay razones para que omitan ejercer las acciones de preservaci\u00f3n cuando es la funci\u00f3n de la Profepa, no hay raz\u00f3n para no actuar hasta en tanto el juez resuelva lo conducente, a\u00f1adi\u00f3 el colectivo.<\/p>\n<p>La abogada Antonella Vel\u00e1zquez, integrante del Movimiento \u201cSalvemos Manglar Tajamar\u201d, explic\u00f3 que el Juez Cuarto de Distrito con sede en Canc\u00fan, orden\u00f3 imponer una millonaria multa a 113 ni\u00f1os bajo el argumento de \u201cprovocar da\u00f1os a terceros\u201d.<\/p>\n<p>No obstante \u2013extern\u00f3\u2013 el juez tom\u00f3 por v\u00e1lida la informaci\u00f3n presentada por el Fondo Nacional de Fomento al Turismo (Fomento) que, al ser verificada por integrantes del Movimiento, no corresponde con sus dichos.<\/p>\n<p>\u201cEl equipo de Salvemos Manglar Tajamar revis\u00f3 la situaci\u00f3n de cada uno de los folios que representan cada uno de los lotes y qui\u00e9nes son sus propietarios. Conforme lo anterior, resumimos que, ni Profepa ni Fonatur deben insistir en se\u00f1alar a BI and Di Real Estate como \u00fanica responsable de los incumplimientos a los que estaba obligado Fonatur, menos cuando una entidad vendi\u00f3 los \u00faltimos lotes en octubre de 2015\u201d.<\/p>\n<p>Esta fecha es posterior a las primeras denuncias por la tala del manglar en la zona y procedimientos administrativos de la autoridad. <\/p>\n<p>\u201cEl Juzgado Cuarto de Distrito actu\u00f3 de forma irresponsable tomando por buenos supuestos da\u00f1os a terceros y perdiendo tiempo en sus notificaciones, cuando legalmente, gran parte de los lotes en Tajamar a\u00fan siguen siendo propiedad de Fonatur (y no de particulares) o del municipio y las compraventas realizadas en el 2015 se hicieron a terceros que conoc\u00edan la situaci\u00f3n irregular de los predios\u201d, a\u00f1adi\u00f3 la litigante.<\/p>\n<p><a href=\"http:\/\/lucesdelsiglo.com\/index.php\/noticias\/ignoran-7-mil-denuncias-por-tajamar\/19899\" target=\"_blank\">http:\/\/lucesdelsiglo.com\/index.php\/noticias\/ignoran-7-mil-denuncias-por-tajamar\/19899<\/a><\/p>\n","protected":false},"excerpt":{"rendered":"<p>Por ISELA SERRANO Siguen sin salvaguardar el ecosistema que permanece vivo El \u201cMovimiento Salvemos Manglar Tajamar\u201d dio a conocer que, a pesar de que existen m\u00e1s de 7 mil denuncias &hellip; <a href=\"https:\/\/www.grieta.org.mx\/index.php\/2016\/04\/12\/ignoran-7-mil-denuncias-por-tajamar\/\" class=\"more-link\">Leer m\u00e1s<\/a><\/p>\n","protected":false},"author":2,"featured_media":21928,"comment_status":"closed","ping_status":"closed","sticky":false,"template":"","format":"standard","meta":{"ngg_post_thumbnail":0,"_jetpack_newsletter_access":"","_jetpack_dont_email_post_to_subs":false,"_jetpack_newsletter_tier_id":0,"_jetpack_memberships_contains_paywalled_content":false,"_jetpack_memberships_contains_paid_content":false,"footnotes":""},"categories":[80,2,1317,28,151],"tags":[316,356],"class_list":{"0":"post-10193","1":"post","2":"type-post","3":"status-publish","4":"format-standard","5":"has-post-thumbnail","6":"hentry","7":"category-cintillo","8":"category-noticias-nacionales","9":"category-protestas-ante-devastacion-provocada-por-malecon-tajamar","10":"category-quintana-roo","12":"tag-manglar","13":"tag-tajamar","14":"entry"},"jetpack_featured_media_url":"https:\/\/www.grieta.org.mx\/wp-content\/uploads\/2018\/03\/14524434_1106112876131411_958039263622046936_o.jpg","jetpack_sharing_enabled":true,"jetpack_shortlink":"https:\/\/wp.me\/p7ZJR4-2Ep","jetpack_likes_enabled":false,"jetpack-related-posts":[{"id":4486,"url":"https:\/\/www.grieta.org.mx\/index.php\/2016\/06\/10\/protestas-ante-devastacion-provocada-por-malecon-tajamar-quintana-roo\/","url_meta":{"origin":10193,"position":0},"title":"Protestas ante devastaci\u00f3n provocada por Malec\u00f3n Tajamar (Quintana Roo)","author":"grieta","date":"10 junio, 2016","format":false,"excerpt":"10\/06\/16. Afrenta para Canc\u00fan aval de Profepa a Fonatur por destrucci\u00f3n en TajamarMarcrixnoticias 07\/06\/16. No hay delito ambiental en Tajamar Canc\u00fan resolvi\u00f3 la Profepa. El Fonatur actu\u00f3 apegado a lo autorizado por SemarnatNoticaribeNews 12\/04\/16. Ignoran 7 mil denuncias por TajamarLuces del Siglo 11\/02\/16. Defensores del Tajamar se dividen, desconocen a\u2026","rel":"","context":"En &quot;NOTICIAS NACIONALES&quot;","block_context":{"text":"NOTICIAS NACIONALES","link":"https:\/\/www.grieta.org.mx\/index.php\/category\/noticias-nacionales\/"},"img":{"alt_text":"","src":"https:\/\/i0.wp.com\/www.grieta.org.mx\/wp-content\/uploads\/2018\/03\/14524434_1106112876131411_958039263622046936_o.jpg?resize=350%2C200&ssl=1","width":350,"height":200,"srcset":"https:\/\/i0.wp.com\/www.grieta.org.mx\/wp-content\/uploads\/2018\/03\/14524434_1106112876131411_958039263622046936_o.jpg?resize=350%2C200&ssl=1 1x, https:\/\/i0.wp.com\/www.grieta.org.mx\/wp-content\/uploads\/2018\/03\/14524434_1106112876131411_958039263622046936_o.jpg?resize=525%2C300&ssl=1 1.5x, https:\/\/i0.wp.com\/www.grieta.org.mx\/wp-content\/uploads\/2018\/03\/14524434_1106112876131411_958039263622046936_o.jpg?resize=700%2C400&ssl=1 2x"},"classes":[]},{"id":13999,"url":"https:\/\/www.grieta.org.mx\/index.php\/2016\/06\/10\/afrenta-para-cancun-aval-de-profepa-a-fonatur-por-destruccion-en-tajamar\/","url_meta":{"origin":10193,"position":1},"title":"Afrenta para Canc\u00fan aval de Profepa a Fonatur por destrucci\u00f3n en Tajamar","author":"grieta","date":"10 junio, 2016","format":false,"excerpt":"Mar\u00eda Cristina de la Cruz El dictamen de la Procuradur\u00eda Federal de Protecci\u00f3n al Ambiente (Profepa) es \u201crid\u00edcula, ofensiva, e ilegal\u201d que busca \u00fanicamente cuidarle la \u201cespalda\u201d al Fondo Nacional de Turismo (Fonatur), y resulta una \u201cafrenta\u201d para los ciudadanos que fueron testigos de la destrucci\u00f3n del manglar y otros\u2026","rel":"","context":"En &quot;CINTILLO&quot;","block_context":{"text":"CINTILLO","link":"https:\/\/www.grieta.org.mx\/index.php\/category\/cintillo\/"},"img":{"alt_text":"","src":"https:\/\/i0.wp.com\/www.grieta.org.mx\/wp-content\/uploads\/2018\/03\/14524434_1106112876131411_958039263622046936_o.jpg?resize=350%2C200&ssl=1","width":350,"height":200,"srcset":"https:\/\/i0.wp.com\/www.grieta.org.mx\/wp-content\/uploads\/2018\/03\/14524434_1106112876131411_958039263622046936_o.jpg?resize=350%2C200&ssl=1 1x, https:\/\/i0.wp.com\/www.grieta.org.mx\/wp-content\/uploads\/2018\/03\/14524434_1106112876131411_958039263622046936_o.jpg?resize=525%2C300&ssl=1 1.5x, https:\/\/i0.wp.com\/www.grieta.org.mx\/wp-content\/uploads\/2018\/03\/14524434_1106112876131411_958039263622046936_o.jpg?resize=700%2C400&ssl=1 2x"},"classes":[]},{"id":5023,"url":"https:\/\/www.grieta.org.mx\/index.php\/2016\/02\/04\/ven-con-reserva-freno-a-tajamar-2\/","url_meta":{"origin":10193,"position":2},"title":"Ven con reserva freno a Tajamar","author":"grieta","date":"4 febrero, 2016","format":false,"excerpt":"Por Pedro Diego Tzuc\/Agencia Reforma M\u00e9xico 04 Feb 2016 Esta suspensi\u00f3n definitiva va durar el tiempo que el Juez (Gerardo V\u00e1zquez Morales) tarde en emitir su sentencia del amparo CANC\u00daN, QR.- En la lucha por la protecci\u00f3n de los ecosistemas en el Malec\u00f3n Tajamar no podemos cantar victoria todav\u00eda, advirti\u00f3\u2026","rel":"","context":"En &quot;CINTILLO&quot;","block_context":{"text":"CINTILLO","link":"https:\/\/www.grieta.org.mx\/index.php\/category\/cintillo\/"},"img":{"alt_text":"","src":"https:\/\/i0.wp.com\/www.grieta.org.mx\/wp-content\/uploads\/2018\/03\/14524434_1106112876131411_958039263622046936_o.jpg?resize=350%2C200&ssl=1","width":350,"height":200,"srcset":"https:\/\/i0.wp.com\/www.grieta.org.mx\/wp-content\/uploads\/2018\/03\/14524434_1106112876131411_958039263622046936_o.jpg?resize=350%2C200&ssl=1 1x, https:\/\/i0.wp.com\/www.grieta.org.mx\/wp-content\/uploads\/2018\/03\/14524434_1106112876131411_958039263622046936_o.jpg?resize=525%2C300&ssl=1 1.5x, https:\/\/i0.wp.com\/www.grieta.org.mx\/wp-content\/uploads\/2018\/03\/14524434_1106112876131411_958039263622046936_o.jpg?resize=700%2C400&ssl=1 2x"},"classes":[]},{"id":5036,"url":"https:\/\/www.grieta.org.mx\/index.php\/2016\/01\/16\/cancun-despierta-devastan-malecon-tajamar-en-la-madrugada-y-con-proteccion-de-granaderos-entran-con-maquinaria-para-rellenar-manglar\/","url_meta":{"origin":10193,"position":3},"title":"\u201c\u00a1Canc\u00fan, Despierta!\u201d | Devastan Malec\u00f3n Tajamar: En la madrugada y con protecci\u00f3n de granaderos, entran con maquinaria para rellenar manglar","author":"grieta","date":"16 enero, 2016","format":false,"excerpt":"CANC\u00daN, MX.- En la oscuridad de la noche, como los delincuentes, con protecci\u00f3n de decenas de granaderos del gobierno municipal de Paul Carrillo y de la polic\u00eda estatal de Roberto Borge, la madrugada de este s\u00e1bado, maquinaria pesada y volquetes ingresaron a los terrenos del Malec\u00f3n Tajamar y empezaron a\u2026","rel":"","context":"En &quot;CINTILLO&quot;","block_context":{"text":"CINTILLO","link":"https:\/\/www.grieta.org.mx\/index.php\/category\/cintillo\/"},"img":{"alt_text":"","src":"https:\/\/i0.wp.com\/www.grieta.org.mx\/wp-content\/uploads\/2018\/03\/14524434_1106112876131411_958039263622046936_o.jpg?resize=350%2C200&ssl=1","width":350,"height":200,"srcset":"https:\/\/i0.wp.com\/www.grieta.org.mx\/wp-content\/uploads\/2018\/03\/14524434_1106112876131411_958039263622046936_o.jpg?resize=350%2C200&ssl=1 1x, https:\/\/i0.wp.com\/www.grieta.org.mx\/wp-content\/uploads\/2018\/03\/14524434_1106112876131411_958039263622046936_o.jpg?resize=525%2C300&ssl=1 1.5x, https:\/\/i0.wp.com\/www.grieta.org.mx\/wp-content\/uploads\/2018\/03\/14524434_1106112876131411_958039263622046936_o.jpg?resize=700%2C400&ssl=1 2x"},"classes":[]},{"id":5476,"url":"https:\/\/www.grieta.org.mx\/index.php\/2015\/08\/12\/suspendio-la-profepa-malecon-tajamar\/","url_meta":{"origin":10193,"position":4},"title":"Suspendi\u00f3 la Profepa ?el Malec\u00f3n Tajamar","author":"grieta","date":"12 agosto, 2015","format":false,"excerpt":"Canc\u00fan, QR. La Procuradur\u00eda Federal de Protecci\u00f3n al Ambiente (Profepa) coloc\u00f3 los sellos de suspensi\u00f3n en las obras iniciadas haces dos semanas por la empresa italiana Bi&DI en Malec\u00f3n Tajamar, por no contar con la validaci\u00f3n de la Secretar\u00eda de Medio Ambiente y Recursos Naturales (Semarnat) para el desmonte de\u2026","rel":"","context":"En &quot;CINTILLO&quot;","block_context":{"text":"CINTILLO","link":"https:\/\/www.grieta.org.mx\/index.php\/category\/cintillo\/"},"img":{"alt_text":"","src":"https:\/\/i0.wp.com\/www.grieta.org.mx\/wp-content\/uploads\/2018\/03\/14524434_1106112876131411_958039263622046936_o.jpg?resize=350%2C200&ssl=1","width":350,"height":200,"srcset":"https:\/\/i0.wp.com\/www.grieta.org.mx\/wp-content\/uploads\/2018\/03\/14524434_1106112876131411_958039263622046936_o.jpg?resize=350%2C200&ssl=1 1x, https:\/\/i0.wp.com\/www.grieta.org.mx\/wp-content\/uploads\/2018\/03\/14524434_1106112876131411_958039263622046936_o.jpg?resize=525%2C300&ssl=1 1.5x, https:\/\/i0.wp.com\/www.grieta.org.mx\/wp-content\/uploads\/2018\/03\/14524434_1106112876131411_958039263622046936_o.jpg?resize=700%2C400&ssl=1 2x"},"classes":[]},{"id":4501,"url":"https:\/\/www.grieta.org.mx\/index.php\/2016\/02\/04\/ven-con-reserva-freno-a-tajamar\/","url_meta":{"origin":10193,"position":5},"title":"Ven con reserva freno a Tajamar","author":"grieta","date":"4 febrero, 2016","format":false,"excerpt":"Por Pedro Diego Tzuc\/Agencia Reforma Esta suspensi\u00f3n definitiva va durar el tiempo que el Juez (Gerardo V\u00e1zquez Morales) tarde en emitir su sentencia del amparo CANC\u00daN, QR.- En la lucha por la protecci\u00f3n de los ecosistemas en el Malec\u00f3n Tajamar no podemos cantar victoria todav\u00eda, advirti\u00f3 Isabel Gonz\u00e1lez, abogada de\u2026","rel":"","context":"En &quot;CINTILLO&quot;","block_context":{"text":"CINTILLO","link":"https:\/\/www.grieta.org.mx\/index.php\/category\/cintillo\/"},"img":{"alt_text":"","src":"https:\/\/i0.wp.com\/www.grieta.org.mx\/wp-content\/uploads\/2018\/03\/14524434_1106112876131411_958039263622046936_o.jpg?resize=350%2C200&ssl=1","width":350,"height":200,"srcset":"https:\/\/i0.wp.com\/www.grieta.org.mx\/wp-content\/uploads\/2018\/03\/14524434_1106112876131411_958039263622046936_o.jpg?resize=350%2C200&ssl=1 1x, https:\/\/i0.wp.com\/www.grieta.org.mx\/wp-content\/uploads\/2018\/03\/14524434_1106112876131411_958039263622046936_o.jpg?resize=525%2C300&ssl=1 1.5x, https:\/\/i0.wp.com\/www.grieta.org.mx\/wp-content\/uploads\/2018\/03\/14524434_1106112876131411_958039263622046936_o.jpg?resize=700%2C400&ssl=1 2x"},"classes":[]}],"_links":{"self":[{"href":"https:\/\/www.grieta.org.mx\/index.php\/wp-json\/wp\/v2\/posts\/10193","targetHints":{"allow":["GET"]}}],"collection":[{"href":"https:\/\/www.grieta.org.mx\/index.php\/wp-json\/wp\/v2\/posts"}],"about":[{"href":"https:\/\/www.grieta.org.mx\/index.php\/wp-json\/wp\/v2\/types\/post"}],"author":[{"embeddable":true,"href":"https:\/\/www.grieta.org.mx\/index.php\/wp-json\/wp\/v2\/users\/2"}],"replies":[{"embeddable":true,"href":"https:\/\/www.grieta.org.mx\/index.php\/wp-json\/wp\/v2\/comments?post=10193"}],"version-history":[{"count":1,"href":"https:\/\/www.grieta.org.mx\/index.php\/wp-json\/wp\/v2\/posts\/10193\/revisions"}],"predecessor-version":[{"id":10195,"href":"https:\/\/www.grieta.org.mx\/index.php\/wp-json\/wp\/v2\/posts\/10193\/revisions\/10195"}],"wp:featuredmedia":[{"embeddable":true,"href":"https:\/\/www.grieta.org.mx\/index.php\/wp-json\/wp\/v2\/media\/21928"}],"wp:attachment":[{"href":"https:\/\/www.grieta.org.mx\/index.php\/wp-json\/wp\/v2\/media?parent=10193"}],"wp:term":[{"taxonomy":"category","embeddable":true,"href":"https:\/\/www.grieta.org.mx\/index.php\/wp-json\/wp\/v2\/categories?post=10193"},{"taxonomy":"post_tag","embeddable":true,"href":"https:\/\/www.grieta.org.mx\/index.php\/wp-json\/wp\/v2\/tags?post=10193"}],"curies":[{"name":"wp","href":"https:\/\/api.w.org\/{rel}","templated":true}]}}