{"id":10159,"date":"2016-04-08T02:37:39","date_gmt":"2016-04-08T02:37:39","guid":{"rendered":"http:\/\/www.grieta.org.mx\/?p=10159"},"modified":"2018-07-03T20:04:24","modified_gmt":"2018-07-04T01:04:24","slug":"marchan-exigiendo-justicia","status":"publish","type":"post","link":"https:\/\/www.grieta.org.mx\/index.php\/2016\/04\/08\/marchan-exigiendo-justicia\/","title":{"rendered":"Marchan exigiendo justicia"},"content":{"rendered":"<p><img loading=\"lazy\" decoding=\"async\" data-attachment-id=\"10160\" data-permalink=\"https:\/\/www.grieta.org.mx\/index.php\/2016\/04\/08\/marchan-exigiendo-justicia\/marcha-justicia-asesinatos\/\" data-orig-file=\"https:\/\/www.grieta.org.mx\/wp-content\/uploads\/2016\/04\/marcha-justicia-asesinatos.jpg\" data-orig-size=\"600,300\" data-comments-opened=\"0\" data-image-meta=\"{&quot;aperture&quot;:&quot;0&quot;,&quot;credit&quot;:&quot;&quot;,&quot;camera&quot;:&quot;&quot;,&quot;caption&quot;:&quot;&quot;,&quot;created_timestamp&quot;:&quot;0&quot;,&quot;copyright&quot;:&quot;&quot;,&quot;focal_length&quot;:&quot;0&quot;,&quot;iso&quot;:&quot;0&quot;,&quot;shutter_speed&quot;:&quot;0&quot;,&quot;title&quot;:&quot;&quot;,&quot;orientation&quot;:&quot;0&quot;}\" data-image-title=\"Marcha por justicia asesinatos Coahuila\" data-image-description=\"\" data-image-caption=\"\" data-medium-file=\"https:\/\/www.grieta.org.mx\/wp-content\/uploads\/2016\/04\/marcha-justicia-asesinatos-300x150.jpg\" data-large-file=\"https:\/\/www.grieta.org.mx\/wp-content\/uploads\/2016\/04\/marcha-justicia-asesinatos.jpg\" class=\"aligncenter wp-image-10160\" src=\"http:\/\/www.grieta.org.mx\/wp-content\/uploads\/2016\/04\/marcha-justicia-asesinatos.jpg\" alt=\"Marcha por justicia asesinatos Coahuila\" width=\"480\" height=\"240\" srcset=\"https:\/\/www.grieta.org.mx\/wp-content\/uploads\/2016\/04\/marcha-justicia-asesinatos.jpg 600w, https:\/\/www.grieta.org.mx\/wp-content\/uploads\/2016\/04\/marcha-justicia-asesinatos-300x150.jpg 300w\" sizes=\"auto, (max-width: 480px) 100vw, 480px\" \/><\/p>\n<p>Por Alfonso Villa<\/p>\n<p><strong>Sabinas, Coah<\/strong>.- Familiares de Jos\u00e9 Cruz Cort\u00e9s Chavarr\u00eda, quien fue entregado muerto a sus familiares por el extinto grupo de \u00e9lite GATE, hoy Fuerza Coahuila, el pasado 5 de Septiembre de 2015, se sumaron a la marcha y velada en son de protesta que llevaron amigos de la pareja que pereci\u00f3 en un supuesto enfrentamiento con las autoridades mencionadas.<\/p>\n<p>Con playeras blancas, globos blancos, cartelones y mantas que plasman escritos de justicia, efectuaron las familias su marcha pac\u00edfica por la calle principal de esta ciudad, esto poco despu\u00e9s de las 21:30 horas; en un principio lo hicieron sobre la banqueta ya que no llevaban seguridad vial de Tr\u00e1nsito.<\/p>\n<p>Fue a escasas cuadras de arribar a la Presidencia Municipal, donde Seguridad P\u00fablica ofreci\u00f3 dicho servicio a los ciudadanos que ten\u00edan un objetivo en com\u00fan: Manifestar su descontento hacia las autoridades.<\/p>\n<p>Familiares de Cort\u00e9s Chavarr\u00eda tienen la certeza de que el grupo de \u00e9lite asesin\u00f3 a la pareja como lo que ocurri\u00f3 con Jos\u00e9 Cruz, quien seg\u00fan testigos el GATE lo sac\u00f3 de una cantina en la villa de Cloete, horas m\u00e1s tarde lo entregaron muerto argumentando que hab\u00eda sufrido un ataque al coraz\u00f3n.<\/p>\n<p>Por su parte amigos de Valeria Preciado y Jos\u00e9 Luis Zamarripa a\u00fan no asimilan el hecho y las versiones oficiales que la PGJE ha realizado, las cuales consisten en que la pareja hab\u00eda omitido el ret\u00e9n que Fuerza Coahuila hab\u00eda colocado sobre la carretera en la madrugada con una intensa neblina y que hab\u00edan respondido a un ataque con armas de fuego.<\/p>\n<p>\u201cExigimos justicia y que este hecho se esclarezca y no quede impune\u201d, eran los gritos de los amigos y familiares.<\/p>\n<p><a href=\"http:\/\/www.zocalo.com.mx\/seccion\/articulo\/marchan-exigiendo-justicia-1460096080\" target=\"_blank\">http:\/\/www.zocalo.com.mx\/seccion\/articulo\/marchan-exigiendo-justicia-1460096080<\/a><\/p>\n","protected":false},"excerpt":{"rendered":"<p>Por Alfonso Villa Sabinas, Coah.- Familiares de Jos\u00e9 Cruz Cort\u00e9s Chavarr\u00eda, quien fue entregado muerto a sus familiares por el extinto grupo de \u00e9lite GATE, hoy Fuerza Coahuila, el pasado &hellip; <a href=\"https:\/\/www.grieta.org.mx\/index.php\/2016\/04\/08\/marchan-exigiendo-justicia\/\" class=\"more-link\">Leer m\u00e1s<\/a><\/p>\n","protected":false},"author":2,"featured_media":21928,"comment_status":"closed","ping_status":"closed","sticky":false,"template":"","format":"standard","meta":{"ngg_post_thumbnail":0,"_jetpack_newsletter_access":"","_jetpack_dont_email_post_to_subs":false,"_jetpack_newsletter_tier_id":0,"_jetpack_memberships_contains_paywalled_content":false,"_jetpack_memberships_contains_paid_content":false,"footnotes":""},"categories":[80,419,2,1033],"tags":[589,271,590,267],"class_list":["post-10159","post","type-post","status-publish","format-standard","has-post-thumbnail","hentry","category-cintillo","category-coahuila","category-noticias-nacionales","category-violencia-de-las-fuerzas-represivas-en-coahuila","tag-fuerza-coahuila","tag-marcha","tag-montaje","tag-sabinas","entry"],"jetpack_featured_media_url":"https:\/\/www.grieta.org.mx\/wp-content\/uploads\/2018\/03\/14524434_1106112876131411_958039263622046936_o.jpg","jetpack_sharing_enabled":true,"jetpack_shortlink":"https:\/\/wp.me\/p7ZJR4-2DR","jetpack_likes_enabled":false,"jetpack-related-posts":[{"id":12075,"url":"https:\/\/www.grieta.org.mx\/index.php\/2016\/05\/08\/quejas-dan-fama-a-fuerza-coahuila\/","url_meta":{"origin":10159,"position":0},"title":"Quejas dan fama a Fuerza Coahuila","author":"grieta","date":"8 mayo, 2016","format":false,"excerpt":"A menos de dos meses de haber arrancado operaciones el grupo elite Fuerza Coahuila, ha ganado notoriedad tras sumar quejas en la Comisi\u00f3n de Derechos Humanos del Estado de Coahuila (CDHEC), por probables ejecuciones, as\u00ed como por intimidaciones a integrantes de los medios de comunicaci\u00f3n. Fue el pasado 10 de\u2026","rel":"","context":"En &quot;CINTILLO&quot;","block_context":{"text":"CINTILLO","link":"https:\/\/www.grieta.org.mx\/index.php\/category\/cintillo\/"},"img":{"alt_text":"","src":"https:\/\/i0.wp.com\/www.grieta.org.mx\/wp-content\/uploads\/2016\/05\/Fuerza-Coahuila-viola.jpg?resize=350%2C200&ssl=1","width":350,"height":200},"classes":[]},{"id":9850,"url":"https:\/\/www.grieta.org.mx\/index.php\/2016\/04\/03\/exigimos-justicia-no-mas-impunidad-claman-habitantes-de-la-carbonifera\/","url_meta":{"origin":10159,"position":1},"title":"\u201cExigimos justicia, no m\u00e1s impunidad\u201d claman habitantes de la Carbon\u00edfera","author":"grieta","date":"3 abril, 2016","format":false,"excerpt":"Nueva Rosita, Coah.- Habitantes de la Regi\u00f3n Carbon\u00edfera iniciaron una serie de acciones para protestar en\u00e9rgicamente contra los cr\u00edmenes que comete el gobierno, bajo el amparo de un grupo de polic\u00edas denominados Fuerza Coahuila. Por medio de pancartas y mantas, los ciudadanos externaron su repudio por el reciente crimen de\u2026","rel":"","context":"En &quot;CINTILLO&quot;","block_context":{"text":"CINTILLO","link":"https:\/\/www.grieta.org.mx\/index.php\/category\/cintillo\/"},"img":{"alt_text":"","src":"https:\/\/i0.wp.com\/www.grieta.org.mx\/wp-content\/uploads\/2018\/03\/14524434_1106112876131411_958039263622046936_o.jpg?resize=350%2C200&ssl=1","width":350,"height":200,"srcset":"https:\/\/i0.wp.com\/www.grieta.org.mx\/wp-content\/uploads\/2018\/03\/14524434_1106112876131411_958039263622046936_o.jpg?resize=350%2C200&ssl=1 1x, https:\/\/i0.wp.com\/www.grieta.org.mx\/wp-content\/uploads\/2018\/03\/14524434_1106112876131411_958039263622046936_o.jpg?resize=525%2C300&ssl=1 1.5x, https:\/\/i0.wp.com\/www.grieta.org.mx\/wp-content\/uploads\/2018\/03\/14524434_1106112876131411_958039263622046936_o.jpg?resize=700%2C400&ssl=1 2x"},"classes":[]},{"id":9859,"url":"https:\/\/www.grieta.org.mx\/index.php\/2016\/04\/01\/fuerza-coahuila-asesino-a-jessica-y-jose-luis-padres-exigen-justicia\/","url_meta":{"origin":10159,"position":2},"title":"Fuerza Coahuila asesin\u00f3 a Jessica y Jos\u00e9 Luis; padres exigen justicia","author":"grieta","date":"1 abril, 2016","format":false,"excerpt":"***Los sacaron de su casa; la balacera es un montaje.- *** Procurador destituye a comandante \u201cDrag\u00f3n\u201d de Fuerza Coahuila.- Nueva Rosita, Coah.- Familiares de los j\u00f3venes supuestamente asesinados a balazos por polic\u00edas de \u201cFuerza Coahuila\u201d, cuando intentaron escapar de un ret\u00e9n, preparan una demanda contra el gobierno del estado que\u2026","rel":"","context":"En &quot;CINTILLO&quot;","block_context":{"text":"CINTILLO","link":"https:\/\/www.grieta.org.mx\/index.php\/category\/cintillo\/"},"img":{"alt_text":"","src":"https:\/\/i0.wp.com\/www.grieta.org.mx\/wp-content\/uploads\/2018\/03\/14524434_1106112876131411_958039263622046936_o.jpg?resize=350%2C200&ssl=1","width":350,"height":200,"srcset":"https:\/\/i0.wp.com\/www.grieta.org.mx\/wp-content\/uploads\/2018\/03\/14524434_1106112876131411_958039263622046936_o.jpg?resize=350%2C200&ssl=1 1x, https:\/\/i0.wp.com\/www.grieta.org.mx\/wp-content\/uploads\/2018\/03\/14524434_1106112876131411_958039263622046936_o.jpg?resize=525%2C300&ssl=1 1.5x, https:\/\/i0.wp.com\/www.grieta.org.mx\/wp-content\/uploads\/2018\/03\/14524434_1106112876131411_958039263622046936_o.jpg?resize=700%2C400&ssl=1 2x"},"classes":[]},{"id":22207,"url":"https:\/\/www.grieta.org.mx\/index.php\/2018\/03\/22\/fuerza-coahuila-asesina-a-golpes-dentro-de-celda-a-un-hombre-muzquiz-coahuila\/","url_meta":{"origin":10159,"position":3},"title":"Fuerza Coahuila asesina a golpes dentro de celda a un hombre (M\u00fazquiz, Coahuila)","author":"grieta","date":"22 marzo, 2018","format":false,"excerpt":"Muzquences exigen la salida de esa corporaci\u00f3n polic\u00edaca, demandan justicia. M\u00fazquiz, Coah., 22 de marzo.- El pueblo entero demando hoy la salida de Fuerza Coahuila del municipio de M\u00fazquiz tras de que un hombre de 37 a\u00f1os de edad habr\u00eda sido asesinado a golpes por elementos de esa corporaci\u00f3n con\u2026","rel":"","context":"En &quot;CINTILLO&quot;","block_context":{"text":"CINTILLO","link":"https:\/\/www.grieta.org.mx\/index.php\/category\/cintillo\/"},"img":{"alt_text":"","src":"https:\/\/i0.wp.com\/www.grieta.org.mx\/wp-content\/uploads\/2018\/03\/14524434_1106112876131411_958039263622046936_o.jpg?resize=350%2C200&ssl=1","width":350,"height":200,"srcset":"https:\/\/i0.wp.com\/www.grieta.org.mx\/wp-content\/uploads\/2018\/03\/14524434_1106112876131411_958039263622046936_o.jpg?resize=350%2C200&ssl=1 1x, https:\/\/i0.wp.com\/www.grieta.org.mx\/wp-content\/uploads\/2018\/03\/14524434_1106112876131411_958039263622046936_o.jpg?resize=525%2C300&ssl=1 1.5x, https:\/\/i0.wp.com\/www.grieta.org.mx\/wp-content\/uploads\/2018\/03\/14524434_1106112876131411_958039263622046936_o.jpg?resize=700%2C400&ssl=1 2x"},"classes":[]},{"id":23126,"url":"https:\/\/www.grieta.org.mx\/index.php\/2018\/05\/10\/marcha-grupo-vida-por-sus-desaparecidos-en-el-dia-de-las-madres-torreon-coahuila\/","url_meta":{"origin":10159,"position":4},"title":"Marcha grupo Vida por sus desaparecidos en el D\u00eda de las Madres (Torre\u00f3n, Coahuila)","author":"grieta","date":"10 mayo, 2018","format":false,"excerpt":"El contingente camin\u00f3 en sentido contrario por la avenida Ju\u00e1rez. (EL SIGLO DE TORRE\u00d3N) Como desde hace cinco a\u00f1os, el grupo V\u00edctimas por sus Derechos en Acci\u00f3n (Vida), realiza su marcha de familiares de personas desaparecidas en el D\u00eda de las Madres. Guadalupe Miranda\/El Siglo Coahuila El contingente conformado por\u2026","rel":"","context":"En &quot;CINTILLO&quot;","block_context":{"text":"CINTILLO","link":"https:\/\/www.grieta.org.mx\/index.php\/category\/cintillo\/"},"img":{"alt_text":"","src":"https:\/\/i0.wp.com\/www.grieta.org.mx\/wp-content\/uploads\/2018\/05\/Marchan-madre-Torre%C3%B3n.jpeg?resize=350%2C200&ssl=1","width":350,"height":200,"srcset":"https:\/\/i0.wp.com\/www.grieta.org.mx\/wp-content\/uploads\/2018\/05\/Marchan-madre-Torre%C3%B3n.jpeg?resize=350%2C200&ssl=1 1x, https:\/\/i0.wp.com\/www.grieta.org.mx\/wp-content\/uploads\/2018\/05\/Marchan-madre-Torre%C3%B3n.jpeg?resize=525%2C300&ssl=1 1.5x, https:\/\/i0.wp.com\/www.grieta.org.mx\/wp-content\/uploads\/2018\/05\/Marchan-madre-Torre%C3%B3n.jpeg?resize=700%2C400&ssl=1 2x, https:\/\/i0.wp.com\/www.grieta.org.mx\/wp-content\/uploads\/2018\/05\/Marchan-madre-Torre%C3%B3n.jpeg?resize=1050%2C600&ssl=1 3x"},"classes":[]},{"id":17107,"url":"https:\/\/www.grieta.org.mx\/index.php\/2016\/07\/11\/bloquean-carretera-57-en-sabinas-por-minas-de-carbon-que-ponen-en-riesgo-a-ciudadanos\/","url_meta":{"origin":10159,"position":5},"title":"Bloquean carretera 57 en Sabinas por minas de carb\u00f3n que ponen en riesgo a ciudadanos","author":"grieta","date":"11 julio, 2016","format":false,"excerpt":"Foto: Vanguardia\/Nadia Betancourt Familias exigieron a las autoridades prohibir los tajos mineros, o minas a cielo abierto Nadia Betancourt\/VANGUARDIA Sabinas, Coahuila. Durante una hora fue bloqueada la carretera 57 por m\u00e1s de 100 pobladores de Cloete, Barroter\u00e1n y la Florida en protesta por las 30 minas abandonadas y en operaci\u00f3n\u2026","rel":"","context":"En &quot;CINTILLO&quot;","block_context":{"text":"CINTILLO","link":"https:\/\/www.grieta.org.mx\/index.php\/category\/cintillo\/"},"img":{"alt_text":"","src":"https:\/\/i0.wp.com\/www.grieta.org.mx\/wp-content\/uploads\/2018\/03\/14524434_1106112876131411_958039263622046936_o.jpg?resize=350%2C200&ssl=1","width":350,"height":200,"srcset":"https:\/\/i0.wp.com\/www.grieta.org.mx\/wp-content\/uploads\/2018\/03\/14524434_1106112876131411_958039263622046936_o.jpg?resize=350%2C200&ssl=1 1x, https:\/\/i0.wp.com\/www.grieta.org.mx\/wp-content\/uploads\/2018\/03\/14524434_1106112876131411_958039263622046936_o.jpg?resize=525%2C300&ssl=1 1.5x, https:\/\/i0.wp.com\/www.grieta.org.mx\/wp-content\/uploads\/2018\/03\/14524434_1106112876131411_958039263622046936_o.jpg?resize=700%2C400&ssl=1 2x"},"classes":[]}],"_links":{"self":[{"href":"https:\/\/www.grieta.org.mx\/index.php\/wp-json\/wp\/v2\/posts\/10159","targetHints":{"allow":["GET"]}}],"collection":[{"href":"https:\/\/www.grieta.org.mx\/index.php\/wp-json\/wp\/v2\/posts"}],"about":[{"href":"https:\/\/www.grieta.org.mx\/index.php\/wp-json\/wp\/v2\/types\/post"}],"author":[{"embeddable":true,"href":"https:\/\/www.grieta.org.mx\/index.php\/wp-json\/wp\/v2\/users\/2"}],"replies":[{"embeddable":true,"href":"https:\/\/www.grieta.org.mx\/index.php\/wp-json\/wp\/v2\/comments?post=10159"}],"version-history":[{"count":1,"href":"https:\/\/www.grieta.org.mx\/index.php\/wp-json\/wp\/v2\/posts\/10159\/revisions"}],"predecessor-version":[{"id":10161,"href":"https:\/\/www.grieta.org.mx\/index.php\/wp-json\/wp\/v2\/posts\/10159\/revisions\/10161"}],"wp:featuredmedia":[{"embeddable":true,"href":"https:\/\/www.grieta.org.mx\/index.php\/wp-json\/wp\/v2\/media\/21928"}],"wp:attachment":[{"href":"https:\/\/www.grieta.org.mx\/index.php\/wp-json\/wp\/v2\/media?parent=10159"}],"wp:term":[{"taxonomy":"category","embeddable":true,"href":"https:\/\/www.grieta.org.mx\/index.php\/wp-json\/wp\/v2\/categories?post=10159"},{"taxonomy":"post_tag","embeddable":true,"href":"https:\/\/www.grieta.org.mx\/index.php\/wp-json\/wp\/v2\/tags?post=10159"}],"curies":[{"name":"wp","href":"https:\/\/api.w.org\/{rel}","templated":true}]}}