{"id":1014,"date":"2015-07-26T03:08:57","date_gmt":"2015-07-26T03:08:57","guid":{"rendered":"http:\/\/50.22.11.12\/~grietaor\/?p=1014"},"modified":"2016-03-03T03:25:08","modified_gmt":"2016-03-03T03:25:08","slug":"colectivo-critica-que-sigan-planes-del-nuevo-aeropuerto-a-pesar-de-la-crisis-economica","status":"publish","type":"post","link":"https:\/\/www.grieta.org.mx\/index.php\/2015\/07\/26\/colectivo-critica-que-sigan-planes-del-nuevo-aeropuerto-a-pesar-de-la-crisis-economica\/","title":{"rendered":"Colectivo critica que sigan planes del nuevo aeropuerto, a pesar de la crisis econ\u00f3mica"},"content":{"rendered":"<p>Mayela S\u00e1nchez<\/p>\n<p>Ciudad de M\u00e9xico, 26 de julio (SinEmbargo).\u2014 El Observatorio Regional Ciudadano para el Desarrollo Sustentable, un colectivo que agrupa a acad\u00e9micos, activistas y organizaciones civiles de la regi\u00f3n de Texcoco, Estado de M\u00e9xico, critic\u00f3 la decisi\u00f3n del gobierno federal de continuar con el proyecto del Nuevo Aeropuerto Internacional para la Ciudad de M\u00e9xico (NAICM) pese a los problemas econ\u00f3micos y de credibilidad que enfrenta, y a pesar, tambi\u00e9n, de los se\u00f1alamientos que especialistas han hecho sobre lo inadecuado del terreno donde se pretende construir el aer\u00f3dromo.<\/p>\n<p>Integrantes del Observatorio cuestionaron el reciente anuncio del lanzamiento de 21 paquetes de licitaciones para la construcci\u00f3n del NAICM, hecho por el Secretario de Comunicaciones y Transportes, Gerardo Ruiz Esparza, el pasado 8 de julio.<\/p>\n<p>Los 21 paquetes de licitaciones anunciados servir\u00e1n para contratar las obras preliminares, obras de infraestructura principal y obras de puesta en operaci\u00f3n, de acuerdo con un bolet\u00edn emitido por la Secretar\u00eda de Comunicaciones y Transportes (SCT).<\/p>\n<p>El director del Grupo Aeroportuario de la Ciudad de M\u00e9xico (GACM), Manuel \u00c1ngel N\u00fa\u00f1ez Soto, refiri\u00f3 el d\u00eda del anuncio que los paquetes de obras tendr\u00edan un valor estimado de 95 mil millones de pesos, monto que variar\u00eda en funci\u00f3n de los proyectos y las ofertas. Para financiarlo, en septiembre se solicitar\u00e1 una l\u00ednea de cr\u00e9dito revolviste por 2 mil millones de d\u00f3lares, gestionados en principio por HSBC, CityBank y JP Morgan, adelant\u00f3 el director de Finanzas del GACM, Federico Pati\u00f1o.<\/p>\n<p>A prop\u00f3sito de este anuncio, el Observatorio -que se opone al proyecto del NAICM- critic\u00f3 el \u201cempecinamiento\u201d del gobierno federal de llevar avante la obra a pesar del aumento que ha tenido la deuda p\u00fablica, de la descapitalizaci\u00f3n de Petr\u00f3leos Mexicanos (Pemex) que se evidenci\u00f3 con su ausencia en las licitaciones de la llamada Ronda Uno, y de la anunciada estrategia para eficientar los recursos p\u00fablicos mediante el Presupuesto Base Cero.<\/p>\n<p>Daniel Cervantes, integrante del Observatorio, consider\u00f3 que la construcci\u00f3n del nuevo aeropuerto s\u00f3lo \u201cdistrae recursos\u201d en un momento de crisis econ\u00f3mica en el pa\u00eds.<\/p>\n<p>Los integrantes del Observatorio tambi\u00e9n juzgaron que la obstinaci\u00f3n del gobierno federal ha pasado por encima de las opiniones de especialistas, como la Uni\u00f3n de Cient\u00edficos Comprometidos con la Sociedad, que han alertado que el suelo del \u00e1rea donde se pretende construir el aeropuerto -en el ex Vaso del Lago de Texcoco- no es el m\u00e1s apto, que la obra podr\u00eda generar un problema de desbasto de agua en las comunidades aleda\u00f1as, o que acarrear\u00eda efectos ambientales y sociales negativos.<\/p>\n<p>A ello agregaron la falta de credibilidad que vive el gobierno federal por casos como el de la \u201cCasa Blanca\u201d o la fuga de Joaqu\u00edn Guzm\u00e1n Loera, alias \u201cEl Chapo\u201d.<\/p>\n<p>Fernanda Hopenhaym, subdirectora del Proyecto PODER, una organizaci\u00f3n enfocada en la transparencia corporativa, apunt\u00f3 adem\u00e1s que en el desarrollo del proyecto del NAICM ha prevalecido la falta de informaci\u00f3n, lo que contraviene el principio ddd m\u00e1xima publicidad en las contrataciones p\u00fablicas, amparado por la ley.<\/p>\n<p>Recalc\u00f3 que a la fecha no se sabe ni siquiera c\u00f3mo se determin\u00f3 que el proyecto ganador del dise\u00f1o del NAICM era el m\u00e1s adecuado y el m\u00e1s competitivo, lo cual es m\u00e1s relevante si se toma en cuenta los intereses privados que rodean al proyecto, como es el caso espec\u00edfico del yerno del empresario Carlos Slim, Fernando Romero, quien junto con el arquitecto brit\u00e1nico Norman Foster fueron los seleccionados para el dise\u00f1o del nuevo aeropuerto.<\/p>\n<p>\u201cLa pregunta que siempre nos hacemos desde PODER es \u00bfpor qu\u00e9 se otorgaron estas concesiones a estos proyectos, qu\u00e9 intereses hay detr\u00e1s?\u201d, inquiri\u00f3.<\/p>\n<p>Adem\u00e1s de Cervantes, como integrantes del Observatorio participaron Jos\u00e9 Luis Rico Robert y Ricardo Jim\u00e9nez, quienes adem\u00e1s de cuestionar la decisi\u00f3n del gobierno de avanzar con el proyecto, plantearon que, en lugar de un aeropuerto, en la regi\u00f3n oriente de la metr\u00f3poli deber\u00eda promoverse un plan regional de desarrollo sustentable. Informaron que lanzar\u00e1n una campa\u00f1a en la plataforma Change.org en contra de la construcci\u00f3n del NAICM y que prev\u00e9n realizar un foro en agosto para difundir m\u00e1s informaci\u00f3n.<\/p>\n<p><a href=\"http:\/\/www.sinembargo.mx\/26-07-2015\/1425040\" target=\"_blank\">www.sinembargo.mx\/26-07-2015\/1425040<\/a><\/p>\n","protected":false},"excerpt":{"rendered":"<p>Mayela S\u00e1nchez Ciudad de M\u00e9xico, 26 de julio (SinEmbargo).\u2014 El Observatorio Regional Ciudadano para el Desarrollo Sustentable, un colectivo que agrupa a acad\u00e9micos, activistas y organizaciones civiles de la regi\u00f3n &hellip; <a href=\"https:\/\/www.grieta.org.mx\/index.php\/2015\/07\/26\/colectivo-critica-que-sigan-planes-del-nuevo-aeropuerto-a-pesar-de-la-crisis-economica\/\" class=\"more-link\">Leer m\u00e1s<\/a><\/p>\n","protected":false},"author":2,"featured_media":21928,"comment_status":"closed","ping_status":"open","sticky":false,"template":"","format":"standard","meta":{"ngg_post_thumbnail":0,"_jetpack_newsletter_access":"","_jetpack_dont_email_post_to_subs":false,"_jetpack_newsletter_tier_id":0,"_jetpack_memberships_contains_paywalled_content":false,"_jetpack_memberships_contains_paid_content":false,"footnotes":""},"categories":[80],"tags":[143,97,92],"class_list":["post-1014","post","type-post","status-publish","format-standard","has-post-thumbnail","hentry","category-cintillo","tag-aeropuerto-de-la-ciudad-de-mexico","tag-comunicaciones-y-transportes","tag-estado-de-mexico","entry"],"jetpack_featured_media_url":"https:\/\/www.grieta.org.mx\/wp-content\/uploads\/2018\/03\/14524434_1106112876131411_958039263622046936_o.jpg","jetpack_sharing_enabled":true,"jetpack_shortlink":"https:\/\/wp.me\/p7ZJR4-gm","jetpack_likes_enabled":false,"jetpack-related-posts":[{"id":25758,"url":"https:\/\/www.grieta.org.mx\/index.php\/2018\/08\/23\/tierra-si-aviones-no-la-exigencia-de-atenco-ante-consulta-por-el-naim\/","url_meta":{"origin":1014,"position":0},"title":"\u201cTierra s\u00ed, aviones no\u201d, la exigencia de Atenco ante consulta por el NAIM","author":"grieta","date":"23 agosto, 2018","format":false,"excerpt":"PROCESO CIUDAD DE M\u00c9XICO (apro).- Ejidatarios de Atenco se manifestaron en la capital, de nueva cuenta, para expresar su repudio al Nuevo Aeropuerto Internacional de M\u00e9xico (NAIM). ttps:\/\/www.proceso.com.mx\/548135\/tierra-si-aviones-no-la-exigencia-de-atenco-ante-consulta-por-el-naim","rel":"","context":"En &quot;CINTILLO&quot;","block_context":{"text":"CINTILLO","link":"https:\/\/www.grieta.org.mx\/index.php\/category\/cintillo\/"},"img":{"alt_text":"","src":"https:\/\/i0.wp.com\/www.grieta.org.mx\/wp-content\/uploads\/2018\/08\/230818-atenco-as1-1078x719.jpg?resize=350%2C200&ssl=1","width":350,"height":200,"srcset":"https:\/\/i0.wp.com\/www.grieta.org.mx\/wp-content\/uploads\/2018\/08\/230818-atenco-as1-1078x719.jpg?resize=350%2C200&ssl=1 1x, https:\/\/i0.wp.com\/www.grieta.org.mx\/wp-content\/uploads\/2018\/08\/230818-atenco-as1-1078x719.jpg?resize=525%2C300&ssl=1 1.5x, https:\/\/i0.wp.com\/www.grieta.org.mx\/wp-content\/uploads\/2018\/08\/230818-atenco-as1-1078x719.jpg?resize=700%2C400&ssl=1 2x, https:\/\/i0.wp.com\/www.grieta.org.mx\/wp-content\/uploads\/2018\/08\/230818-atenco-as1-1078x719.jpg?resize=1050%2C600&ssl=1 3x"},"classes":[]},{"id":23966,"url":"https:\/\/www.grieta.org.mx\/index.php\/2018\/06\/12\/denuncian-ecocidio-por-construccion-del-nuevo-aeropuerto-estado-de-mexico\/","url_meta":{"origin":1014,"position":1},"title":"Denuncian ecocidio por construcci\u00f3n del Nuevo Aeropuerto (Estado de M\u00e9xico)","author":"grieta","date":"12 junio, 2018","format":false,"excerpt":"Ecocidio-por-NAICM.mp4?_=1 Man\u00fael L\u00f3pez\/Hoy Estado de M\u00e9xico A cuatro a\u00f1os del inicio de los trabajos de construcci\u00f3n del Nuevo Aeropuerto en el municipio de Texcoco, pobladores de al menos nueve comunidades del oriente del Estado crearon un movimiento para exigir su cancelaci\u00f3n. Desde principios de este a\u00f1o, integrantes de los pueblos\u2026","rel":"","context":"En &quot;Conflictos por la construcci\u00f3n del Nuevo Aeropuerto Internacional de la Ciudad de M\u00e9xico (NAICM)&quot;","block_context":{"text":"Conflictos por la construcci\u00f3n del Nuevo Aeropuerto Internacional de la Ciudad de M\u00e9xico (NAICM)","link":"https:\/\/www.grieta.org.mx\/index.php\/category\/noticias-nacionales\/estado-de-mexico\/conflictos-por-la-construccion-del-nuevo-aeropuerto-internacional-de-la-ciudad-de-mexico-naicm\/"},"img":{"alt_text":"","src":"https:\/\/i0.wp.com\/www.grieta.org.mx\/wp-content\/uploads\/2018\/03\/14524434_1106112876131411_958039263622046936_o.jpg?resize=350%2C200&ssl=1","width":350,"height":200,"srcset":"https:\/\/i0.wp.com\/www.grieta.org.mx\/wp-content\/uploads\/2018\/03\/14524434_1106112876131411_958039263622046936_o.jpg?resize=350%2C200&ssl=1 1x, https:\/\/i0.wp.com\/www.grieta.org.mx\/wp-content\/uploads\/2018\/03\/14524434_1106112876131411_958039263622046936_o.jpg?resize=525%2C300&ssl=1 1.5x, https:\/\/i0.wp.com\/www.grieta.org.mx\/wp-content\/uploads\/2018\/03\/14524434_1106112876131411_958039263622046936_o.jpg?resize=700%2C400&ssl=1 2x"},"classes":[]},{"id":987,"url":"https:\/\/www.grieta.org.mx\/index.php\/2015\/11\/11\/atenco-continua-lucha-contra-aeropuerto-y-la-defensa-de-la-tierra-video\/","url_meta":{"origin":1014,"position":2},"title":"Atenco: contin\u00faa lucha contra aeropuerto y la defensa de la tierra (video)","author":"grieta","date":"11 noviembre, 2015","format":false,"excerpt":"En el municipio de Atenco, Estado de M\u00e9xico, pobladores del pueblo de San Crist\u00f3bal Nexquipayac contin\u00faan en lucha contra el despojo de sus tierras por la construcci\u00f3n del nuevo aeropuerto de la Ciudad de M\u00e9xico, un proyecto de Enrique Pe\u00f1a Nieto. www.laizquierdadiario.com.mx\/Atenco-continua-lucha-contra-aeropuerto-y-la-defensa-de-la-tierra","rel":"","context":"En &quot;CINTILLO&quot;","block_context":{"text":"CINTILLO","link":"https:\/\/www.grieta.org.mx\/index.php\/category\/cintillo\/"},"img":{"alt_text":"","src":"https:\/\/i0.wp.com\/www.grieta.org.mx\/wp-content\/uploads\/2018\/03\/14524434_1106112876131411_958039263622046936_o.jpg?resize=350%2C200&ssl=1","width":350,"height":200,"srcset":"https:\/\/i0.wp.com\/www.grieta.org.mx\/wp-content\/uploads\/2018\/03\/14524434_1106112876131411_958039263622046936_o.jpg?resize=350%2C200&ssl=1 1x, https:\/\/i0.wp.com\/www.grieta.org.mx\/wp-content\/uploads\/2018\/03\/14524434_1106112876131411_958039263622046936_o.jpg?resize=525%2C300&ssl=1 1.5x, https:\/\/i0.wp.com\/www.grieta.org.mx\/wp-content\/uploads\/2018\/03\/14524434_1106112876131411_958039263622046936_o.jpg?resize=700%2C400&ssl=1 2x"},"classes":[]},{"id":1053,"url":"https:\/\/www.grieta.org.mx\/index.php\/2016\/08\/22\/despojo-de-tierra-por-nuevo-aeropuerto-en-el-edomex\/","url_meta":{"origin":1014,"position":3},"title":"Despojo de tierra por nuevo aeropuerto en el Edomex","author":"grieta","date":"22 agosto, 2016","format":false,"excerpt":"22\/08\/16. Exigen destituir al comisariado de Tocuila por desalojo contra FPDTRegeneraci\u00f3n 19\/08\/16. Grupo de choque desmantela plant\u00f3n de ejidatarios del FPDT en TocuilaReporteros en Movimiento 19\/08\/16. Golpeadores agreden a pedradas a reporteros en la zona del conflicto en el ejido de TocuilaReporteros en Movimiento 19\/08\/16. Agreden golpeadores a ejidatarios en\u2026","rel":"","context":"En &quot;Estado de M\u00e9xico&quot;","block_context":{"text":"Estado de M\u00e9xico","link":"https:\/\/www.grieta.org.mx\/index.php\/category\/noticias-nacionales\/estado-de-mexico\/"},"img":{"alt_text":"","src":"https:\/\/i0.wp.com\/www.grieta.org.mx\/wp-content\/uploads\/2018\/03\/14524434_1106112876131411_958039263622046936_o.jpg?resize=350%2C200&ssl=1","width":350,"height":200,"srcset":"https:\/\/i0.wp.com\/www.grieta.org.mx\/wp-content\/uploads\/2018\/03\/14524434_1106112876131411_958039263622046936_o.jpg?resize=350%2C200&ssl=1 1x, https:\/\/i0.wp.com\/www.grieta.org.mx\/wp-content\/uploads\/2018\/03\/14524434_1106112876131411_958039263622046936_o.jpg?resize=525%2C300&ssl=1 1.5x, https:\/\/i0.wp.com\/www.grieta.org.mx\/wp-content\/uploads\/2018\/03\/14524434_1106112876131411_958039263622046936_o.jpg?resize=700%2C400&ssl=1 2x"},"classes":[]},{"id":1035,"url":"https:\/\/www.grieta.org.mx\/index.php\/2015\/03\/14\/se-suman-organizaciones-en-contra-del-nuevo-aeropuerto\/","url_meta":{"origin":1014,"position":4},"title":"Se suman organizaciones en contra del nuevo Aeropuerto","author":"grieta","date":"14 marzo, 2015","format":false,"excerpt":"Perseo Greco Foto: Presidencia de la Rep\u00fablica M\u00e9xico, DF, 12 de marzo.- En conferencia de prensa integrantes del Observatorio Regional Ciudadano Sustentable denunciaron la destrucci\u00f3n de mantos acu\u00edferos, ecosistemas y un crecimiento urbano desmedido por la construcci\u00f3n del nuevo Aeropuerto Internacional de la Cuidad de M\u00e9xico. \u201cEste megaproyecto se realizar\u00e1\u2026","rel":"","context":"En &quot;CINTILLO&quot;","block_context":{"text":"CINTILLO","link":"https:\/\/www.grieta.org.mx\/index.php\/category\/cintillo\/"},"img":{"alt_text":"","src":"https:\/\/i0.wp.com\/www.grieta.org.mx\/wp-content\/uploads\/2018\/03\/14524434_1106112876131411_958039263622046936_o.jpg?resize=350%2C200&ssl=1","width":350,"height":200,"srcset":"https:\/\/i0.wp.com\/www.grieta.org.mx\/wp-content\/uploads\/2018\/03\/14524434_1106112876131411_958039263622046936_o.jpg?resize=350%2C200&ssl=1 1x, https:\/\/i0.wp.com\/www.grieta.org.mx\/wp-content\/uploads\/2018\/03\/14524434_1106112876131411_958039263622046936_o.jpg?resize=525%2C300&ssl=1 1.5x, https:\/\/i0.wp.com\/www.grieta.org.mx\/wp-content\/uploads\/2018\/03\/14524434_1106112876131411_958039263622046936_o.jpg?resize=700%2C400&ssl=1 2x"},"classes":[]},{"id":27160,"url":"https:\/\/www.grieta.org.mx\/index.php\/2018\/10\/13\/interes-inmobiliario-el-verdadero-motor-del-nuevo-aeropuerto\/","url_meta":{"origin":1014,"position":5},"title":"Inter\u00e9s inmobiliario, el verdadero motor del nuevo aeropuerto (Estado de M\u00e9xico)","author":"grieta","date":"13 octubre, 2018","format":false,"excerpt":"Jenaro Villamil Hist\u00f3ricamente, detr\u00e1s de cada megadesarrollo erigido en M\u00e9xico subyace un turbio precedente de especulaci\u00f3n inmobiliaria, despojo de terrenos ejidales y todo tipo de violaciones a las leyes, entre ellas las ambientales. La corrupci\u00f3n de sucesivos gobiernos priistas y panistas, llevada a niveles ins\u00f3litos durante el de Enrique Pe\u00f1a\u2026","rel":"","context":"En &quot;CINTILLO&quot;","block_context":{"text":"CINTILLO","link":"https:\/\/www.grieta.org.mx\/index.php\/category\/cintillo\/"},"img":{"alt_text":"","src":"https:\/\/i0.wp.com\/www.grieta.org.mx\/wp-content\/uploads\/2018\/10\/maque-1078x659.jpg?resize=350%2C200&ssl=1","width":350,"height":200,"srcset":"https:\/\/i0.wp.com\/www.grieta.org.mx\/wp-content\/uploads\/2018\/10\/maque-1078x659.jpg?resize=350%2C200&ssl=1 1x, https:\/\/i0.wp.com\/www.grieta.org.mx\/wp-content\/uploads\/2018\/10\/maque-1078x659.jpg?resize=525%2C300&ssl=1 1.5x, https:\/\/i0.wp.com\/www.grieta.org.mx\/wp-content\/uploads\/2018\/10\/maque-1078x659.jpg?resize=700%2C400&ssl=1 2x, https:\/\/i0.wp.com\/www.grieta.org.mx\/wp-content\/uploads\/2018\/10\/maque-1078x659.jpg?resize=1050%2C600&ssl=1 3x"},"classes":[]}],"_links":{"self":[{"href":"https:\/\/www.grieta.org.mx\/index.php\/wp-json\/wp\/v2\/posts\/1014","targetHints":{"allow":["GET"]}}],"collection":[{"href":"https:\/\/www.grieta.org.mx\/index.php\/wp-json\/wp\/v2\/posts"}],"about":[{"href":"https:\/\/www.grieta.org.mx\/index.php\/wp-json\/wp\/v2\/types\/post"}],"author":[{"embeddable":true,"href":"https:\/\/www.grieta.org.mx\/index.php\/wp-json\/wp\/v2\/users\/2"}],"replies":[{"embeddable":true,"href":"https:\/\/www.grieta.org.mx\/index.php\/wp-json\/wp\/v2\/comments?post=1014"}],"version-history":[{"count":1,"href":"https:\/\/www.grieta.org.mx\/index.php\/wp-json\/wp\/v2\/posts\/1014\/revisions"}],"predecessor-version":[{"id":1021,"href":"https:\/\/www.grieta.org.mx\/index.php\/wp-json\/wp\/v2\/posts\/1014\/revisions\/1021"}],"wp:featuredmedia":[{"embeddable":true,"href":"https:\/\/www.grieta.org.mx\/index.php\/wp-json\/wp\/v2\/media\/21928"}],"wp:attachment":[{"href":"https:\/\/www.grieta.org.mx\/index.php\/wp-json\/wp\/v2\/media?parent=1014"}],"wp:term":[{"taxonomy":"category","embeddable":true,"href":"https:\/\/www.grieta.org.mx\/index.php\/wp-json\/wp\/v2\/categories?post=1014"},{"taxonomy":"post_tag","embeddable":true,"href":"https:\/\/www.grieta.org.mx\/index.php\/wp-json\/wp\/v2\/tags?post=1014"}],"curies":[{"name":"wp","href":"https:\/\/api.w.org\/{rel}","templated":true}]}}