{"id":10100,"date":"2016-04-07T16:56:32","date_gmt":"2016-04-07T16:56:32","guid":{"rendered":"http:\/\/www.grieta.org.mx\/?p=10100"},"modified":"2016-04-10T16:58:12","modified_gmt":"2016-04-10T16:58:12","slug":"maestros-jubilados-demandan-que-les-devuelvan-fondos","status":"publish","type":"post","link":"https:\/\/www.grieta.org.mx\/index.php\/2016\/04\/07\/maestros-jubilados-demandan-que-les-devuelvan-fondos\/","title":{"rendered":"Maestros jubilados demandan que les devuelvan fondos"},"content":{"rendered":"<p>Ram\u00f3n Verd\u00edn, Sinaloa.<\/p>\n<p>Los Mochis, Sinaloa.- Un grupo de maestros jubilados busca informar y advertir a los compa\u00f1eros retirados, a los profesores en servicio o a otros empleados estatales, de la recuperaci\u00f3n de un \u201cfondo de vivienda\u201d que les debe el Instituto de Seguridad y Servicios Sociales de los Trabajadores del Estado de Sinaloa (Issstesin).<br \/>\nRECUPERAR.<br \/>\nEl profesor Javier Pacheco Cota, representante y vocero oficial del grupo de maestros, inform\u00f3 que se interpuso una demanda legal, que se encuentra ya en estado muy avanzado. Agreg\u00f3 que har\u00e1n llegar esta informaci\u00f3n hasta el Gobierno del Estado, o a quien tenga responsabilidades en el tema.<br \/>\n\u201cSomos un grupo de maestros que, desafortunadamente, estamos luchando por la recuperaci\u00f3n de ese fondo de vivienda, que nos debe Issstesin. Ya entablamos demandas y ya est\u00e1n en un proceso ya muy avanzado. Quien tenga ese recurso retenido, pues que lo suelte\u201d, relat\u00f3 Pacheco Cota.<br \/>\nirregularidades.<br \/>\nDetall\u00f3 que estos recursos son fruto de 28 a\u00f1os, en el caso de las mujeres, y tres d\u00e9cadas en el caso de los caballeros, y que ellos desconoc\u00edan la existencia de estas cantidades.<br \/>\n\u201cHasta hace como dos a\u00f1os, una licenciada, por medio de un despacho jur\u00eddico en Culiac\u00e1n, descubri\u00f3 esto que por ley nos correspondi\u00f3 a un fondo de vivienda\u201d, dijo.<br \/>\nComent\u00f3 que no es la primera vez que se presentan irregularidades con el sindicato, y que nunca se le hicieron saber la existencia de los dineros ni a \u00e9l ni a los dem\u00e1s compa\u00f1eros.<\/p>\n<p>OTROS CASOS.<br \/>\nEn estos momentos son alrededor de cincuenta maestros de la regi\u00f3n norte los que tienen esta queja, pero esperan atraer muchos m\u00e1s a la causa. \u201cAhorita somos unos cincuenta maestros de esta regi\u00f3n (de Ahome y sus alrededores), pero somos muchos m\u00e1s. Algunos ya demandaron, pero no se nos han acercado a nosotros, a nuestra lucha, a nuestro movimiento\u201d explic\u00f3.<br \/>\nEl portavoz de los otros maestros se\u00f1al\u00f3 que por ley les corresponde este fondo de vivienda, que muchos otros prestadores de servicios acad\u00e9micos desconoc\u00edan, hasta que hace aproximadamente un par de a\u00f1os, por medio de ese despacho jur\u00eddico, se descubri\u00f3.<br \/>\nEste fondo corresponde al 5 por ciento del salario de 28 a\u00f1os de trabajo, m\u00e1s aportes del gobierno estatal y federal a los maestros de la Secci\u00f3n 53.<\/p>\n<p><a href=\"http:\/\/www.debate.com.mx\/losmochis\/Maestros-jubilados-demandan-que-les-devuelvan-fondos-20160407-0129.html\" target=\"_blank\">http:\/\/www.debate.com.mx\/losmochis\/Maestros-jubilados-demandan-que-les-devuelvan-fondos-20160407-0129.html<\/a><\/p>\n","protected":false},"excerpt":{"rendered":"<p>Ram\u00f3n Verd\u00edn, Sinaloa. Los Mochis, Sinaloa.- Un grupo de maestros jubilados busca informar y advertir a los compa\u00f1eros retirados, a los profesores en servicio o a otros empleados estatales, de &hellip; <a href=\"https:\/\/www.grieta.org.mx\/index.php\/2016\/04\/07\/maestros-jubilados-demandan-que-les-devuelvan-fondos\/\" class=\"more-link\">Leer m\u00e1s<\/a><\/p>\n","protected":false},"author":2,"featured_media":21928,"comment_status":"closed","ping_status":"closed","sticky":false,"template":"","format":"standard","meta":{"ngg_post_thumbnail":0,"_jetpack_newsletter_access":"","_jetpack_dont_email_post_to_subs":false,"_jetpack_newsletter_tier_id":0,"_jetpack_memberships_contains_paywalled_content":false,"_jetpack_memberships_contains_paid_content":false,"footnotes":""},"categories":[80,164],"tags":[113,105,133],"class_list":["post-10100","post","type-post","status-publish","format-standard","has-post-thumbnail","hentry","category-cintillo","category-sinaloa","tag-conflictos-laborales","tag-derechos-laborales","tag-maestros","entry"],"jetpack_featured_media_url":"https:\/\/www.grieta.org.mx\/wp-content\/uploads\/2018\/03\/14524434_1106112876131411_958039263622046936_o.jpg","jetpack_sharing_enabled":true,"jetpack_shortlink":"https:\/\/wp.me\/p7ZJR4-2CU","jetpack_likes_enabled":false,"jetpack-related-posts":[{"id":33568,"url":"https:\/\/www.grieta.org.mx\/index.php\/2019\/05\/08\/jubilados-de-cobaes-amenazan-con-tomar-palacio-de-gobierno-sinaloa\/","url_meta":{"origin":10100,"position":0},"title":"Jubilados de Cobaes amenazan con tomar Palacio de Gobierno (Sinaloa)","author":"grieta","date":"8 mayo, 2019","format":false,"excerpt":"Representantes del grupo Somos M\u00e1s de 53 dan de plazo el 22 de mayo para que se empiece a pagar el recurso de Fondo de Vivienda Karen Rubio \/ El Debate Guasave, Sinaloa.-\u00a0Maestros jubilados y pensionados de Cobaes, integrantes de la organizaci\u00f3n Somos M\u00e1s de 53, dieron de plazo fatal\u2026","rel":"","context":"En &quot;CINTILLO&quot;","block_context":{"text":"CINTILLO","link":"https:\/\/www.grieta.org.mx\/index.php\/category\/cintillo\/"},"img":{"alt_text":"","src":"https:\/\/i0.wp.com\/www.grieta.org.mx\/wp-content\/uploads\/2019\/05\/jubilados-de-cobaes-amenazan-con-tomar-palacio-de-gobierno_crop1557328282102.jpg_673822677.jpg?resize=350%2C200&ssl=1","width":350,"height":200,"srcset":"https:\/\/i0.wp.com\/www.grieta.org.mx\/wp-content\/uploads\/2019\/05\/jubilados-de-cobaes-amenazan-con-tomar-palacio-de-gobierno_crop1557328282102.jpg_673822677.jpg?resize=350%2C200&ssl=1 1x, https:\/\/i0.wp.com\/www.grieta.org.mx\/wp-content\/uploads\/2019\/05\/jubilados-de-cobaes-amenazan-con-tomar-palacio-de-gobierno_crop1557328282102.jpg_673822677.jpg?resize=525%2C300&ssl=1 1.5x, https:\/\/i0.wp.com\/www.grieta.org.mx\/wp-content\/uploads\/2019\/05\/jubilados-de-cobaes-amenazan-con-tomar-palacio-de-gobierno_crop1557328282102.jpg_673822677.jpg?resize=700%2C400&ssl=1 2x, https:\/\/i0.wp.com\/www.grieta.org.mx\/wp-content\/uploads\/2019\/05\/jubilados-de-cobaes-amenazan-con-tomar-palacio-de-gobierno_crop1557328282102.jpg_673822677.jpg?resize=1050%2C600&ssl=1 3x"},"classes":[]},{"id":23852,"url":"https:\/\/www.grieta.org.mx\/index.php\/2018\/06\/12\/maestros-jubilados-se-manifiestan-en-el-congreso-de-sinaloa\/","url_meta":{"origin":10100,"position":1},"title":"Maestros jubilados se manifiestan en el Congreso de Sinaloa","author":"grieta","date":"12 junio, 2018","format":false,"excerpt":"Maestros jubilados se manifiestan en el Congreso de Sinaloa La exigencia de los pensionados es que no se les pague su pensi\u00f3n en salarios m\u00ednimos Edith Andrade Culiac\u00e1n, Sinaloa.- Por falta de inter\u00e9s de las autoridades para pagarles un adeudo de 2017 por bonos compensatorios decenas de maestros salieron a\u2026","rel":"","context":"En &quot;CINTILLO&quot;","block_context":{"text":"CINTILLO","link":"https:\/\/www.grieta.org.mx\/index.php\/category\/cintillo\/"},"img":{"alt_text":"","src":"https:\/\/i0.wp.com\/www.grieta.org.mx\/wp-content\/uploads\/2018\/06\/whatsapp_image_2018-06-12_at_10_14_21_am_crop1528820658384.jpeg_539665225.jpeg?resize=350%2C200&ssl=1","width":350,"height":200,"srcset":"https:\/\/i0.wp.com\/www.grieta.org.mx\/wp-content\/uploads\/2018\/06\/whatsapp_image_2018-06-12_at_10_14_21_am_crop1528820658384.jpeg_539665225.jpeg?resize=350%2C200&ssl=1 1x, https:\/\/i0.wp.com\/www.grieta.org.mx\/wp-content\/uploads\/2018\/06\/whatsapp_image_2018-06-12_at_10_14_21_am_crop1528820658384.jpeg_539665225.jpeg?resize=525%2C300&ssl=1 1.5x"},"classes":[]},{"id":1039,"url":"https:\/\/www.grieta.org.mx\/index.php\/2015\/12\/09\/protestan-maestros-jubilados-en-sinaloa\/","url_meta":{"origin":10100,"position":2},"title":"Protestan maestros jubilados en Sinaloa","author":"grieta","date":"9 diciembre, 2015","format":false,"excerpt":"Javier Valdez, Sinaloa Culiac\u00e1n, Sin., En protesta porque no fueron atendidos por los legisladores, profesores del Frente Democr\u00e1tico de Jubilados y Pensionados Herlinda Barrera bloquearon dos horas la avenida Pedro Infante, frente al Congreso estatal. Dijeron que en 2013 entregaron una iniciativa para mejorar prestaciones, como el aguinaldo, el cual\u2026","rel":"","context":"En &quot;CINTILLO&quot;","block_context":{"text":"CINTILLO","link":"https:\/\/www.grieta.org.mx\/index.php\/category\/cintillo\/"},"img":{"alt_text":"","src":"https:\/\/i0.wp.com\/www.grieta.org.mx\/wp-content\/uploads\/2018\/03\/14524434_1106112876131411_958039263622046936_o.jpg?resize=350%2C200&ssl=1","width":350,"height":200,"srcset":"https:\/\/i0.wp.com\/www.grieta.org.mx\/wp-content\/uploads\/2018\/03\/14524434_1106112876131411_958039263622046936_o.jpg?resize=350%2C200&ssl=1 1x, https:\/\/i0.wp.com\/www.grieta.org.mx\/wp-content\/uploads\/2018\/03\/14524434_1106112876131411_958039263622046936_o.jpg?resize=525%2C300&ssl=1 1.5x, https:\/\/i0.wp.com\/www.grieta.org.mx\/wp-content\/uploads\/2018\/03\/14524434_1106112876131411_958039263622046936_o.jpg?resize=700%2C400&ssl=1 2x"},"classes":[]},{"id":1000,"url":"https:\/\/www.grieta.org.mx\/index.php\/2016\/09\/05\/conflictos-laborales-en-sinaloa\/","url_meta":{"origin":10100,"position":3},"title":"Conflictos laborales en Sinaloa","author":"grieta","date":"5 septiembre, 2016","format":false,"excerpt":"05\/09\/16. Jubilados exigen sus ahorros a Afore XXI (Sinaloa) El Debate 04\/09\/16. Maestros de la UPES paran labores (Sinaloa) El Debate 14\/08\/16. Sindicato de Jumapag espera resoluci\u00f3n a favor (Sinaloa) El Debate 10\/08\/16. Empleados sin salario, en Escuinapa. \u2018Cuando el hambre entra, s\u00ed da coraje\u2019 (Sinaloa) Noroeste 02\/06\/16. ASE auditar\u00e1\u2026","rel":"","context":"En &quot;NOTICIAS NACIONALES&quot;","block_context":{"text":"NOTICIAS NACIONALES","link":"https:\/\/www.grieta.org.mx\/index.php\/category\/noticias-nacionales\/"},"img":{"alt_text":"","src":"https:\/\/i0.wp.com\/www.grieta.org.mx\/wp-content\/uploads\/2018\/03\/14524434_1106112876131411_958039263622046936_o.jpg?resize=350%2C200&ssl=1","width":350,"height":200,"srcset":"https:\/\/i0.wp.com\/www.grieta.org.mx\/wp-content\/uploads\/2018\/03\/14524434_1106112876131411_958039263622046936_o.jpg?resize=350%2C200&ssl=1 1x, https:\/\/i0.wp.com\/www.grieta.org.mx\/wp-content\/uploads\/2018\/03\/14524434_1106112876131411_958039263622046936_o.jpg?resize=525%2C300&ssl=1 1.5x, https:\/\/i0.wp.com\/www.grieta.org.mx\/wp-content\/uploads\/2018\/03\/14524434_1106112876131411_958039263622046936_o.jpg?resize=700%2C400&ssl=1 2x"},"classes":[]},{"id":25868,"url":"https:\/\/www.grieta.org.mx\/index.php\/2018\/08\/23\/maestros-pensionados-y-jubilados-exigen-aguinaldo-retrasado-sinaloa\/","url_meta":{"origin":10100,"position":4},"title":"Maestros pensionados y jubilados exigen aguinaldo retrasado (Sinaloa)","author":"grieta","date":"23 agosto, 2018","format":false,"excerpt":"Maestros pensionados y jubilados exigen aguinaldo retrasado. Foto: El Debate Blanca Regalado Mazatl\u00e1n, Sinaloa.- Maestros pensionados y jubilados exigen el pago del bono de aguinaldo del a\u00f1o pasado. Luego de tantos retrasos, hab\u00eda una minuta que destacaba como d\u00eda de pago el 15 de agosto y no se cumpli\u00f3, aseguran\u2026","rel":"","context":"En &quot;CINTILLO&quot;","block_context":{"text":"CINTILLO","link":"https:\/\/www.grieta.org.mx\/index.php\/category\/cintillo\/"},"img":{"alt_text":"","src":"https:\/\/i0.wp.com\/www.grieta.org.mx\/wp-content\/uploads\/2018\/08\/dsc0049.jpg_539665225.jpg?resize=350%2C200&ssl=1","width":350,"height":200,"srcset":"https:\/\/i0.wp.com\/www.grieta.org.mx\/wp-content\/uploads\/2018\/08\/dsc0049.jpg_539665225.jpg?resize=350%2C200&ssl=1 1x, https:\/\/i0.wp.com\/www.grieta.org.mx\/wp-content\/uploads\/2018\/08\/dsc0049.jpg_539665225.jpg?resize=525%2C300&ssl=1 1.5x"},"classes":[]},{"id":13944,"url":"https:\/\/www.grieta.org.mx\/index.php\/2016\/06\/03\/maestros-de-guanajuato-sinaloa-y-tabasco-se-unen-a-la-lucha-en-defensa-de-la-educacion-y-los-derechos-laborales\/","url_meta":{"origin":10100,"position":5},"title":"Maestros de Guanajuato, Sinaloa y Tabasco se unen a la lucha en defensa de la educaci\u00f3n y los derechos laborales","author":"grieta","date":"3 junio, 2016","format":false,"excerpt":"Redacci\u00f3n Revoluci\u00f3n 3.0 (03 de junio, 2016).- En Guanajuato, Sinaloa y Tabasco los maestros el d\u00eda de ayer se unieron a las protestas y apoyan el paro nacional realizado la Coordinadora Nacional de Trabajadores de la Educaci\u00f3n (CNTE). La Secretar\u00eda de Educaci\u00f3n P\u00fablica tuvo que suspender labores ante las protestas\u2026","rel":"","context":"En &quot;CINTILLO&quot;","block_context":{"text":"CINTILLO","link":"https:\/\/www.grieta.org.mx\/index.php\/category\/cintillo\/"},"img":{"alt_text":"","src":"https:\/\/i0.wp.com\/www.grieta.org.mx\/wp-content\/uploads\/2018\/03\/14524434_1106112876131411_958039263622046936_o.jpg?resize=350%2C200&ssl=1","width":350,"height":200,"srcset":"https:\/\/i0.wp.com\/www.grieta.org.mx\/wp-content\/uploads\/2018\/03\/14524434_1106112876131411_958039263622046936_o.jpg?resize=350%2C200&ssl=1 1x, https:\/\/i0.wp.com\/www.grieta.org.mx\/wp-content\/uploads\/2018\/03\/14524434_1106112876131411_958039263622046936_o.jpg?resize=525%2C300&ssl=1 1.5x, https:\/\/i0.wp.com\/www.grieta.org.mx\/wp-content\/uploads\/2018\/03\/14524434_1106112876131411_958039263622046936_o.jpg?resize=700%2C400&ssl=1 2x"},"classes":[]}],"_links":{"self":[{"href":"https:\/\/www.grieta.org.mx\/index.php\/wp-json\/wp\/v2\/posts\/10100","targetHints":{"allow":["GET"]}}],"collection":[{"href":"https:\/\/www.grieta.org.mx\/index.php\/wp-json\/wp\/v2\/posts"}],"about":[{"href":"https:\/\/www.grieta.org.mx\/index.php\/wp-json\/wp\/v2\/types\/post"}],"author":[{"embeddable":true,"href":"https:\/\/www.grieta.org.mx\/index.php\/wp-json\/wp\/v2\/users\/2"}],"replies":[{"embeddable":true,"href":"https:\/\/www.grieta.org.mx\/index.php\/wp-json\/wp\/v2\/comments?post=10100"}],"version-history":[{"count":1,"href":"https:\/\/www.grieta.org.mx\/index.php\/wp-json\/wp\/v2\/posts\/10100\/revisions"}],"predecessor-version":[{"id":10101,"href":"https:\/\/www.grieta.org.mx\/index.php\/wp-json\/wp\/v2\/posts\/10100\/revisions\/10101"}],"wp:featuredmedia":[{"embeddable":true,"href":"https:\/\/www.grieta.org.mx\/index.php\/wp-json\/wp\/v2\/media\/21928"}],"wp:attachment":[{"href":"https:\/\/www.grieta.org.mx\/index.php\/wp-json\/wp\/v2\/media?parent=10100"}],"wp:term":[{"taxonomy":"category","embeddable":true,"href":"https:\/\/www.grieta.org.mx\/index.php\/wp-json\/wp\/v2\/categories?post=10100"},{"taxonomy":"post_tag","embeddable":true,"href":"https:\/\/www.grieta.org.mx\/index.php\/wp-json\/wp\/v2\/tags?post=10100"}],"curies":[{"name":"wp","href":"https:\/\/api.w.org\/{rel}","templated":true}]}}